{"id":8611,"date":"2020-04-19T02:19:00","date_gmt":"2020-04-19T00:19:00","guid":{"rendered":"http:\/\/lemotdujour.fr\/?p=8611"},"modified":"2020-04-18T13:32:29","modified_gmt":"2020-04-18T11:32:29","slug":"dimanche19-avril-2020","status":"publish","type":"post","link":"https:\/\/lemotdujour.fr\/?p=8611","title":{"rendered":"Dimanche 19 avril 2020"},"content":{"rendered":"<div class=\"mdjTexte\">\u00abC&rsquo;est la bont\u00e9 qui est la normalit\u00e9 du monde car la bont\u00e9 est courageuse, la bont\u00e9 est g\u00e9n\u00e9reuse et jamais elle ne consent \u00e0 \u00eatre comme une embusqu\u00e9e, qui, \u00e0 l&rsquo;arri\u00e8re vit gr\u00e2ce au sang des autres.\u00bb<\/div>\n<div class=\"mdjAuteur\">Wajdi Mouawad<\/div>\n<p><strong><span style=\"color: #ff6600;\"><em>Mot de jour sp\u00e9cial pendant la p\u00e9riode de confinement suite \u00e0 la pand\u00e9mie du COVID-19<\/em><\/span><\/strong><\/p>\n<p><span style=\"color: #777777; font-family: Arial;\">Et je reviens inlassablement vers les &lt;<a href=\"https:\/\/www.franceinter.fr\/emissions\/lettres-d-interieur-par-augustin-trapenard\"><span style=\"color: blue; text-decoration: underline;\">Lettres d&rsquo;int\u00e9rieur<\/span><\/a>&gt; d&rsquo;Augustin Trapenard sur France Inter. Toutes sont \u00e0 \u00e9couter. Bien s\u00fbr selon la sensibilit\u00e9 de chacune et chacun l&rsquo;une ou l&rsquo;autre aura un \u00e9cho plus profond. La derni\u00e8re que je citais \u00e9tait <a href=\"https:\/\/www.franceinter.fr\/emissions\/lettres-d-interieur\/lettres-d-interieur-02-avril-2020\"><span style=\"color: blue; text-decoration: underline;\">une lettre de l&rsquo;\u00e9crivain alg\u00e9rien Yasmina Khadra<\/span><\/a> \u00e0 sa m\u00e8re d\u00e9c\u00e9d\u00e9e il y a moins de deux ans.<br \/>\n<\/span><\/p>\n<p><span style=\"color: #777777; font-family: Arial;\">Aujourd&rsquo;hui je copie la lettre d&rsquo;un autre \u00e9crivain \u00e0 son fils <strong>Wajdi Mouawad<\/strong> qui est aussi metteur en sc\u00e8ne : \u00ab\u00a0<a href=\"https:\/\/www.franceinter.fr\/emissions\/lettres-d-interieur\/lettres-d-interieur-13-avril-2020\"><span style=\"color: #0000ff;\">Donne du courage autour de toi et n&rsquo;accepte jamais ce qui te r\u00e9vulse&#8230;\u00a0<\/span><\/a><span style=\"color: #0000ff;\">\u00bb<\/span>, lettre lu le lundi 13 avril 2020.<br \/>\n<\/span><\/p>\n<p><img loading=\"lazy\" decoding=\"async\" class=\"alignleft\" src=\"https:\/\/lemotdujour.fr\/wp-content\/uploads\/2020\/04\/041720_0819_Dimanche19a1.jpg\" alt=\"\" width=\"342\" height=\"192\" align=\"left\" \/><span style=\"color: #777777; font-family: Arial;\">Wajdi Mouawad est n\u00e9 en 1968 au Liban.<br \/>\n<\/span><\/p>\n<p><span style=\"color: #777777; font-family: Arial;\">Il quitte son pays natal en 1978 \u00e0 l&rsquo;\u00e2ge de dix ans \u00e0 cause de la guerre civile au Liban. Sa famille immigre en France \u00e0 Paris, puis au Qu\u00e9bec dans la ville de Montr\u00e9al en 1983. Il commence \u00e0 faire du th\u00e9\u00e2tre \u00e0 Montr\u00e9al et peu \u00e0 peu travaille en France jusqu&rsquo;\u00e0 devenir le directeur du Th\u00e9\u00e2tre de la Colline \u00e0 partir de 2016.<br \/>\n<\/span><\/p>\n<p><a href=\"https:\/\/fr.wikipedia.org\/wiki\/Wajdi_Mouawad\"><span style=\"font-family: Arial;\">&lt;<span style=\"color: #0000ff;\">Wikipedia<\/span>&gt;<\/span><\/a><span style=\"color: #777777; font-family: Arial;\"> nous apprend que parmi ses productions, en 2011, Wajdi Mouawad propose \u00e0 50 adolescents (s\u00e9lectionn\u00e9s par des th\u00e9\u00e2tres) de l&rsquo;accompagner pour une aventure longue de cinq ans. Ce projet est nomm\u00e9 \u00ab Avoir 20 ans en 2015 \u00bb. Cinq grandes villes y participent : les 50 jeunes forment cinq groupes de dix personnes provenant de Nantes, Namur, Mons, l&rsquo;\u00eele de La R\u00e9union et Montr\u00e9al. En plus des jeunes, on compte aussi environ vingt accompagnateurs. Le projet est n\u00e9 d&rsquo;une r\u00e9plique d&rsquo;Incendies, o\u00f9 une grand-m\u00e8re dit \u00e0 sa petite-fille :<br \/>\n<\/span><\/p>\n<p style=\"margin-left: 28pt;\"><span style=\"color: #c00000; font-family: Arial;\">\u00ab Si tu veux t&rsquo;en sortir, tu dois apprendre \u00e0 : lire, \u00e9crire, compter, parler et penser. \u00bb<br \/>\n<\/span><\/p>\n<p><span style=\"color: #777777; font-family: Arial;\">Chaque verbe est associ\u00e9 \u00e0 une ann\u00e9e et \u00e0 un voyage dans une ville o\u00f9 tous les jeunes sont invit\u00e9s et se retrouvent : Lire \u00e0 Ath\u00e8nes, \u00c9crire \u00e0 Lyon, Compter \u00e0 Auschwitz, Parler dans un pays d&rsquo;Afrique, et Penser au cours d&rsquo;un voyage en mer. Ils se retrouvent donc tous ensemble (Mouawad, les 50 jeunes et les accompagnateurs) une fois par an. L&rsquo;aboutissement du projet n&rsquo;est pas th\u00e9\u00e2tral\u00a0; \u00e0 la fin, les jeunes sortiront simplement d&rsquo;une aventure litt\u00e9raire et spirituelle exceptionnelle, enrichis d&rsquo;un regard tr\u00e8s riche sur le monde et de souvenirs inoubliables.<br \/>\n<\/span><\/p>\n<p><span style=\"color: #777777; font-family: Arial;\"><strong>Wajdi Mouawad<\/strong> dispose aussi d&rsquo;un site personnel\u00a0: <span style=\"font-size: 12pt;\">&lt;<span style=\"color: #0000ff;\"><a style=\"color: #0000ff;\" href=\"http:\/\/www.wajdimouawad.fr\/\">http:\/\/www.wajdimouawad.fr\/<\/a><\/span>&gt;<br \/>\n<\/span><\/span><\/p>\n<p><span style=\"color: #777777; font-family: Arial; font-size: 12pt;\">Voici la lettre \u00e0 son fils\u00a0:<br \/>\n<\/span><\/p>\n<p style=\"margin-left: 28pt;\"><span style=\"color: #c00000; font-family: Arial;\">Nogent-sur-Marne, le 12 avril 2020<br \/>\n<\/span><\/p>\n<p style=\"margin-left: 28pt;\"><span style=\"color: #c00000; font-family: Arial;\">Mon cher petit gar\u00e7on,<br \/>\n<\/span><\/p>\n<p style=\"margin-left: 28pt;\"><span style=\"color: #c00000; font-family: Arial;\">T&rsquo;\u00e9crire ces quatre mots me bouleverse. Ils rendent si r\u00e9el l&rsquo;homme que tu es, en cet aujourd&rsquo;hui qui est le tien, quand, dans celui qui est le mien, tu n&rsquo;es encore qu&rsquo;un enfant.<br \/>\n<\/span><\/p>\n<p style=\"margin-left: 28pt;\"><span style=\"color: #c00000; font-family: Arial;\">Cette lettre je l&rsquo;adresse donc \u00e0 l&rsquo;homme que tu n&rsquo;es pas encore pour moi, mais que tu es devenu puisque te voil\u00e0 en train de la lire. Tu l&rsquo;auras trouv\u00e9e sans doute par hasard sur cette cl\u00e9 o\u00f9 je consigne en secret les tr\u00e9sors de ton enfance. J&rsquo;ignore l&rsquo;\u00e2ge que tu as, j&rsquo;ignore ce qu&rsquo;est devenu le monde, j&rsquo;ignore m\u00eame si ces clefs fonctionnent encore mais j&rsquo;ai espoir que, la d\u00e9couvrant, tu trouveras un moyen de l&rsquo;ouvrir.<br \/>\n<\/span><\/p>\n<p style=\"margin-left: 28pt;\"><span style=\"color: #c00000; font-family: Arial;\">Et par la magie de l&rsquo;\u00e9criture, voici que cette lettre devient la fine paroi qui nous relie, et entre l&rsquo;aujourd&rsquo;hui o\u00f9 je t&rsquo;\u00e9cris &#8211; o\u00f9 tu commences \u00e0 d\u00e9chiffrer les phrases, o\u00f9 tu as peur dans le noir, o\u00f9 tu crois \u00e0 la magie &#8211; et celui o\u00f9 tu me lis, chaque mot de ma lettre a gard\u00e9 sa pr\u00e9sence\u00a0; si \u00e0 l&rsquo;instant j&rsquo;\u00e9cris <em>je t&rsquo;aime<\/em>, voil\u00e0 qu&rsquo;\u00e0 ton tour, des ann\u00e9es plus tard, tu lis <em>je t&rsquo;aime<\/em>. Et que t&rsquo;\u00e9crire d&rsquo;autre que <em>je t&rsquo;aime,<\/em> alors que nous vivons ce que nous vivons en ce confinement dont tu n&rsquo;as peut-\u00eatre plus qu&rsquo;un vague souvenir\u00a0? Quoi dire de plus urgent que l&rsquo;amour\u00a0?<br \/>\n<\/span><\/p>\n<p style=\"margin-left: 28pt;\"><span style=\"color: #c00000; font-family: Arial;\">En ces journ\u00e9es \u00e9tranges o\u00f9 rode une mort invisible et o\u00f9 le monde va vers son ravin, un ravin qui semble \u00eatre l&rsquo;h\u00e9ritage laiss\u00e9s aux gens de ta g\u00e9n\u00e9ration, un p\u00e8re, plus que de raison, s&rsquo;inqui\u00e8te pour son fils. Je te regarde. Tu dessines un escargot. Tu l\u00e8ves la t\u00eate et tu me souris. \u00ab\u00a0<em>Qu&rsquo;est-ce qu&rsquo;il y a papa\u00a0?<\/em>\u00a0\u00bb Rien mon gar\u00e7on.<br \/>\n<\/span><\/p>\n<p style=\"margin-left: 28pt;\"><span style=\"color: #c00000; font-family: Arial;\">Je ne sauverai pas le monde. Mais j&rsquo;ai beau ne pas le sauver, je peux du moins te d\u00e9sapprendre la peur. T&rsquo;aider \u00e0 ne pas h\u00e9siter le jour o\u00f9 il te faudra choisir entre avoir du courage ou avoir une machine \u00e0 laver. T&rsquo;apprendre surtout pourquoi il ne faudra jamais prononcer les mots de Cain et, toujours, rester le gardien de ton fr\u00e8re. Quitte \u00e0 tout perdre. J&rsquo;ignore d&rsquo;o\u00f9 tu me lis, ni de quel temps, temps de paix ou temps de guerre, temps des humains ou temps des machines, j&rsquo;esp\u00e8re simplement que ton pr\u00e9sent est meilleur que le mien. Nous nous enterrons vivants en nous privant des gestes de l&rsquo;ivresse\u00a0: embrassades, accolades, partage et nul ne peut s\u00e9cher les larmes d&rsquo;un ami.<br \/>\n<\/span><\/p>\n<p style=\"margin-left: 28pt;\"><span style=\"color: #c00000; font-family: Arial;\">Mais si ton temps est pire que celui de ton enfance, si, en ce moment o\u00f9 tu me lis, tu es dans la crainte \u00e0 ton tour, je voudrais par cette lettre te donner un peu de ce courage dont parfois j&rsquo;ai manqu\u00e9 et, repensant \u00e0 ce que nous nous sommes si souvent racont\u00e9s, tu te souviennes que <strong>c&rsquo;est la bont\u00e9 qui est la normalit\u00e9 du monde car la bont\u00e9 est courageuse, la bont\u00e9 est g\u00e9n\u00e9reuse et jamais elle ne consent \u00e0 \u00eatre comme une embusqu\u00e9e, qui, \u00e0 l&rsquo;arri\u00e8re vit gr\u00e2ce au sang des autres.<\/strong> Nul ne peut expliquer la grandeur de ceux qui font la richesse du monde. <strong>Donne du courage autour de toi et n&rsquo;accepte jamais ce qui te r\u00e9vulse.<br \/>\n<\/strong><\/span><\/p>\n<p style=\"margin-left: 28pt;\"><span style=\"color: #c00000; font-family: Arial;\">Quant \u00e0 moi\u00a0: je t&rsquo;aime. Ton p\u00e8re t&rsquo;aime. Sache cela et n&rsquo;en doute jamais.<br \/>\n<\/span><span style=\"color: #c00000; font-family: Arial;\">Ton p\u00e8re\u00a0\u00bb.<br \/>\n<\/span><span style=\"color: #c00000; font-family: Arial;\">Wajdi Mouawad<br \/>\n<\/span><\/p>\n<p><span style=\"color: #777777; font-family: Arial;\">J&rsquo;aurais d\u00fb choisir comme exergue, la phrase choisie par Augustin Trapenard\u00a0: \u00ab\u00a0<span style=\"color: #0000ff;\"><a style=\"color: #0000ff;\" href=\"https:\/\/www.franceinter.fr\/emissions\/lettres-d-interieur\/lettres-d-interieur-13-avril-2020\">Donne du courage autour de toi et n&rsquo;accepte jamais ce qui te r\u00e9vulse&#8230;\u00a0<\/a><\/span>\u00bb qui constitue un beau guide d&rsquo;accompagnement de la vie, tr\u00e8s inspirant et particuli\u00e8rement pour ceux que les mirages de l&rsquo;ambition \u00e9conomique pourraient entrainer vers des rivages obscurs.<br \/>\n<\/span><\/p>\n<p><span style=\"color: #777777; font-family: Arial;\">Mais \u00e0 l&rsquo;heure o\u00f9 tant de femmes et d&rsquo;hommes se d\u00e9vouent, au prix parfois de leur propre sant\u00e9, dans les h\u00f4pitaux pour sauver des vies et d&rsquo;autres accompagnent nos ain\u00e9s dans les EHPAD jusque dans leurs derniers instants, je trouve juste de rappeler la normalit\u00e9 de la bont\u00e9.<br \/>\n<\/span><\/p>\n<p><span style=\"color: #777777; font-family: Arial;\">Je sais bien qu&rsquo;il existe des corrompus, des cupides, des \u00e9go\u00efstes mais pourtant je crois comme Christophe Andr\u00e9 que \u00ab <a href=\"https:\/\/lemotdujour.fr\/?p=6502\"><span style=\"color: #0000ff;\">Notre soci\u00e9t\u00e9 ne tient que gr\u00e2ce aux gens gentils<\/span><\/a> \u00bb.<br \/>\n<\/span><\/p>\n<p><span style=\"color: #777777; font-family: Arial;\">Et pour l&rsquo;instant pr\u00e9sent, mais je crois que c&rsquo;est une v\u00e9rit\u00e9 \u00e9ternelle, MEDIAPART nous rappelle que \u00ab\u00a0<a href=\"https:\/\/www.mediapart.fr\/journal\/france\/170420\/contre-le-coronavirus-les-premieres-lignes-sont-des-femmes\"><span style=\"color: #0000ff;\">Contre le coronavirus, les premi\u00e8res lignes sont des femmes<\/span>\u00a0<\/a>\u00bb.<br \/>\n<\/span><\/p>\n<p><span style=\"color: #777777; font-family: Arial;\">Ceci renvoie aussi \u00e0 un mot du jour ancien, de 2016, mais qui garde tout son acuit\u00e9 et qui \u00e9tait consacr\u00e9 \u00e0 Nancy Fraser\u00a0: \u00ab <a href=\"https:\/\/lemotdujour.fr\/?p=1457\"><span style=\"color: #0000ff;\">Les contradictions sociales du capitalisme contemporain<\/span><\/a> \u00bb. Elle \u00e9crivait\u00a0:<br \/>\n<\/span><\/p>\n<p style=\"margin-left: 28pt;\"><span style=\"color: #c00000; font-family: Arial;\">\u00abHistoriquement, ce travail de \u00ab reproduction sociale \u00bb, comme j&rsquo;entends le nommer, a \u00e9t\u00e9 assign\u00e9 aux femmes.\u00bb<br \/>\n<\/span><\/p>\n<p><span style=\"color: #800000; font-family: Arial;\">&lt;1402&gt;<\/span><\/p>\n","protected":false},"excerpt":{"rendered":"<p>\u00abC&rsquo;est la bont\u00e9 qui est la normalit\u00e9 du monde car la bont\u00e9 est courageuse, la bont\u00e9 est g\u00e9n\u00e9reuse et jamais elle ne consent \u00e0 \u00eatre comme une embusqu\u00e9e, qui, \u00e0 l&rsquo;arri\u00e8re vit gr\u00e2ce au sang des autres.\u00bb Wajdi Mouawad Mot<\/p>\n","protected":false},"author":1,"featured_media":0,"comment_status":"open","ping_status":"closed","sticky":false,"template":"","format":"standard","meta":{"footnotes":""},"categories":[1],"tags":[9,126,11],"class_list":["post-8611","post","type-post","status-publish","format-standard","hentry","category-motdujour","tag-litterature","tag-pandemie","tag-sociologie"],"_links":{"self":[{"href":"https:\/\/lemotdujour.fr\/index.php?rest_route=\/wp\/v2\/posts\/8611","targetHints":{"allow":["GET"]}}],"collection":[{"href":"https:\/\/lemotdujour.fr\/index.php?rest_route=\/wp\/v2\/posts"}],"about":[{"href":"https:\/\/lemotdujour.fr\/index.php?rest_route=\/wp\/v2\/types\/post"}],"author":[{"embeddable":true,"href":"https:\/\/lemotdujour.fr\/index.php?rest_route=\/wp\/v2\/users\/1"}],"replies":[{"embeddable":true,"href":"https:\/\/lemotdujour.fr\/index.php?rest_route=%2Fwp%2Fv2%2Fcomments&post=8611"}],"version-history":[{"count":5,"href":"https:\/\/lemotdujour.fr\/index.php?rest_route=\/wp\/v2\/posts\/8611\/revisions"}],"predecessor-version":[{"id":8627,"href":"https:\/\/lemotdujour.fr\/index.php?rest_route=\/wp\/v2\/posts\/8611\/revisions\/8627"}],"wp:attachment":[{"href":"https:\/\/lemotdujour.fr\/index.php?rest_route=%2Fwp%2Fv2%2Fmedia&parent=8611"}],"wp:term":[{"taxonomy":"category","embeddable":true,"href":"https:\/\/lemotdujour.fr\/index.php?rest_route=%2Fwp%2Fv2%2Fcategories&post=8611"},{"taxonomy":"post_tag","embeddable":true,"href":"https:\/\/lemotdujour.fr\/index.php?rest_route=%2Fwp%2Fv2%2Ftags&post=8611"}],"curies":[{"name":"wp","href":"https:\/\/api.w.org\/{rel}","templated":true}]}}