{"id":860,"date":"2014-10-10T02:00:00","date_gmt":"2014-10-09T22:00:00","guid":{"rendered":"http:\/\/lemotdujour.fr\/?p=860"},"modified":"2017-05-08T13:23:26","modified_gmt":"2017-05-08T11:23:26","slug":"vendredi-10-octobre-2014","status":"publish","type":"post","link":"https:\/\/lemotdujour.fr\/?p=860","title":{"rendered":"Vendredi 10 octobre 2014"},"content":{"rendered":"<div class=\"mdjDate\">Vendredi 10 octobre 2014<\/div>\n<div class=\"mdjTexte\">\u00ab\u00a0L&rsquo;Europe n&rsquo;a pas de d\u00e9fense\u00a0\u00bb<\/div>\n<div class=\"mdjAuteur\">Bernard Guetta<\/div>\n<div class=\"mdjComplements\">Dans sa chronique G\u00e9opolitique du 2 octobre 2014 <\/div>\n<div class=\"mdjComplements\">L\u2019Allemagne voulait livrer des armes aux Kurdes pour lutter contre l&rsquo;Etat islamique.<\/div>\n<div class=\"mdjComplements\">Mais son arm\u00e9e s&rsquo;est heurt\u00e9e \u00e0 des probl\u00e8mes logistiques :\u00a0 Les avions qu&rsquo;ils ont voulu utiliser sont tomb\u00e9s les uns apr\u00e8s les autres en panne.<\/div>\n<div class=\"mdjComplements\">L&rsquo;Allemagne a d\u00e9couvert le consternant \u00e9tat de ses forces arm\u00e9es :<\/div>\n<p>Seuls 42 de ses 109 eurofighter <\/p>\n<p>seuls 38 de ses 89 chasseurs Tornado<\/p>\n<p>seuls 10 de ses 31 h\u00e9licopt\u00e8res Tigres sont pr\u00eats \u00e0 d\u00e9coller, les autres sont en maintenance ou en r\u00e9paration.<\/p>\n<div class=\"mdjComplements\"><a href=\"http:\/\/www.slate.fr\/story\/92961\/armee-allemagne-leyen\">Scandale national.<\/a><\/div>\n<div class=\"mdjCiter\">Mais dans les autres pays ce n&rsquo;est gu\u00e8re mieux.<\/div>\n<div class=\"mdjCiter\">En Italie seul 15 % de ses h\u00e9licopt\u00e8res sont utilisables.<\/div>\n<div class=\"mdjCiter\">En GB 40 de ses 170 avions de combat sont en \u00e9tat de vol.<\/div>\n<div class=\"mdjCiter\">Et en France la situation se d\u00e9grade aussi.<\/div>\n<div class=\"mdjCiter\">40% des appareils de l&rsquo;arm\u00e9e de l&rsquo;air sont disponibles contre 60% en 2008.<\/div>\n<div class=\"mdjCiter\">Le fait est l\u00e0 ! L&rsquo;europe n&rsquo;a pas de d\u00e9fense<\/div>\n<div class=\"mdjCiter\">Non seulement il n&rsquo;y a pas de commandement commun, mais les arm\u00e9es nationales voient leur capacit\u00e9 d&rsquo;intervention inexorablement r\u00e9gresser.<\/div>\n<div class=\"mdjCiter\">Les gouvernements coupent dans leur budget militaire.<\/div>\n<div class=\"mdjCiter\">Cela se comprend, i n&rsquo;y a pas de gr\u00e8ve dans les casernes et cela ne trouble pas l&rsquo;opinion europ\u00e9enne fondamentalement pacifiste et peu enclin \u00e0 croire que l&rsquo;Europe est soumis \u00e0 de vrais dangers.<\/div>\n<div class=\"mdjCiter\">Ce n&rsquo;est pas vrai.<\/div>\n<div class=\"mdjCiter\">Poutine peut agir comme il le fait parce qu&rsquo;il sait qu&rsquo;il n&rsquo;a \u00e0 craindre aucune r\u00e9action militaire europ\u00e9enne.<\/div>\n<div class=\"mdjCiter\">Le budget militaire russe va d\u00e9passer le budget militaire de l&rsquo;Allemagne et la France r\u00e9unie.<\/div>\n<div class=\"mdjCiter\">Le budget militaire de la Chine augmente \u00e0 une vitesse exponentielle.<\/div>\n<div class=\"mdjCiter\">Les soubresauts du moyen orient constituent potentiellement des dangers pour l&rsquo;Europe.<\/div>\n<div class=\"mdjComplements\">Je partage cet avis, nous sommes d\u00e9sarm\u00e9s et dans le monde tel qu&rsquo;il est c&rsquo;est tout simplement d\u00e9raisonnable surtout si nous voulons la paix.<\/div>\n<div class=\"mdjComplements\">Nous devons augmenter les budgets militaires des pays europ\u00e9ens, m\u00eame si cela heurte nos longues ann\u00e9es de pacifisme o\u00f9 le budget qui devait diminuer \u00e9tait toujours celui de la D\u00e9fense.<\/div>\n<div class=\"mdjComplements\">Nous sommes all\u00e9s trop loin.<\/div>\n<div class=\"mdjComplements\">Voici cette chronique : <a href=\"http:\/\/www.franceinter.fr\/player\/reecouter?play=978674\">http:\/\/www.franceinter.fr\/player\/reecouter?play=978674<\/a><\/div>\n","protected":false},"excerpt":{"rendered":"<p>Vendredi 10 octobre 2014 \u00ab\u00a0L&rsquo;Europe n&rsquo;a pas de d\u00e9fense\u00a0\u00bb Bernard Guetta Dans sa chronique G\u00e9opolitique du 2 octobre 2014 L\u2019Allemagne voulait livrer des armes aux Kurdes pour lutter contre l&rsquo;Etat islamique. Mais son arm\u00e9e s&rsquo;est heurt\u00e9e \u00e0 des probl\u00e8mes logistiques<\/p>\n","protected":false},"author":1,"featured_media":0,"comment_status":"closed","ping_status":"closed","sticky":false,"template":"","format":"standard","meta":{"footnotes":""},"categories":[1],"tags":[],"class_list":["post-860","post","type-post","status-publish","format-standard","hentry","category-motdujour"],"_links":{"self":[{"href":"https:\/\/lemotdujour.fr\/index.php?rest_route=\/wp\/v2\/posts\/860","targetHints":{"allow":["GET"]}}],"collection":[{"href":"https:\/\/lemotdujour.fr\/index.php?rest_route=\/wp\/v2\/posts"}],"about":[{"href":"https:\/\/lemotdujour.fr\/index.php?rest_route=\/wp\/v2\/types\/post"}],"author":[{"embeddable":true,"href":"https:\/\/lemotdujour.fr\/index.php?rest_route=\/wp\/v2\/users\/1"}],"replies":[{"embeddable":true,"href":"https:\/\/lemotdujour.fr\/index.php?rest_route=%2Fwp%2Fv2%2Fcomments&post=860"}],"version-history":[{"count":1,"href":"https:\/\/lemotdujour.fr\/index.php?rest_route=\/wp\/v2\/posts\/860\/revisions"}],"predecessor-version":[{"id":861,"href":"https:\/\/lemotdujour.fr\/index.php?rest_route=\/wp\/v2\/posts\/860\/revisions\/861"}],"wp:attachment":[{"href":"https:\/\/lemotdujour.fr\/index.php?rest_route=%2Fwp%2Fv2%2Fmedia&parent=860"}],"wp:term":[{"taxonomy":"category","embeddable":true,"href":"https:\/\/lemotdujour.fr\/index.php?rest_route=%2Fwp%2Fv2%2Fcategories&post=860"},{"taxonomy":"post_tag","embeddable":true,"href":"https:\/\/lemotdujour.fr\/index.php?rest_route=%2Fwp%2Fv2%2Ftags&post=860"}],"curies":[{"name":"wp","href":"https:\/\/api.w.org\/{rel}","templated":true}]}}