{"id":8588,"date":"2020-04-15T01:54:00","date_gmt":"2020-04-14T23:54:00","guid":{"rendered":"http:\/\/lemotdujour.fr\/?p=8588"},"modified":"2020-04-14T22:46:36","modified_gmt":"2020-04-14T20:46:36","slug":"mercredi-15-avril-2020","status":"publish","type":"post","link":"https:\/\/lemotdujour.fr\/?p=8588","title":{"rendered":"Mercredi 15 avril 2020"},"content":{"rendered":"<div class=\"mdjTexte\">\u00ab\u00a0D\u00e9truire la nature est au-dessus de nos moyens\u00a0\u00bb<\/div>\n<div class=\"mdjAuteur\">Eloi Laurent<\/div>\n<p><span style=\"color: #777777; font-family: Arial;\">\u00ab\u00a0L&rsquo;\u00e9conomie s&rsquo;efface devant la question de la sant\u00e9\u00a0\u00bb \u00e9tait le constat que tirait \u00c9loi Laurent de la r\u00e9action d&rsquo;un grand nombre de pays devant la pand\u00e9mie.<br \/>\n<\/span><\/p>\n<p><span style=\"color: #777777; font-family: Arial;\">Mais cette pand\u00e9mie arrive \u00e0 un moment particulier d&rsquo;abord concomitamment avec une autre crise bien plus grave : l&rsquo;\u00e9conomiste parle de l&rsquo;atteinte \u00e0 la biodiversit\u00e9 et aux \u00e9cosyst\u00e8mes. Ensuite parce que depuis plusieurs ann\u00e9es la pens\u00e9e n\u00e9o-lib\u00e9rale a fait reculer l\u2019\u00c9tat social ou providence dans tous les pays d&rsquo;Europe, continent sur lequel il avait \u00e9t\u00e9 invent\u00e9.<br \/>\n<\/span><\/p>\n<p><span style=\"color: #777777; font-family: Arial;\">Je continue aujourd&rsquo;hui \u00e0 \u00e9voquer cette \u00e9mission de France Culture dans laquelle Guillaume Erner interrogeait <strong>Eloi Laurent<\/strong> sur son analyse de cette pand\u00e9mie\u00a0: \u00ab\u00a0<a href=\"https:\/\/www.franceculture.fr\/emissions\/linvite-des-matins\/eloi-laurent-est-linvite-des-matins\"><span style=\"color: #0000ff;\">Doit-on profiter de cette crise pour repenser l&rsquo;\u00e9conomie de demain ?<\/span>\u00a0<\/a>\u00bb<br \/>\n<\/span><\/p>\n<p><span style=\"color: #777777; font-family: Arial;\">Guillaume Erner a, en introduction, \u00e9voqu\u00e9 les propositions de l&rsquo;ONG WWF pour pr\u00e9parer la reprise \u00e9conomique\u00a0: sortir de la crise li\u00e9e \u00e0 l&rsquo;\u00e9pid\u00e9mie de COVID-19 en garantissant une s\u00e9curit\u00e9 sanitaire, \u00e9cologique, sociale et \u00e9conomique. Et la question qu&rsquo;il a alors pos\u00e9e \u00e0 Eloi Laurent \u00e9tait de savoir si ce sc\u00e9nario relevait de l&rsquo;utopie ?<br \/>\n<\/span><\/p>\n<p><span style=\"color: #777777; font-family: Arial;\">Eloi Laurent a d&rsquo;abord insist\u00e9 sur le fait que par rapport \u00e0 cette crise exceptionnelle le regard change au jour le jour.<br \/>\n<\/span><\/p>\n<p><span style=\"color: #777777; font-family: Arial;\">Mais il a relev\u00e9 trois points qu&rsquo;il a appel\u00e9s saillants.<br \/>\n<\/span><\/p>\n<p><span style=\"color: #777777; font-family: Arial;\">Le premier point concerne le rapport de l&rsquo;homme \u00e0 la nature, \u00e0 l&rsquo;\u00e9cosyst\u00e8me. De plus en plus d&rsquo;avertissements nous montrent que nous sommes all\u00e9s trop loin. Nous n&rsquo;avons pas \u00e0 revenir au temps des cavernes, mais nous ne pouvons pas vivre sans la nature, notre bien \u00eatre d\u00e9pend de la mani\u00e8re dont nous traitons l&rsquo;\u00e9cosyst\u00e8me de la terre :<br \/>\n<\/span><\/p>\n<p style=\"margin-left: 28pt;\"><span style=\"color: #c00000; font-family: Arial;\">\u00ab\u00a0<strong>1\u00b0<\/strong> Cette crise est une crise sanitaire dans ses cons\u00e9quences, mais dans ses causes c&rsquo;est une crise \u00e9cologique. C&rsquo;est une crise li\u00e9e au traitement de la biodiversit\u00e9 et des \u00e9cosyst\u00e8mes. On va trop loin dans la conqu\u00eate de la biodiversit\u00e9 et des \u00e9cosyst\u00e8mes. C&rsquo;est le probl\u00e8me du march\u00e9 des animaux vivants en Chine, c&rsquo;est comme cela que \u00e7a a commenc\u00e9. On a un syst\u00e8me \u00e9conomique qui oublie la question de l&rsquo;environnement. [\u2026]. C&rsquo;est un traitement destructeur du bien \u00eatre humain. C&rsquo;est pourquoi, il faut relier cette crise du COVID-19 \u00e0 l&rsquo;autre crise majeure du d\u00e9but de l&rsquo;ann\u00e9e :\u00a0 <span style=\"color: #0000ff;\"><a style=\"color: #0000ff;\" href=\"https:\/\/lemotdujour.fr\/?p=7947\">des incendies g\u00e9ants en Australie<\/a><\/span>. On a une d\u00e9cennie 2020 qui commence, avec un rappel tr\u00e8s clair qui commence \u00e0 \u00eatre \u00e9vident pour une majorit\u00e9 de la population\u00a0: \u00ab\u00a0<strong>C&rsquo;est que d\u00e9truire la nature est au-dessus de nos moyens<\/strong>\u00a0\u00bb. <strong>Ce n&rsquo;est pas seulement une folie en terme \u00e9thique, c&rsquo;est une folie \u00e9conomique. <\/strong>Un syst\u00e8me \u00e9conomique qui oublie la question des ressources naturelles et de l&rsquo;environnement devient autodestructeur et suicidaire. C&rsquo;est la premi\u00e8re chose et la plus importante \u00e0 comprendre.\u00a0\u00bb<br \/>\n<\/span><\/p>\n<p><span style=\"color: #777777; font-family: Arial;\">Le second point concerne le pays et le r\u00e9gime dans lequel cette pand\u00e9mie a commenc\u00e9\u00a0: la Chine<br \/>\n<\/span><\/p>\n<p style=\"margin-left: 28pt;\"><span style=\"color: #c00000; font-family: Arial;\"><strong>2\u00b0<\/strong> La deuxi\u00e8me chose, c&rsquo;est que tout cela a commenc\u00e9 dans un r\u00e9gime autoritaire qui a cach\u00e9 pendant 3 mois la r\u00e9alit\u00e9 de la situation, qui a r\u00e9prim\u00e9 de fa\u00e7on f\u00e9roce tous les lanceurs d&rsquo;alerte. Il s&rsquo;agit de la Chine. Et l&rsquo;histoire qui dit que la dictature est une bonne affaire \u00e9conomique parce que le contrat social qui lie le r\u00e9gime et le peuple exige en contrepartie d&rsquo;une croissance \u00e9norme (10% pendant 40 ans) une restriction forte des droits humains et des libert\u00e9s individuelles. On voit que le co\u00fbt \u00e9conomique de la dictature est astronomique puisqu&rsquo;on a perdu 3 mois et que cela se compte en dizaine ou peut \u00eatre centaine de milliers de vies humaines.<br \/>\n<\/span><\/p>\n<p><span style=\"color: #777777; font-family: Arial;\">Il en conclut que l\u00a0\u00bbid\u00e9e qu&rsquo;esquisse certain que la Chine pourrait \u00eatre un mod\u00e8le influent pour le reste du monde est une folie par rapport \u00e0 nos valeurs mais aussi au niveau de l&rsquo;efficacit\u00e9. Puisque la volont\u00e9 de nier toute information qui pourrait nuire au r\u00e9gime a conduit \u00e0 un retard de r\u00e9action tr\u00e8s pr\u00e9judiciable.<br \/>\n<\/span><\/p>\n<p><span style=\"color: #777777; font-family: Arial;\">Enfin le 3<sup>\u00e8me<\/sup> point concerne l\u2019\u00c9tat providence :<br \/>\n<\/span><\/p>\n<p style=\"margin-left: 28pt;\"><span style=\"color: #c00000; font-family: Arial;\">\u00ab <strong>3\u00b0<\/strong> Et la troisi\u00e8me analyse qu&rsquo;on peut faire. C&rsquo;est que c&rsquo;est le plus mauvais moment, ce d\u00e9but du XXI\u00e8me si\u00e8cle pour abaisser nos protections collectives. Ce dont on a besoin<strong>, l&rsquo;institution strat\u00e9gique du XXI\u00e8me si\u00e8cle, c&rsquo;est l\u2019\u00c9tat providence<\/strong>. On a besoin de toutes nos protections sociales en raison de leur r\u00f4le de stabilisateur \u00e9conomique mais aussi pour leur r\u00f4le de r\u00e9duction des in\u00e9galit\u00e9s. On entend qu&rsquo;aux \u00c9tats-Unis les populations afro-am\u00e9ricaines sont massivement touch\u00e9es, c&rsquo;est le cas aussi pour les populations d\u00e9favoris\u00e9es en France. Il y a des in\u00e9galit\u00e9s territoriales, toutes sortes d&rsquo;in\u00e9galit\u00e9s r\u00e9v\u00e9l\u00e9es par cette crise et on a besoin d&rsquo;une institution \u00e9galisatrice et puissante, c&rsquo;est l&rsquo;\u00c9tat providence. Et, il se trouve qu&rsquo;on l&rsquo;a affaibli depuis quinze ans, en France et ailleurs en Europe, l\u00e0 o\u00f9 il a vu le jour \u00e0 la fin du XIX\u00e8me si\u00e8cle. Je rappellerai simplement qu&rsquo;au moment o\u00f9 la crise frappait la France, on en \u00e9tait \u00e0 l&rsquo;application du 49-3 sur le syst\u00e8me des retraites. Et que cela faisait un an que les personnels de sant\u00e9 criaient dans le d\u00e9sert qu&rsquo;ils \u00e9taient \u00e0 bout. \u00bb<br \/>\n<\/span><\/p>\n<p><img decoding=\"async\" class=\"alignleft\" src=\"https:\/\/lemotdujour.fr\/wp-content\/uploads\/2020\/04\/041420_1949_Mercredi15a1.jpg\" alt=\"\" align=\"left\" \/><span style=\"color: #777777; font-family: Arial;\">Eloi Laurent a publi\u00e9, en 2014, un livre sur l&rsquo;Etat Providence\u00a0: \u00ab\u00a0<span style=\"color: #0000ff;\"><a style=\"color: #0000ff;\" href=\"https:\/\/fr.calameo.com\/read\/006196667101b91d824d1\"><strong>Le bel avenir de l&rsquo;Etat Providence\u00a0<\/strong><\/a><\/span>\u00bb chez \u00ab\u00a0les Liens qui lib\u00e8rent\u00a0\u00bb. L&rsquo;\u00e9diteur a d&rsquo;ailleurs mis en ligne gratuitement ce livre, pendant la p\u00e9riode de confinement, pour pouvez donc le lire int\u00e9gralement \u00e0 l&rsquo;\u00e9cran. Le lien que je donne vous envoie vers cette version en ligne.<br \/>\n<\/span><\/p>\n<p><span style=\"color: #777777; font-family: Arial;\">Vous trouverez un r\u00e9sum\u00e9 de cet ouvrage sur <a href=\"https:\/\/major-prepa.com\/economie\/bel-avenir-etat-providence-eloi-laurent-2014\/\"><span style=\"color: #0000ff;\">&lt;ce site&gt;<\/span><\/a> dont je reprends le d\u00e9but\u00a0:<br \/>\n<\/span><\/p>\n<p style=\"margin-left: 28pt;\"><span style=\"color: #c00000; font-family: Arial;\">\u00ab\u00a0L&rsquo;\u00c9tat-providence n&rsquo;est pas une faillite financi\u00e8re, ou un syst\u00e8me trop co\u00fbteux qui favorise l&rsquo;assistanat, et qui devrait donc \u00eatre d\u00e9mantel\u00e9. Au contraire, l&rsquo;\u00c9tat-providence <strong>permet le d\u00e9veloppement humain<\/strong>, \u00ab il est le d\u00e9veloppement humain \u00bb. D\u00e9montrant qu&rsquo;il est n\u00e9cessaire au march\u00e9, \u00e9voquant ses d\u00e9faillances et ses fautes, \u00c9loi Laurent ne se contente pas de le d\u00e9fendre, mais il en pr\u00e9pare la prochaine \u00e9tape indispensable : <strong>l&rsquo;\u00c9tat social-\u00e9cologique<\/strong> pour pr\u00e9voir l&rsquo;arriv\u00e9e des crises \u00e9cologiques, \u00e9troitement li\u00e9es aux crises sociales. L&rsquo;\u00c9tat social-\u00e9cologique permet de comprendre ainsi que le d\u00e9veloppement humain et la protection sociale incluent progressivement la question environnementale, en plus des enjeux sociaux.<br \/>\n<\/span><\/p>\n<p style=\"margin-left: 28pt;\"><span style=\"color: #c00000; font-family: Arial;\">Le d\u00e9but de l&rsquo;essai se veut clair : \u00ab L&rsquo;Europe est sur le point de commettre une <strong>faute historique<\/strong> : d\u00e9manteler l&rsquo;\u00c9tat-providence \u00bb. En effet, cette volont\u00e9 r\u00e9pond \u00e0 deux discours politiques, qui sont le <strong>n\u00e9olib\u00e9ralisme<\/strong> (\u00e9viter le parasitisme, limiter l&rsquo;intervention de l&rsquo;\u00c9tat, limiter la dette) et le discours <strong>x\u00e9nophobe<\/strong> (d\u00e9fendre l&rsquo;\u00c9tat-providence de l&rsquo;\u00e9tranger qui en profite). Au contraire, l&rsquo;\u00c9tat-providence est l&rsquo;institution qui a le plus contribu\u00e9 au d\u00e9veloppement \u00e9conomique et humain. Ainsi, citant Leandro Prados de la Escosura (<em>Review of Income and Wealth<\/em>, 2014), <strong>l&rsquo;\u00c9tat-providence a fait bondir de 0,076 \u00e0 0,460 l&rsquo;indice de d\u00e9veloppement humain entre 1870 et 2007<\/strong>, et 85 % de cette progression est due \u00e0 la sant\u00e9 et l&rsquo;\u00e9ducation.\u00a0\u00bb<br \/>\n<\/span><\/p>\n<p><span style=\"color: #777777; font-family: Arial;\">On comprend donc que la pens\u00e9e d\u2019\u00c9loi Laurent est tourn\u00e9e \u00e0 la fois vers le social et l&rsquo;\u00e9cologie.<br \/>\n<\/span><\/p>\n<p><span style=\"color: #777777; font-family: Arial;\">Il d\u00e9nonce aussi une marchandisation de la biodiversit\u00e9. Or il rappelle qu&rsquo;il faut comprendre que l&rsquo;\u00e9conomie se d\u00e9ploie dans la biosph\u00e8re. <\/span><span style=\"color: #777777; font-family: Arial;\">L&rsquo;\u00e9conomie dominante ne l&rsquo;a pas comprise et m\u00eame elle s&rsquo;en \u00e9loigne.<br \/>\n<\/span><\/p>\n<p><span style=\"color: #777777; font-family: Arial;\">Selon Eloi Laurent on s&rsquo;en pr\u00e9occupait davantage au XVIII\u00e8me si\u00e8cle du temps d&rsquo;Adam Schmidt qu&rsquo;aujourd&rsquo;hui\u00a0:<br \/>\n<\/span><\/p>\n<p style=\"margin-left: 28pt;\"><span style=\"color: #c00000; font-family: Arial;\">\u00ab\u00a0On a construit un syst\u00e8me artificiel qui est largement th\u00e9orique, qui sont des mod\u00e8les qui tournent en dehors de toute r\u00e9alit\u00e9 empirique. On voit cela tr\u00e8s bien avec les mod\u00e8les de l&rsquo;\u00e9conomie du climat. On aboutit \u00e0 des conclusions compl\u00e9tement aberrantes o\u00f9 vous avez le meilleur sp\u00e9cialiste de l&rsquo;\u00e9conomie du climat r\u00e9compens\u00e9 par le prix Nobel d&rsquo;\u00e9conomie qui vous explique que le monde \u00e9conomique optimum de la fin du XXI\u00e8me si\u00e8cle est un monde o\u00f9 il y a un r\u00e9chauffement de 3,5 degr\u00e9s. C&rsquo;est-\u00e0-dire que c&rsquo;est une th\u00e8se qui va \u00e0 l&rsquo;encontre de ce que dit la Physique, la Chimie et qui disent que c&rsquo;est une folie. Si vous abordez un si\u00e8cle aussi r\u00e9el que le XXI\u00e8 si\u00e8cle avec un syst\u00e8me aussi artificiel et \u00e9loign\u00e9 des r\u00e9alit\u00e9s c&rsquo;est une catastrophe\u00a0 [\u2026]<br \/>\n<\/span><\/p>\n<p style=\"margin-left: 28pt;\"><span style=\"color: #c00000; font-family: Arial;\">La principale le\u00e7on c&rsquo;est qu&rsquo;on ne peut pas avoir des syst\u00e8mes de pens\u00e9e qui sont aussi \u00e9loign\u00e9s de nos conditions de vie, qui disent autant le contraire de la r\u00e9alit\u00e9. L&rsquo;Australie c&rsquo;est un pays qui a 3 ou 4 points de croissance, la Chine 6 ou 7 points de croissance et on voit que cela ne pr\u00e9munit de rien \u00e0 partir du moment o\u00f9 les \u00e9cosyst\u00e8mes se retournent contre les humains. \u00bb<br \/>\n<\/span><\/p>\n<p><span style=\"color: #777777; font-family: Arial;\">L&rsquo;Acad\u00e9mie royale des sciences de Su\u00e8de a, en effet, donn\u00e9 en 2018 le prix de la Banque de Su\u00e8de en l&rsquo;honneur d&rsquo;Alfred Nobel, improprement appel\u00e9 \u00ab\u00a0Prix Nobel d&rsquo;Economie\u00a0\u00bb \u00e0 William Nordhaus qui estime qu&rsquo;un r\u00e9chauffement de 3,5 degr\u00e9s repr\u00e9senterait un optimum \u00e9conomique.<br \/>\n<\/span><\/p>\n<p><span style=\"color: #777777; font-family: Arial;\">&lt;<span style=\"color: #0000ff;\"><a style=\"color: #0000ff;\" href=\"https:\/\/www.nouvelobs.com\/planete\/20181010.OBS3745\/ok-pour-un-rechauffement-de-3-5-degres-les-etranges-calculs-du-prix-nobel-d-economie.html\">L&rsquo;OBS<\/a><\/span>&gt; pr\u00e9cise que :<br \/>\n<\/span><\/p>\n<p style=\"margin-left: 28pt;\"><span style=\"color: #c00000; font-family: Arial;\">\u00ab En 1998, [Nordhaus] trouvait que le protocole de Kyoto \u00e9tait trop ambitieux. Dans un document de 2016, il \u00e9tablit quatre sc\u00e9narios, dont l&rsquo;un est qualifi\u00e9 d'\u00a0\u00bboptimal\u00a0\u00bb. Que dit ce sc\u00e9nario ? Qu&rsquo;en r\u00e9duisant progressivement les \u00e9missions de CO2 de 40 gigatonnes par an en 2050 \u00e0 15 gigatonnes en 2100, on obtient \u00ab\u00a0une politique climatique qui maximise le bien-\u00eatre \u00e9conomique\u00a0\u00bb. Or, dans le tableau suivant, on d\u00e9couvre que ce sc\u00e9nario optimal entra\u00eene une augmentation de la temp\u00e9rature de&#8230; 3,5 degr\u00e9s ! Le plus \u00e9tonnant est que ce sc\u00e9nario est repris dans le communiqu\u00e9 de l&rsquo;Acad\u00e9mie royale des sciences de Su\u00e8de, mais sans que les 3,5 degr\u00e9s soient mentionn\u00e9s. \u00bb<br \/>\n<\/span><\/p>\n<p><span style=\"color: #777777; font-family: Arial;\">Pour Eloi Laurent, les fondations de l&rsquo;\u00e9conomie \u00e9taient bas\u00e9es sous Aristote sur le bien-\u00eatre et le bonheur. Les grands \u00e9conomistes comme Ricardo prenaient comme point de d\u00e9part <strong>l&rsquo;avarice de la nature<\/strong>. Simplement, on a oubli\u00e9 \u00e7a depuis le XIXe si\u00e8cle et tout s&rsquo;est acc\u00e9l\u00e9r\u00e9 depuis les ann\u00e9es 1970. Il y a un probl\u00e8me de d\u00e9sarmement intellectuel et d&rsquo;influence.\u00a0\u00bb<br \/>\n<\/span><\/p>\n<p><span style=\"color: #777777; font-family: Arial;\">Il affirme donc que les \u00e9conomistes modernes contrairement \u00e0 leurs ain\u00e9s ont oubli\u00e9 de prendre en compte la finitude du monde.<br \/>\n<\/span><\/p>\n<p><span style=\"color: #777777; font-family: Arial;\">L&rsquo;\u00e9pid\u00e9mie de COVID-19 va avoir des cons\u00e9quences terribles sur l&rsquo;\u00e9conomie mondiale. Le Ministre de l&rsquo;\u00e9conomie et des finances Bruno Le Maire expliquait r\u00e9cemment que la France va vraisemblablement conna\u00eetre la pire r\u00e9cession de sa croissance depuis 1945. Outre-Atlantique, les \u00c9tats-Unis enregistrent une hausse record du taux de ch\u00f4mage grimpant au mois de mars \u00e0 4,4\u202f%, sa plus forte hausse sur un mois depuis janvier 1975.<br \/>\n<\/span><\/p>\n<p><span style=\"color: #777777; font-family: Arial;\">Guillaume Erner a alors pos\u00e9 la question \u00e0 \u00c9loi Laurent :<br \/>\n<\/span><\/p>\n<p style=\"margin-left: 28pt;\"><span style=\"color: #c00000; font-family: Arial;\">\u00ab\u00a0Etes-vous satisfait, nous sortons de la croissance\u00a0?\u00a0\u00bb<br \/>\n<\/span><\/p>\n<p><img decoding=\"async\" class=\"alignright\" src=\"https:\/\/lemotdujour.fr\/wp-content\/uploads\/2020\/04\/041420_1949_Mercredi15a2.jpg\" alt=\"\" align=\"left\" \/><span style=\"color: #777777; font-family: Arial;\">L&rsquo;\u00e9conomiste \u00e0 l&rsquo;OFCE est en effet aussi l&rsquo;auteur du livre \u00ab <span style=\"color: #0000ff;\"><a style=\"color: #0000ff;\" href=\"https:\/\/fr.calameo.com\/read\/006196667b304b5c27b0c\"><strong>Sortir de la croissance : mode d&#8217;emploi<\/strong><\/a><\/span> \u00bb aux \u00e9ditions Les Liens qui Lib\u00e8rent.<br \/>\n<\/span><\/p>\n<p><span style=\"color: #777777; font-family: Arial;\">Comme pour le livre sur l&rsquo;Etat providence, ce livre peut \u00eatre lu int\u00e9gralement \u00e0 l&rsquo;\u00e9cran en suivant le lien que je donne.<br \/>\n<\/span><\/p>\n<p><span style=\"color: #777777; font-family: Arial;\">Concernant la r\u00e9ponse \u00e0 la question de Guillaume Erner, Eloi Laurent r\u00e9pond par la n\u00e9gative, car il n&rsquo;est pas d\u00e9croissant, simplement il ne veut plus que tout le syst\u00e8me \u00e9conomique soit organis\u00e9 autour de ce seul indicateur de la croissance du PIB\u00a0:<br \/>\n<\/span><\/p>\n<p style=\"margin-left: 28pt;\"><span style=\"color: #c00000; font-family: Arial;\">\u00ab\u00a0Je ne suis pas heureux de ce qui se passe. Qu&rsquo;on se retrouve bloqu\u00e9 cela ne cr\u00e9e pas le bonheur. La transition ce n&rsquo;est pas une prison.<br \/>\n<\/span><\/p>\n<p style=\"margin-left: 28pt;\"><span style=\"color: #c00000; font-family: Arial;\">Sortir de la croissance, ce n&rsquo;est pas pr\u00f4ner la d\u00e9croissance c&rsquo;est-\u00e0-dire utiliser le m\u00eame indicateur \u00e0 l&rsquo;envers.<br \/>\n<\/span><\/p>\n<p style=\"margin-left: 28pt;\"><span style=\"color: #c00000; font-family: Arial;\">C&rsquo;est la m\u00eame erreur que de croire qu&rsquo;augmenter la croissance r\u00e9sout tout, que de penser que faire baisser la croissance r\u00e9sout tout.<br \/>\n<\/span><\/p>\n<p style=\"margin-left: 28pt;\"><span style=\"color: #c00000; font-family: Arial;\">Je ne suis pas d\u00e9croissant, je propose d&rsquo;aller vers la transition du bien-\u00eatre, c&rsquo;est-\u00e0-dire de mani\u00e8re ordonn\u00e9e et surtout d\u00e9mocratique de se donner de nouveaux indicateurs qui soient en phase avec les d\u00e9fis du XXI\u00e8me si\u00e9cle\u00a0<strong>: les in\u00e9galit\u00e9s, la d\u00e9mocratie, l&rsquo;\u00e9cologie et d&rsquo;aligner nos politiques publiques sur ces nouveaux indicateurs de bien-\u00eatre<\/strong>.<br \/>\n<\/span><\/p>\n<p style=\"margin-left: 28pt;\"><span style=\"color: #c00000; font-family: Arial;\">Le point central c&rsquo;est que chaque fois qu&rsquo;on vote un budget \u00e0 n&rsquo;importe quel niveau, on le fasse sous l&rsquo;\u00e9gide d&rsquo;indicateurs de bien-\u00eatre humain et non plus de la croissance.<br \/>\n<\/span><\/p>\n<p style=\"margin-left: 28pt;\"><span style=\"color: #c00000; font-family: Arial;\">En tant que chercheur, je constate le d\u00e9crochage de plus en plus fort entre la recherche de la croissance et le bien \u00eatre humain.<br \/>\n<\/span><\/p>\n<p style=\"margin-left: 28pt;\"><span style=\"color: #c00000; font-family: Arial;\">Aux Etats-Unis, le pays le plus riche avec un le taux de croissance le plus fort de tous les pays d\u00e9velopp\u00e9s et on va avoir la trag\u00e9die absolue du syst\u00e8me de sant\u00e9 parce que c&rsquo;est un pays qui ne cultivent pas sa richesse humaine.\u00a0\u00bb<br \/>\n<\/span><\/p>\n<p><span style=\"color: #777777; font-family: Arial;\">Le num\u00e9rique ne trouve pas gr\u00e2ce non plus \u00e0 ses yeux notamment en raison de son co\u00fbt \u00e9cologique qui est \u00e9norme pour lui.<br \/>\n<\/span><\/p>\n<p><span style=\"color: #777777; font-family: Arial;\">Il est aussi contre les indicateurs uniques, il faut toujours une pluralit\u00e9 des indicateurs.<br \/>\n<\/span><\/p>\n<p><span style=\"color: #777777; font-family: Arial;\">Je redonne le lien vers cette \u00e9mission stimulante : <\/span><span style=\"color: #777777; font-family: Arial;\">\u00ab\u00a0<a href=\"https:\/\/www.franceculture.fr\/emissions\/linvite-des-matins\/eloi-laurent-est-linvite-des-matins\"><span style=\"color: #0000ff;\">Doit-on profiter de cette crise pour repenser l&rsquo;\u00e9conomie de demain ?<\/span>\u00a0<\/a>\u00bb<br \/>\n<\/span><\/p>\n<p><span style=\"color: #777777; font-family: Arial;\">France Culture propose aussi une page qui renvoie vers des \u00e9missions qui abordent les sujets de la Croissance et des biens communs : <\/span><span style=\"color: #777777; font-family: Arial;\">&lt;<a href=\"https:\/\/www.franceculture.fr\/economie\/croissance-biens-communs-deux-concepts-cles-en-economie\"><span style=\"color: #0000ff;\">Croissance et biens communs\u00a0: 2 concepts cl\u00e9s en \u00e9conomie<\/span><\/a>&gt;<br \/>\n<\/span><\/p>\n<p><span style=\"color: #800000; font-family: Arial;\">&lt;1398&gt;<\/span><\/p>\n","protected":false},"excerpt":{"rendered":"<p>\u00ab\u00a0D\u00e9truire la nature est au-dessus de nos moyens\u00a0\u00bb Eloi Laurent \u00ab\u00a0L&rsquo;\u00e9conomie s&rsquo;efface devant la question de la sant\u00e9\u00a0\u00bb \u00e9tait le constat que tirait \u00c9loi Laurent de la r\u00e9action d&rsquo;un grand nombre de pays devant la pand\u00e9mie. Mais cette pand\u00e9mie arrive<\/p>\n","protected":false},"author":1,"featured_media":0,"comment_status":"open","ping_status":"closed","sticky":false,"template":"","format":"standard","meta":{"footnotes":""},"categories":[1],"tags":[43,10,126],"class_list":["post-8588","post","type-post","status-publish","format-standard","hentry","category-motdujour","tag-ecologie","tag-economie","tag-pandemie"],"_links":{"self":[{"href":"https:\/\/lemotdujour.fr\/index.php?rest_route=\/wp\/v2\/posts\/8588","targetHints":{"allow":["GET"]}}],"collection":[{"href":"https:\/\/lemotdujour.fr\/index.php?rest_route=\/wp\/v2\/posts"}],"about":[{"href":"https:\/\/lemotdujour.fr\/index.php?rest_route=\/wp\/v2\/types\/post"}],"author":[{"embeddable":true,"href":"https:\/\/lemotdujour.fr\/index.php?rest_route=\/wp\/v2\/users\/1"}],"replies":[{"embeddable":true,"href":"https:\/\/lemotdujour.fr\/index.php?rest_route=%2Fwp%2Fv2%2Fcomments&post=8588"}],"version-history":[{"count":7,"href":"https:\/\/lemotdujour.fr\/index.php?rest_route=\/wp\/v2\/posts\/8588\/revisions"}],"predecessor-version":[{"id":8598,"href":"https:\/\/lemotdujour.fr\/index.php?rest_route=\/wp\/v2\/posts\/8588\/revisions\/8598"}],"wp:attachment":[{"href":"https:\/\/lemotdujour.fr\/index.php?rest_route=%2Fwp%2Fv2%2Fmedia&parent=8588"}],"wp:term":[{"taxonomy":"category","embeddable":true,"href":"https:\/\/lemotdujour.fr\/index.php?rest_route=%2Fwp%2Fv2%2Fcategories&post=8588"},{"taxonomy":"post_tag","embeddable":true,"href":"https:\/\/lemotdujour.fr\/index.php?rest_route=%2Fwp%2Fv2%2Ftags&post=8588"}],"curies":[{"name":"wp","href":"https:\/\/api.w.org\/{rel}","templated":true}]}}