{"id":8580,"date":"2020-04-14T02:06:00","date_gmt":"2020-04-14T00:06:00","guid":{"rendered":"http:\/\/lemotdujour.fr\/?p=8580"},"modified":"2020-04-14T00:32:11","modified_gmt":"2020-04-13T22:32:11","slug":"mardi-14-avril-2020","status":"publish","type":"post","link":"https:\/\/lemotdujour.fr\/?p=8580","title":{"rendered":"Mardi 14 avril 2020"},"content":{"rendered":"<div class=\"mdjTexte\">\u00ab&nbsp;L\u2019\u00e9conomie s\u2019efface devant la question de la sant\u00e9.&nbsp;\u00bb<\/div>\n<div class=\"mdjAuteur\">Eloi Laurent<\/div>\n<p><span style=\"color: #777777; font-family: Arial;\">\u00c9loi Laurent est un \u00e9conomiste que j&rsquo;\u00e9coute avec int\u00e9r\u00eat. Au mois de juin 2017 j&rsquo;avais consacr\u00e9 une s\u00e9rie de mots \u00e0 son ouvrage : \u00ab<\/span><span style=\"font-family: Arial;\">&nbsp;<\/span><span style=\"font-family: Arial;\"><a href=\"https:\/\/lemotdujour.fr\/?p=2499\"><span style=\"color: #0000ff;\">Nos mythologies \u00e9conomiques<\/span>&nbsp;<\/a><\/span><span style=\"font-family: Arial;\">\u00bb.<\/span><span style=\"color: #777777; font-family: Arial;\"><br \/>\n<\/span><\/p>\n<p><img loading=\"lazy\" decoding=\"async\" class=\"alignleft\" src=\"https:\/\/lemotdujour.fr\/wp-content\/uploads\/2020\/04\/041320_2106_Mardi14avri1.jpg\" alt=\"\" width=\"339\" height=\"474\" align=\"left\"><span style=\"color: #777777; font-family: Arial;\">Il est int\u00e9ressant d&rsquo;entendre ce qu&rsquo;il dit sur la crise actuelle.<br \/>\n<\/span><\/p>\n<p><span style=\"color: #777777; font-family: Arial;\">Il a \u00e9t\u00e9 l&rsquo;invit\u00e9 de Guillaume Erner sur France Culture le 8 avril&nbsp;: \u00ab&nbsp;<span style=\"color: #0000ff;\"> <a style=\"color: #0000ff;\" href=\"https:\/\/www.franceculture.fr\/emissions\/linvite-des-matins\/eloi-laurent-est-linvite-des-matins\">Profiter de cette crise pour repenser l&rsquo;\u00e9conomie de demain&nbsp;<\/a><\/span>\u00bb.<br \/>\n<\/span><\/p>\n<p><span style=\"color: #777777; font-family: Arial;\">Je reviendrai probablement plus longuement sur cette \u00e9mission demain. Mais aujourd&rsquo;hui, je voudrai m&rsquo;arr\u00eater sur une partie de sa conclusion qui me semble lourde de sens&nbsp;:<br \/>\n<\/span><\/p>\n<p style=\"margin-left: 28pt;\"><span style=\"color: #c00000; font-family: Arial;\">\u00ab&nbsp;L&rsquo;\u00e9conomie s&rsquo;efface devant la question de la sant\u00e9.<br \/>\n<\/span><span style=\"color: #c00000; font-family: Arial;\">C&rsquo;est frappant de constater qu&rsquo;en r\u00e9alit\u00e9 la valeur sous-jacente universelle c&rsquo;est la sant\u00e9.<br \/>\n<\/span><span style=\"color: #c00000; font-family: Arial;\">Dans le monde, il y a actuellement 3,5 milliards d&rsquo;humains qui sont confin\u00e9s. <\/span><span style=\"color: #c00000; font-family: Arial;\">La valeur sous-jacente universelle c&rsquo;est la sant\u00e9 ce n&rsquo;est pas la croissance. <\/span><span style=\"color: #c00000; font-family: Arial;\">Des pays du monde ont converg\u00e9 de mani\u00e8re fulgurante vers cette valeur universelle, qui n&rsquo;est pas l&rsquo;\u00e9conomie.<br \/>\n<\/span><\/p>\n<p style=\"margin-left: 28pt;\"><span style=\"color: #c00000; font-family: Arial;\">Et cela doit nous interroger sur notre capacit\u00e9 \u00e0 converger vers cette valeur universelle en temps normal et sur un mode non autoritaire.&nbsp;\u00bb<br \/>\n<\/span><\/p>\n<p><span style=\"color: #777777; font-family: Arial;\">Il y a encore Jair Bolsonaro au Br\u00e9sil qui tient un discours contraire&nbsp;: il faut sauver l&rsquo;\u00e9conomie, tant pis pour les morts.<br \/>\n<\/span><\/p>\n<p><span style=\"color: #777777; font-family: Arial;\">Mais Boris Johnson a du faire retraite&nbsp;: <a href=\"https:\/\/www.lesechos.fr\/monde\/europe\/quand-boris-johnson-se-moquait-du-coronavirus-1192804\"><span style=\"color: #0000ff;\">&lt;Quand Boris Johnson se moquait du coronavirus&gt;<\/span><\/a><br \/>\n<\/span><\/p>\n<p><span style=\"color: #777777; font-family: Arial;\">Au d\u00e9but il s&rsquo;en moquait disant qu&rsquo;il suffisait de se laver les mains. Puis il a tenu un discours plus grave, en disant aux Britanniques qu&rsquo;il y aurait des morts mais que sa strat\u00e9gie \u00e9tait celle de l&rsquo;immunit\u00e9 de groupe. Il suffisait que 50 \u00e0 60 % de la population ait \u00e9t\u00e9 infect\u00e9e pour que le virus ne puisse plus se propager. Bien s\u00fbr il y aurait des morts, mais la vie \u00e9conomique pouvait continuer et au bout du compte la victoire contre le virus serait plus rapide.<br \/>\n<\/span><\/p>\n<p><a href=\"https:\/\/www.lesechos.fr\/monde\/europe\/quand-boris-johnson-se-moquait-du-coronavirus-1192804\"><span style=\"font-family: Arial;\"><span style=\"color: #0000ff;\">Mais il n&rsquo;a pas pu tenir<\/span><\/span><\/a><span style=\"color: #777777; font-family: Arial;\">. Le 23 mars, l&rsquo;ex\u00e9cutif britannique se r\u00e9sout \u00e0 confiner sa population pour \u00ab sauver des vies et prot\u00e9ger le NHS [service de sant\u00e9 national]\u00bb.<br \/>\n<\/span><\/p>\n<p><span style=\"color: #777777; font-family: Arial;\">Et le 27 mars Boris Johnson est d\u00e9tect\u00e9 positif au virus puis hospitalis\u00e9 jusqu&rsquo;\u00e0 int\u00e9grer l&rsquo;unit\u00e9 de soins intensifs. <\/span><span style=\"color: #777777; font-family: Arial;\">Aujourd&rsquo;hui sorti d&rsquo;affaire, il remercie le personnel soignant de lui avoir sauv\u00e9 la vie.<br \/>\n<\/span><\/p>\n<p><span style=\"color: #777777; font-family: Arial;\">Malgr\u00e9 toute sa volont\u00e9, il n&rsquo;a pas pu privil\u00e9gier l&rsquo;\u00e9conomie, le peuple britannique n&rsquo;acceptait pas qu&rsquo;on laisse mourir des gens, sans les soigner parce que les h\u00f4pitaux \u00e9taient submerg\u00e9s.<br \/>\n<\/span><\/p>\n<p><span style=\"color: #777777; font-family: Arial;\">On ne peut pas&nbsp;!<br \/>\n<\/span><\/p>\n<p><span style=\"color: #777777; font-family: Arial;\">C&rsquo;est quelque chose de tr\u00e8s fort, cette vague de fond qui s&rsquo;est empar\u00e9 du monde entier.<br \/>\n<\/span><\/p>\n<p><span style=\"color: #777777; font-family: Arial;\">Donald Trump n&rsquo;a pas pu non plus faire pr\u00e9valoir l&rsquo;\u00e9conomie, l&#8217;emploi.<br \/>\n<\/span><\/p>\n<p><span style=\"color: #777777; font-family: Arial;\">Il le voulait.<br \/>\n<\/span><\/p>\n<p><span style=\"color: #777777; font-family: Arial;\">Mais la pression a \u00e9t\u00e9 trop forte.<br \/>\n<\/span><\/p>\n<p><span style=\"color: #777777; font-family: Arial;\">Aux Etats-Unis des hommes politiques ont pos\u00e9 le d\u00e9bat tr\u00e8s clairement&nbsp;: Etait-il pertinent de rallonger de quelques ann\u00e9es la vie de centaine de milliers vieux am\u00e9ricains improductifs pour sacrifier des millions de productifs qui vont \u00eatre lamin\u00e9s par la crise \u00e9conomique, le ch\u00f4mage et les faillites.<br \/>\n<\/span><\/p>\n<p><span style=\"color: #777777; font-family: Arial;\">Ainsi, par exemple &lt; <a href=\"https:\/\/www.cnews.fr\/monde\/2020-03-26\/coronavirus-le-vice-gouverneur-du-texas-estime-que-les-personnes-agees-devraient-se\"><span style=\"color: #0000ff;\">Le vice-gouverneur du Texas estimait que les personnes \u00e2g\u00e9es devraient se sacrifier pour l&rsquo;\u00e9conomie<\/span><\/a>&gt; et il n&rsquo;\u00e9tait pas le seul.<br \/>\n<\/span><\/p>\n<p><span style=\"color: #777777; font-family: Arial;\">Pour lui le confinement de la population, et donc le ralentissement g\u00e9n\u00e9ral de l&rsquo;\u00e9conomie, \u00e9tait la plus grande menace pour les \u00c9tats-Unis.<br \/>\n<\/span><\/p>\n<p style=\"margin-left: 28pt;\"><span style=\"color: #c00000; font-family: Arial;\">\u00ab\u00cates-vous pr\u00eat \u00e0 prendre le risque [d&rsquo;\u00eatre malade] afin de conserver l&rsquo;Am\u00e9rique que tout le monde aime pour vos enfants et petits-enfants ?\u00bb a lanc\u00e9 celui qui est \u00e2g\u00e9 de 69 ans et a six petits-enfants. \u00abSi c&rsquo;est le deal, je suis pr\u00eat \u00e0 me lancer\u00bb, a-t-il expliqu\u00e9, assurant qu&rsquo;il ne voulait pas \u00abque tout le pays soit sacrifi\u00e9\u00bb.<br \/>\n<\/span><\/p>\n<p><span style=\"color: #777777; font-family: Arial;\">Du point de vue de la rationalit\u00e9 \u00e9conomique, il avait peut \u00eatre raison. <\/span><span style=\"color: #777777; font-family: Arial;\">La crise \u00e9conomique va entrainer des morts et probablement beaucoup plus de pauvret\u00e9.<br \/>\n<\/span><\/p>\n<p><span style=\"color: #777777; font-family: Arial;\">Mais cela n&rsquo;a pas pu se faire, ce d\u00e9bat n&rsquo;a pas eu lieu.<br \/>\n<\/span><\/p>\n<p><span style=\"color: #777777; font-family: Arial;\">Andrew Cuomo, le gouverneur de New York a exprim\u00e9 la position dominante&nbsp;:<br \/>\n<\/span><\/p>\n<p style=\"margin-left: 28pt;\"><span style=\"color: #c00000; font-family: Arial;\">\u00ab Ma m\u00e8re n&rsquo;est pas sacrifiable. Pas plus que votre m\u00e8re n&rsquo;est sacrifiable, que nos fr\u00e8res et s\u0153urs sont sacrifiables. Nous n&rsquo;allons pas accepter le principe selon lequel la vie est jetable. Nous n&rsquo;allons pas mettre un prix sur des vies humaines. S&rsquo;il faut choisir entre la sant\u00e9 du public et l&rsquo;\u00e9conomie, le seul choix est la sant\u00e9 du public. La priorit\u00e9 num\u00e9ro un est de sauver des vies. Point final \u00bb<br \/>\n<\/span><\/p>\n<p><span style=\"color: #777777; font-family: Arial;\">A ce stade c&rsquo;est une victoire des valeurs. <\/span><span style=\"color: #777777; font-family: Arial;\">De la valeur de la vie.<br \/>\n<\/span><\/p>\n<p><span style=\"color: #777777; font-family: Arial;\">Le site <strong>Atlantico<\/strong> a essay\u00e9 cependant de mener le d\u00e9bat&nbsp;: &lt;<a href=\"https:\/\/www.atlantico.fr\/decryptage\/3588406\/la-sante-ou-l-economie--petites-reflexions-philosophiques-sur-un-vrai-dilemme-vergely--le-guay\"><span style=\"color: #0000ff;\">La sant\u00e9 ou l&rsquo;\u00e9conomie ? Petites r\u00e9flexions philosophiques sur un vrai dilemme<\/span><\/a>&gt;<br \/>\n<\/span><\/p>\n<p><span style=\"color: #777777; font-family: Arial;\">L&rsquo;un des philosophes interrog\u00e9s Damien Le Guay dit :<br \/>\n<\/span><\/p>\n<p style=\"margin-left: 28pt;\"><span style=\"color: #c00000; font-family: Arial;\">\u00ab&nbsp;Le choix est tout sauf \u00e9vident \u2013 m\u00eame s&rsquo;il s&rsquo;impose d&rsquo;une fa\u00e7on majoritaire en faveur d&rsquo;un confinement. Un choix est fait, dont nous ne mesurons pas toutes les cons\u00e9quences : \u00e9touffer l&rsquo;\u00e9conomie, la mettre sous cloche, faire porter sur les g\u00e9n\u00e9rations futures la sant\u00e9 des contemporains, plut\u00f4t que de laisser la pand\u00e9mie se d\u00e9rouler comme toutes les pand\u00e9mies en prot\u00e9geant les individus. D&rsquo;une certaine mani\u00e8re nous nous donnons le choix, nous croyons avoir le choix, pour \u00eatre des \u00e9conomies riches et pour faire porter par la solidarit\u00e9 collective une grosse partie du co\u00fbt de cet \u00e9touffement \u00e9conomique. Et, dans des \u00e9conomies plus lib\u00e9rales que les n\u00f4tres, comme les pays anglo-saxons, ce choix, quand il est fait en faveur du confinement, p\u00e8se plus lourdement sur les individus eux-m\u00eames.&nbsp;\u00bb<br \/>\n<\/span><\/p>\n<p><span style=\"color: #777777; font-family: Arial;\">L&rsquo;autre philosophe, Bertrand Vergely, analyse l&rsquo;\u00e9volution de Donald Trump&nbsp;:<br \/>\n<\/span><\/p>\n<p style=\"margin-left: 28pt;\"><span style=\"color: #c00000; font-family: Arial;\">\u00ab&nbsp; Il y a deux fa\u00e7ons de mesurer. La premi\u00e8re se fait par le calcul et les math\u00e9matiques en appliquant des chiffres et des courbes \u00e0 la r\u00e9alit\u00e9. La seconde se fait par l&rsquo;\u00e9motion, la sensation, la sensibilit\u00e9. Quand quelque chose pla\u00eet, je n&rsquo;ai pas besoin de chiffres et de courbes pour savoir que cela pla\u00eet. Quand cela d\u00e9pla\u00eet \u00e9galement. Lorsque Donald Trump a compris qu&rsquo;il fallait s&rsquo;occuper de la question sanitaire aux \u00c9tats-Unis et pas simplement d&rsquo;\u00e9conomie, il n&rsquo;a pas eu cette r\u00e9v\u00e9lation \u00e0 la suite d&rsquo;un sondage. Il n&rsquo;a pas utilis\u00e9 les comp\u00e9tences d&rsquo;instituts sp\u00e9cialis\u00e9s. La r\u00e9action ne se faisant pas attendre, il a \u00e9t\u00e9 plus rapide que les chiffres, les courbes et les sondages en changeant imm\u00e9diatement son discours. Il a \u00e9t\u00e9 d\u00e9couvert r\u00e9cemment que l&rsquo;intelligence \u00e9motionnelle est infiniment plus rapide que l&rsquo;intelligence math\u00e9matiques, abstraite et calculatrice. On peut sur le papier d\u00e9montrer que l&rsquo;humain co\u00fbte trop cher. Lorsque dans la r\u00e9alit\u00e9 concr\u00e8te on ne s&rsquo;en occupe pas assez et mal, on a imm\u00e9diatement la r\u00e9ponse. Donald Trump s&rsquo;en est tr\u00e8s vite aper\u00e7u.&nbsp;\u00bb<br \/>\n<\/span><\/p>\n<p><span style=\"color: #777777; font-family: Arial;\">La conclusion de Damien Le Guay permet d&rsquo;approfondir encore, en constatant que des d\u00e9cisions ant\u00e9rieures nous ont conduit \u00e0 cette situation tragique, c&rsquo;est-\u00e0-dire dans laquelle les deux solutions propos\u00e9es sont mauvaises :<br \/>\n<\/span><\/p>\n<p style=\"margin-left: 28pt;\"><span style=\"color: #c00000; font-family: Arial;\">\u00ab&nbsp;Le probl\u00e8me (et nous le d\u00e9couvrons brutalement avec cette crise sanitaire) est que nous payons aujourd&rsquo;hui une double d\u00e9faillance : une d\u00e9faillance strat\u00e9gique de nos politiques publiques qui ont, en Europe, favoris\u00e9 la mondialisation au d\u00e9triment des int\u00e9r\u00eats strat\u00e9giques nationaux, sans d\u00e9finir des secteurs \u00e0 prot\u00e9ger et sans mettre en place, au niveau des pays ou de l&rsquo;Europe, des coordinations en cas de risques sanitaires ; une d\u00e9faillance des entreprises pharmaceutiques et de sant\u00e9 publique qui ont cru qu&rsquo;elles pouvaient se d\u00e9lester de secteurs entiers jug\u00e9s \u00ab peu rentables \u00bb, comme les syst\u00e8mes de protections, la fabrication des m\u00e9dicaments g\u00e9n\u00e9riques, les masques. La Chine, \u00ab usine du monde \u00bb, d\u00e9tient ces march\u00e9s et ne peuvent r\u00e9pondre quand le monde entier passe d&rsquo;\u00e9norme commande. La mondialisation se retourne contre les Nations en cas de crise. Elle se grippe avec une pand\u00e9mie mondiale. Et les individus nationaux paient le prix de cette mondialisation d\u00e9faillante.<br \/>\n<\/span><\/p>\n<p style=\"margin-left: 28pt;\"><span style=\"color: #c00000; font-family: Arial;\">Pour toutes ces raisons, nous n&rsquo;avons plus la possibilit\u00e9 d&rsquo;avoir le choix. Nos d\u00e9faillances collectives nous font faire des choix malgr\u00e9 nous. L\u2019\u00c9tat impr\u00e9voyant, l&rsquo;Europe tatillonne pour les d\u00e9tails et aveugle sur les grands d\u00e9fis de sant\u00e9 publique et, pour finir, les entreprises m\u00e9dicales incons\u00e9quentes, soucieuses d&rsquo;augmenter leurs profits, ont d\u00e9cid\u00e9 \u00e0 notre place. Ils nous ont priv\u00e9s du choix d&rsquo;avoir le choix. Alea jacta est. \u00bb<br \/>\n<\/span><\/p>\n<p><span style=\"color: #777777; font-family: Arial;\">J&rsquo;avais cit\u00e9 Pierre-Henri Tavoillot, dans<span style=\"color: #0000ff;\"> <a style=\"color: #0000ff;\" href=\"https:\/\/lemotdujour.fr\/?p=8354\">le mot du jour du 23 mars 2020<\/a>&nbsp;<\/span>:<br \/>\n<\/span><\/p>\n<p><span style=\"color: #c00000; font-family: Arial;\">\u00ab&nbsp; Ce qui caract\u00e9rise la trag\u00e9die, c&rsquo;est qu&rsquo;il n&rsquo;y a pas de bonnes ou de mauvaises d\u00e9cisions ; dans le meilleur des cas, il y en a des mauvaises et des pires.&nbsp;\u00bb<br \/>\n<\/span><\/p>\n<p><span style=\"color: #777777; font-family: Arial;\">Et donc dans ce dilemme tragique, le choix de pr\u00e9server la sant\u00e9 de nos ain\u00e9s l&rsquo;a emport\u00e9.<br \/>\n<\/span><\/p>\n<p><span style=\"color: #777777; font-family: Arial;\">Ce n&rsquo;\u00e9tait pas \u00e9vident tant nous pensions que l&rsquo;\u00e9conomie dominait tout et qu&rsquo;on \u00e9tait pr\u00eat \u00e0 tout sacrifier sur cet autel.<br \/>\n<\/span><\/p>\n<p><span style=\"color: #777777; font-family: Arial;\">Ce n&rsquo;est pas vrai, l&rsquo;\u00e9conomie cette fois ne l&rsquo;a pas emport\u00e9.<br \/>\n<\/span><\/p>\n<p><span style=\"color: #777777; font-family: Arial;\">Cela doit nous donner de l&rsquo;espoir, m\u00eame si nous pouvons craindre que les mois et les ann\u00e9es \u00e0 venir seront tr\u00e8s difficiles pour beaucoup d&rsquo;entre nous et de nos proches.<br \/>\n<\/span><\/p>\n<p><span style=\"color: #c00000; font-family: Arial;\">&lt;1397&gt;<\/span><\/p>\n","protected":false},"excerpt":{"rendered":"<p>\u00ab&nbsp;L\u2019\u00e9conomie s\u2019efface devant la question de la sant\u00e9.&nbsp;\u00bb Eloi Laurent \u00c9loi Laurent est un \u00e9conomiste que j&rsquo;\u00e9coute avec int\u00e9r\u00eat. Au mois de juin 2017 j&rsquo;avais consacr\u00e9 une s\u00e9rie de mots \u00e0 son ouvrage : \u00ab&nbsp;Nos mythologies \u00e9conomiques&nbsp;\u00bb. Il est int\u00e9ressant<\/p>\n","protected":false},"author":1,"featured_media":0,"comment_status":"open","ping_status":"closed","sticky":false,"template":"","format":"standard","meta":{"footnotes":""},"categories":[1],"tags":[10,126,7],"class_list":["post-8580","post","type-post","status-publish","format-standard","hentry","category-motdujour","tag-economie","tag-pandemie","tag-societe"],"_links":{"self":[{"href":"https:\/\/lemotdujour.fr\/index.php?rest_route=\/wp\/v2\/posts\/8580","targetHints":{"allow":["GET"]}}],"collection":[{"href":"https:\/\/lemotdujour.fr\/index.php?rest_route=\/wp\/v2\/posts"}],"about":[{"href":"https:\/\/lemotdujour.fr\/index.php?rest_route=\/wp\/v2\/types\/post"}],"author":[{"embeddable":true,"href":"https:\/\/lemotdujour.fr\/index.php?rest_route=\/wp\/v2\/users\/1"}],"replies":[{"embeddable":true,"href":"https:\/\/lemotdujour.fr\/index.php?rest_route=%2Fwp%2Fv2%2Fcomments&post=8580"}],"version-history":[{"count":4,"href":"https:\/\/lemotdujour.fr\/index.php?rest_route=\/wp\/v2\/posts\/8580\/revisions"}],"predecessor-version":[{"id":8586,"href":"https:\/\/lemotdujour.fr\/index.php?rest_route=\/wp\/v2\/posts\/8580\/revisions\/8586"}],"wp:attachment":[{"href":"https:\/\/lemotdujour.fr\/index.php?rest_route=%2Fwp%2Fv2%2Fmedia&parent=8580"}],"wp:term":[{"taxonomy":"category","embeddable":true,"href":"https:\/\/lemotdujour.fr\/index.php?rest_route=%2Fwp%2Fv2%2Fcategories&post=8580"},{"taxonomy":"post_tag","embeddable":true,"href":"https:\/\/lemotdujour.fr\/index.php?rest_route=%2Fwp%2Fv2%2Ftags&post=8580"}],"curies":[{"name":"wp","href":"https:\/\/api.w.org\/{rel}","templated":true}]}}