{"id":858,"date":"2014-10-09T02:00:00","date_gmt":"2014-10-08T22:00:00","guid":{"rendered":"http:\/\/lemotdujour.fr\/?p=858"},"modified":"2017-05-08T13:23:25","modified_gmt":"2017-05-08T11:23:25","slug":"jeudi-9-octobre-2014","status":"publish","type":"post","link":"https:\/\/lemotdujour.fr\/?p=858","title":{"rendered":"Jeudi 9 octobre 2014"},"content":{"rendered":"<div class=\"mdjDate\">Jeudi 9 octobre 2014<\/div>\n<div class=\"mdjTexte\">\u00ab La Bourgeoisie d\u2019Etat \u00bb<\/div>\n<div class=\"mdjAuteur\">Arnaud Montebourg<\/div>\n<div class=\"mdjComplements\">Le sujet de ce mot du jour est un article du Monde de Rapha\u00eblle Bacqu\u00e9 et Ariane Chemin consacr\u00e9 au couple Jouyet : Jean-Pierre Jouyet et son \u00e9pouse Brigitte Taittinger issue de la famille champenoise c\u00e9l\u00e8bre dans le monde entier.<\/div>\n<div class=\"mdjComplements\">Pour l&rsquo;introduire j&rsquo;ai pens\u00e9 que le propos rapport\u00e9 d&rsquo;Arnaud Montebourg \u00e9tait le plus appropri\u00e9.<\/div>\n<div class=\"mdjComplements\">J&rsquo;aurais pu utiliser certaines phrases de cet article plus pol\u00e9mique, par exemple quand Jean-Pierre Jouyet dit : \u00ab L\u2019Etat est bon employeur. Il m\u2019a d\u00e9sormais offert tout ce qu\u2019un fils de notaire provincial peut d\u00e9sirer. \u00bb<\/div>\n<div class=\"mdjComplements\">Cet article qui rapporte des faits et des comportements, des amiti\u00e9s et des connivences, des trahisons et des r\u00e9conciliations, provoque chez le citoyen de base que je suis comme un malaise.<\/div>\n<div class=\"mdjComplements\">Le fait que l&rsquo;\u00e9lite, quel que soit son bord politique, discute entre elle peut para\u00eetre plut\u00f4t positif. \u00ab Chez les Jouyet, les soirs d\u2019\u00e9lections, que la gauche ou la droite l\u2019emporte, on trouve toujours une moiti\u00e9 de convives pour f\u00eater la victoire au champagne ros\u00e9\u2026 Taittinger. \u00bb<\/div>\n<div class=\"mdjComplements\">Mais il y a autre chose qui se d\u00e9gage, un entre soi, un groupe homog\u00e8ne qui vit comme en autarcie.<\/div>\n<div class=\"mdjComplements\">Ils n&rsquo;ont pas l&rsquo;air m\u00e9chant, plut\u00f4t affable et sympathique.<\/div>\n<div class=\"mdjComplements\">Mais vivent-ils ou ont-ils le sentiment de vivre un destin commun avec les fran\u00e7ais que nous sommes ?<\/div>\n<div class=\"mdjComplements\">Ou vivent-ils ailleurs ?<\/div>\n<div class=\"mdjComplements\">Le mot du jour du 18 juin 2013 \u00e9tait cette r\u00e9flexion de Peter Gumbel, un anglais qui a \u00e9crit le livre \u00abElite Academy\u00bb Enqu\u00eate sur la France malade de ses grandes \u00e9coles\u00a0 \u00abLe bassin dans lequel on p\u00eache l&rsquo;\u00e9lite fran\u00e7aise est minuscule\u00bb<\/div>\n","protected":false},"excerpt":{"rendered":"<p>Jeudi 9 octobre 2014 \u00ab La Bourgeoisie d\u2019Etat \u00bb Arnaud Montebourg Le sujet de ce mot du jour est un article du Monde de Rapha\u00eblle Bacqu\u00e9 et Ariane Chemin consacr\u00e9 au couple Jouyet : Jean-Pierre Jouyet et son \u00e9pouse Brigitte<\/p>\n","protected":false},"author":1,"featured_media":0,"comment_status":"closed","ping_status":"closed","sticky":false,"template":"","format":"standard","meta":{"footnotes":""},"categories":[1],"tags":[],"class_list":["post-858","post","type-post","status-publish","format-standard","hentry","category-motdujour"],"_links":{"self":[{"href":"https:\/\/lemotdujour.fr\/index.php?rest_route=\/wp\/v2\/posts\/858","targetHints":{"allow":["GET"]}}],"collection":[{"href":"https:\/\/lemotdujour.fr\/index.php?rest_route=\/wp\/v2\/posts"}],"about":[{"href":"https:\/\/lemotdujour.fr\/index.php?rest_route=\/wp\/v2\/types\/post"}],"author":[{"embeddable":true,"href":"https:\/\/lemotdujour.fr\/index.php?rest_route=\/wp\/v2\/users\/1"}],"replies":[{"embeddable":true,"href":"https:\/\/lemotdujour.fr\/index.php?rest_route=%2Fwp%2Fv2%2Fcomments&post=858"}],"version-history":[{"count":1,"href":"https:\/\/lemotdujour.fr\/index.php?rest_route=\/wp\/v2\/posts\/858\/revisions"}],"predecessor-version":[{"id":859,"href":"https:\/\/lemotdujour.fr\/index.php?rest_route=\/wp\/v2\/posts\/858\/revisions\/859"}],"wp:attachment":[{"href":"https:\/\/lemotdujour.fr\/index.php?rest_route=%2Fwp%2Fv2%2Fmedia&parent=858"}],"wp:term":[{"taxonomy":"category","embeddable":true,"href":"https:\/\/lemotdujour.fr\/index.php?rest_route=%2Fwp%2Fv2%2Fcategories&post=858"},{"taxonomy":"post_tag","embeddable":true,"href":"https:\/\/lemotdujour.fr\/index.php?rest_route=%2Fwp%2Fv2%2Ftags&post=858"}],"curies":[{"name":"wp","href":"https:\/\/api.w.org\/{rel}","templated":true}]}}