{"id":856,"date":"2014-10-08T02:00:00","date_gmt":"2014-10-07T22:00:00","guid":{"rendered":"http:\/\/lemotdujour.fr\/?p=856"},"modified":"2017-05-08T13:23:25","modified_gmt":"2017-05-08T11:23:25","slug":"mercredi-8-octobre-2014","status":"publish","type":"post","link":"https:\/\/lemotdujour.fr\/?p=856","title":{"rendered":"Mercredi 8 octobre 2014"},"content":{"rendered":"<div class=\"mdjDate\">Mercredi 8 octobre 2014<\/div>\n<div class=\"mdjTexte\">\u00ab\u00a0D\u00e9j\u00e0 vous n\u2019\u00eates plus qu\u2019un nom d\u2019or sur nos places\u00a0\u00bb<\/div>\n<div class=\"mdjAuteur\">Louis Aragon extrait du Roman inachev\u00e9<br \/>en souvenir des soldats de la Grande Guerre<\/div>\n<div class=\"mdjComplements\">Notre ami Fabien, le gardien des hypoth\u00e8ques de Tr\u00e9voux, m&rsquo;a incit\u00e9 par deux fois \u00e0 pr\u00e9senter ce po\u00e8me d&rsquo;Aragon.<\/div>\n<div class=\"mdjComplements\">Depuis le retour des cong\u00e9s je n&rsquo;ai plus \u00e9voqu\u00e9 la guerre de 14-18.<\/div>\n<div class=\"mdjComplements\">En septembre 1914, deux grands \u00e9crivains sont morts au front : <\/div>\n<p>Charles Peguy est mort le 5 septembre 1914<\/p>\n<p>Alain-Fournier, l&rsquo;auteur du Grand Meaulnes, est mort le 22 septembre 1914<\/p>\n<div class=\"mdjComplements\">Les premi\u00e8res semaines de la guerre fut un massacre, particuli\u00e8rement pour l&rsquo;arm\u00e9e fran\u00e7aise.<\/div>\n<div class=\"mdjComplements\">Outre les pantalons rouges, la strat\u00e9gie voulue par Joffre de l&rsquo;offensive \u00e0 outrance a envoy\u00e9 des milliers de soldats \u00e0 la mort, sans aucun r\u00e9sultat strat\u00e9gique ou m\u00eame tactique.<\/div>\n<div class=\"mdjComplements\">Ainsi le 22 aout 1914 fut le jour le plus sanglant pour l&rsquo;arm\u00e9e fran\u00e7aise, 27 000 morts cette seule journ\u00e9e. Que peut dire un tel chiffre ? Que selon le recensement de 2006, cela repr\u00e9sente la population d&rsquo;Aix les Bains ou de Cachan ou de Vanves ou de Biarritz. Voil\u00e0 ce que veut dire 27\u00a0000 morts en une journ\u00e9e.<\/div>\n<div class=\"mdjComplements\">Avec cela, l&rsquo;Etat-major fran\u00e7ais et particuli\u00e8rement Joffre n&rsquo;avait pas confiance dans le patriotisme des soldats. C&rsquo;est pourquoi apr\u00e8s la d\u00e9faite de Charleroi et l\u2019\u00e9chec de la Bataille des fronti\u00e8res, deux d\u00e9crets du 2 ao\u00fbt et du 6 septembre 1914 furent promulgu\u00e9s qui instituaient des Conseils de guerre sp\u00e9ciaux, avec une proc\u00e9dure simplifi\u00e9e et exp\u00e9ditive.<\/div>\n<div class=\"mdjComplements\">Contrairement \u00e0 ce que l&rsquo;on pense ce n&rsquo;est pas en 1917 qu&rsquo;il y eut le plus de fusill\u00e9s mais au d\u00e9but de la guerre.<\/div>\n<div class=\"mdjComplements\">Pendant la Premi\u00e8re Guerre mondiale, en France 2 400 \u00ab poilus \u00bb auront \u00e9t\u00e9 condamn\u00e9s \u00e0 mort et 740 fusill\u00e9s pour l\u2019exemple. Le pic le plus haut se situe de septembre 1914 \u00e0 octobre 1915 avec 421 ex\u00e9cutions, soit 63% du total de la guerre.<\/div>\n<div class=\"mdjComplements\">Un livre a \u00e9t\u00e9 consacr\u00e9 \u00e0 ces fusill\u00e9s pour l&rsquo;exemple un ouvrage in\u00e9dit pr\u00e9sente la biographie de 740 soldats fusill\u00e9s durant la Grande Guerre.\u00a0 \u00ab<a href=\"http:\/\/tempsreel.nouvelobs.com\/societe\/20130903.AFP4081\/les-fusilles-de-la-grande-guerre-ont-desormais-un-nom.html\">http:\/\/tempsreel.nouvelobs.com\/societe\/20130903.AFP4081\/les-fusilles-de-la-grande-guerre-ont-desormais-un-nom.html<\/a><\/div>\n<div class=\"mdjComplements\">L&rsquo;arm\u00e9e fran\u00e7aise fusillera beaucoup plus que les arm\u00e9es allemandes ou britanniques.<\/div>\n<div class=\"mdjComplements\">Mais revenons plut\u00f4t \u00e0 Aragon : <\/div>\n<div class=\"mdjCiter\">Tu n\u2019en reviendras pas toi qui courais les filles<\/div>\n<div class=\"mdjCiter\">Jeune homme dont j\u2019ai vu battre le c\u0153ur \u00e0 nu<\/div>\n<div class=\"mdjCiter\">Quand j\u2019ai d\u00e9chir\u00e9 ta chemise et toi non plus<\/div>\n<div class=\"mdjCiter\">Tu n\u2019en reviendras pas vieux joueur de manille<\/div>\n<div class=\"mdjCiter\">Qu\u2019un obus a coup\u00e9 par le travers en deux<\/div>\n<div class=\"mdjCiter\">Pour une fois qu\u2019il avait un jeu du tonnerre<\/div>\n<div class=\"mdjCiter\">Et toi le tatou\u00e9 l\u2019ancien L\u00e9gionnaire<\/div>\n<div class=\"mdjCiter\">Tu survivras longtemps sans visage sans yeux<\/div>\n<div class=\"mdjCiter\">On part Dieu sait pour o\u00f9 \u00c7a tient du mauvais r\u00eave<\/div>\n<div class=\"mdjCiter\">On glissera le long de la ligne de feu<\/div>\n<div class=\"mdjCiter\">Quelque part \u00e7a commence \u00e0 n\u2019\u00eatre plus du jeu<\/div>\n<div class=\"mdjCiter\">Les bonshommes l\u00e0-bas attendent la rel\u00e8ve<\/div>\n<div class=\"mdjCiter\">Roule au loin roule le train des derni\u00e8res lueurs<\/div>\n<div class=\"mdjCiter\">Les soldats assoupis que ta danse secoue<\/div>\n<div class=\"mdjCiter\">Laissent pencher leur front et fl\u00e9chissent le cou<\/div>\n<div class=\"mdjCiter\">Cela sent le tabac la laine et la sueur<\/div>\n<div class=\"mdjCiter\">Comment vous regarder sans voir vos destin\u00e9es<\/div>\n<div class=\"mdjCiter\">Fianc\u00e9s de la terre et promis des douleurs<\/div>\n<div class=\"mdjCiter\">La veilleuse vous fait de la couleur des pleurs<\/div>\n<div class=\"mdjCiter\">Vous bougez vaguement vos jambes condamn\u00e9es<\/div>\n<div class=\"mdjCiter\">D\u00e9j\u00e0 la pierre pense o\u00f9 votre nom s\u2019inscrit<\/div>\n<div class=\"mdjCiter\">D\u00e9j\u00e0 vous n\u2019\u00eates plus qu\u2019un nom d\u2019or sur nos places<\/div>\n<div class=\"mdjCiter\">D\u00e9j\u00e0 le souvenir de vos amours s\u2019efface<\/div>\n<div class=\"mdjCiter\">D\u00e9j\u00e0 vous n\u2019\u00eates plus que pour avoir p\u00e9ri.<\/div>\n<div class=\"mdjCiter\">po\u00e8me d\u2019Aragon, mis en musique par L\u00e9o Ferr\u00e9, \/ Chant\u00e9 par <a href=\"http:\/\/www.dailymotion.com\/video\/xicnb_barbara-tu-n-en-reviendras-pas_news\">&lt;Barbara&gt;<\/a> puis &lt;<a href=\"http:\/\/www.dailymotion.com\/video\/x171x21_leo-ferre-tu-n-en-reviendras-pas_music\">L\u00e9o Ferr\u00e9<\/a>&gt;<\/div>\n","protected":false},"excerpt":{"rendered":"<p>Mercredi 8 octobre 2014 \u00ab\u00a0D\u00e9j\u00e0 vous n\u2019\u00eates plus qu\u2019un nom d\u2019or sur nos places\u00a0\u00bb Louis Aragon extrait du Roman inachev\u00e9en souvenir des soldats de la Grande Guerre Notre ami Fabien, le gardien des hypoth\u00e8ques de Tr\u00e9voux, m&rsquo;a incit\u00e9 par deux<\/p>\n","protected":false},"author":1,"featured_media":0,"comment_status":"closed","ping_status":"closed","sticky":false,"template":"","format":"standard","meta":{"footnotes":""},"categories":[1],"tags":[],"class_list":["post-856","post","type-post","status-publish","format-standard","hentry","category-motdujour"],"_links":{"self":[{"href":"https:\/\/lemotdujour.fr\/index.php?rest_route=\/wp\/v2\/posts\/856","targetHints":{"allow":["GET"]}}],"collection":[{"href":"https:\/\/lemotdujour.fr\/index.php?rest_route=\/wp\/v2\/posts"}],"about":[{"href":"https:\/\/lemotdujour.fr\/index.php?rest_route=\/wp\/v2\/types\/post"}],"author":[{"embeddable":true,"href":"https:\/\/lemotdujour.fr\/index.php?rest_route=\/wp\/v2\/users\/1"}],"replies":[{"embeddable":true,"href":"https:\/\/lemotdujour.fr\/index.php?rest_route=%2Fwp%2Fv2%2Fcomments&post=856"}],"version-history":[{"count":1,"href":"https:\/\/lemotdujour.fr\/index.php?rest_route=\/wp\/v2\/posts\/856\/revisions"}],"predecessor-version":[{"id":857,"href":"https:\/\/lemotdujour.fr\/index.php?rest_route=\/wp\/v2\/posts\/856\/revisions\/857"}],"wp:attachment":[{"href":"https:\/\/lemotdujour.fr\/index.php?rest_route=%2Fwp%2Fv2%2Fmedia&parent=856"}],"wp:term":[{"taxonomy":"category","embeddable":true,"href":"https:\/\/lemotdujour.fr\/index.php?rest_route=%2Fwp%2Fv2%2Fcategories&post=856"},{"taxonomy":"post_tag","embeddable":true,"href":"https:\/\/lemotdujour.fr\/index.php?rest_route=%2Fwp%2Fv2%2Ftags&post=856"}],"curies":[{"name":"wp","href":"https:\/\/api.w.org\/{rel}","templated":true}]}}