{"id":8558,"date":"2020-04-13T03:39:00","date_gmt":"2020-04-13T01:39:00","guid":{"rendered":"http:\/\/lemotdujour.fr\/?p=8558"},"modified":"2020-04-14T00:42:36","modified_gmt":"2020-04-13T22:42:36","slug":"lundi-13-avril-2020","status":"publish","type":"post","link":"https:\/\/lemotdujour.fr\/?p=8558","title":{"rendered":"Lundi 13 avril 2020"},"content":{"rendered":"<div class=\"mdjTexte\">\u00ab Par l&rsquo;infinie ruse<br \/>\nDe l&rsquo;extr\u00eamement petit<br \/>\nNous avons compris<br \/>\nVraiment l&rsquo;indispensable\u00a0\u00bb<\/div>\n<div class=\"mdjAuteur\">Quatrain que m&rsquo;a inspir\u00e9 cette histoire collective et mondiale qui nous arrive<\/div>\n<p><strong><span style=\"color: #ff6600;\"><em>Mot de jour sp\u00e9cial pendant la p\u00e9riode de confinement suite \u00e0 la pand\u00e9mie du COVID-19<\/em><\/span><\/strong><br \/>\n<span style=\"color: #777777; font-family: Arial;\">Fran\u00e7ois Cheng nous a expliqu\u00e9 la force de la concision d&rsquo;un quatrain.<br \/>\n<\/span><\/p>\n<p><span style=\"color: #777777; font-family: Arial;\">J&rsquo;ai souvent \u00e9crit des mots du jour fort long, parfois ou souvent trop long.<br \/>\n<\/span><\/p>\n<p><span style=\"color: #777777; font-family: Arial;\">J&rsquo;essaye donc de synth\u00e9tiser ce que cette exp\u00e9rience nous apprend dans un quatrain, 5\u00a0; 7, 5, 7.<br \/>\n<\/span><\/p>\n<p style=\"text-align: center;\"><span style=\"color: #777777; font-family: Arial;\">\u00ab\u00a0Par l\u2019infinie ruse<br \/>\nDe l&rsquo;extr\u00eamement petit<br \/>\nNous avons compris<br \/>\nVraiment l&rsquo;indispensable\u00a0\u00bb<br \/>\n<\/span><\/p>\n<p><span style=\"color: #c00000; font-family: Arial;\">&lt;1396&gt;<\/span><\/p>\n","protected":false},"excerpt":{"rendered":"<p>\u00ab Par l&rsquo;infinie ruse De l&rsquo;extr\u00eamement petit Nous avons compris Vraiment l&rsquo;indispensable\u00a0\u00bb Quatrain que m&rsquo;a inspir\u00e9 cette histoire collective et mondiale qui nous arrive Mot de jour sp\u00e9cial pendant la p\u00e9riode de confinement suite \u00e0 la pand\u00e9mie du COVID-19 Fran\u00e7ois<\/p>\n","protected":false},"author":1,"featured_media":0,"comment_status":"open","ping_status":"closed","sticky":false,"template":"","format":"standard","meta":{"footnotes":""},"categories":[1],"tags":[126,19,8],"class_list":["post-8558","post","type-post","status-publish","format-standard","hentry","category-motdujour","tag-pandemie","tag-personnel","tag-poesie"],"_links":{"self":[{"href":"https:\/\/lemotdujour.fr\/index.php?rest_route=\/wp\/v2\/posts\/8558","targetHints":{"allow":["GET"]}}],"collection":[{"href":"https:\/\/lemotdujour.fr\/index.php?rest_route=\/wp\/v2\/posts"}],"about":[{"href":"https:\/\/lemotdujour.fr\/index.php?rest_route=\/wp\/v2\/types\/post"}],"author":[{"embeddable":true,"href":"https:\/\/lemotdujour.fr\/index.php?rest_route=\/wp\/v2\/users\/1"}],"replies":[{"embeddable":true,"href":"https:\/\/lemotdujour.fr\/index.php?rest_route=%2Fwp%2Fv2%2Fcomments&post=8558"}],"version-history":[{"count":6,"href":"https:\/\/lemotdujour.fr\/index.php?rest_route=\/wp\/v2\/posts\/8558\/revisions"}],"predecessor-version":[{"id":8587,"href":"https:\/\/lemotdujour.fr\/index.php?rest_route=\/wp\/v2\/posts\/8558\/revisions\/8587"}],"wp:attachment":[{"href":"https:\/\/lemotdujour.fr\/index.php?rest_route=%2Fwp%2Fv2%2Fmedia&parent=8558"}],"wp:term":[{"taxonomy":"category","embeddable":true,"href":"https:\/\/lemotdujour.fr\/index.php?rest_route=%2Fwp%2Fv2%2Fcategories&post=8558"},{"taxonomy":"post_tag","embeddable":true,"href":"https:\/\/lemotdujour.fr\/index.php?rest_route=%2Fwp%2Fv2%2Ftags&post=8558"}],"curies":[{"name":"wp","href":"https:\/\/api.w.org\/{rel}","templated":true}]}}