{"id":8554,"date":"2020-04-12T05:15:00","date_gmt":"2020-04-12T03:15:00","guid":{"rendered":"http:\/\/lemotdujour.fr\/?p=8554"},"modified":"2020-04-12T15:46:37","modified_gmt":"2020-04-12T13:46:37","slug":"dimanche-12-avril-2020","status":"publish","type":"post","link":"https:\/\/lemotdujour.fr\/?p=8554","title":{"rendered":"Dimanche 12 avril 2020"},"content":{"rendered":"<div class=\"mdjTexte\">\u00ab Maria Kehoane \u00bb<\/div>\n<div class=\"mdjAuteur\">Soprano su\u00e9doise qui magnifie la musique de Bach<\/div>\n<p><strong><span style=\"color: #ff6600;\"><em>Mot de jour sp\u00e9cial pendant la p\u00e9riode de confinement suite \u00e0 la pand\u00e9mie du COVID-19<\/em><\/span><\/strong><\/p>\n<p><span style=\"color: #777777; font-family: Arial;\">Parce que nous sommes en p\u00e9riode de confinement, j&rsquo;\u00e9cris donc un mot du jour le dimanche de P\u00e2ques.<br \/>\n<\/span><\/p>\n<p><span style=\"color: #777777; font-family: Arial;\">Il est \u00e9tonnant d&rsquo;ailleurs que ce mot de \u00abP\u00e2ques\u00bb soit au pluriel. Wikipedia nous donne une explication :<br \/>\n<\/span><\/p>\n<p style=\"margin-left: 28pt;\"><span style=\"color: #c00000; font-family: Arial;\">\u00ab\u00a0Le pluriel de P\u00e2ques ne fait pas r\u00e9f\u00e9rence \u00e0 une pluralit\u00e9 de dates. La langue fran\u00e7aise distingue en effet la P\u00e2que originelle juive (ou Pessa&rsquo;h) et la f\u00eate chr\u00e9tienne de P\u00e2ques. La premi\u00e8re comm\u00e9more la sortie d&rsquo;\u00c9gypte et la libert\u00e9 retrouv\u00e9e des enfants d&rsquo;Isra\u00ebl. La f\u00eate chr\u00e9tienne est multiple. Elle comm\u00e9more \u00e0 la fois la derni\u00e8re C\u00e8ne instituant l&rsquo;eucharistie, la Passion du Christ et sa r\u00e9surrection. C&rsquo;est seulement apr\u00e8s le XVe si\u00e8cle que la distinction s\u00e9mantique a \u00e9t\u00e9 marqu\u00e9e par la graphie entre Pasque (ou P\u00e2que) d\u00e9signant la f\u00eate juive et Pasques (ou P\u00e2ques) d\u00e9signant la f\u00eate chr\u00e9tienne.\u00a0\u00bb.<br \/>\n<\/span><\/p>\n<p><span style=\"color: #777777; font-family: Arial;\">P\u00e2que est donc la f\u00eate juive et P\u00e2ques la f\u00eate chr\u00e9tienne et qui est pluriel parce qu&rsquo;elle c\u00e9l\u00e8bre plusieurs \u00e9v\u00e8nements du r\u00e9cit chr\u00e9tien.<br \/>\n<\/span><\/p>\n<p><span style=\"color: #777777; font-family: Arial;\">M\u00eame si on ne partage pas le r\u00e9cit chr\u00e9tien de P\u00e2ques et de la r\u00e9surrection du corps physique du personnage central du christianisme supplici\u00e9 deux jours avant, il faut quand m\u00eame reconna\u00eetre que c&rsquo;est une f\u00eate de joie, de la re-naissance.<br \/>\n<\/span><\/p>\n<p><span style=\"color: #777777; font-family: Arial;\">Que partager ce jour-l\u00e0\u00a0?<br \/>\n<\/span><\/p>\n<p><span style=\"color: #777777; font-family: Arial;\">Il serait assez commode et naturel de partager une autre \u0153uvre de Jean-S\u00e9bastien Bach\u00a0; la r\u00e9ponse de la Passion\u00a0: <strong>l&rsquo;Oratorio de P\u00e2ques BWV 249<\/strong>, cr\u00e9\u00e9 \u00e0 Leipzig le 1er avril 1725.<br \/>\n<\/span><\/p>\n<p><span style=\"color: #777777; font-family: Arial;\">J&rsquo;aurai choisi la version de la \u00ab\u00a0Netherlands Bach Society\u00a0\u00bb dirig\u00e9e par Jos van Veldhoven avec l&rsquo;alto d\u00e9j\u00e0 pr\u00e9sent dans la version de la Passion selon Saint Matthieu de vendredi\u00a0: Damien Guillon et avec la soprano <strong>Maria Keohane<\/strong>.<br \/>\n<\/span><\/p>\n<p><span style=\"color: #777777; font-family: Arial;\">Et finalement j&rsquo;ai pens\u00e9 que le plus \u00e9clatant, le plus exceptionnel \u00e9tait de partager, la vid\u00e9o qui m&rsquo;a fait d\u00e9couvrir cette soprano su\u00e9doise n\u00e9e en1971, sp\u00e9cialiste de la musique baroque et particuli\u00e8rement de Jean-S\u00e9bastien Bach.<br \/>\n<\/span><\/p>\n<p><a href=\"https:\/\/www.youtube.com\/watch?v=oUy10EMxEO0\"><img loading=\"lazy\" decoding=\"async\" class=\"alignleft\" src=\"https:\/\/lemotdujour.fr\/wp-content\/uploads\/2020\/04\/041120_1515_Dimanche12a1.jpg\" alt=\"\" width=\"352\" height=\"198\" align=\"left\" border=\"0\" \/><\/a><span style=\"color: #777777; font-family: Arial;\">Il s&rsquo;agit d&rsquo;un extrait d&rsquo;une autre cantate de Bach compos\u00e9e \u00e0 Leipzig \u00e9galement en 1725, mais en d\u00e9cembre, la cantate BWV 151\u00a0: &lt;<span style=\"color: #0000ff;\"><a style=\"color: #0000ff;\" href=\"https:\/\/www.youtube.com\/watch?v=oUy10EMxEO0\">S\u00fcsser Trost, mein Jesus kommt<\/a><\/span>&gt; (douce consolation, mon J\u00e9sus vient).<br \/>\n<\/span><\/p>\n<p><span style=\"color: #777777; font-family: Arial;\">Elle est accompagn\u00e9e par le Concerto de Copenhague dirig\u00e9 par Lars Ulrik Mortensen. <\/span><span style=\"color: #777777; font-family: Arial;\">Cela ne dure que 8:30, ce qui n&rsquo;est pas long par rapport aux \u0153uvres classiques que je partage habituellement.<br \/>\n<\/span><\/p>\n<p><span style=\"color: #777777; font-family: Arial;\">Alors, si je peux me permettre, il faut entrer dans cette \u00e9coute, comme on entre en m\u00e9ditation.<br \/>\n<\/span><\/p>\n<p><span style=\"color: #777777; font-family: Arial;\">Une \u00e9coute profonde et exclusive.<br \/>\n<\/span><\/p>\n<p><span style=\"color: #777777; font-family: Arial;\">Et alors, on vit un moment de gr\u00e2ce absolue.<br \/>\n<\/span><\/p>\n<p><span style=\"color: #777777; font-family: Arial;\">La premi\u00e8re fois que j&rsquo;ai entendu cet enregistrement, je l&rsquo;ai r\u00e9\u00e9cout\u00e9 plusieurs fois, tellement la beaut\u00e9 du grain de la voix, la sensibilit\u00e9, l&rsquo;extraordinaire agilit\u00e9 de cette chanteuse qu&rsquo;aucun obstacle ne semble \u00eatre en mesure d&rsquo;entraver m&rsquo;ont paru miraculeuses.<br \/>\n<\/span><\/p>\n<p><span style=\"color: #777777; font-family: Arial;\">Sergiu Celibidache a parl\u00e9 de ces moments magiques pendant lesquels tous les astres semblent align\u00e9s pour ne plus simplement tutoyer la perfection, mais l&rsquo;atteindre.<br \/>\n<\/span><\/p>\n<p><span style=\"color: #777777; font-family: Arial;\">Des micros et une cam\u00e9ra \u00e9taient l\u00e0 pour enregistrer ce moment magique.<br \/>\n<\/span><\/p>\n<p><span style=\"color: #777777; font-family: Arial;\">Les musiciens qui accompagnent cette voix dans sa qu\u00eate de l&rsquo;inaccessible beaut\u00e9 sont fascin\u00e9s.<br \/>\n<\/span><\/p>\n<p><span style=\"color: #777777; font-family: Arial;\">On trouve bien d&rsquo;autres enregistrements de cette artiste sur Internet, toujours remarquable mais sans atteindre les m\u00eames cimes.<br \/>\n<\/span><\/p>\n<p><span style=\"color: #777777; font-family: Arial;\">Par exemple la cantate BWV 29 &lt;<a href=\"https:\/\/www.youtube.com\/watch?v=Ih51HIyTW0Q\"><span style=\"color: #0000ff;\">Wir danken dir Gott<\/span><\/a>&gt; cr\u00e9\u00e9 le 27 ao\u00fbt 1731 \u00e0 Leipzig. Le solo de Maria Keohane commence \u00e0 14:30.<br \/>\n<\/span><\/p>\n<p><span style=\"color: #777777; font-family: Arial;\">Je donne aussi le lien vers &lt;<span style=\"color: #0000ff;\"><a style=\"color: #0000ff;\" href=\"https:\/\/www.youtube.com\/watch?v=62fawgUUpg8\">L&rsquo;oratorio de P\u00e2ques<\/a><\/span>&gt; \u00e9voqu\u00e9 pr\u00e9c\u00e9demment.<br \/>\n<\/span><\/p>\n<p><span style=\"color: #777777; font-family: Arial;\">Si vous voulez les textes de cette cantate et leur traduction voici le lien vers &lt;<a href=\"http:\/\/www.bach-cantatas.com\/Texts\/BWV249-Fre6.htm\"><span style=\"color: #0000ff;\">La page<\/span><\/a>&gt; du site enti\u00e8rement consacr\u00e9es aux cantates de Bach.<br \/>\n<\/span><\/p>\n<p><a href=\"https:\/\/www.franceculture.fr\/conferences\/college-des-bernardins\/cioran-s-il-y-a-quelqu-un-qui-doit-tout-a-bach-c-est-bien-dieu\"><span style=\"font-family: Arial;\"><span style=\"color: #0000ff;\">Cioran<\/span><\/span><\/a><span style=\"color: #777777; font-family: Arial;\"> a dit : \u00ab\u00a0<span style=\"color: #c00000;\">S&rsquo;il y a quelqu&rsquo;un qui doit tout \u00e0 Bach, c&rsquo;est bien Dieu<span style=\"color: #777777;\">\u00a0\u00bb, Maria Kehoane \u00e9l\u00e8ve la musique de Bach \u00e0 des niveaux divins.<br \/>\n<\/span><\/span><\/span><\/p>\n<p><span style=\"color: #777777; font-family: Arial;\">Mais les mots sont incapables de d\u00e9crire cette \u00e9motion.<br \/>\n<\/span><\/p>\n<p><span style=\"color: #c00000; font-family: Arial;\">&lt;1395&gt;<\/span><\/p>\n","protected":false},"excerpt":{"rendered":"<p>\u00ab Maria Kehoane \u00bb Soprano su\u00e9doise qui magnifie la musique de Bach Mot de jour sp\u00e9cial pendant la p\u00e9riode de confinement suite \u00e0 la pand\u00e9mie du COVID-19 Parce que nous sommes en p\u00e9riode de confinement, j&rsquo;\u00e9cris donc un mot du<\/p>\n","protected":false},"author":1,"featured_media":0,"comment_status":"open","ping_status":"closed","sticky":false,"template":"","format":"standard","meta":{"footnotes":""},"categories":[1],"tags":[20,126],"class_list":["post-8554","post","type-post","status-publish","format-standard","hentry","category-motdujour","tag-musique","tag-pandemie"],"_links":{"self":[{"href":"https:\/\/lemotdujour.fr\/index.php?rest_route=\/wp\/v2\/posts\/8554","targetHints":{"allow":["GET"]}}],"collection":[{"href":"https:\/\/lemotdujour.fr\/index.php?rest_route=\/wp\/v2\/posts"}],"about":[{"href":"https:\/\/lemotdujour.fr\/index.php?rest_route=\/wp\/v2\/types\/post"}],"author":[{"embeddable":true,"href":"https:\/\/lemotdujour.fr\/index.php?rest_route=\/wp\/v2\/users\/1"}],"replies":[{"embeddable":true,"href":"https:\/\/lemotdujour.fr\/index.php?rest_route=%2Fwp%2Fv2%2Fcomments&post=8554"}],"version-history":[{"count":4,"href":"https:\/\/lemotdujour.fr\/index.php?rest_route=\/wp\/v2\/posts\/8554\/revisions"}],"predecessor-version":[{"id":8560,"href":"https:\/\/lemotdujour.fr\/index.php?rest_route=\/wp\/v2\/posts\/8554\/revisions\/8560"}],"wp:attachment":[{"href":"https:\/\/lemotdujour.fr\/index.php?rest_route=%2Fwp%2Fv2%2Fmedia&parent=8554"}],"wp:term":[{"taxonomy":"category","embeddable":true,"href":"https:\/\/lemotdujour.fr\/index.php?rest_route=%2Fwp%2Fv2%2Fcategories&post=8554"},{"taxonomy":"post_tag","embeddable":true,"href":"https:\/\/lemotdujour.fr\/index.php?rest_route=%2Fwp%2Fv2%2Ftags&post=8554"}],"curies":[{"name":"wp","href":"https:\/\/api.w.org\/{rel}","templated":true}]}}