{"id":854,"date":"2014-10-07T02:00:00","date_gmt":"2014-10-06T22:00:00","guid":{"rendered":"http:\/\/lemotdujour.fr\/?p=854"},"modified":"2020-11-03T22:09:37","modified_gmt":"2020-11-03T21:09:37","slug":"mardi-7-octobre-2014","status":"publish","type":"post","link":"https:\/\/lemotdujour.fr\/?p=854","title":{"rendered":"Mardi 7 octobre 2014"},"content":{"rendered":"<div class=\"mdjDate\">Mardi 7 octobre 2014<\/div>\n<div class=\"mdjTexte\">\u00ab\u00a0Les films sont plus harmonieux que la vie, [&#8230;]<br \/>\nIl n&rsquo;y a pas d&#8217;embouteillages dans les films, il n&rsquo;y a pas de temps morts.\u00a0\u00bb<\/div>\n<div class=\"mdjAuteur\">Fran\u00e7ois Truffaut, La nuit am\u00e9ricaine.<\/div>\n<p><span style=\"color: #777777; font-family: Arial;\">Fran\u00e7ois Truffaut est mort il y a 30 ans, le 21 octobre 1984 \u00e0 52 ans, d&rsquo;une tumeur au cerveau.<br \/>\n<\/span><\/p>\n<p><span style=\"color: #777777; font-family: Arial;\">C&rsquo;\u00e9tait une encyclop\u00e9die vivante du cin\u00e9ma et aussi un tr\u00e8s grand r\u00e9alisateur.<br \/>\n<\/span><\/p>\n<p><img loading=\"lazy\" decoding=\"async\" class=\"alignleft\" src=\"https:\/\/lemotdujour.fr\/wp-content\/uploads\/2020\/11\/110320_2106_LundiXXmai21.jpg\" alt=\"\" width=\"329\" height=\"329\" align=\"left\" \/><span style=\"color: #777777; font-family: Arial;\">Dans la \u00ab\u00a0nuit am\u00e9ricaine\u00a0\u00bb le sujet du film est un film en train d&rsquo;\u00eatre r\u00e9alis\u00e9.<br \/>\n<\/span><\/p>\n<p><span style=\"color: #777777; font-family: Arial;\">C&rsquo;est dans ce film que Truffaut jouant le r\u00f4le du r\u00e9alisateur dit \u00e0 l&rsquo;acteur principal de son film \u00ab\u00a0Jean-Pierre L\u00e9aud\u00a0\u00bb, cette ode au cin\u00e9ma :<br \/>\n<\/span><\/p>\n<p style=\"margin-left: 28pt;\"><span style=\"color: #c00000; font-family: Arial;\">\u00ab Je sais, il y a la vie priv\u00e9e, mais la vie priv\u00e9e, elle est boiteuse pour tout le monde. Les films sont plus harmonieux que la vie, Alphonse. Il n&rsquo;y a pas d&#8217;embouteillages dans les films, il n&rsquo;y a pas de temps morts. Les films avancent comme des trains, tu comprends ? Comme des trains dans la nuit. Les gens comme toi, comme moi, tu le sais bien, on est fait pour \u00eatre heureux dans le travail de cin\u00e9ma \u00bb.<br \/>\n<\/span><\/p>\n<p><span style=\"color: #777777; font-family: Arial;\"><strong>La \u00ab nuit am\u00e9ricaine \u00bb est le nom d&rsquo;une technique qui consiste \u00e0 tourner des sc\u00e8nes nocturnes en plein jour.<br \/>\n<\/strong><\/span><\/p>\n<p><span style=\"color: #777777; font-family: Arial;\">Patrick Cohen dans la matinale sur France Inter du vendredi 3 octobre, \u00e0 l&rsquo;occasion du trenti\u00e8me anniversaire de la disparition de Fran\u00e7ois Truffaut, a re\u00e7u Serge Toubiana, directeur de la Cin\u00e9math\u00e8que fran\u00e7aise qui consacre actuellement une exposition au cin\u00e9ma de Truffaut, et l&rsquo;actrice Nathalie Baye.<br \/>\n<\/span><\/p>\n<p><span style=\"color: #777777; font-family: Arial;\">La nuit am\u00e9ricaine fut le premier film important de Nathalie Baye qui a dit dans cette \u00e9mission, combien Truffaut arrivait \u00e0 mettre ses acteurs en confiance et cr\u00e9er une ambiance unique sur le plateau.<br \/>\n<\/span><\/p>\n<p><span style=\"color: #777777; font-family: Arial;\">Elle a avou\u00e9 qu&rsquo;elle a d\u00fb r\u00e9p\u00e9ter de nombreuses fois cette r\u00e9plique qu&rsquo;elle a dans le film<br \/>\n<\/span><\/p>\n<p><span style=\"color: #777777; font-family: Arial;\">\u00ab\u00a0<span style=\"color: #c00000;\">Moi je quitterai un homme pour un film, jamais un film pour un homme\u00a0<span style=\"color: #777777;\">\u00bb parce qu&rsquo;elle la disait toujours \u00e0 l&rsquo;envers.<br \/>\n<\/span><\/span><\/span><\/p>\n<p><span style=\"color: #777777; font-family: Arial;\">Voici le lien vers cette \u00e9mission : <a href=\"http:\/\/www.franceinter.fr\/emission-linvite-le-cinema-de-francois-truffaut\"><span style=\"color: blue; text-decoration: underline;\">&lt;<span style=\"color: #0000ff; text-decoration: underline;\">http:\/\/www.franceinter.fr\/emission-linvite-le-cinema-de-francois-truffaut<\/span><\/span><\/a><span style=\"color: #0000ff;\">&gt;<\/span><br \/>\n<\/span><\/p>\n<p><span style=\"color: #c00000; font-family: Arial;\">&lt;365&gt;<\/span><\/p>\n","protected":false},"excerpt":{"rendered":"<p>Mardi 7 octobre 2014 \u00ab\u00a0Les films sont plus harmonieux que la vie, [&#8230;] Il n&rsquo;y a pas d&#8217;embouteillages dans les films, il n&rsquo;y a pas de temps morts.\u00a0\u00bb Fran\u00e7ois Truffaut, La nuit am\u00e9ricaine. Fran\u00e7ois Truffaut est mort il y a<\/p>\n","protected":false},"author":1,"featured_media":0,"comment_status":"closed","ping_status":"closed","sticky":false,"template":"","format":"standard","meta":{"footnotes":""},"categories":[1],"tags":[25,29],"class_list":["post-854","post","type-post","status-publish","format-standard","hentry","category-motdujour","tag-cinema","tag-hommage"],"_links":{"self":[{"href":"https:\/\/lemotdujour.fr\/index.php?rest_route=\/wp\/v2\/posts\/854","targetHints":{"allow":["GET"]}}],"collection":[{"href":"https:\/\/lemotdujour.fr\/index.php?rest_route=\/wp\/v2\/posts"}],"about":[{"href":"https:\/\/lemotdujour.fr\/index.php?rest_route=\/wp\/v2\/types\/post"}],"author":[{"embeddable":true,"href":"https:\/\/lemotdujour.fr\/index.php?rest_route=\/wp\/v2\/users\/1"}],"replies":[{"embeddable":true,"href":"https:\/\/lemotdujour.fr\/index.php?rest_route=%2Fwp%2Fv2%2Fcomments&post=854"}],"version-history":[{"count":2,"href":"https:\/\/lemotdujour.fr\/index.php?rest_route=\/wp\/v2\/posts\/854\/revisions"}],"predecessor-version":[{"id":9980,"href":"https:\/\/lemotdujour.fr\/index.php?rest_route=\/wp\/v2\/posts\/854\/revisions\/9980"}],"wp:attachment":[{"href":"https:\/\/lemotdujour.fr\/index.php?rest_route=%2Fwp%2Fv2%2Fmedia&parent=854"}],"wp:term":[{"taxonomy":"category","embeddable":true,"href":"https:\/\/lemotdujour.fr\/index.php?rest_route=%2Fwp%2Fv2%2Fcategories&post=854"},{"taxonomy":"post_tag","embeddable":true,"href":"https:\/\/lemotdujour.fr\/index.php?rest_route=%2Fwp%2Fv2%2Ftags&post=854"}],"curies":[{"name":"wp","href":"https:\/\/api.w.org\/{rel}","templated":true}]}}