{"id":8525,"date":"2020-04-10T05:06:00","date_gmt":"2020-04-10T03:06:00","guid":{"rendered":"http:\/\/lemotdujour.fr\/?p=8525"},"modified":"2020-04-10T16:54:39","modified_gmt":"2020-04-10T14:54:39","slug":"__trashed-4","status":"publish","type":"post","link":"https:\/\/lemotdujour.fr\/?p=8525","title":{"rendered":"Vendredi 10 avril 2020"},"content":{"rendered":"<div class=\"mdjTexte\">\u00ab\u00a0La passion selon saint Matthieu\u00a0\u00bb<\/div>\n<div class=\"mdjAuteur\">Jean-S\u00e9bastien Bach<\/div>\n<p><span style=\"color: #777777; font-family: Arial;\">Ce vendredi 10 avril 2020, le calendrier gr\u00e9gorien que nous utilisons indique\u00a0: \u00ab\u00a0<strong>Vendredi-Saint<\/strong>\u00a0\u00bb<br \/>\n<\/span><\/p>\n<p><span style=\"color: #777777; font-family: Arial;\">Dans le r\u00e9cit chr\u00e9tien, le Vendredi saint est la comm\u00e9moration religieuse de la crucifixion et de la mort de J\u00e9sus-Christ.<br \/>\n<\/span><\/p>\n<p><img decoding=\"async\" class=\"alignleft\" src=\"https:\/\/lemotdujour.fr\/wp-content\/uploads\/2020\/04\/040920_1709_Vendredi10a1.jpg\" alt=\"\" align=\"left\" \/><\/p>\n<p><span style=\"color: #777777; font-family: Arial;\">Ce jour est f\u00e9ri\u00e9 dans un grand nombre de pays ou de r\u00e9gions dont une partie de la population est chr\u00e9tienne, en Europe (Allemagne, Espagne, Italie, Royaume-Uni, Suisse&#8230;), en Am\u00e9rique (Argentine, Canada, Chili, 12 des 50 \u00c9tats des \u00c9tats-Unis&#8230;), en Afrique (\u00c9thiopie, Kenya, Nig\u00e9ria&#8230;) et en Asie (Hong Kong, Inde, Indon\u00e9sie, Macao&#8230;).<br \/>\n<\/span><\/p>\n<p><span style=\"color: #777777; font-family: Arial;\">C&rsquo;est \u00e9galement un jour f\u00e9ri\u00e9 pour les d\u00e9partements fran\u00e7ais du Haut-Rhin, Bas-Rhin et Moselle.<br \/>\n<\/span><\/p>\n<p><span style=\"color: #777777; font-family: Arial;\">Il s&rsquo;agit d&rsquo;un jour de tristesse et de m\u00e9ditation pour la communaut\u00e9 chr\u00e9tienne.<br \/>\n<\/span><\/p>\n<p><span style=\"color: #777777; font-family: Arial;\">Ce jour particulier, probablement continuant \u00e0 \u00eatre profond\u00e9ment impr\u00e9gn\u00e9 de culture chr\u00e9tienne, j&rsquo;ai pris l&rsquo;habitude d&rsquo;\u00e9couter, chaque ann\u00e9e, la \u00ab\u00a0<strong>Passion selon Saint Matthieu<\/strong>\u00a0\u00bb de Jean-S\u00e9bastien Bach.<br \/>\n<\/span><\/p>\n<p><span style=\"color: #777777; font-family: Arial;\">Le vendredi saint constitue dans la symbolique chr\u00e9tienne, le temps de l&rsquo;\u00e9preuve, de la souffrance, de la mort.<br \/>\n<\/span><\/p>\n<p><span style=\"color: #777777; font-family: Arial;\">Nous ne sommes pas en guerre, mais ce temps de la pand\u00e9mie est un temps de l&rsquo;\u00e9preuve.<br \/>\n<\/span><\/p>\n<p><span style=\"color: #777777; font-family: Arial;\">C&rsquo;est pourquoi, il me parait assez naturel de faire lien entre ce que nous vivons et notre calendrier qui se fonde sur notre culture chr\u00e9tienne et rythme notre temps de vie.<br \/>\n<\/span><\/p>\n<p><span style=\"color: #777777; font-family: Arial;\">Je partage donc aujourd&rsquo;hui, cette \u0153uvre monumentale et exceptionnelle de la culture europ\u00e9enne et chr\u00e9tienne de l&rsquo;immense compositeur de culture protestante\u00a0: <strong>Jean-S\u00e9bastien Bach<\/strong>.<br \/>\n<\/span><\/p>\n<p><span style=\"color: #777777; font-family: Arial;\">Deux jours apr\u00e8s, vendredi saint, il y a P\u00e2ques qui pour les chr\u00e9tiens signifient r\u00e9surrection.<br \/>\n<\/span><\/p>\n<p><span style=\"color: #777777; font-family: Arial;\">Mais de la r\u00e9surrection, j&rsquo;en ai d\u00e9j\u00e0 parl\u00e9, dimanche dernier en \u00e9voquant la deuxi\u00e8me symphonie de Mahler. Dans cette \u0153uvre, il n&rsquo;est pas question de la r\u00e9surrection du Christ, mais elle est cependant profond\u00e9ment impr\u00e9gn\u00e9e de culture religieuse chr\u00e9tienne.<br \/>\n<\/span><\/p>\n<p><span style=\"color: #777777; font-family: Arial;\">Comme dimanche dernier, je partage d&rsquo;abord une interpr\u00e9tation de la Passion selon Saint Matthieu\u00a0:<br \/>\n<\/span><\/p>\n<p><span style=\"color: #777777; font-family: Arial;\">&lt;<\/span><span style=\"color: #0000ff;\"><a style=\"color: #0000ff;\" href=\"https:\/\/www.youtube.com\/watch?v=xkm19nfaXl4&amp;t=9s\"><span style=\"font-family: Arial;\">Bach\u00a0: Passion selon Saint Matthieu \u2013 Collegium vocale de Gand \u2013 Herreweghe<\/span><\/a><\/span><span style=\"color: #777777; font-family: Arial;\">&gt;<br \/>\n<\/span><\/p>\n<p><span style=\"color: #777777; font-family: Arial;\">Et comme dimanche dernier, j&rsquo;\u00e9cris\u00a0:<br \/>\n<\/span><\/p>\n<p><span style=\"color: #777777; font-family: Arial;\"><strong>\u00ab\u00a0La lecture de ce mot du jour peut donc s&rsquo;arr\u00eater l\u00e0 et basculer vers le visionnage de ce concert. Voici l&rsquo;essentiel.\u00a0\u00bb<br \/>\n<\/strong><\/span><\/p>\n<p><span style=\"color: #777777; font-family: Arial;\">Et puis, la lecture peut aussi continuer, car il y a tant de choses \u00e0 dire sur ce monument de la culture europ\u00e9enne, de la culture religieuse chr\u00e9tienne, de la musique occidentale.<br \/>\n<\/span><\/p>\n<p><span style=\"color: #777777; font-family: Arial;\"><strong>1 \u2013 Vendredi saint<br \/>\n<\/strong><\/span><\/p>\n<p><span style=\"color: #777777; font-family: Arial;\">La P\u00e2que chr\u00e9tienne est directement issu de la Pessah juive qui comm\u00e9more la sortie des juifs d&rsquo;Egypte. Mais l&rsquo;\u00e9tonnante Rabbine Delphine Horvilleur narre une autre histoire et parle d&rsquo;une naissance et en puisant dans l&rsquo;\u00e9tymologie des mots h\u00e9braiques compare le passage de la mer rouge \u00e0 la lib\u00e9ration du liquide amniotique qui pr\u00e9c\u00e8de l&rsquo;accouchement. &lt;<\/span><span style=\"font-family: Arial;\"><a href=\"https:\/\/m.facebook.com\/story.php?story_fbid=2261954967444103&amp;id=408458635977752\"><span style=\"color: #0000ff;\">C&rsquo;est ici<\/span><\/a><\/span><span style=\"font-family: Arial; color: #0000ff;\">&gt;<\/span><span style=\"color: #777777; font-family: Arial;\">. Cette histoire juive rencontre l&rsquo;histoire chr\u00e9tienne puisque dans ce r\u00e9cit J\u00e9sus pr\u00e9pare la f\u00eate de Pessah, le jeudi, la veille du vendredi saint, lors de la c\u00e9l\u00e8bre &lt;<a href=\"https:\/\/croire.la-croix.com\/Abonnes\/Les-videos-Croire.com\/La-foi-dans-l-art\/La-Cene-de-Vinci\"><span style=\"color: #0000ff;\">C\u00e8ne<\/span><\/a>&gt; peint par tant de grands artistes dont L\u00e9onard de Vinci.<br \/>\n<\/span><\/p>\n<p><span style=\"color: #777777; font-family: Arial;\">En 2020 , Pessah est c\u00e9l\u00e9br\u00e9 du jeudi 9 avril au jeudi 16 avril. Et la p\u00e2que chr\u00e9tienne est c\u00e9l\u00e9br\u00e9 le premier dimanche qui suit la premi\u00e8re pleine lune qui suit l&rsquo;\u00e9quinoxe de Printemps. Exprim\u00e9 ainsi, on comprend bien que cette f\u00eate s&rsquo;inscrit dans un calendrier plus ancien, li\u00e9 \u00e0 la nature et qui se situe au moment o\u00f9 la dur\u00e9e du jour reprend le dessus sur la dur\u00e9e de la nuit. Ces f\u00eates ont donc avec une autre symbolique occup\u00e9 la place de f\u00eates pa\u00efennes.<br \/>\n<\/span><\/p>\n<p><span style=\"color: #777777; font-family: Arial;\">En revanche, il semble que le Vendredi Saint qui comm\u00e9more la Passion, c&rsquo;est-\u00e0-dire le supplice, la procession et la crucifixion du Christ, ce moment du r\u00e9cit \u00e9vang\u00e9lique qui cl\u00f4t l&rsquo;aventure \u00ab humaine \u00bb de J\u00e9sus constitue un jour propre au christianisme et qui ne se fonde pas sur une f\u00eate issue d&rsquo;une autre tradition.<br \/>\n<\/span><\/p>\n<p><span style=\"color: #777777; font-family: Arial;\">Dans la tradition chr\u00e9tienne, pour rappeler la procession du Christ vers Golgotha, des processions, appel\u00e9s chemin de croix sont organis\u00e9s dans de nombreux lieux.<br \/>\n<\/span><\/p>\n<p><img decoding=\"async\" class=\"alignright\" src=\"https:\/\/lemotdujour.fr\/wp-content\/uploads\/2020\/04\/040920_1709_Vendredi10a2.jpg\" alt=\"\" align=\"left\" \/><span style=\"color: #777777; font-family: Arial;\">Cette ann\u00e9e constitue donc encore une particularit\u00e9 puisque toutes ces processions sont annul\u00e9es en raison du COVID-19.<br \/>\n<\/span><\/p>\n<p><span style=\"color: #777777; font-family: Arial;\"><strong>2 \u2013 La crucifixion<br \/>\n<\/strong><\/span><\/p>\n<p><span style=\"color: #777777; font-family: Arial;\">La religion chr\u00e9tienne est une doctrine tr\u00e8s compliqu\u00e9e. Rien que le dogme de la Trinit\u00e9 qui r\u00e9v\u00e8le un Dieu unique sous trois \u00ab\u00a0formes\u00a0\u00bb diff\u00e9rentes semble assez incompr\u00e9hensible, peut \u00eatre une pr\u00e9misse de la m\u00e9canique quantique\u00a0? Mais que le repr\u00e9sentant de Dieu sur terre, le fils de Dieu selon la doctrine, un des membres de la Trinit\u00e9 finisse sa vie terrestre par l&rsquo;humiliation et la mort r\u00e9serv\u00e9 aux esclaves dans l&#8217;empire romain est plus qu&rsquo;incompr\u00e9hensible par les adeptes de toutes les autres religions, impensable.<br \/>\n<\/span><\/p>\n<p><span style=\"color: #777777; font-family: Arial;\">Pour Ren\u00e9 Girard, cette crucifixion constitue <span style=\"color: #0000ff;\"><a style=\"color: #0000ff;\" href=\"https:\/\/www.les-crises.fr\/wp-content\/uploads\/2015\/02\/le-bouc-emissaire.pdf\">le sacrifice ultime<\/a><\/span> faisant du Christ le bouc \u00e9missaire final et unique qui permet de surmonter la pulsion des soci\u00e9t\u00e9s \u00e0 devoir d\u00e9signer des boucs \u00e9missaires pour surmonter les tensions internes et apporter la paix en leur sein. Tout au long des mots du jour, notamment les derniers je constate que la recherche des boucs \u00e9missaires reste un exercice pris\u00e9 de nos soci\u00e9t\u00e9s, qui sont il est vrai post chr\u00e9tiennes. Harari avait r\u00e9sum\u00e9 cette tendance par cette formule\u00a0: \u00ab\u00a0s&rsquo;il y a un probl\u00e8me, c&rsquo;est qu&rsquo;il existe quelqu&rsquo;un quelque part qui a merd\u00e9\u00a0\u00bb.<br \/>\n<\/span><\/p>\n<p><span style=\"color: #777777; font-family: Arial;\">La langue fran\u00e7aise r\u00e9serve le terme de \u00ab\u00a0<strong>crucifixion\u00a0<\/strong>\u00bb \u00e0 l&rsquo;ex\u00e9cution de J\u00e9sus de Nazareth. Cette peine qui est toujours pratiqu\u00e9 en Arabie saoudite m\u00eame si elle est pratiqu\u00e9e post mortem, avait \u00e9t\u00e9 sordidement remis dans l&rsquo;actualit\u00e9 lors de <span style=\"color: #0000ff;\"><a style=\"color: #0000ff;\" href=\"https:\/\/lemotdujour.fr\/?p=760\">l&rsquo;\u00e9pop\u00e9e sanglante de DAESH<\/a>,<\/span> dans ce cas on utilise le mot \u00ab\u00a0<strong>crucifiement<\/strong>\u00a0\u00bb.<br \/>\n<\/span><\/p>\n<p><span style=\"color: #777777; font-family: Arial;\"><strong>Pour \u00eatre exact, \u00ab\u00a0Crucifixion<\/strong>\u00bb ne d\u00e9signe pas seulement le supplice du Christ mais aussi des \u0153uvres d&rsquo;art qui d\u00e9crive ce sujet. Et il en existe de nombreux. J&rsquo;illustre ce mot du jour par la reproduction de certaines d&rsquo;entre elles, peints par Rembrandt, Rapha\u00ebl, Zurbaran, Dali.<br \/>\n<\/span><\/p>\n<p><span style=\"color: #777777; font-family: Arial;\"><strong>3 \u2013 Le texte de la passion du Christ dans l&rsquo;\u00e9vangile selon saint Matthieu<br \/>\n<\/strong><\/span><\/p>\n<p><span style=\"color: #777777; font-family: Arial;\">Le r\u00e9cit de la passion selon Saint Matthieu.<br \/>\n<\/span><\/p>\n<p><span style=\"color: #777777; font-family: Arial;\">Opportun\u00e9ment le journal catholique \u00ab\u00a0<strong>La Croix<\/strong>\u00a0\u00bb publie un extrait de La Bible dans la nouvelle traduction Bayard, et cet extrait est le<a href=\"https:\/\/croire.la-croix.com\/Definitions\/Fetes-religieuses\/Vendredi-saint\/Recit-de-la-Passion-selon-saint-Matthieu\"><span style=\"color: #0000ff;\"> r\u00e9cit de la passion selon saint Matthieu<\/span><\/a> (26,14-27,66), \u00e0 partir du moment o\u00f9 Judas vend son ma\u00eetre jusqu&rsquo;au soir de cette journ\u00e9e qui deviendra dans le r\u00e9cit Vendredi Saint.<br \/>\n<\/span><\/p>\n<p><span style=\"color: #777777; font-family: Arial;\">Et dans ce texte fondateur du christianisme, ce texte que Bach a mis en musique, on lit cela\u00a0:<br \/>\n<\/span><\/p>\n<p style=\"margin-left: 28pt;\"><span style=\"color: #c00000; font-family: Arial;\">\u00ab\u00a0Vint l&rsquo;aube. L&rsquo;assembl\u00e9e des grands pr\u00eatres et des anciens du peuple d\u00e9lib\u00e9ra sur J\u00e9sus et sur sa mise \u00e0 mort. Ligot\u00e9, il fut conduit devant le procurateur Pilate, \u00e0 qui on le livra. [\u2026]<br \/>\n<\/span><\/p>\n<p style=\"margin-left: 28pt;\"><span style=\"color: #c00000; font-family: Arial;\">J\u00e9sus se tenait debout devant le procurateur. Ce dernier l&rsquo;interrogea : Es-tu vraiment le roi des juifs ?<br \/>\nTu l&rsquo;as dit, r\u00e9pondit J\u00e9sus, sans r\u00e9pliquer aux accusations des grands pr\u00eatres et des anciens.<br \/>\nPilate insista : N&rsquo;entends-tu pas tous ces t\u00e9moignages contre toi ?<br \/>\nJ\u00e9sus ne r\u00e9pondit rien. Ce silence impressionna fortement le procurateur.<br \/>\n<img decoding=\"async\" class=\"alignright\" src=\"https:\/\/lemotdujour.fr\/wp-content\/uploads\/2020\/04\/040920_1709_Vendredi10a3.jpg\" alt=\"\" align=\"left\" \/>Les jours de f\u00eate, ce dernier avait l&rsquo;habitude de relaxer un prisonnier choisi par la foule.<br \/>\nBarabbas \u00e9tait alors un prisonnier c\u00e9l\u00e8bre. \u00c0 la foule rassembl\u00e9e, Pilate demanda : Lequel des deux dois-je rel\u00e2cher ?<br \/>\nBarabbas ? Ou J\u00e9sus, dit le Christ ?<br \/>\nIl savait que c&rsquo;\u00e9tait par envie que J\u00e9sus avait \u00e9t\u00e9 livr\u00e9 [\u2026].<br \/>\n<\/span><\/p>\n<p style=\"margin-left: 28pt;\"><span style=\"color: #c00000; font-family: Arial;\">Les chefs et les anciens persuad\u00e8rent les foules de r\u00e9clamer Barabbas et de faire mourir J\u00e9sus. Le procurateur revint \u00e0 la charge : Lequel des deux dois-je rel\u00e2cher, selon vous ?<br \/>\nDes voix s&rsquo;\u00e9lev\u00e8rent : Barabbas !<br \/>\nEt Pilate : Qu&rsquo;adviendra-t-il de J\u00e9sus, dit le Christ ?<br \/>\nUn cri monta de la foule : Qu&rsquo;on le crucifie !<br \/>\nEt lui : Mais quel mal a-t-il fait ?<br \/>\nLes cris redoubl\u00e8rent de fureur : Qu&rsquo;on le crucifie ! L&rsquo;agitation allait croissant. On ne peut rien faire, conclut Pilate.<br \/>\nEt prenant de l&rsquo;eau, sous leurs yeux, il se lava les mains.<br \/>\nJe suis innocent du sang de ce juste, d\u00e9clara-t-il. Cette affaire ne regarde que vous.<br \/>\n<strong>Et tout le peuple r\u00e9pondit : Que son sang retombe sur nous et sur nos enfants.<br \/>\n<\/strong>Barabbas fut remis en libert\u00e9.\u00a0\u00bb<br \/>\n<\/span><\/p>\n<p><span style=\"color: #777777; font-family: Arial;\">L&rsquo;antis\u00e9mitisme est aussi dans ce texte, dans ce r\u00e9cit mythique. Le r\u00e9cit des chr\u00e9tiens qui fait dire au peuple juif \u00ab\u00a0<strong>Que son sang retombe sur nous et sur nos enfants\u00a0\u00bb. <\/strong>Ce r\u00e9cit qui a \u00e9t\u00e9 \u00e9crit plus de 30 ans apr\u00e8s les faits a peu de probabilit\u00e9 de d\u00e9crire avec pr\u00e9cision ce qui s&rsquo;est vraiment pass\u00e9, si cela s&rsquo;est pass\u00e9. Si on prend l&rsquo;hypoth\u00e8se que ce texte relate une histoire \u00e0 peu pr\u00e8s exacte, on constate qu&rsquo;il y&rsquo;a manipulation de la foule par quelques dirigeants, la foule elle-m\u00eame n&rsquo;\u00e9tant qu&rsquo;une partie du peuple.<br \/>\n<\/span><\/p>\n<p><span style=\"color: #777777; font-family: Arial;\">Mais le r\u00e9cit qui, pendant des si\u00e8cles, a \u00e9t\u00e9 lu, racont\u00e9 dans les \u00e9glises, dans les familles, chant\u00e9 dans les passions parle d&rsquo;un peuple juif d\u00e9icide puisque dans la doctrine chr\u00e9tienne J\u00e9sus est fils de Dieu.<br \/>\n<\/span><\/p>\n<p><span style=\"color: #777777; font-family: Arial;\">Nous sommes au c\u0153ur de l&rsquo;antis\u00e9mitisme de source religieuse, nous savons qu&rsquo;il en existe d&rsquo;autres. J&rsquo;avais d\u00e9velopp\u00e9 ce sujet dans un mot du jour de d\u00e9but 2019 &lt;<a href=\"https:\/\/lemotdujour.fr\/?p=6266\"><span style=\"color: #0000ff;\">La haine des juifs<\/span><\/a>&gt;<br \/>\n<\/span><\/p>\n<p><span style=\"color: #777777; font-family: Arial;\"><strong>4 \u2013 L&rsquo;\u0153uvre de Jean-S\u00e9bastien Bach\u00a0: \u00ab\u00a0Die Mattha\u00fcs Passion\u00a0\u00bb La Passion selon Saint Matthieu<br \/>\n<\/strong><\/span><\/p>\n<p><span style=\"color: #777777; font-family: Arial;\">Sans que cette date soit certaine, il semble que La Passion selon saint Matthieu (BWV 244) ait \u00e9t\u00e9 ex\u00e9cut\u00e9e probablement pour la premi\u00e8re fois le Vendredi saint 1727, c&rsquo;est-\u00e0-dire le 7 avril 1727 dans <span style=\"color: #0000ff;\"><a style=\"color: #0000ff;\" href=\"https:\/\/fr.wikipedia.org\/wiki\/%C3%89glise_Saint-Thomas_de_Leipzig\">l&rsquo;Eglise Saint Thomas de Leipzig<\/a><\/span>, dans cette \u00e9glise o\u00f9 Bach fut le \u00ab\u00a0Kantor\u00a0\u00bb (<em>ma\u00eetre de chapelle<\/em>) de 1723 jusqu&rsquo;\u00e0 sa mort en 1750 et dans laquelle repose sa d\u00e9pouille depuis 1950. Elle a \u00e9t\u00e9 remani\u00e9e trois fois. La troisi\u00e8me version, d\u00e9finitive, a \u00e9t\u00e9 cr\u00e9\u00e9e en 1736.<br \/>\n<\/span><\/p>\n<p><img loading=\"lazy\" decoding=\"async\" class=\"size-full wp-image-8534 aligncenter\" src=\"https:\/\/lemotdujour.fr\/wp-content\/uploads\/2020\/04\/Bach-Leipzig.jpg\" alt=\"\" width=\"648\" height=\"486\" srcset=\"https:\/\/lemotdujour.fr\/wp-content\/uploads\/2020\/04\/Bach-Leipzig.jpg 648w, https:\/\/lemotdujour.fr\/wp-content\/uploads\/2020\/04\/Bach-Leipzig-300x225.jpg 300w\" sizes=\"auto, (max-width: 648px) 100vw, 648px\" \/><\/p>\n<p><span style=\"color: #777777; font-family: Arial;\">Tous les deux ans, le vendredi saint, en alternance avec la Passion selon Saint Jean, la Passion selon Saint Matthieu est interpr\u00e9t\u00e9e dans ce lieu particulier pour la culture musicale occidentale, l&rsquo;\u00e9glise de Bach. D&rsquo;ailleurs chaque ann\u00e9e, \u00e0 travers le monde, la Passion selon Saint Matthieu est donn\u00e9e autour du jour du vendredi saint. Tous les ans, sauf cette ann\u00e9e 2020 o\u00f9 le confinement cr\u00e9\u00e9 par la pand\u00e9mie du COVID-19 a conduit \u00e0 annuler toutes ces manifestations, comme le fait remarquer &lt;<span style=\"color: #0000ff;\"><a style=\"color: #0000ff;\" href=\"http:\/\/geographiesenmouvement.blogs.liberation.fr\/2020\/04\/08\/quand-bach-interprete-la-passion-selon-saint-jean\/\">Lib\u00e9ration<\/a><\/span>&gt;<br \/>\n<\/span><\/p>\n<p><span style=\"color: #777777; font-family: Arial;\">Je ne d\u00e9velopperai davantage la pr\u00e9sentation de &lt;<span style=\"color: #0000ff;\"><a style=\"color: #0000ff;\" href=\"https:\/\/fr.wikipedia.org\/wiki\/Passion_selon_saint_Matthieu\">cette \u0153uvre<\/a><\/span>&gt; qui dure plus de 2 heures 30. Il y a lieu cependant de dire que Bach n&rsquo;a jamais compos\u00e9 d&rsquo;op\u00e9ra, parce que dans un aucun de ses postes cela ne lui a \u00e9t\u00e9 command\u00e9. En outre, dans son dernier poste \u00e0 l&rsquo;\u00e9glise Saint Thomas, l&rsquo;op\u00e9ra n&rsquo;\u00e9tait pas tol\u00e9r\u00e9 dans l&rsquo;aust\u00e8re et puritaine Leipzig. Mais les passions qu&rsquo;il a \u00e9crites et particuli\u00e8rement la \u00ab Saint Matthieu \u00bb sont en r\u00e9alit\u00e9 des op\u00e9ras religieux, m\u00eame si elles sont donn\u00e9es sous forme d&rsquo;oratorio.<br \/>\n<\/span><\/p>\n<p><span style=\"color: #777777; font-family: Arial;\">Pour dire la beaut\u00e9 de cette \u0153uvre, je ferai appel, une fois n&rsquo;est pas coutume \u00e0 Alain Jupp\u00e9\u00a0: dans le livre \u00ab\u00a0<strong>Alain Jupp\u00e9 sans masque<\/strong>\u00a0\u00bb son biographe, Dominique Lormier raconte :<br \/>\n<\/span><\/p>\n<p style=\"margin-left: 28pt;\"><span style=\"color: #c00000; font-family: Arial;\">\u00ab\u00a0Il faut le voir pour le croire, \u00e9crit Anna Cabana : ses yeux se mouillent quand il se met \u00e0 fredonner les premi\u00e8res notes de son aria pr\u00e9f\u00e9r\u00e9e de la Passion selon saint Matthieu. Bach lui tire des larmes, \u00e0 Jupp\u00e9. De vraies larmes, je peux en t\u00e9moigner.\u00a0\u00bb<br \/>\n<\/span><\/p>\n<p><span style=\"color: #777777; font-family: Arial;\">La passion selon saint Matthieu occupe aussi une place tr\u00e8s particuli\u00e8re dans l&rsquo;Histoire de la musique. Pendant longtemps, on ne jouait que la musique des compositeurs vivants. On utilisait des partitions de musiciens morts pour les \u00e9tudier, pour apprendre la musique, quelquefois s&rsquo;en inspirer, mais on ne les jouait jamais en public.<br \/>\n<\/span><\/p>\n<p><span style=\"color: #777777; font-family: Arial;\">Jamais jusqu&rsquo;\u00e0 F\u00e9lix Mendelssohn Bartholdy qui \u00e0 20 ans<span style=\"color: #0000ff;\"> <a style=\"color: #0000ff;\" href=\"https:\/\/www.cairn.info\/revue-annales-2007-6-page-1347.htm\">va interpr\u00e9ter cette \u0153uvre<\/a><\/span> pr\u00e8s de 80 ans apr\u00e8s la mort de Bach\u00a0:<br \/>\n<\/span><\/p>\n<p style=\"margin-left: 28pt;\"><span style=\"color: #c00000; font-family: Arial;\">\u00ab\u00a0A Berlin, le mercredi 11 mars 1829, \u00e0 6 heures du soir, par un temps printanier, la salle de la Sing-Akademie r\u00e9sonne des premi\u00e8res notes d&rsquo;une \u0153uvre qui n&rsquo;a plus \u00e9t\u00e9 jou\u00e9e depuis la mort de son auteur en 1750 : la Passion selon saint Matthieu de Johann Sebastian Bach. La salle, pouvant accueillir entre 800 et 900 spectateurs, est pleine \u00e0 craquer au point qu&rsquo;on a d\u00fb ouvrir les vestibules et une pi\u00e8ce derri\u00e8re l&rsquo;orchestre. Cela n&rsquo;a pas suffi; il a fallu refuser plus de mille personnes. La famille royale, le roi de Prusse Fr\u00e9d\u00e9ric-Guillaume III en t\u00eate, et de nombreux membres de la cour sont pr\u00e9sents. Le tout-Berlin intellectuel et artistique est \u00e9galement l\u00e0 : Schleiermacher, Hegel, Droysen, Heine, Rahel Varnhagen&#8230;\u00a0\u00bb<br \/>\n<\/span><\/p>\n<p><span style=\"color: #777777; font-family: Arial;\">Pour Nikolaus Harnoncourt, cela constitue le d\u00e9but de cette nouvelle mani\u00e8re d&rsquo;aborder la musique qu&rsquo;on va appeler classique par la suite et qui est d\u00e9sormais une musique dont on c\u00e9l\u00e8bre et joue pour l&rsquo;essentiel des compositeurs morts.<br \/>\n<\/span><\/p>\n<p><span style=\"color: #777777; font-family: Arial;\"><strong>5 \u2013 Interpr\u00e9tation de l&rsquo;\u0153uvre.<br \/>\n<\/strong><\/span><\/p>\n<p><span style=\"color: #777777; font-family: Arial;\">L&rsquo;interpr\u00e9tation vers laquelle renvoie ce mot du jour est exceptionnelle, d&rsquo;abord en raison du chef belge\u00a0: \u00ab\u00a0<strong>Philippe Herreweghe<\/strong>\u00a0\u00bb<br \/>\n<\/span><\/p>\n<p><span style=\"color: #777777; font-family: Arial;\">L&rsquo;\u00e9l\u00e9gance n&rsquo;est pas la priorit\u00e9 de Philippe Herreweghe, quand il l\u00e8ve ses bras on a presque une impression de maladresse ou encore de la volont\u00e9 de vouloir communiquer l&rsquo;incommunicable. <\/span><span style=\"color: #777777; font-family: Arial;\">Le r\u00e9sultat est exceptionnel.<br \/>\n<\/span><\/p>\n<p><span style=\"color: #777777; font-family: Arial;\">C&rsquo;est mon ami Gilbert qui me l&rsquo;a fait d\u00e9couvrir par un de ses premiers disques.<br \/>\n<\/span><\/p>\n<p><img loading=\"lazy\" decoding=\"async\" class=\"size-full wp-image-8530 alignleft\" src=\"https:\/\/lemotdujour.fr\/wp-content\/uploads\/2020\/04\/040920_1709_Vendredi10a4.jpg\" alt=\"\" width=\"239\" height=\"494\" srcset=\"https:\/\/lemotdujour.fr\/wp-content\/uploads\/2020\/04\/040920_1709_Vendredi10a4.jpg 239w, https:\/\/lemotdujour.fr\/wp-content\/uploads\/2020\/04\/040920_1709_Vendredi10a4-145x300.jpg 145w\" sizes=\"auto, (max-width: 239px) 100vw, 239px\" \/><\/p>\n<p><span style=\"color: #777777; font-family: Arial;\">Et dans nos d\u00e9buts communs \u00e0 Paris, \u00e0 la fin des ann\u00e9es 1980, Annie et moi avons appris qu&rsquo;il donnait des concerts \u00e0 l&rsquo;\u00e9glise des blancs manteaux avec son ensemble parisien la Chapelle Royale et son ensemble belge le Collegium vocale de Gand. Nous n&rsquo;avons alors loup\u00e9 aucun de ces concerts dans cette \u00e9glise.<\/span><\/p>\n<p><span style=\"color: #777777; font-family: Arial;\">Depuis, j&rsquo;ai achet\u00e9 tous les disques qu&rsquo;il a r\u00e9alis\u00e9 et dans lesquels il interpr\u00e8te Bach.<br \/>\n<\/span><\/p>\n<p><span style=\"color: #777777; font-family: Arial;\">J&rsquo;en ai beaucoup d&rsquo;autres, mais pas tous ses disques.<br \/>\n<\/span><\/p>\n<p><span style=\"color: #777777; font-family: Arial;\">Mais tous les Bach et m\u00eame quand il a enregistr\u00e9 trois fois la Messe en si, trois fois la passion selon saint Jean et pour l&rsquo;instant deux fois la passion selon saint Matthieu mais on attend une troisi\u00e8me bient\u00f4t, j&rsquo;ai achet\u00e9 toutes les versions.<br \/>\n<\/span><\/p>\n<p><span style=\"color: #777777; font-family: Arial;\">Et bien s\u00fbr quand il vient \u00e0 Lyon, nous y allons aussi.<br \/>\n<\/span><\/p>\n<p><span style=\"color: #777777; font-family: Arial;\">Dans la version propos\u00e9e, il est bien sur accompagn\u00e9 de son remarquable ensemble du Collegium vocale de Gand mais aussi de chanteurs exceptionnels : l&rsquo;\u00e9vang\u00e9liste Christoph Pr\u00e9gardien, les deux sopranos, Doroth\u00e9e Mields et Hana Bla\u017e\u00edkov\u00e1,, la somptueuse basse Stephan Mac Leod. Une interpr\u00e9tation tout simplement exceptionnelle.<br \/>\n<\/span><\/p>\n<p><span style=\"color: #777777; font-family: Arial;\">&lt;<\/span><span style=\"color: #0000ff;\"><a style=\"color: #0000ff;\" href=\"https:\/\/www.youtube.com\/watch?v=xkm19nfaXl4&amp;t=9s\"><span style=\"font-family: Arial;\">Bach : Passion selon Saint Matthieu \u2013 Collegium vocale de Gand \u2013 Herreweghe<\/span><\/a><\/span><span style=\"color: #777777; font-family: Arial;\">&gt;<br \/>\n<\/span><br \/>\n<span style=\"color: #c00000; font-family: Arial;\">&lt;1393&gt;<\/span><\/p>\n","protected":false},"excerpt":{"rendered":"<p>\u00ab\u00a0La passion selon saint Matthieu\u00a0\u00bb Jean-S\u00e9bastien Bach Ce vendredi 10 avril 2020, le calendrier gr\u00e9gorien que nous utilisons indique\u00a0: \u00ab\u00a0Vendredi-Saint\u00a0\u00bb Dans le r\u00e9cit chr\u00e9tien, le Vendredi saint est la comm\u00e9moration religieuse de la crucifixion et de la mort de J\u00e9sus-Christ.<\/p>\n","protected":false},"author":1,"featured_media":0,"comment_status":"open","ping_status":"closed","sticky":false,"template":"","format":"standard","meta":{"footnotes":""},"categories":[1],"tags":[46,107,20,34],"class_list":["post-8525","post","type-post","status-publish","format-standard","hentry","category-motdujour","tag-art","tag-culture","tag-musique","tag-religion"],"_links":{"self":[{"href":"https:\/\/lemotdujour.fr\/index.php?rest_route=\/wp\/v2\/posts\/8525","targetHints":{"allow":["GET"]}}],"collection":[{"href":"https:\/\/lemotdujour.fr\/index.php?rest_route=\/wp\/v2\/posts"}],"about":[{"href":"https:\/\/lemotdujour.fr\/index.php?rest_route=\/wp\/v2\/types\/post"}],"author":[{"embeddable":true,"href":"https:\/\/lemotdujour.fr\/index.php?rest_route=\/wp\/v2\/users\/1"}],"replies":[{"embeddable":true,"href":"https:\/\/lemotdujour.fr\/index.php?rest_route=%2Fwp%2Fv2%2Fcomments&post=8525"}],"version-history":[{"count":8,"href":"https:\/\/lemotdujour.fr\/index.php?rest_route=\/wp\/v2\/posts\/8525\/revisions"}],"predecessor-version":[{"id":8539,"href":"https:\/\/lemotdujour.fr\/index.php?rest_route=\/wp\/v2\/posts\/8525\/revisions\/8539"}],"wp:attachment":[{"href":"https:\/\/lemotdujour.fr\/index.php?rest_route=%2Fwp%2Fv2%2Fmedia&parent=8525"}],"wp:term":[{"taxonomy":"category","embeddable":true,"href":"https:\/\/lemotdujour.fr\/index.php?rest_route=%2Fwp%2Fv2%2Fcategories&post=8525"},{"taxonomy":"post_tag","embeddable":true,"href":"https:\/\/lemotdujour.fr\/index.php?rest_route=%2Fwp%2Fv2%2Ftags&post=8525"}],"curies":[{"name":"wp","href":"https:\/\/api.w.org\/{rel}","templated":true}]}}