{"id":8510,"date":"2020-04-09T01:48:58","date_gmt":"2020-04-08T23:48:58","guid":{"rendered":"http:\/\/lemotdujour.fr\/?p=8510"},"modified":"2020-04-08T23:38:44","modified_gmt":"2020-04-08T21:38:44","slug":"jeudi-9-avril-2020","status":"publish","type":"post","link":"https:\/\/lemotdujour.fr\/?p=8510","title":{"rendered":"Jeudi 9 avril 2020"},"content":{"rendered":"<div class=\"mdjTexte\">\u00ab\u00a0En sant\u00e9, comme en \u00e9ducation, les besoins sont infinis.\u00a0\u00bb<\/div>\n<div class=\"mdjAuteur\">Philippe Moss\u00e9 et Corinne Grenier<\/div>\n<p><span style=\"color: #777777; font-family: Arial;\">M\u00e9fions-nous des explications simples.<br \/>\n<\/span><\/p>\n<p><span style=\"color: #777777; font-family: Arial;\">J&rsquo;\u00e9coute beaucoup d&rsquo;intervenants qui racontent tous la m\u00eame histoire.<br \/>\n<\/span><\/p>\n<p><span style=\"color: #777777; font-family: Arial;\">L&rsquo;h\u00f4pital a \u00e9t\u00e9 d\u00e9laiss\u00e9 par d&rsquo;odieux gouvernants qui ont toujours cherch\u00e9 constamment \u00e0 restreindre les moyens allou\u00e9s \u00e0 l&rsquo;h\u00f4pital public.<br \/>\n<\/span><\/p>\n<p><span style=\"color: #777777; font-family: Arial;\">Ce sont des criminels doubl\u00e9s d&rsquo;imb\u00e9ciles, la pand\u00e9mie actuelle montre l&rsquo;\u00e9tendue de leur d\u00e9faillance.<br \/>\n<\/span><\/p>\n<p><span style=\"color: #777777; font-family: Arial;\">D\u00e8s que cette crise sera surmont\u00e9e, il va falloir massivement redonner de l&rsquo;argent \u00e0 l&rsquo;h\u00f4pital public pour que tout cela fonctionne \u00e0 nouveau correctement.<br \/>\n<\/span><\/p>\n<p><span style=\"color: #777777; font-family: Arial;\">J&rsquo;ai l&rsquo;impression que presque tout le monde est convaincu qu&rsquo;\u00e9noncer ainsi nous avons \u00e0 la fois le probl\u00e8me et la solution.<br \/>\n<\/span><\/p>\n<p><span style=\"color: #777777; font-family: Arial;\">Enonc\u00e9 encore plus synth\u00e9tiquement le probl\u00e8me c&rsquo;est qu&rsquo;on a manqu\u00e9 de sous, la solution c&rsquo;est de donner des sous.<br \/>\n<\/span><\/p>\n<p><span style=\"color: #777777; font-family: Arial;\">C&rsquo;est simple et compr\u00e9hensible.<br \/>\n<\/span><\/p>\n<p><span style=\"color: #777777; font-family: Arial;\">Pour mettre un peu de nuance dans cette vision de la r\u00e9alit\u00e9 je vous renvoie vers un article de Lib\u00e9ration \u00e9crit par Philippe Moss\u00e9, \u00e9conomiste, CNRS-Lest, Aix-en-Provence et Corinne Grenier, professeur Innovation en sant\u00e9\u00a0: &lt;<span style=\"color: #0000ff;\"><a style=\"color: #0000ff;\" href=\"https:\/\/www.liberation.fr\/debats\/2020\/04\/02\/sante-l-ajustement-sans-fin-des-ressources-et-des-besoins_1783946?fbclid=IwAR08IR7_VSjWH9Yzi0DtqVFdzbu-ls24jX5sPwvrWQzIPKh2jJmkRrmbTzA\">L&rsquo;ajustement sans fin des ressources et des besoins<\/a><\/span>&gt;<br \/>\n<\/span><\/p>\n<p><span style=\"color: #777777; font-family: Arial;\">Et pour une fois je cite cet article in extenso\u00a0:<br \/>\n<\/span><\/p>\n<p style=\"margin-left: 28pt;\"><span style=\"color: #c00000; font-family: Arial;\">\u00ab\u00a0. La difficult\u00e9 extr\u00eame dans laquelle se trouve notre syst\u00e8me de sant\u00e9 face \u00e0 la pand\u00e9mie est due \u00e0 son extr\u00eame violence ; elle serait aussi la cons\u00e9quence du \u00abd\u00e9mant\u00e8lement de l&rsquo;Etat providence\u00bb et du fait que, depuis des lustres, l&rsquo;h\u00f4pital serait \u00abla b\u00eate noire des pouvoirs publics\u00bb. Ces critiques sans nuance, que vient contrebalancer le soutien exceptionnel que toute la population fran\u00e7aise apporte et devra pendant des mois encore apporter \u00e0 ses soignants, ne sont pas nouvelles. Mais, paradoxalement, ce jugement sans appel rassure car il permet de cibler un ensemble de responsables : globalement les ministres de la Sant\u00e9 et leur administration aux commandes depuis la fin des ann\u00e9es 1970.<br \/>\n<\/span><\/p>\n<p style=\"margin-left: 28pt;\"><span style=\"color: #c00000; font-family: Arial;\">Ainsi, malgr\u00e9 les changements de majorit\u00e9 politique et aveugl\u00e9s par la pens\u00e9e n\u00e9olib\u00e9rale, c&rsquo;est \u00e0 une entreprise de d\u00e9molition syst\u00e9matique \u00e0 laquelle tous et toutes se seraient livr\u00e9s. Une fois ce constat pos\u00e9 et les boucs \u00e9missaires identifi\u00e9s, il ne reste plus qu&rsquo;\u00e0 \u00e9noncer la solution : reconstruire un syst\u00e8me de sant\u00e9 \u00abcass\u00e9\u00bb et \u00abd\u00e9mantel\u00e9\u00bb en faisant, enfin, de la sant\u00e9 une priorit\u00e9, c&rsquo;est-\u00e0-dire en y affectant, enfin, des moyens cons\u00e9quents. Convenue et rassurante, attendue et souvent efficace, facile et accessible, cette solution est bienvenue. C&rsquo;est que son caract\u00e8re familier poss\u00e8de une vertu consid\u00e9rable : pr\u00e9sente bien avant le probl\u00e8me, elle \u00e9vite de l&rsquo;identifier avec pr\u00e9cision.<br \/>\n<\/span><\/p>\n<p style=\"margin-left: 28pt;\"><span style=\"color: #c00000; font-family: Arial;\">Certes, la France a connu sa tentation lib\u00e9rale. Par exemple, l&rsquo;insistance mise \u00e0 \u00e9voquer le concept trompeur de \u00abl&rsquo;h\u00f4pital-entreprise\u00bb aurait pu jouer un sale tour \u00e0 l&rsquo;h\u00f4pital public. En effet, c&rsquo;est au nom de ce leurre que la tarification \u00e0 l&rsquo;activit\u00e9 (la fameuse T2A, ersatz de tarification \u00e0 l&rsquo;acte) a failli devenir le seul mode de financement de l&rsquo;h\u00f4pital. Mais suite, notamment, \u00e0 un rapport de l&rsquo;actuel ministre, Olivier V\u00e9ran, et via le plan \u00abMa sant\u00e9 2022\u00bb, port\u00e9 par la ministre pr\u00e9c\u00e9dente, la T2A \u00e9tait sur le point d&rsquo;\u00eatre fortement limit\u00e9e. De fait, ces retournements de modalit\u00e9s de financement, ces palinodies de \u00abmodes\u00bb de gouvernances, l&rsquo;h\u00f4pital en a connu et en conna\u00eetra encore. Car le malaise des professionnels de sant\u00e9 est un des traits structurels, \u00e0 vrai dire, un levier de la n\u00e9gociation-confrontation entre l&rsquo;Etat et l&rsquo;ensemble des protagonistes du secteur.<br \/>\n<\/span><\/p>\n<p style=\"margin-left: 28pt;\"><span style=\"color: #c00000; font-family: Arial;\">Car, oui, l&rsquo;h\u00f4pital et ses personnels manquent de moyens comme tout le syst\u00e8me de sant\u00e9 et m\u00e9dico-social ; car oui, il faudra augmenter ces moyens et les citoyens, \u00e9clair\u00e9s, qui seront sur ce point plus vigilants qu&rsquo;avant la pand\u00e9mie. Mais le niveau actuel des ressources n&rsquo;est pas le r\u00e9sultat d&rsquo;un rationnement, volontaire et orchestr\u00e9, pour la bonne raison que cette politique n&rsquo;a jamais exist\u00e9, du moins en France. Ainsi, par exemple, depuis les ann\u00e9es 1980, la part du PIB consacr\u00e9 \u00e0 la sant\u00e9 n&rsquo;a cess\u00e9 d&rsquo;augmenter et le reste \u00e0 charge moyen des malades contenu \u00e0 moins de 10%. De m\u00eame, l&#8217;emploi sanitaire s&rsquo;est r\u00e9guli\u00e8rement accru pour avoisiner les deux millions de professionnels dont la formation est devenue l&rsquo;une des meilleures du monde. Quant aux nombreuses r\u00e9formes institutionnelles, elles ont toutes ont eu pour objet de rationaliser l&rsquo;offre sans la rationner : cr\u00e9ation des Agences r\u00e9gionales de sant\u00e9, extension du champ de la Haute Autorit\u00e9 de sant\u00e9, encouragement des gouvernances territoriales, incitation \u00e0 la coop\u00e9ration entre professionnels et la recherche d&rsquo;une meilleure localisation des ressources. Il va sans dire que les crit\u00e8res et les attendus de cette rationalisation (par exemple privil\u00e9gier les malades chroniques et graves, favoriser la \u00abm\u00e9decine par les preuves\u00bb ou bien encore, encourager les soins individualis\u00e9s au d\u00e9triment de la sant\u00e9 publique) peuvent \u00eatre discut\u00e9s et ils le sont.<br \/>\n<\/span><\/p>\n<p style=\"margin-left: 28pt;\"><span style=\"color: #c00000; font-family: Arial;\">Mais alors que se passe-t-il puisque le malaise est bien pr\u00e9sent et que les revendications sont \u00e0 la fois nombreuses, quasi unanimes et, pour la plupart, justifi\u00e9es autant que l\u00e9gitimes ? Esquissons une r\u00e9ponse, ou plut\u00f4t, mettons en d\u00e9bat une tentative d&rsquo;explication. <strong>En sant\u00e9, comme en \u00e9ducation, les besoins sont infinis.<\/strong> S&rsquo;il en \u00e9tait besoin en atteste le vieillissement de la population d\u00fb, pour partie, aux succ\u00e8s de la m\u00e9decine, l&rsquo;augmentation des maladies chroniques, la qualit\u00e9 croissante (technique et humaine) des prises en charge de plus en plus souvent au domicile, la demande d&rsquo;\u00e9galit\u00e9 d&rsquo;acc\u00e8s aux soins et \u00e0 un accompagnement social, etc. Dans cette configuration, accro\u00eetre l&rsquo;offre revient \u00e0 r\u00e9v\u00e9ler des demandes correspondant \u00e0 un besoin r\u00e9el mais non encore satisfait.<br \/>\n<\/span><\/p>\n<p style=\"margin-left: 28pt;\"><span style=\"color: #c00000; font-family: Arial;\">Cette course entre besoins, demandes et offre est donc perdue d&rsquo;avance. Pourtant, si elle est sans fin, elle n&rsquo;est pas sans finalit\u00e9. En effet, c&rsquo;est elle qui pousse les chercheurs \u00e0 trouver, les professionnels \u00e0 innover, les politiques \u00e0 r\u00e9former, les citoyens \u00e0 r\u00e9clamer. Mais cette course n&rsquo;a pas de ligne d&rsquo;arriv\u00e9e. Comme l&rsquo;horizon le but (satisfaire les besoins) recule alors qu&rsquo;on croit s&rsquo;en approcher.<br \/>\n<\/span><\/p>\n<p style=\"margin-left: 28pt;\"><span style=\"color: #c00000; font-family: Arial;\">C&rsquo;est pourquoi, affronter les crises sanitaires, actuelles et \u00e0 venir, consiste d&rsquo;abord \u00e0 admettre que ce d\u00e9calage irr\u00e9ductible entre ressources et besoins est constitutif de l&rsquo;action publique en sant\u00e9. Mais admettre n&rsquo;est pas renoncer. C&rsquo;est la premi\u00e8re \u00e9tape d&rsquo;un travail de d\u00e9voilement qui doit nous conduire \u00e0 r\u00e9fl\u00e9chir d\u00e9mocratiquement, aux moyens d&rsquo;utiliser au mieux les ressources disponibles quels que soient leurs niveaux. Loin des r\u00e8glements de comptes dont on pressent ces jours-ci, les signes avant-coureurs, cette approche devra orienter le bilan qui sera fait de l&rsquo;action des uns et de l&rsquo;inaction des autres. Citoyens compris. Car la pand\u00e9mie nous aura rappel\u00e9 que remplir nos devoirs citoyens est le meilleur moyen de d\u00e9fendre notre droit \u00e0 la sant\u00e9.\u00a0\u00bb<br \/>\n<\/span><\/p>\n<p><span style=\"color: #777777; font-family: Arial;\">Cet article ne dit pas qu&rsquo;il n&rsquo;y a pas eu des erreurs notamment la tarification \u00e0 l&rsquo;activit\u00e9, mais il nie que le probl\u00e8me soit simple \u00e0 r\u00e9soudre, simple comme on entend tant de voix l&rsquo;exprimer.<br \/>\n<\/span><\/p>\n<p><span style=\"color: #777777; font-family: Arial;\">J&rsquo;ai fait quelques recherches. J&rsquo;aurais aim\u00e9 trouver des chiffres plus explicites et plus parlants, le temps m&rsquo;a manqu\u00e9. Mais si quelqu&rsquo;un peut apporter ces \u00e9l\u00e9ments je suis preneur.<br \/>\n<\/span><\/p>\n<p><span style=\"color: #777777; font-family: Arial;\">J&rsquo;ai toutefois trouv\u00e9 sur le site de l&rsquo;INSEE <a href=\"https:\/\/www.insee.fr\/fr\/statistiques\/3676713?sommaire=3696937\"><span style=\"color: #0000ff;\">&lt;ICI&gt;<\/span><\/a> l&rsquo;information suivante\u00a0:<br \/>\n<\/span><\/p>\n<ul>\n<li><span style=\"color: #777777; font-family: Arial;\">En 2006, les soins hospitaliers de l&rsquo;h\u00f4pital public s&rsquo;\u00e9levaient \u00e0 54,4 milliards d&rsquo;euros.<br \/>\n<\/span><\/li>\n<li><span style=\"color: #777777; font-family: Arial;\">En 2017, cette m\u00eame rubrique \u00e9tait de 71,5 milliards d&rsquo;euros<br \/>\n<\/span><\/li>\n<\/ul>\n<p><span style=\"color: #777777; font-family: Arial;\">Il s&rsquo;agit donc d&rsquo;une \u00e9volution de <strong>31,4%.<br \/>\n<\/strong><\/span><\/p>\n<p><span style=\"color: #777777; font-family: Arial;\">Pendant ce temps que s&rsquo;est t&rsquo;il pass\u00e9 au niveau du PIB\u00a0?<br \/>\n<\/span><\/p>\n<p><span style=\"color: #777777; font-family: Arial;\">Souvent le PIB n&rsquo;est pas pertinent, mais ici nous avons une question d&rsquo;argent\u00a0: on ne donne pas assez d&rsquo;argent \u00e0 l&rsquo;h\u00f4pital\u00a0! C&rsquo;est peut-\u00eatre vrai, mais on semble dire qu&rsquo;on utilise l&rsquo;argent \u00e0 autre chose.<br \/>\n<\/span><\/p>\n<p><span style=\"color: #777777; font-family: Arial;\">Sur &lt;<span style=\"color: #0000ff;\"><a style=\"color: #0000ff;\" href=\"https:\/\/fr.statista.com\/statistiques\/479446\/evolution-annuelle-du-pib-en-volume-france\/\">ce site<\/a><\/span>&gt; vous d\u00e9couvrez l&rsquo;\u00e9volution du PIB entre 2000 et 2018. Je suis parti en 2007 avec un PIB de valeur 100, en appliquant les hausses et la baisse d&rsquo;une ann\u00e9e apr\u00e8s la crise de 2008, on arrive \u00e0 un PIB en 2017 de 110,7.<br \/>\n<\/span><\/p>\n<p><span style=\"color: #777777; font-family: Arial;\">Alors que les soins de l&rsquo;h\u00f4pital public augmentait de de 31,4%, la richesse du pays a augment\u00e9 parall\u00e8lement de 10,7% soit 3 fois moins.<br \/>\n<\/span><\/p>\n<p><span style=\"color: #777777; font-family: Arial;\">Philippe Meyer et ses co\u00e9quipiers ont invit\u00e9 l&rsquo;ancienne Ministre de la Sant\u00e9 Roselyne Bachelot pour r\u00e9fl\u00e9chir sur ces sujets\u00a0: &lt;<a href=\"https:\/\/www.lenouvelespritpublic.fr\/badas\/88\"><span style=\"color: #0000ff;\">Th\u00e9matique H\u00f4pital Public et Pand\u00e9mie<\/span><\/a>&gt;. Ils n&rsquo;ont pas de solution toute faite, mais ils expliquent tr\u00e8s justement que l&rsquo;augmentation du budget ne suffit pas et surtout constitue un puits sans fond parce que les besoins tendent vers l&rsquo;infini.<br \/>\n<\/span><\/p>\n<p><span style=\"color: #777777; font-family: Arial;\">Notre population vieillit et exprime le besoin de plus en plus de soins. Les m\u00e9dicaments et les \u00e9quipements sont de plus en plus on\u00e9reux.<br \/>\n<\/span><\/p>\n<p><span style=\"color: #777777; font-family: Arial;\">Alors, il y a des questions int\u00e9ressantes comme celle de l&rsquo;arbitrage entre ce que nous acceptons de mutualiser donc de niveau de cotisation et ce que nous voulons individualiser donc le pouvoir d&rsquo;achat. Je trouve que ce d\u00e9bat est trop souvent tronqu\u00e9 par le seul crit\u00e8re de la diminution des cotisations pour am\u00e9liorer la comp\u00e9titivit\u00e9 des entreprises ou augmenter le pouvoir sans que jamais ce probl\u00e8me de fond : qu&rsquo;est-ce que nous acceptons de mutualiser soit au centre des d\u00e9bats !<br \/>\n<\/span><\/p>\n<p><span style=\"color: #777777; font-family: Arial;\">Et ce sujet ne peut pas se r\u00e9soudre uniquement par la pirouette\u00a0: les riches paieront\u00a0!<br \/>\n<\/span><\/p>\n<p><span style=\"color: #777777; font-family: Arial;\">Accepter de mutualiser davantage cela peut vouloir dire accepter de pr\u00e9lever davantage les actifs et les retrait\u00e9s pour un meilleur service de l&rsquo;h\u00f4pital. De toute fa\u00e7on si les d\u00e9penses augmentent plus vite que la richesse nationale, il n&rsquo;y a pas de recette miracle, il faut diminuer certaines autres d\u00e9penses pour compenser.<br \/>\n<\/span><\/p>\n<p><span style=\"color: #777777; font-family: Arial;\">Mais ce que veut surtout soulever ce mot du jour c&rsquo;est qu&rsquo;il faut trouver d&rsquo;autres solutions que simplement une augmentation de budget disproportionn\u00e9e par rapport \u00e0 la croissance.<br \/>\n<\/span><\/p>\n<p><span style=\"color: #777777; font-family: Arial;\">Sinon, que ferons-nous quand 100% du PIB sera consacr\u00e9 \u00e0 la sant\u00e9 et que le besoin augmentera encore ?<br \/>\n<\/span><\/p>\n<p><span style=\"color: #c00000; font-family: Arial;\">&lt;1392&gt;<\/span><\/p>\n","protected":false},"excerpt":{"rendered":"<p>\u00ab\u00a0En sant\u00e9, comme en \u00e9ducation, les besoins sont infinis.\u00a0\u00bb Philippe Moss\u00e9 et Corinne Grenier M\u00e9fions-nous des explications simples. J&rsquo;\u00e9coute beaucoup d&rsquo;intervenants qui racontent tous la m\u00eame histoire. L&rsquo;h\u00f4pital a \u00e9t\u00e9 d\u00e9laiss\u00e9 par d&rsquo;odieux gouvernants qui ont toujours cherch\u00e9 constamment \u00e0<\/p>\n","protected":false},"author":1,"featured_media":0,"comment_status":"open","ping_status":"closed","sticky":false,"template":"","format":"standard","meta":{"footnotes":""},"categories":[1],"tags":[10,15,126,13],"class_list":["post-8510","post","type-post","status-publish","format-standard","hentry","category-motdujour","tag-economie","tag-france","tag-pandemie","tag-sante"],"_links":{"self":[{"href":"https:\/\/lemotdujour.fr\/index.php?rest_route=\/wp\/v2\/posts\/8510","targetHints":{"allow":["GET"]}}],"collection":[{"href":"https:\/\/lemotdujour.fr\/index.php?rest_route=\/wp\/v2\/posts"}],"about":[{"href":"https:\/\/lemotdujour.fr\/index.php?rest_route=\/wp\/v2\/types\/post"}],"author":[{"embeddable":true,"href":"https:\/\/lemotdujour.fr\/index.php?rest_route=\/wp\/v2\/users\/1"}],"replies":[{"embeddable":true,"href":"https:\/\/lemotdujour.fr\/index.php?rest_route=%2Fwp%2Fv2%2Fcomments&post=8510"}],"version-history":[{"count":5,"href":"https:\/\/lemotdujour.fr\/index.php?rest_route=\/wp\/v2\/posts\/8510\/revisions"}],"predecessor-version":[{"id":8515,"href":"https:\/\/lemotdujour.fr\/index.php?rest_route=\/wp\/v2\/posts\/8510\/revisions\/8515"}],"wp:attachment":[{"href":"https:\/\/lemotdujour.fr\/index.php?rest_route=%2Fwp%2Fv2%2Fmedia&parent=8510"}],"wp:term":[{"taxonomy":"category","embeddable":true,"href":"https:\/\/lemotdujour.fr\/index.php?rest_route=%2Fwp%2Fv2%2Fcategories&post=8510"},{"taxonomy":"post_tag","embeddable":true,"href":"https:\/\/lemotdujour.fr\/index.php?rest_route=%2Fwp%2Fv2%2Ftags&post=8510"}],"curies":[{"name":"wp","href":"https:\/\/api.w.org\/{rel}","templated":true}]}}