{"id":8507,"date":"2020-04-08T06:27:38","date_gmt":"2020-04-08T04:27:38","guid":{"rendered":"http:\/\/lemotdujour.fr\/?p=8507"},"modified":"2020-04-07T19:41:30","modified_gmt":"2020-04-07T17:41:30","slug":"mercredi-8-avril-2020","status":"publish","type":"post","link":"https:\/\/lemotdujour.fr\/?p=8507","title":{"rendered":"Mercredi 8 avril 2020"},"content":{"rendered":"<div class=\"mdjTexte\">\u00ab\u00a0La crise du coronavirus signale l\u2019acc\u00e9l\u00e9ration d\u2019un nouveau capitalisme, le capitalisme num\u00e9rique\u00a0\u00bb<\/div>\n<div class=\"mdjAuteur\">Daniel Cohen<\/div>\n<p><span style=\"color: #777777; font-family: Arial;\">Parmi les \u00e9conomistes que j&rsquo;aime lire et auquel j&rsquo;aime me r\u00e9f\u00e9rer, Daniel Cohen occupe une place de premier plan, surtout depuis la mort tragique de Bernard Maris.<br \/>\n<\/span><\/p>\n<p><img decoding=\"async\" class=\"alignleft\" src=\"https:\/\/lemotdujour.fr\/wp-content\/uploads\/2020\/04\/040720_1727_Mercredi8av1.jpg\" alt=\"\" align=\"left\" \/><span style=\"color: #777777; font-family: Arial;\">J&rsquo;ai donc lu avec beaucoup d&rsquo;int\u00e9r\u00eat l'&lt;<\/span><span style=\"font-family: Arial;\"><a href=\"https:\/\/www.lemonde.fr\/idees\/article\/2020\/04\/02\/daniel-cohen-la-crise-du-coronavirus-signale-l-acceleration-d-un-nouveau-capitalisme-le-capitalisme-numerique_6035238_3232.html\"><span style=\"color: #0000ff;\">Article<\/span><\/a><\/span><span style=\"color: #777777; font-family: Arial;\">&gt; du Monde du 02 avril 2020 qui lui donne la parole sur l&rsquo;analyse de la crise pand\u00e9mique actuelle.<br \/>\n<\/span><\/p>\n<p><span style=\"color: #777777; font-family: Arial;\">Une de ses premi\u00e8res r\u00e9flexions est le constat de la centralit\u00e9 de la Chine dans la mondialisation d&rsquo;aujourd&rsquo;hui. Enorm\u00e9ment d&rsquo;\u00e9l\u00e9ments de la cha\u00eene de valeur qui se trouvent dans les objets que nous utilisons et consommons viennent de Chine, mais aussi les principes actifs des m\u00e9dicaments, les masques dont nous avons besoin viennent de Chine.<br \/>\n<\/span><\/p>\n<p><span style=\"color: #777777; font-family: Arial;\">Et, ironie du sort le virus qui nous perturbe vient aussi de Chine.<br \/>\n<\/span><\/p>\n<p style=\"margin-left: 28pt;\"><span style=\"color: #c00000; font-family: Arial;\">\u00ab\u00a0Ce \u00ab virus chinois \u00bb, comme l&rsquo;appelle le pr\u00e9sident am\u00e9ricain Donald Trump, a permis de mesurer l&rsquo;extraordinaire d\u00e9pendance o\u00f9 se trouvent un tr\u00e8s grand nombre de secteurs industriels \u00e0 l&rsquo;\u00e9gard de la Chine.<br \/>\n<\/span><\/p>\n<p style=\"margin-left: 28pt;\"><span style=\"color: #c00000; font-family: Arial;\">La pand\u00e9mie pourrait bien clore \u00e0 cet \u00e9gard un cycle \u00e9conomique qui a commenc\u00e9 avec les r\u00e9formes de Deng Xiaoping en Chine au d\u00e9but des ann\u00e9es 1980 et la chute du mur de Berlin, en 1989. L&rsquo;onde de choc de cette mondialisation s&rsquo;\u00e9puise. La guerre commerciale lanc\u00e9e par Donald Trump a d&rsquo;ailleurs convaincu les Chinois eux-m\u00eames qu&rsquo;ils devaient r\u00e9duire leur d\u00e9pendance \u00e0 l&rsquo;\u00e9gard des Etats-Unis.\u00a0\u00bb<br \/>\n<\/span><\/p>\n<p><span style=\"color: #777777; font-family: Arial;\">Il rappelle aussi que cette crise n&rsquo;est pas une crise financi\u00e8re mais une crise de l&rsquo;\u00e9conomie r\u00e9elle. Et en premier c&rsquo;est une crise de l&rsquo;offre, la machine de production s&rsquo;est arr\u00eat\u00e9e, en raison du confinement, cette m\u00e9thode ancienne pour lutter contre les \u00e9pid\u00e9mies. Si cet arr\u00eat de la production conduit \u00e0 de nombreuses faillites, il y aura un ch\u00f4mage de masse qui aura alors un impact majeur sur la demande.<br \/>\n<\/span><\/p>\n<p><span style=\"color: #777777; font-family: Arial;\">Mais dans un premier temps il s&rsquo;agit d&rsquo;une crise de l&rsquo;\u00e9conomie r\u00e9elle et d&rsquo;une crise de l&rsquo;offre. Pour mesurer l&rsquo;ampleur du probl\u00e8me il faudra conna\u00eetre la dur\u00e9e de l&rsquo;arr\u00eat donc du confinement.<br \/>\n<\/span><\/p>\n<p style=\"margin-left: 28pt;\"><span style=\"color: #c00000; font-family: Arial;\">\u00ab\u00a0La crise \u00e9conomique actuelle est en r\u00e9alit\u00e9 profond\u00e9ment diff\u00e9rente de celles de 2008 ou de 1929. Elle est d&#8217;embl\u00e9e une crise de l&rsquo;\u00e9conomie r\u00e9elle. L&rsquo;enjeu n&rsquo;est pas, comme hier, de chercher \u00e0 la soutenir par des mesures d&rsquo;offre ou de demande. Ce qu&rsquo;on attend de l&rsquo;Etat est, paradoxalement, qu&rsquo;il veille \u00e0 ce que bon nombre d&rsquo;entreprises ferment leurs portes. Du fait des mesures de confinement, il faut que le produit int\u00e9rieur brut (PIB) baisse ! Le r\u00f4le majeur des politiques publiques, \u00e0 ce stade, n&rsquo;est pas de relancer l&rsquo;\u00e9conomie, mais de s&rsquo;assurer qu&rsquo;elle reste dans un \u00e9tat d&rsquo;hibernation satisfaisant, qui lui permette de repartir rapidement ensuite. Ce ne sont pas des mesures d&rsquo;ordre macro\u00e9conomique qu&rsquo;on lui demande, mais des mesures micro\u00e9conomiques.<br \/>\n<\/span><\/p>\n<p style=\"margin-left: 28pt;\"><span style=\"color: #c00000; font-family: Arial;\">Il ne s&rsquo;agit pas non plus de mesures de soutien \u00e0 la demande \u2013 elles ne seront n\u00e9cessaires que quand la pand\u00e9mie sera termin\u00e9e, car que peuvent acheter des consommateurs confin\u00e9s \u00e0 des entreprises \u00e0 l&rsquo;arr\u00eat ? Des mesures d&rsquo;offre sont n\u00e9cessaires, mais dans les secteurs-cl\u00e9s dans la r\u00e9solution de la crise sanitaire, qu&rsquo;il s&rsquo;agisse du fonctionnement des h\u00f4pitaux et de la m\u00e9decine de ville, des entreprises produisant masques, tests, appareils respiratoires\u2026<br \/>\n<\/span><\/p>\n<p style=\"margin-left: 28pt;\"><span style=\"color: #c00000; font-family: Arial;\">Pour le reste de l&rsquo;\u00e9conomie, on attend surtout de l&rsquo;Etat des mesures de soutien \u00e0 chaque entreprise, \u00e0 chaque individu en perte d&rsquo;activit\u00e9. Ce n&rsquo;est pas du cr\u00e9dit qu&rsquo;il faut distribuer, mais du soutien budg\u00e9taire direct qui soulage la tr\u00e9sorerie des entreprises, le revenu des m\u00e9nages. A cet \u00e9gard, le principe est simple, le d\u00e9ficit doit \u00eatre tout simplement \u00e9gal \u00e0 la perte d&rsquo;activit\u00e9 due \u00e0 la pand\u00e9mie. Si l&rsquo;on suit les statistiques produites par l&rsquo;Insee, chaque mois de confinement pourrait co\u00fbter 3 points de croissance sur l&rsquo;ann\u00e9e. C&rsquo;est aussi id\u00e9alement le chiffre du d\u00e9ficit public pour accompagner la crise. Si la crise dure deux mois, ce serait le double\u2026\u00a0\u00bb<br \/>\n<\/span><\/p>\n<p><span style=\"color: #777777; font-family: Arial;\">Harari avait expliqu\u00e9 que le risque \u00e9tait fort que nous acceptions une soci\u00e9t\u00e9 de surveillance, pour am\u00e9liorer notre sant\u00e9. Le gouvernement envisage, comme l&rsquo;on fait les pays d&rsquo;Asie de suivre les citoyens pour mesurer les d\u00e9placements des citoyens afin de pouvoir d&rsquo;une part analyser la diffusion du virus et d&rsquo;autre part v\u00e9rifier le respect du confinement. Pourrons-nous dire non, si la sant\u00e9 d&rsquo;un grand nombre en d\u00e9pend\u00a0?<br \/>\n<\/span><\/p>\n<p><span style=\"color: #777777; font-family: Arial;\">Daniel Cohen nous indique une autre raison de passer dans une soci\u00e9t\u00e9 de surveillance, celle de pouvoir affecter au mieux les aides financi\u00e8res dont l&rsquo;\u00e9conomie aura besoin pour ne pas s&rsquo;effondrer. La m\u00eame question se posera, sera-t-il raisonnable de refuser cette \u00e9volution\u00a0?<br \/>\n<\/span><\/p>\n<p style=\"margin-left: 28pt;\"><span style=\"color: #c00000; font-family: Arial;\">\u00ab\u00a0Un Etat moderne, un Etat du XXIe si\u00e8cle, devrait avoir la capacit\u00e9 de faire du sur-mesure, de la micro\u00e9conomie \u00ab chirurgicale \u00bb, en ciblant les aides entreprise par entreprise, individu par individu. Nous avons maintenant les outils pour cela, comme le pr\u00e9l\u00e8vement \u00e0 la source, les d\u00e9clarations de TVA et de charges sociales des entreprises, qui permettent de fl\u00e9cher les aides vers ceux qui subissent la crise le plus violemment.<br \/>\n<\/span><\/p>\n<p style=\"margin-left: 28pt;\"><span style=\"color: #c00000; font-family: Arial;\">La contrepartie de cette possibilit\u00e9 est, bien s\u00fbr, le risque d&rsquo;une surveillance g\u00e9n\u00e9ralis\u00e9e, car nous allons nous apercevoir que l&rsquo;Etat a acquis les m\u00eames capacit\u00e9s de communiquer \u2013 et de surveiller \u2013 tout le corps social, \u00e0 l&rsquo;\u00e9gal des GAFA [Google, Apple, Facebook, Amazon].\u00a0\u00bb<br \/>\n<\/span><\/p>\n<p><span style=\"color: #777777; font-family: Arial;\">C&rsquo;est une question abyssale, je ne sais pas quelle est la bonne r\u00e9ponse.<br \/>\n<\/span><\/p>\n<p><span style=\"color: #777777; font-family: Arial;\">Quand le journaliste, Antoine Reverchon, lui pose la question\u00a0: \u00ab\u00a0Cette crise signale-t-elle la fin du capitalisme n\u00e9olib\u00e9ral mondialis\u00e9 ?\u00a0\u00bb, il r\u00e9pond\u00a0:<br \/>\n<\/span><\/p>\n<p style=\"margin-left: 28pt;\"><span style=\"color: #c00000; font-family: Arial;\">\u00ab\u00a0C&rsquo;est certainement la fin, ou le d\u00e9but du recul du capitalisme mondialis\u00e9 tel qu&rsquo;on l&rsquo;a connu depuis quarante ans, c&rsquo;est-\u00e0-dire \u00e0 la recherche incessante de bas co\u00fbts en produisant toujours plus loin.<br \/>\n<\/span><\/p>\n<p style=\"margin-left: 28pt;\"><span style=\"color: #c00000; font-family: Arial;\">Mais elle signale <strong>aussi l&rsquo;acc\u00e9l\u00e9ration d&rsquo;un nouveau capitalisme, le capitalisme num\u00e9rique<\/strong>\u2026<br \/>\n<\/span><\/p>\n<p style=\"margin-left: 28pt;\"><span style=\"color: #c00000; font-family: Arial;\">Pour en saisir <strong>la port\u00e9e et les menaces nouvelles<\/strong> que rec\u00e8le ce capitalisme num\u00e9rique, il faut revenir en arri\u00e8re, au temps o\u00f9 l&rsquo;on pensait que la d\u00e9sindustrialisation allait conduire, dans les pays d\u00e9velopp\u00e9s, \u00e0 une soci\u00e9t\u00e9 de services. L&rsquo;id\u00e9e, th\u00e9oris\u00e9e notamment par l&rsquo;\u00e9conomiste fran\u00e7ais Jean Fourasti\u00e9 [1907-1990], \u00e9tait que les humains travailleraient non plus la terre ou la mati\u00e8re, mais l&rsquo;humain lui-m\u00eame : prendre soin, \u00e9duquer, former, distraire autrui, serait le c\u0153ur d&rsquo;une \u00e9conomie enfin humanis\u00e9e.<br \/>\n<\/span><\/p>\n<p style=\"margin-left: 28pt;\"><span style=\"color: #c00000; font-family: Arial;\">Ce r\u00eave postindustriel \u00e9tait lib\u00e9rateur, \u00e9panouissant\u2026 Mais comme le souligne Fourasti\u00e9, <strong>il n&rsquo;\u00e9tait plus synonyme de croissance<\/strong>\u2026<br \/>\n<\/span><\/p>\n<p style=\"margin-left: 28pt;\"><span style=\"color: #c00000; font-family: Arial;\">Si la valeur du bien est le temps que je passe \u00e0 m&rsquo;occuper d&rsquo;autrui, cela veut dire aussi que l&rsquo;\u00e9conomie ne peut plus cro\u00eetre, sauf \u00e0 accro\u00eetre ind\u00e9finiment le temps de travail.<br \/>\n<\/span><\/p>\n<p style=\"margin-left: 28pt;\"><span style=\"color: #c00000; font-family: Arial;\">Le capitalisme a trouv\u00e9 une parade \u00e0 ce \u00ab probl\u00e8me \u00bb, celle de la num\u00e9risation \u00e0 outrance.<br \/>\n<\/span><\/p>\n<p style=\"margin-left: 28pt;\"><span style=\"color: #c00000; font-family: Arial;\">Si l&rsquo;\u00eatre que je suis peut \u00eatre transform\u00e9 en un ensemble d&rsquo;informations, de donn\u00e9es qui peuvent \u00eatre g\u00e9r\u00e9es \u00e0 distance plut\u00f4t qu&rsquo;en face-\u00e0-face, alors je peux \u00eatre soign\u00e9, \u00e9duqu\u00e9, diverti sans avoir besoin de sortir de chez moi\u2026<br \/>\n<\/span><\/p>\n<p style=\"margin-left: 28pt;\"><span style=\"color: #c00000; font-family: Arial;\">Je vois des films sur Netflix plut\u00f4t que d&rsquo;aller en salle, je suis soign\u00e9 sans aller \u00e0 l&rsquo;h\u00f4pital\u2026<br \/>\n<\/span><\/p>\n<p style=\"margin-left: 28pt;\"><span style=\"color: #c00000; font-family: Arial;\">La num\u00e9risation de tout ce qui peut l&rsquo;\u00eatre est le moyen pour le capitalisme du XXIe si\u00e8cle d&rsquo;obtenir de nouvelles baisses de co\u00fbt\u2026<br \/>\n<\/span><\/p>\n<p style=\"margin-left: 28pt;\"><span style=\"color: #c00000; font-family: Arial;\">Le confinement g\u00e9n\u00e9ral dont nous faisons l&rsquo;objet \u00e0 pr\u00e9sent utilise massivement ces techniques : le t\u00e9l\u00e9travail, l&rsquo;enseignement \u00e0 distance, la t\u00e9l\u00e9m\u00e9decine\u2026<br \/>\n<\/span><\/p>\n<p style=\"margin-left: 28pt;\"><span style=\"color: #c00000; font-family: Arial;\">Cette crise sanitaire appara\u00eetra peut-\u00eatre, r\u00e9trospectivement, comme un moment d&rsquo;acc\u00e9l\u00e9ration de cette virtualisation du monde. Comme le point d&rsquo;inflexion du passage du capitalisme industriel au capitalisme num\u00e9rique, et de son corollaire, l&rsquo;effondrement des promesses humanistes de la soci\u00e9t\u00e9 postindustrielle.\u00a0\u00bb<br \/>\n<\/span><\/p>\n<p><span style=\"color: #777777; font-family: Arial;\">Cette partie de l&rsquo;article m&rsquo;interpelle encore plus.<br \/>\n<\/span><\/p>\n<p><span style=\"color: #777777; font-family: Arial;\">Les soci\u00e9t\u00e9s num\u00e9riques comme NETFLIX et AMAZON vont sortir renforc\u00e9s et plus riches de cette crise sanitaire.<br \/>\n<\/span><\/p>\n<p><span style=\"color: #777777; font-family: Arial;\">Beaucoup vont voir dans le recours au t\u00e9l\u00e9travail massif une solution commode pour \u00e9viter que les salari\u00e9s perdent du temps dans les transports et \u00e9conomiser aussi des surfaces de bureau dans des m\u00e9tropoles o\u00f9 le foncier et de plus en plus cher. Ce recours massif conduit \u00e0 un risque de d\u00e9shumanisation du travail.<br \/>\n<\/span><\/p>\n<p><span style=\"color: #777777; font-family: Arial;\">Un article de l&rsquo;OBS pose cette probl\u00e9matique\u00a0: \u00ab\u00a0<span style=\"color: #0000ff;\"><a style=\"color: #0000ff;\" href=\"https:\/\/www.nouvelobs.com\/idees\/20200319.OBS26309\/espererons-que-cette-crise-sera-l-occasion-de-revaloriser-les-petites-mains-du-capitalisme.html\">Le t\u00e9l\u00e9travail est n\u00e9cessaire, mais attention : il implique une d\u00e9shumanisation\u00a0<\/a><\/span>\u00bb<br \/>\n<\/span><\/p>\n<p><span style=\"color: #777777; font-family: Arial;\">L&rsquo;OBS explique ainsi que<br \/>\n<\/span><\/p>\n<p style=\"margin-left: 28pt;\"><span style=\"color: #c00000; font-family: Arial;\">\u00ab\u00a0 On peut imaginer l&rsquo;approfondissement d&rsquo;au moins deux tendances actuelles du capitalisme.<br \/>\nLa premi\u00e8re est l&rsquo;accroissement de l&rsquo;auto-discipline : avec le t\u00e9l\u00e9travail, le contr\u00f4le n&rsquo;est pas exerc\u00e9 directement par un chef qui surveille mais par soi-m\u00eame, par int\u00e9riorisation des normes, des objectifs, des r\u00e9sultats, par responsabilit\u00e9 individuelle. Des travaux ont montr\u00e9 que cette \u00e9volution n&rsquo;\u00e9tait pas sans lien avec l&rsquo;augmentation des malaises professionnels, voire des burn-out.<br \/>\n<\/span><\/p>\n<p style=\"margin-left: 28pt;\"><span style=\"color: #c00000; font-family: Arial;\">La seconde est l&rsquo;accroissement de \u00ab la production bureaucratique de l&rsquo;indiff\u00e9rence sociale \u00bb, c&rsquo;est-\u00e0-dire de la cr\u00e9ation de la distance dans le v\u00e9cu quotidien : ne plus \u00eatre en contact direct avec des patients, des clients, des \u00e9tudiants, des usagers de service public\u2026 c&rsquo;est aussi s&rsquo;\u00e9loigner, voire d\u00e9velopper un certain d\u00e9tachement par rapport \u00e0 ceux auxquels on s&rsquo;adresse. Sans compter que, comme toute technique, la num\u00e9risation n&#8217;emp\u00eache pas les in\u00e9galit\u00e9s mais en transforme les lieux de son expression : d\u00e9sormais les in\u00e9galit\u00e9s d&rsquo;acc\u00e8s \u00e0 Internet ou de ma\u00eetrise des outils techniques sont devenues fondamentales.<br \/>\n<\/span><\/p>\n<p style=\"margin-left: 28pt;\"><span style=\"color: #c00000; font-family: Arial;\">Tout ceci n&rsquo;est pas de la science-fiction : cela ne fait que deux jours que nous sommes en confinement, et j&rsquo;ai d\u00e9j\u00e0 re\u00e7u un email de ma banque qui vante les m\u00e9rites des contacts \u00e0 distance et des appli mobiles. Pour beaucoup d&rsquo;entreprises, cette crise peut \u00eatre une opportunit\u00e9 pour d\u00e9mat\u00e9rialiser davantage, remplacer des vendeurs par des plateformes t\u00e9l\u00e9phoniques, etc. Il ne faut pas oublier que le t\u00e9l\u00e9travail est une forme de d\u00e9shumanisation. J&rsquo;ai une ni\u00e8ce qui a d\u00fb subir une op\u00e9ration dont les cons\u00e9quences auraient pu \u00eatre graves. Quand elle s&rsquo;est pr\u00e9sent\u00e9e \u00e0 la clinique le jour dit, la premi\u00e8re personne qu&rsquo;elle a rencontr\u00e9e, c&rsquo;\u00e9tait au troisi\u00e8me \u00e9tage. Toutes les \u00e9tapes pr\u00e9c\u00e9dentes, dont l&rsquo;\u00ab accueil \u00bb (sic), \u00e9taient automatis\u00e9es, donc g\u00e9r\u00e9es ou \u00e9labor\u00e9es \u00e0 distance par le t\u00e9l\u00e9travail. Est-ce le monde dont nous voulons ?\u00a0\u00bb<br \/>\n<\/span><\/p>\n<p><span style=\"color: #777777; font-family: Arial;\">Et aussi l&rsquo;\u00e9ducation nationale pourrait avoir une \u00e9volution f\u00e2cheuse. Utiliser mieux et de mani\u00e8re plus intelligente les outils num\u00e9riques ne peut \u00eatre qu&rsquo;approuver. Mais n&rsquo;existe-t&rsquo;il pas la tentation d&rsquo;imaginer les \u00e9conomies budg\u00e9taires qu&rsquo;on pourrait obtenir en utilisant massivement les cours en lignes qui permettrait de se passer d&rsquo;un certain nombre de salles de classe et aussi d&rsquo;un certain nombre de professeurs, puisqu&rsquo;il faut un professeur devant une classe de 25 \u00e0 40 \u00e9l\u00e8ves, alors qu&rsquo;un cours en ligne pourrait s&rsquo;adresser \u00e0 un nombre plus consid\u00e9rable d&rsquo;\u00e9l\u00e8ves. Cette \u00e9volution porte en germe une accentuation encore des in\u00e9galit\u00e9s.<br \/>\n<\/span><\/p>\n<p><span style=\"color: #777777; font-family: Arial;\">Cette crise risque ainsi d&rsquo;amplifier et d&rsquo;acc\u00e9l\u00e9rer des \u00e9volutions dont nous pourrions craindre qu&rsquo;ils n&rsquo;aillent pas dans le sens souhait\u00e9 par Bruno Latour ou Ga\u00ebl Giraud.<br \/>\n<\/span><\/p>\n<p><span style=\"color: #c00000; font-family: Arial;\">&lt;1391&gt;<\/span><\/p>\n","protected":false},"excerpt":{"rendered":"<p>\u00ab\u00a0La crise du coronavirus signale l\u2019acc\u00e9l\u00e9ration d\u2019un nouveau capitalisme, le capitalisme num\u00e9rique\u00a0\u00bb Daniel Cohen Parmi les \u00e9conomistes que j&rsquo;aime lire et auquel j&rsquo;aime me r\u00e9f\u00e9rer, Daniel Cohen occupe une place de premier plan, surtout depuis la mort tragique de Bernard<\/p>\n","protected":false},"author":1,"featured_media":0,"comment_status":"open","ping_status":"closed","sticky":false,"template":"","format":"standard","meta":{"footnotes":""},"categories":[1],"tags":[10,32,126],"class_list":["post-8507","post","type-post","status-publish","format-standard","hentry","category-motdujour","tag-economie","tag-numerique","tag-pandemie"],"_links":{"self":[{"href":"https:\/\/lemotdujour.fr\/index.php?rest_route=\/wp\/v2\/posts\/8507","targetHints":{"allow":["GET"]}}],"collection":[{"href":"https:\/\/lemotdujour.fr\/index.php?rest_route=\/wp\/v2\/posts"}],"about":[{"href":"https:\/\/lemotdujour.fr\/index.php?rest_route=\/wp\/v2\/types\/post"}],"author":[{"embeddable":true,"href":"https:\/\/lemotdujour.fr\/index.php?rest_route=\/wp\/v2\/users\/1"}],"replies":[{"embeddable":true,"href":"https:\/\/lemotdujour.fr\/index.php?rest_route=%2Fwp%2Fv2%2Fcomments&post=8507"}],"version-history":[{"count":2,"href":"https:\/\/lemotdujour.fr\/index.php?rest_route=\/wp\/v2\/posts\/8507\/revisions"}],"predecessor-version":[{"id":8509,"href":"https:\/\/lemotdujour.fr\/index.php?rest_route=\/wp\/v2\/posts\/8507\/revisions\/8509"}],"wp:attachment":[{"href":"https:\/\/lemotdujour.fr\/index.php?rest_route=%2Fwp%2Fv2%2Fmedia&parent=8507"}],"wp:term":[{"taxonomy":"category","embeddable":true,"href":"https:\/\/lemotdujour.fr\/index.php?rest_route=%2Fwp%2Fv2%2Fcategories&post=8507"},{"taxonomy":"post_tag","embeddable":true,"href":"https:\/\/lemotdujour.fr\/index.php?rest_route=%2Fwp%2Fv2%2Ftags&post=8507"}],"curies":[{"name":"wp","href":"https:\/\/api.w.org\/{rel}","templated":true}]}}