{"id":8502,"date":"2020-04-07T01:25:00","date_gmt":"2020-04-06T23:25:00","guid":{"rendered":"http:\/\/lemotdujour.fr\/?p=8502"},"modified":"2020-04-06T19:33:17","modified_gmt":"2020-04-06T17:33:17","slug":"mardi-7-avril-2020","status":"publish","type":"post","link":"https:\/\/lemotdujour.fr\/?p=8502","title":{"rendered":"Mardi 7 avril 2020"},"content":{"rendered":"<div class=\"mdjTexte\">\u00ab\u00a0Avec cette pand\u00e9mie, la fragilit\u00e9 de notre syst\u00e8me nous explose \u00e0 la figure\u00a0\u00bb<\/div>\n<div class=\"mdjAuteur\">Ga\u00ebl Giraud<\/div>\n<p><span style=\"color: #777777; font-family: Arial;\">Ga\u00ebl Giraud est un \u00e9conomiste remarquable et singulier.<br \/>\n<\/span><\/p>\n<p><a href=\"https:\/\/commons.wikimedia.org\/wiki\/File:Ga%C3%ABl_Giraud,_2019_(cropped).png\"><img decoding=\"async\" class=\"alignleft\" src=\"https:\/\/lemotdujour.fr\/wp-content\/uploads\/2020\/04\/040620_1724_Mardi7avril1.png\" alt=\"\" align=\"left\" border=\"0\" \/><\/a><span style=\"color: #777777; font-family: Arial;\">C&rsquo;est d&rsquo;abord un esprit extraordinairement brillant, selon les crit\u00e8res fran\u00e7ais\u00a0:<br \/>\n<\/span><\/p>\n<p><span style=\"color: #777777; font-family: Arial;\">Apr\u00e8s \u00eatre pass\u00e9 par le lyc\u00e9e Henri IV (Paris), il int\u00e8gre la rue d&rsquo;Ulm\u00a0: l&rsquo;\u00c9cole Normale Sup\u00e9rieure. Ensuite comme \u00e9cole d&rsquo;application il choisit l&rsquo;\u00c9cole Nationale de la Statistique et de l&rsquo;Administration Economique (ENSAE). Puis \u00e0 la suite de deux ann\u00e9es de service civil au Tchad (1995-1997), il soutient sa th\u00e8se de doctorat en math\u00e9matiques appliqu\u00e9es (\u00e0 l&rsquo;\u00e9conomie) au Laboratoire d&rsquo;\u00e9conom\u00e9trie de l&rsquo;\u00c9cole Polytechnique et \u00e0 l&rsquo;Universit\u00e9 Paris-Panth\u00e9on-Sorbonne.<br \/>\n<\/span><\/p>\n<p><span style=\"color: #777777; font-family: Arial;\">Apr\u00e8s cela il aurait pu entrer dans une des grandes entreprises fran\u00e7aises pour gagner beaucoup d&rsquo;argent.<br \/>\n<\/span><\/p>\n<p><span style=\"color: #777777; font-family: Arial;\">Lui devint pr\u00eatre catholique et j\u00e9suite.<br \/>\n<\/span><\/p>\n<p><span style=\"color: #777777; font-family: Arial;\">C&rsquo;est un humaniste qui regarde notre soci\u00e9t\u00e9 avec recul, hauteur et intelligence du c\u0153ur.<br \/>\n<\/span><\/p>\n<p><span style=\"color: #777777; font-family: Arial;\">Deux mots du jour lui ont \u00e9t\u00e9 consacr\u00e9s, tous les deux en 2014, tous les deux consacr\u00e9s au monde bancaire.<br \/>\n<\/span><\/p>\n<p><span style=\"color: #777777; font-family: Arial;\">D&rsquo;abord pour fustiger les relations coupables entre l&rsquo;Etat et le monde bancaire et l&rsquo;incapacit\u00e9 du gouvernement fran\u00e7ais sous la pr\u00e9sidence Hollande de r\u00e9aliser ce que ce dernier avait promis, c&rsquo;est \u00e0 dire la s\u00e9paration des activit\u00e9s sp\u00e9culatives et de la banque de d\u00e9p\u00f4t, au sein du syst\u00e8me bancaire\u00a0: \u00ab<a href=\"https:\/\/lemotdujour.fr\/?p=648\"><span style=\"color: #0000ff;\">La collusion entre la haute finance publique et la haute finance priv\u00e9e aujourd&rsquo;hui, paralyse notre soci\u00e9t\u00e9<\/span><\/a><span style=\"color: #0000ff;\">.<\/span>\u00bb<br \/>\n<\/span><\/p>\n<p><span style=\"color: #777777; font-family: Arial;\">Ensuite, il avait r\u00e9agi \u00e0 l&rsquo;amende colossale que les Etats-Unis avaient inflig\u00e9 \u00e0 BNP Paribas, s&rsquo;\u00e9tonnant que l&rsquo;UE soit incapable de faire la m\u00eame chose \u00e0 l&rsquo;\u00e9gard des banques am\u00e9ricaines qui ont jou\u00e9 un r\u00f4le d\u00e9l\u00e9t\u00e8re au sein de l&rsquo;Union europ\u00e9enne\u00a0: \u00ab <span style=\"color: #0000ff;\"><a style=\"color: #0000ff;\" href=\"https:\/\/lemotdujour.fr\/?p=782\">les autorit\u00e9s europ\u00e9ennes, grecques, italiennes\u2026 pourraient sanctionner Goldman Sachs pour avoir truqu\u00e9 les comptes publics grecs qui ont permis \u00e0 Ath\u00e8nes d&rsquo;entrer dans la Zone euro, et JP Morgan pour avoir vendu des pr\u00eats toxiques en Italie<\/a>.<\/span>\u00a0\u00bb<br \/>\n<\/span><\/p>\n<p><span style=\"color: #777777; font-family: Arial;\">Dans l&rsquo;article de <a href=\"https:\/\/www.marianne.net\/economie\/gael-giraud-le-jesuite-qui-tient-tete-aux-banques\"><span style=\"color: #0000ff;\">Marianne<\/span><\/a> que j&rsquo;avais cit\u00e9 dans le premier mot du jour, il d\u00e9finissait ainsi sa vie\u00a0:<br \/>\n<\/span><\/p>\n<p style=\"margin-left: 28pt;\"><span style=\"color: #c00000; font-family: Arial;\">\u00ab\u00a0D&rsquo;abord, je partage la m\u00eame soupe avec mes compagnons le soir, quoi que je pense du secteur bancaire par ailleurs. Cela permet de penser librement. Ensuite, la vie de partage communautaire est une exp\u00e9rience essentielle des biens communs, au sens de l&rsquo;\u00e9conomiste<span style=\"color: #0000ff;\"> <a style=\"color: #0000ff;\" href=\"https:\/\/fr.wikipedia.org\/wiki\/Elinor_Ostrom\"><strong>Elinor Ostrom<\/strong><\/a><\/span> : aujourd&rsquo;hui, nos soci\u00e9t\u00e9s red\u00e9couvrent les biens communs via V\u00e9lib&rsquo;, V\u00e9lo&rsquo;v, le covoiturage, l&rsquo;\u00e9conomie de fonctionnalit\u00e9, etc., et cet apprentissage me para\u00eet d\u00e9cisif pour la transition \u00e9nerg\u00e9tique. Il induit une transformation radicale de notre rapport \u00e0 la propri\u00e9t\u00e9 priv\u00e9e. Eh bien, la vie religieuse occidentale pratique tout cela depuis quinze si\u00e8cles au moins !\u00a0\u00bb<br \/>\n<\/span><\/p>\n<p><span style=\"color: #777777; font-family: Arial;\">Je l&rsquo;ai d&rsquo;abord vu et entendu dans l&rsquo;\u00e9mission de Fr\u00e9d\u00e9ric Taddei\u00a0: \u00ab\u00a0<strong>Interdit d&rsquo;interdire\u00a0<\/strong>\u00bb consacr\u00e9e <strong>aux cons\u00e9quences \u00e9conomiques de la pand\u00e9mie<\/strong>.<br \/>\n<\/span><\/p>\n<p><span style=\"color: #777777; font-family: Arial;\">Je regarde, en effet, l&rsquo;\u00e9mission <strong>\u00ab\u00a0Interdit d&rsquo;interdire<\/strong>\u00a0\u00bb sur la t\u00e9l\u00e9vision d&rsquo;influence de Poutine \u00ab\u00a0Russia Today\u00a0\u00bb en raison de la qualit\u00e9 des \u00e9changes que peut r\u00e9aliser Fr\u00e9d\u00e9ric Taddei avec ses invit\u00e9s. Pour le reste je me m\u00e9fie des informations que je peux trouver sur cette cha\u00eene, tout en ne les rejetant pas syst\u00e9matiquement. Ce n&rsquo;est ni blanc, ni noir, c&rsquo;est gris\u00a0!<br \/>\n<\/span><\/p>\n<p><span style=\"color: #777777; font-family: Arial;\">Cette \u00e9mission donnait en premi\u00e8re partie la parole \u00e0 Paul Jorion qui a d\u00e9j\u00e0 fait l&rsquo;objet de mot du jour et qui est certes int\u00e9ressant mais beaucoup moins didactique et pr\u00e9cis que Ga\u00ebl Giraud.<br \/>\n<\/span><\/p>\n<p><span style=\"color: #777777; font-family: Arial;\">L&rsquo;intervention de Ga\u00ebl Giraud commence \u00e0 <strong>25:45<\/strong>, et je vous invite \u00e0 la regarder, elle se trouve derri\u00e8re ce lien\u00a0: &lt;<span style=\"color: #0000ff;\"><a style=\"color: #0000ff;\" href=\"https:\/\/francais.rt.com\/magazines\/interdit-d-interdire\/73099-paul-jorion-gael-giraud-sur-les-consequences-economiques-epidemie\">Cons\u00e9quences \u00e9conomiques de l&rsquo;\u00e9pid\u00e9mie<\/a><\/span>&gt;<br \/>\n<\/span><\/p>\n<p><span style=\"color: #777777; font-family: Arial;\">Apr\u00e8s cette \u00e9mission j&rsquo;ai trouv\u00e9 un article du 20 mars de l&rsquo;OBS qui interviewait Ga\u00ebl Giraud\u00a0: \u00ab\u00a0<a href=\"https:\/\/www.nouvelobs.com\/idees\/20200320.OBS26336\/gael-giraud-avec-cette-pandemie-la-fragilite-de-notre-systeme-nous-explose-a-la-figure.html\"><span style=\"color: #0000ff;\">Avec cette pand\u00e9mie, la fragilit\u00e9 de notre syst\u00e8me nous explose \u00e0 la figure<\/span>\u00a0<\/a>\u00bb<br \/>\n<\/span><\/p>\n<p><span style=\"color: #777777; font-family: Arial;\">Dans cet article, il souligne d&rsquo;abord la singularit\u00e9 de cette crise\u00a0:<br \/>\n<\/span><\/p>\n<p style=\"margin-left: 28pt;\"><span style=\"color: #c00000; font-family: Arial;\">\u00ab\u00a0Elle est unique. Contrairement au krach boursier de 1929 et \u00e0 la crise des subprimes de 2008, elle touche d&rsquo;abord et en son c\u0153ur l&rsquo;\u00e9conomie r\u00e9elle. L&rsquo;appareil productif est mis \u00e0 l&rsquo;arr\u00eat, les cha\u00eenes de valeurs mondiales ralentissent ou sont interrompues, le travail est \u00ab en gr\u00e8ve \u00bb involontaire. Ce n&rsquo;est pas seulement une crise keyn\u00e9sienne d&rsquo;insuffisance de la demande, c&rsquo;est aussi une crise d&rsquo;offre.\u00bb<br \/>\n<\/span><\/p>\n<p><span style=\"color: #777777; font-family: Arial;\">Et il montre ainsi la vuln\u00e9rabilit\u00e9 et la fragilit\u00e9 de notre syst\u00e8me\u00a0:<br \/>\n<\/span><\/p>\n<p style=\"margin-left: 28pt;\"><span style=\"color: #c00000; font-family: Arial;\">\u00abLa pand\u00e9mie marque l&rsquo;entr\u00e9e dans une \u00e9poque nouvelle, travers\u00e9e de risques li\u00e9s au r\u00e9chauffement climatique et amplifi\u00e9s par un capitalisme financiaris\u00e9 qui nous rend extr\u00eamement vuln\u00e9rables \u00e0 la finitude du monde.<br \/>\nTout le monde ne peut pas travailler depuis chez soi. Or nous avons collectivement construit un syst\u00e8me dans lequel certains aliments, par exemple, font deux fois le tour de la plan\u00e8te avant d&rsquo;arriver dans notre assiette. Pour maximiser le profit \u00e0 court terme, nous avons b\u00e2ti des cha\u00eenes d&rsquo;approvisionnement \u00e0 flux tendus selon le principe du \u00ab juste-\u00e0-temps \u00bb. Ces flux sont extr\u00eamement fragiles car il suffit que, le long de la cha\u00eene, une seule soci\u00e9t\u00e9 soit \u00e0 l&rsquo;arr\u00eat parce que ses salari\u00e9s sont malades ou refusent de risquer leur vie au travail, pour que la cha\u00eene s&rsquo;interrompe. Certaines m\u00e9tropoles pourraient en faire la cruelle exp\u00e9rience dans les jours ou les semaines qui viennent avec l&rsquo;approvisionnement alimentaire.<br \/>\nUn syst\u00e8me dans lequel la volatilit\u00e9 des march\u00e9s financiers est extr\u00eame parce qu&rsquo;en d\u00e9pit des avertissements r\u00e9p\u00e9t\u00e9s depuis plus de dix ans, nous n&rsquo;avons mis aucun frein s\u00e9rieux aux bulles et aux paniques boursi\u00e8res. Dans lequel, pour suivre des dogmes n\u00e9olib\u00e9raux sans fondement scientifique, nous avons sous-dot\u00e9 l&rsquo;h\u00f4pital et privatis\u00e9 des services publics. Tout cela, nous le savons depuis des ann\u00e9es. Aujourd&rsquo;hui, cette fragilit\u00e9 nous explose \u00e0 la figure.\u00a0\u00bb<br \/>\n<\/span><\/p>\n<p><span style=\"color: #777777; font-family: Arial;\">Il montre aussi comment notre syst\u00e8me \u00e9conomique et la position dominante d&rsquo;homo sapiens explique la force et la propagation du virus\u00a0:<br \/>\n<\/span><\/p>\n<p style=\"margin-left: 28pt;\"><span style=\"color: #c00000; font-family: Arial;\">\u00ab\u00a0La destruction \u00e9cologique \u00e0 laquelle se livre notre \u00e9conomie extractiviste depuis plus d&rsquo;un si\u00e8cle partage avec cette pand\u00e9mie une racine commune : nous sommes devenus l&rsquo;esp\u00e8ce dominante de l&rsquo;ensemble du vivant sur Terre. Nous sommes donc capables de briser les cha\u00eenes trophiques de tous les autres animaux (et c&rsquo;est bien ce que nous faisons, des poissons jusqu&rsquo;aux oiseaux) <strong>mais nous sommes aussi le meilleur v\u00e9hicule pour les pathog\u00e8nes<\/strong>. En termes d&rsquo;\u00e9volution biologique<strong>, il est beaucoup plus \u00ab efficace \u00bb pour un virus de parasiter l&rsquo;humain que le renne arctique, d\u00e9j\u00e0 en voie de disparition \u00e0 cause du r\u00e9chauffement<\/strong>. Et ce sera de plus en plus le cas \u00e0 mesure que les d\u00e9r\u00e8glements \u00e9cologiques vont d\u00e9cimer les autres esp\u00e8ces vivantes.\u00a0\u00bb<br \/>\n<\/span><\/p>\n<p><span style=\"color: #777777; font-family: Arial;\">Et il revient sur les march\u00e9s qu&rsquo;il a \u00e9tudi\u00e9s depuis de nombres ann\u00e9es et qui ont conduit \u00e0 la financiarisation du monde\u00a0:<br \/>\n<\/span><\/p>\n<p style=\"margin-left: 28pt;\"><span style=\"color: #c00000; font-family: Arial;\">\u00ab\u00a0Les march\u00e9s financiers, sur lesquels nous tentons de faire reposer notre prosp\u00e9rit\u00e9 depuis plusieurs d\u00e9cennies, n&rsquo;ont aucunement vu venir la pand\u00e9mie. Pourtant, celle-ci n&rsquo;est nullement un cygne noir, elle \u00e9tait parfaitement pr\u00e9visible : l&rsquo;OMS avait pr\u00e9venu que les march\u00e9s d&rsquo;animaux sauvages en Chine pr\u00e9sentaient des risques \u00e9pid\u00e9miologiques majeurs. Allons-nous continuer d&rsquo;entretenir la fiction que les march\u00e9s financiers sont la boussole supr\u00eame de nos soci\u00e9t\u00e9s ?<br \/>\n<\/span><\/p>\n<p style=\"margin-left: 28pt;\"><span style=\"color: #c00000; font-family: Arial;\">En outre, depuis trente ans, la globalisation marchande s&rsquo;est construite sur l&rsquo;abondance des \u00e9nergies fossiles, et en particulier du p\u00e9trole. Ces \u00e9nergies r\u00e9chauffent massivement la plan\u00e8te. Elles ont aussi permis d&rsquo;\u00e9tendre les cha\u00eenes de production, de rendre n\u00e9gligeable le prix du transport, de d\u00e9localiser dans des pays \u00e0 bas co\u00fbt, la Chine en premier lieu. Le p\u00e9trole est l&rsquo;ingr\u00e9dient essentiel gr\u00e2ce auquel Covid-19 s&rsquo;est transport\u00e9 en trois mois de Chine en Europe l\u00e0 o\u00f9 le Sras de 2002 avait mis un an. Aujourd&rsquo;hui, la mise \u00e0 l&rsquo;arr\u00eat de l&rsquo;\u00e9conomie r\u00e9elle fait chuter le cours de l&rsquo;or noir. Cette chute a non seulement des effets sur les compagnies p\u00e9troli\u00e8res, mais aussi sur le secteur financier. \u00c9norm\u00e9ment d&rsquo;actifs financiers sont appuy\u00e9s sur les \u00e9nergies fossiles.<br \/>\n<\/span><\/p>\n<p style=\"margin-left: 28pt;\"><span style=\"color: #c00000; font-family: Arial;\">La fin de la globalisation marchande va sans doute provoquer une r\u00e9duction massive de l&rsquo;usage du p\u00e9trole pour le transport de marchandises et donc un effondrement de la valeur de certains de ces actifs. Cela ajoute \u00e0 la panique d&rsquo;institutions financi\u00e8res assises sur des montagnes de dettes priv\u00e9es (et non publiques) qui ne peuvent \u00eatre rembours\u00e9es qu&rsquo;au prix d&rsquo;une poursuite de la croissance du PIB. Or, 2020 sera sans doute une ann\u00e9e de r\u00e9cession pour la plupart des pays. Beaucoup d&rsquo;investisseurs ont compris qu&rsquo;ils risquaient de devenir rapidement insolvables.<br \/>\n<\/span><\/p>\n<p style=\"margin-left: 28pt;\"><span style=\"color: #c00000; font-family: Arial;\"> [Il faut donc s&rsquo;attendre] \u00e0 un krach plus important que celui de 2008, sauf si les Etats r\u00e9agissent fortement et tr\u00e8s vite pour \u00e9viter les faillites en cha\u00eene dans l&rsquo;\u00e9conomie r\u00e9elle. L&rsquo;administration Trump a d\u00e9j\u00e0 annonc\u00e9 un effort de pr\u00e8s de 1 000 milliards de dollars pour les m\u00e9nages et les entreprises. La BCE a annonc\u00e9 un plan de 750 milliards de rachats de dettes. Ce sont les bons ordres de grandeur, mais tout d\u00e9pendra de la fa\u00e7on dont est utilis\u00e9 cet argent. Il faut le fl\u00e9cher massivement vers les PME et les m\u00e9nages. Faire du \u00ab quantitative easing for people \u00bb, ce que nous aurions d\u00fb faire d\u00e9j\u00e0 en 2009. Sinon, ces sommes, une fois de plus, serviront uniquement \u00e0 sauver les banques.<br \/>\n<\/span><\/p>\n<p style=\"margin-left: 28pt;\"><span style=\"color: #c00000; font-family: Arial;\">Les pays qui oseront d\u00e9penser massivement pour leur \u00e9conomie r\u00e9elle s&rsquo;en sortiront mieux. Nous sommes \u00ab en guerre \u00bb ? Alors, il faut comprendre l&rsquo;\u00e9tendue des d\u00e9ficits publics auxquels nous devons consentir : le d\u00e9ficit public des Etats-Unis, rapport\u00e9 au PIB fut de 12 % en 1942, 26 % en 1943, 21 % en 1944, 20 % en 1945. Pour ceux qui resteront attach\u00e9s au dogme de l&rsquo;aust\u00e9rit\u00e9 budg\u00e9taire (qui n&rsquo;a pas de fondement \u00e9conomique), la r\u00e9cession qu&rsquo;ils vont conna\u00eetre risque de faire passer celle qui a suivi 2008 pour une promenade de sant\u00e9.\u00a0\u00bb<br \/>\n<\/span><\/p>\n<p><span style=\"color: #777777; font-family: Arial;\">Il synth\u00e9tise aussi les le\u00e7ons de cette pand\u00e9mie et trace des perspectives qui devraient guider nos gouvernants et nos nations. Il utilise notamment ce concept tr\u00e8s f\u00e9cond \u00ab\u00a0<strong>des communs<\/strong>\u00a0\u00bb<br \/>\n<\/span><\/p>\n<p style=\"margin-left: 28pt;\"><span style=\"color: #c00000; font-family: Arial;\">[Cette pand\u00e9mie] nous contraint \u00e0 comprendre qu&rsquo;il n&rsquo;y a pas de capitalisme viable sans un service public fort et \u00e0 repenser de fond en comble notre mani\u00e8re de produire et de consommer.<br \/>\nCette pand\u00e9mie ne sera pas la derni\u00e8re : le r\u00e9chauffement climatique promet la multiplication des pand\u00e9mies tropicales.<br \/>\nEn 2016, la Banque Mondiale estimait, par exemple, que la seule r\u00e9sistance aux antimicrobiens pourrait provoquer une perte de 3 % du PIB mondial en 2050.<br \/>\nLa d\u00e9forestation, tout comme les march\u00e9s d&rsquo;animaux sauvages \u00e0 Wuhan, nous met au contact d&rsquo;animaux dont les virus nous sont inconnus. Le d\u00e9gel du perg\u00e9lisol menace de diffuser des \u00e9pid\u00e9mies dangereuses : la grippe espagnole de 1918, l&rsquo;anthrax\u2026 Les \u00e9levages intensifs, d&rsquo;animaux stress\u00e9s et homog\u00e8nes, facilitent aussi la propagation des \u00e9pid\u00e9mies.<br \/>\n<\/span><\/p>\n<p style=\"margin-left: 28pt;\"><span style=\"color: #c00000; font-family: Arial;\">A br\u00e8ve \u00e9ch\u00e9ance, il va falloir nationaliser des entreprises non viables et, peut-\u00eatre certaines banques. Mais, tr\u00e8s vite, nous devrons tirer les le\u00e7ons de ce printemps : relocaliser la production, r\u00e9guler la sph\u00e8re financi\u00e8re, repenser les normes comptables pour valoriser la r\u00e9silience de nos syst\u00e8mes productifs, instaurer une taxe carbone et sanitaire aux fronti\u00e8res, lancer un plan de relance fran\u00e7ais et europ\u00e9en pour la r\u00e9industrialisation \u00e9cologique, la r\u00e9novation thermique et la conversion massive vers les \u00e9nergies renouvelables\u2026<br \/>\n<\/span><\/p>\n<p style=\"margin-left: 28pt;\"><span style=\"color: #c00000; font-family: Arial;\">La pand\u00e9mie nous invite \u00e0 transformer radicalement notre mode de socialisation.<br \/>\nAujourd&rsquo;hui, le capitalisme conna\u00eet le co\u00fbt de toute chose, mais la valeur de rien, pour reprendre la formule d&rsquo;Oscar Wilde. Il nous faut comprendre que la v\u00e9ritable source de la valeur, ce sont nos relations humaines et avec notre environnement. A vouloir les privatiser, nous les d\u00e9truisons et nous mettons \u00e0 terre nos soci\u00e9t\u00e9s tout en supprimant des vies. <strong>Nous ne sommes pas des <a href=\"https:\/\/fr.wikipedia.org\/wiki\/Monade_(philosophie)\"><span style=\"color: #0000ff;\">monades<\/span><\/a> isol\u00e9es, reli\u00e9es entre elles uniquement par un syst\u00e8me de prix abstrait, mais des \u00eatres de chair en interd\u00e9pendance avec d&rsquo;autres et avec un territoire. Voil\u00e0 ce que nous avons \u00e0 r\u00e9apprendre.<br \/>\n<\/strong><\/span><\/p>\n<p style=\"margin-left: 28pt;\"><span style=\"color: #c00000; font-family: Arial;\">La sant\u00e9 de chacun concerne tous les autres. M\u00eame pour les privil\u00e9gi\u00e9s, la privatisation des syst\u00e8mes de sant\u00e9 est irrationnelle : ils ne peuvent se s\u00e9parer totalement des plus modestes, ne f\u00fbt-ce que pour se faire livrer \u00e0 manger. La <a href=\"https:\/\/www.deboecksuperieur.com\/ouvrage\/9782804161415-gouvernance-des-biens-communs\"><img loading=\"lazy\" decoding=\"async\" class=\"alignright\" src=\"https:\/\/lemotdujour.fr\/wp-content\/uploads\/2020\/04\/040620_1724_Mardi7avril2.jpg\" alt=\"\" width=\"236\" height=\"353\" align=\"left\" border=\"0\" \/><\/a>maladie les rattrapera donc toujours. La sant\u00e9 est un bien commun mondial et doit \u00eatre g\u00e9r\u00e9e comme telle.<br \/>\n<\/span><\/p>\n<p style=\"margin-left: 28pt;\"><span style=\"color: #c00000; font-family: Arial;\"><strong>Les communs<\/strong>, remis \u00e0 l&rsquo;honneur notamment par l&rsquo;\u00e9conomiste am\u00e9ricaine <a href=\"https:\/\/fr.wikipedia.org\/wiki\/Elinor_Ostrom\"><strong><span style=\"color: #0000ff;\">Elinor Ostrom<\/span><\/strong><\/a>, ouvrent un espace tiers entre le march\u00e9 et l&rsquo;Etat, entre le priv\u00e9 et le public. Ils peuvent nous guider vers un monde plus r\u00e9silient, \u00e0 m\u00eame d&rsquo;encaisser des chocs comme cette pand\u00e9mie.<br \/>\n<\/span><\/p>\n<p style=\"margin-left: 28pt;\"><span style=\"color: #c00000; font-family: Arial;\">La sant\u00e9, par exemple, doit \u00eatre trait\u00e9e comme l&rsquo;affaire de tous, avec des niveaux d&rsquo;intervention stratifi\u00e9s et articul\u00e9s. Au niveau local, des communaut\u00e9s peuvent s&rsquo;organiser pour r\u00e9agir rapidement, en circonscrivant les clusters comme cela semble avoir \u00e9t\u00e9 fait avec succ\u00e8s dans le Morbihan contre Covid-19 et, \u00e0 l&rsquo;inverse, comme cela n&rsquo;a pas \u00e9t\u00e9 fait en Lombardie. Au niveau \u00e9tatique, il faut un service hospitalier public puissant. Au niveau international, il faut que les pr\u00e9conisations de l&rsquo;OMS deviennent contraignantes. Rares sont les pays qui ont suivi les recommandations de l&rsquo;OMS avant et pendant la crise. Nous \u00e9coutons plus volontiers les \u00ab conseils \u00bb du FMI\u2026 Le drame actuel montre que nous avons tort.<br \/>\n<\/span><\/p>\n<p style=\"margin-left: 28pt;\"><span style=\"color: #c00000; font-family: Arial;\">Ces derniers jours, nous avons vu des communs se constituer : des scientifiques qui, en dehors de tout cadre public ou priv\u00e9, se sont spontan\u00e9ment coordonn\u00e9s via l&rsquo;initiative <strong><a href=\"https:\/\/opencovid19.fr\/\"><span style=\"color: #0000ff;\">O<\/span><span style=\"color: #0000ff;\">pencovid19<\/span><\/a><\/strong> pour mutualiser l&rsquo;information sur les bonnes pratiques de d\u00e9pistage du virus. La sant\u00e9 n&rsquo;est qu&rsquo;un exemple : l&rsquo;environnement, l&rsquo;\u00e9ducation, la culture, la biodiversit\u00e9 sont des communs mondiaux. Il faut inventer des institutions qui permettent de les honorer, de reconna\u00eetre nos interd\u00e9pendances et de rendre nos soci\u00e9t\u00e9s r\u00e9silientes. Certaines existent d\u00e9j\u00e0 :<span style=\"color: #0000ff;\"> <a style=\"color: #0000ff;\" href=\"https:\/\/www.dndi.org\/\"><strong>Drugs for Neglected Disease Initiative<\/strong><\/a><\/span><strong>\u00a0<\/strong><\/span><span style=\"color: #c00000; font-family: Arial;\">(DNDi) est un magnifique exemple, cr\u00e9\u00e9 par des m\u00e9decins fran\u00e7ais il y a quinze ans, de r\u00e9seau collaboratif tiers, o\u00f9 coop\u00e8rent le priv\u00e9, le public et les ONG qui r\u00e9ussissent \u00e0 faire ce que ni le secteur pharmaceutique priv\u00e9, ni les \u00c9tats, ni la soci\u00e9t\u00e9 civile n&rsquo;arrivent \u00e0 faire seuls. \u00bb<br \/>\n<\/span><\/p>\n<p><span style=\"color: #777777; font-family: Arial;\">Et de mani\u00e8re plus imm\u00e9diate, il nous montre ce que cette crise peut d\u00e9voiler\u00a0:<br \/>\n<\/span><\/p>\n<p style=\"margin-left: 28pt;\"><span style=\"color: #c00000; font-family: Arial;\">\u00ab\u00a0Elle nous d\u00e9livre du narcissisme consum\u00e9riste, du \u00ab je veux tout, tout de suite \u00bb. Elle nous ram\u00e8ne \u00e0 l&rsquo;essentiel, \u00e0 ce qui compte \u00ab vraiment \u00bb : la qualit\u00e9 des relations humaines, la solidarit\u00e9. Elle nous rappelle, aussi, \u00e0 quel point la nature est importante \u00e0 notre sant\u00e9 mentale et physique. Ceux qui vivent confin\u00e9s dans un 15 m2 \u00e0 Paris ou \u00e0 Milan le savent d\u00e9j\u00e0\u2026 Le rationnement qui s&rsquo;installe sur certains produits nous rappelle la finitude des ressources. Bienvenue dans le monde fini !\u00a0 Pendant des ann\u00e9es, les milliards d\u00e9pens\u00e9s en marketing nous ont fait confondre la plan\u00e8te avec un supermarch\u00e9 g\u00e9ant o\u00f9 tout serait ind\u00e9finiment \u00e0 notre disposition. Nous faisons brutalement l&rsquo;exp\u00e9rience du manque\u00a0\u00bb<br \/>\n<\/span><\/p>\n<p><span style=\"color: #777777; font-family: Arial;\">Ga\u00ebl Giraud est le contraire d&rsquo;un na\u00eff, il sait que des forces sont \u00e0 l&rsquo;\u0153uvre pour aggraver le mal, utiliser cette crise pour surench\u00e9rir dans certaines voies d\u00e9l\u00e9t\u00e8res<br \/>\n<\/span><\/p>\n<p style=\"margin-left: 28pt;\"><span style=\"color: #c00000; font-family: Arial;\">\u00ab\u00a0Je pense qu&rsquo;un certain romantisme \u00ab collapsologique \u00bb va \u00eatre vite temp\u00e9r\u00e9 par la vision de ce que signifie, dans la configuration actuelle, l&rsquo;arr\u00eat brutal de l&rsquo;\u00e9conomie : le ch\u00f4mage, la ruine, les vies bris\u00e9es, les morts, la souffrance au quotidien de ceux chez qui le virus laissera des traces \u00e0 vie. Dans le sillage de l&rsquo;encyclique \u00ab\u00a0<a href=\"http:\/\/w2.vatican.va\/content\/francesco\/fr\/encyclicals\/documents\/papa-francesco_20150524_enciclica-laudato-si.html\"><strong><span style=\"color: #0000ff;\">Laudato si<\/span><\/strong>\u00a0<\/a>\u00bb du Pape Fran\u00e7ois, je pr\u00e9f\u00e8re esp\u00e9rer que cette pand\u00e9mie sera l&rsquo;occasion de r\u00e9orienter nos vies et nos institutions vers une sobri\u00e9t\u00e9 heureuse et le respect de la finitude.<br \/>\n<\/span><\/p>\n<p style=\"margin-left: 28pt;\"><a href=\"https:\/\/www.actes-sud.fr\/catalogue\/economie\/la-strategie-du-choc\"><img loading=\"lazy\" decoding=\"async\" class=\"alignleft\" src=\"https:\/\/lemotdujour.fr\/wp-content\/uploads\/2020\/04\/040620_1724_Mardi7avril3.jpg\" alt=\"\" width=\"228\" height=\"378\" align=\"left\" border=\"0\" \/><\/a><span style=\"color: #c00000; font-family: Arial;\">Le moment est d\u00e9cisif : on peut craindre ce que <strong>Naomi Klein<\/strong> a baptis\u00e9 la \u00ab <span style=\"color: #0000ff;\"><a style=\"color: #0000ff;\" href=\"https:\/\/www.mediapart.fr\/journal\/international\/040508\/naomi-klein-la-strategie-du-choc-extraits-et-debat\"><strong>strat\u00e9gie du choc<\/strong><\/a><\/span><strong><br \/>\n<\/strong>\u00bb. Il ne faut pas que, sous pr\u00e9texte de soutenir les entreprises, certains gouvernements affaiblissent encore davantage le droit du travail. Ou qu&rsquo;ils en profitent pour resserrer encore la surveillance polici\u00e8re des populations. Ou que le commerce en ligne finisse de tuer les magasins de proximit\u00e9. Encore moins que les achats d&rsquo;armes par certains gouvernements servent \u00e0 contraindre les salari\u00e9s modestes \u00e0 risquer leur vie pour ne pas interrompre les cha\u00eenes d&rsquo;approvisionnement des plus privil\u00e9gi\u00e9s.\u00a0\u00bb<br \/>\n<\/span><\/p>\n<p><span style=\"color: #777777; font-family: Arial;\">Si vous lisez des informations qui viennent de Chine, des \u00c9tats-Unis et du Canada vous constaterez qu&rsquo;on parle partout de relance de l&rsquo;\u00e9conomie, mais de relance dans l&rsquo;\u00e9conomie carbon\u00e9e et de diminuer les contraintes \u00e9cologiques que les prises de conscience ont permis de mettre en \u0153uvre, faiblement mettre en \u0153uvre.<br \/>\n<\/span><\/p>\n<p><span style=\"color: #777777; font-family: Arial;\">Le plus probable est que tout recommence comme avant et peut \u00eatre m\u00eame en pire en pr\u00e9textant l&rsquo;urgence du ch\u00f4mage et de la baisse du niveau de vie.<br \/>\n<\/span><\/p>\n<p><span style=\"color: #777777; font-family: Arial;\">Dans sa conclusion il essaie une interrogation g\u00e9opolitique\u00a0:<br \/>\n<\/span><\/p>\n<p style=\"margin-left: 28pt;\"><span style=\"color: #c00000; font-family: Arial;\">\u00ab\u00a0Ce que l&rsquo;on peut dire, c&rsquo;est que le coronavirus exacerbe le bras de fer entre la Chine et les Etats-Unis. La propagande chinoise s&rsquo;efforce d&rsquo;instaurer l&rsquo;id\u00e9e que le pays a su stopper la pand\u00e9mie et semble vouloir faire b\u00e9n\u00e9ficier le reste du monde de son exp\u00e9rience. P\u00e9kin a surtout \u00e0 se faire pardonner d&rsquo;\u00eatre \u00e0 l&rsquo;origine du probl\u00e8me : les services publics chinois ont dissimul\u00e9 l&rsquo;\u00e9pid\u00e9mie pendant plus d&rsquo;un mois avant de prendre la mesure de sa gravit\u00e9. Reste que cette pand\u00e9mie peut devenir pour la Chine ce que fut la Seconde Guerre mondiale pour les Am\u00e9ricains : le moment d&rsquo;un basculement g\u00e9opolitique et d&rsquo;une prise de leadership mondial. Surtout si l&rsquo;\u00e9conomie des Etats-Unis devait conna\u00eetre une tr\u00e8s dure r\u00e9cession.<br \/>\n<\/span><\/p>\n<p style=\"margin-left: 28pt;\"><span style=\"color: #c00000; font-family: Arial;\">Dans les pays occidentaux, on entend d&rsquo;ailleurs une petite rengaine valorisant l&rsquo;autoritarisme chinois. \u00ab Et si nos d\u00e9mocraties \u00e9taient mal arm\u00e9es ? Trop lentes ? Englu\u00e9es dans les libert\u00e9s individuelles ? \u00bb Cette antienne se fredonnait d\u00e9j\u00e0 avant la pand\u00e9mie et me semble tr\u00e8s dangereuse. La Chine est un pays totalitaire. La pand\u00e9mie a-t-elle atteint le Xinjiang ? Sur le million de Ou\u00efgours qui y vivent en camp de \u00ab r\u00e9\u00e9ducation \u00bb, combien ont \u00e9t\u00e9 touch\u00e9s ? Combien survivront \u00e0 la prochaine pand\u00e9mie ?<br \/>\n<\/span><\/p>\n<p style=\"margin-left: 28pt;\"><span style=\"color: #c00000; font-family: Arial;\">Certains se demandent si, pour conserver leurs privil\u00e8ges, ce ne serait pas le moment de basculer du laisser-faire vers l&rsquo;autoritarisme (n\u00e9olib\u00e9ral).<br \/>\nCe serait suicidaire. Comme l&rsquo;\u00e9crivait d\u00e9j\u00e0 La Fontaine \u00e0 propos de la peste : \u00ab <strong>Ils ne mouraient pas tous, mais tous \u00e9taient frapp\u00e9s<\/strong>. \u00bb Sacrifier l&rsquo;\u00e2ne innocent ne sert \u00e0 rien et rel\u00e8ve d&rsquo;un paganisme m\u00e9di\u00e9val. Il faut \u00e9viter la peste, c&rsquo;est la seule attitude rationnelle pour tout le monde.\u00a0\u00bb<br \/>\n<\/span><\/p>\n<p><span style=\"color: #777777; font-family: Arial;\">Il y a comme toujours dans les r\u00e9flexions qui ont du sens, plus de questions que de r\u00e9ponses.<br \/>\n<\/span><\/p>\n<p><span style=\"color: #777777; font-family: Arial;\">L&rsquo;avenir n&rsquo;est pas \u00e9crit.<br \/>\n<\/span><\/p>\n<p><span style=\"color: #777777; font-family: Arial;\">Nous ne pouvons certainement pas avec nos faibles moyens changer radicalement le monde. La tentation de la \u00ab\u00a0tabula rasa\u00a0\u00bb est d&rsquo;ailleurs dangereuse, les exp\u00e9riences pass\u00e9es nous conduisent \u00e0 beaucoup de prudence devant les doctrines qui nous promettent de tout reconstruire \u00e0 partir d&rsquo;une page blanche.<br \/>\n<\/span><\/p>\n<p><span style=\"color: #777777; font-family: Arial;\">Je pense cependant que chacun de nous a un r\u00f4le, m\u00eame minuscule, \u00e0 jouer dans cette partition.<br \/>\n<\/span><\/p>\n<p><span style=\"color: #777777; font-family: Arial;\">Pour ce faire il faut tenter de comprendre les forces qui sont \u00e0 l&rsquo;\u0153uvre, se pr\u00e9munir des solutions magiques et miraculeuses et accepter plus de sobri\u00e9t\u00e9 comme nous y invitent les questions de <strong>Bruno Latour<\/strong> du mot du jour d&rsquo;hier.<br \/>\n<\/span><\/p>\n<p><span style=\"color: #c00000; font-family: Arial;\">&lt;1390&gt;<\/span><\/p>\n","protected":false},"excerpt":{"rendered":"<p>\u00ab\u00a0Avec cette pand\u00e9mie, la fragilit\u00e9 de notre syst\u00e8me nous explose \u00e0 la figure\u00a0\u00bb Ga\u00ebl Giraud Ga\u00ebl Giraud est un \u00e9conomiste remarquable et singulier. C&rsquo;est d&rsquo;abord un esprit extraordinairement brillant, selon les crit\u00e8res fran\u00e7ais\u00a0: Apr\u00e8s \u00eatre pass\u00e9 par le lyc\u00e9e Henri<\/p>\n","protected":false},"author":1,"featured_media":0,"comment_status":"open","ping_status":"closed","sticky":false,"template":"","format":"standard","meta":{"footnotes":""},"categories":[1],"tags":[10,49,126],"class_list":["post-8502","post","type-post","status-publish","format-standard","hentry","category-motdujour","tag-economie","tag-futur","tag-pandemie"],"_links":{"self":[{"href":"https:\/\/lemotdujour.fr\/index.php?rest_route=\/wp\/v2\/posts\/8502","targetHints":{"allow":["GET"]}}],"collection":[{"href":"https:\/\/lemotdujour.fr\/index.php?rest_route=\/wp\/v2\/posts"}],"about":[{"href":"https:\/\/lemotdujour.fr\/index.php?rest_route=\/wp\/v2\/types\/post"}],"author":[{"embeddable":true,"href":"https:\/\/lemotdujour.fr\/index.php?rest_route=\/wp\/v2\/users\/1"}],"replies":[{"embeddable":true,"href":"https:\/\/lemotdujour.fr\/index.php?rest_route=%2Fwp%2Fv2%2Fcomments&post=8502"}],"version-history":[{"count":2,"href":"https:\/\/lemotdujour.fr\/index.php?rest_route=\/wp\/v2\/posts\/8502\/revisions"}],"predecessor-version":[{"id":8504,"href":"https:\/\/lemotdujour.fr\/index.php?rest_route=\/wp\/v2\/posts\/8502\/revisions\/8504"}],"wp:attachment":[{"href":"https:\/\/lemotdujour.fr\/index.php?rest_route=%2Fwp%2Fv2%2Fmedia&parent=8502"}],"wp:term":[{"taxonomy":"category","embeddable":true,"href":"https:\/\/lemotdujour.fr\/index.php?rest_route=%2Fwp%2Fv2%2Fcategories&post=8502"},{"taxonomy":"post_tag","embeddable":true,"href":"https:\/\/lemotdujour.fr\/index.php?rest_route=%2Fwp%2Fv2%2Ftags&post=8502"}],"curies":[{"name":"wp","href":"https:\/\/api.w.org\/{rel}","templated":true}]}}