{"id":8489,"date":"2020-04-06T01:09:31","date_gmt":"2020-04-05T23:09:31","guid":{"rendered":"http:\/\/lemotdujour.fr\/?p=8489"},"modified":"2020-04-06T09:24:13","modified_gmt":"2020-04-06T07:24:13","slug":"lundi-6-avril-2020","status":"publish","type":"post","link":"https:\/\/lemotdujour.fr\/?p=8489","title":{"rendered":"Lundi 6 avril 2020"},"content":{"rendered":"<div class=\"mdjTexte\">\u00ab\u00a0La derni\u00e8re des choses \u00e0 faire serait de reprendre \u00e0 l\u2019identique tout ce que nous faisions avant.\u00a0\u00bb<\/div>\n<div class=\"mdjAuteur\">Bruno Latour<\/div>\n<p><span style=\"color: #777777; font-family: Arial;\">Wikipedia nous informe que <strong>Bruno Latour<\/strong> est class\u00e9 parmi les chercheurs les plus cit\u00e9s en sciences humaines et jouit d&rsquo;une tr\u00e8s forte notori\u00e9t\u00e9 dans le monde acad\u00e9mique anglophone, o\u00f9 il est parfois d\u00e9crit comme \u00ab le plus c\u00e9l\u00e8bre et le plus incompris des philosophes fran\u00e7ais.<br \/>\n<\/span><\/p>\n<p><span style=\"color: #777777; font-family: Arial;\">Il est sociologue, anthropologue et philosophe des sciences. Il est n\u00e9 le 22 juin 1947 \u00e0 Beaune.<br \/>\n<\/span><\/p>\n<p><span style=\"color: #777777; font-family: Arial;\">Ces derniers travaux sont surtout tourn\u00e9s vers la crise \u00e9cologique et la transition \u00e9conomique pour y faire face.<br \/>\n<\/span><\/p>\n<p><span style=\"color: #777777; font-family: Arial;\">Le mot du jour du 8 f\u00e9vrier 2019 \u00e9tait consacr\u00e9 \u00e0 son livre \u00ab\u00a0<span style=\"color: #0000ff;\"><a style=\"color: #0000ff;\" href=\"https:\/\/lemotdujour.fr\/?p=6127\">O\u00f9 atterrir\u00a0?\u00a0<\/a><\/span>\u00bb paru en 2017 dans lequel il exprimait ce constat selon lui \u00e9vident\u00a0: notre mod\u00e8le de d\u00e9veloppement \u00e9conomique mondial ne dispose pas d&rsquo;une plan\u00e8te lui permettant de continuer \u00e0 se d\u00e9ployer. La terre, en effet, n&rsquo;est pas cette plan\u00e8te, il faut donc atterrir, arr\u00eater la course.<br \/>\n<\/span><\/p>\n<p><span style=\"color: #777777; font-family: Arial;\">Pour ce faire, il demande \u00e0 chacun de r\u00e9fl\u00e9chir \u00e0 ses besoins essentiels, \u00e0 ses interactions avec les autres afin de pouvoir construire le mod\u00e8le de d\u00e9veloppement que la terre puisse accueillir.<br \/>\n<\/span><\/p>\n<p><span style=\"color: #777777; font-family: Arial;\">Dans ce sens, il d\u00e9veloppe l&rsquo;id\u00e9e de cahiers de dol\u00e9ances comme ce qui s&rsquo;\u00e9tait pass\u00e9 en France avant la r\u00e9volution de 1789.<br \/>\n<\/span><\/p>\n<p><span style=\"color: #777777; font-family: Arial;\">Un article du monde de janvier 2019 parle de ce projet\u00a0: \u00ab\u00a0<a href=\"https:\/\/www.lemonde.fr\/idees\/article\/2019\/01\/09\/bruno-latour-faisons-revivre-les-cahiers-de-doleances_5406572_3232.html\"><span style=\"color: #0000ff;\">Faisons revivre les cahiers de dol\u00e9ances<\/span>\u00a0<\/a>\u00bb et une partie de son site est consacr\u00e9e \u00e0 ce th\u00e8me &lt;<span style=\"color: #0000ff;\"><a style=\"color: #0000ff;\" href=\"http:\/\/www.bruno-latour.fr\/fr\/node\/793.html\">Atelier Nouveaux Cahiers de Dol\u00e9ance<\/a><\/span>&gt;<br \/>\n<\/span><\/p>\n<p><span style=\"color: #777777; font-family: Arial;\">Devant la crise qui nous secoue et les r\u00e9flexions qui doivent nous guider dans l&rsquo;apr\u00e8s, il a \u00e9crit un article sur le site AOC M\u00e9dia\u00a0:<br \/>\n<\/span><\/p>\n<p><span style=\"color: #777777; font-family: Arial;\">&lt;<a href=\"https:\/\/aoc.media\/opinion\/2020\/03\/29\/imaginer-les-gestes-barrieres-contre-le-retour-a-la-production-davant-crise\/\"><strong><span style=\"color: #0000ff;\">Imaginer les gestes-barri\u00e8res contre le retour \u00e0 la production d&rsquo;avant-crise<\/span><\/strong><\/a>&gt;<br \/>\n<\/span><\/p>\n<p><span style=\"color: #777777; font-family: Arial;\">Il fut aussi l&rsquo;invit\u00e9 de France Inter du vendredi 3 avril 2020\u00a0:&lt;<a href=\"https:\/\/www.franceinter.fr\/emissions\/l-invite-de-8h20-le-grand-entretien\/l-invite-de-8h20-le-grand-entretien-03-avril-2020\"><strong><span style=\"color: #0000ff;\">Si on ne profite pas de cette situation incroyable pour changer, c&rsquo;est g\u00e2cher une crise<\/span><\/strong><\/a>&gt;<br \/>\n<\/span><\/p>\n<p><span style=\"color: #777777; font-family: Arial;\">C&rsquo;est par l&rsquo;\u00e9mission de France Inter que j&rsquo;ai appris que parmi les nombreuses \u00e9tudes qu&rsquo;avaient r\u00e9alis\u00e9 Bruno Latour, il s&rsquo;\u00e9tait aussi int\u00e9ress\u00e9 aux microbes et aux \u00e9pid\u00e9mies.<br \/>\n<\/span><\/p>\n<p><img decoding=\"async\" class=\"alignleft\" src=\"https:\/\/lemotdujour.fr\/wp-content\/uploads\/2020\/04\/040520_1709_Lundi6avril1.jpg\" alt=\"\" align=\"left\" \/><span style=\"color: #777777; font-family: Arial;\">En 1984, il a \u00e9crit notamment\u00a0: \u00ab\u00a0<a href=\"https:\/\/fr.wikipedia.org\/wiki\/Pasteur:_Guerre_et_Paix_des_microbes\"><span style=\"color: #0000ff;\">Pasteur: Guerre et Paix des microbes\u00a0<\/span><\/a>\u00bb<br \/>\n<\/span><\/p>\n<p><span style=\"color: #777777; font-family: Arial;\">Et c&rsquo;est ainsi qu&rsquo;il r\u00e9pond \u00e0 Nicolas Demorand qui \u00e9voque la surprise devant cette pand\u00e9mie\u00a0:<br \/>\n<\/span><\/p>\n<p style=\"margin-left: 28pt;\"><span style=\"color: #c00000; font-family: Arial;\">\u00ab\u00a0Ce n&rsquo;est pas une situation surprenante pour ceux qui ont travaill\u00e9 sur l&rsquo;histoire de la m\u00e9decine, quand on laisse les microbes faire leur petit travail de mondialisation [\u2026] Chaque pays donne, \u00e0 cause de son syst\u00e8me de sant\u00e9 et sa pr\u00e9paration, une virulence \u00e0 ce virus. La virulence varie consid\u00e9rablement. [\u2026] La nouveaut\u00e9, c&rsquo;est la capacit\u00e9 qu&rsquo;a le virus de profiter de la globalisation. Imposer un r\u00e9gime de viralit\u00e9 \u00e0 M. Trump et M. Macron en quelques semaines c&rsquo;est assez stup\u00e9fiant.\u00a0\u00bb<br \/>\n<\/span><\/p>\n<p><span style=\"color: #777777; font-family: Arial;\">Et rejoignant la position de Sophie Mainguy-Besmain \u00ab <span style=\"color: #0000ff;\"><a style=\"color: #0000ff;\" href=\"https:\/\/lemotdujour.fr\/?p=8337\">Nous ne sommes pas en guerre et n&rsquo;avons pas \u00e0 l&rsquo;\u00eatre<\/a> <\/span>\u00bb il rejette la rh\u00e9torique guerri\u00e8re\u00a0:<br \/>\n<\/span><\/p>\n<p style=\"margin-left: 28pt;\"><span style=\"color: #c00000; font-family: Arial;\">\u00ab\u00a0Parler de guerre n&rsquo;a aucun sens\u00a0\u00bb<br \/>\n<\/span><\/p>\n<p><span style=\"color: #777777; font-family: Arial;\">Il dit des choses aussi simple que nous devons vivre avec le virus, quand un tr\u00e8s grand nombre aura \u00e9t\u00e9 contamin\u00e9, donc aura assimil\u00e9 le virus et rendu inoffensif, la crise sera surmont\u00e9.<br \/>\n<\/span><\/p>\n<p><span style=\"color: #777777; font-family: Arial;\">Ce n&rsquo;est pas combattre le virus dont il s&rsquo;agit, on ne le d\u00e9truit pas, on s&rsquo;y adapte.<br \/>\n<\/span><\/p>\n<p><span style=\"color: #777777; font-family: Arial;\">Et surtout ce qui parait important \u00e0 Bruno Latour c&rsquo;est de bien se rendre compte que l&rsquo;\u00e9preuve que nous vivons nous la surmonterons, avec plus ou moins de d\u00e9g\u00e2ts \u00e9conomiques, mais nous la surmonterons.<br \/>\n<\/span><\/p>\n<p><span style=\"color: #777777; font-family: Arial;\">Or il est une autre crise qui pour lui est plus grave et dont il n&rsquo;est pas certain que nous la surmonterons\u00a0:<br \/>\n<\/span><\/p>\n<p style=\"margin-left: 28pt;\"><span style=\"color: #c00000; font-family: Arial;\">\u00ab\u00a0En d\u00e9cembre, on allait vers une autre catastrophe qui est la mutation \u00e9cologique. Malgr\u00e9 la situation tragique que nous vivons, elle est moins tragique pour les gens qui s&rsquo;int\u00e9ressent \u00e0 la mutation \u00e9cologique\u00a0\u00bb<br \/>\n<\/span><\/p>\n<p><span style=\"color: #777777; font-family: Arial;\">Et il pose un premier constat qu&rsquo;il trouve encourageant\u00a0:<br \/>\n<\/span><\/p>\n<p style=\"margin-left: 28pt;\"><span style=\"color: #c00000; font-family: Arial;\">\u00ab\u00a0On a un arr\u00eat g\u00e9n\u00e9ral brusque [\u2026] On disait qu&rsquo;il \u00e9tait impossible de tout arr\u00eater, on l&rsquo;a fait en deux mois. On se rend compte que brusquement, on peut tout arr\u00eater et que les \u00c9tats peuvent s&rsquo;imposer.\u00a0\u00bb<br \/>\n<\/span><\/p>\n<p><span style=\"color: #777777; font-family: Arial;\">Et il ajoute\u00a0:<br \/>\n<\/span><\/p>\n<p style=\"margin-left: 28pt;\"><span style=\"color: #c00000; font-family: Arial;\">\u00ab\u00a0Si on ne profite pas de cette situation incroyable pour voir ce qu&rsquo;on garde ou pas, c&rsquo;est g\u00e2cher une crise, c&rsquo;est un crime.\u00a0\u00bb<br \/>\n<\/span><\/p>\n<p><span style=\"color: #777777; font-family: Arial;\">Et c&rsquo;est ainsi qu&rsquo;il d\u00e9butait aussi son article sur AOC MEDIA\u00a0:<br \/>\n<\/span><\/p>\n<p style=\"margin-left: 28pt;\"><span style=\"color: #c00000; font-family: Arial;\">\u00ab\u00a0Si tout est arr\u00eat\u00e9, tout peut \u00eatre remis en cause, infl\u00e9chi, s\u00e9lectionn\u00e9, tri\u00e9, interrompu pour de bon ou au contraire acc\u00e9l\u00e9r\u00e9. L&rsquo;inventaire annuel, c&rsquo;est maintenant qu&rsquo;il faut le faire. A la demande de bon sens : \u00ab Relan\u00e7ons le plus rapidement possible la production \u00bb, il faut r\u00e9pondre par un cri : \u00ab Surtout pas ! \u00bb. <strong>La derni\u00e8re des choses \u00e0 faire serait de reprendre \u00e0 l&rsquo;identique tout ce que nous faisions avant.<\/strong><br \/>\n<\/span><\/p>\n<p style=\"margin-left: 28pt;\"><span style=\"color: #c00000; font-family: Arial;\">Il y a peut-\u00eatre quelque chose d&rsquo;inconvenant \u00e0 se projeter dans l&rsquo;apr\u00e8s-crise alors que le personnel de sant\u00e9 est, comme on dit, \u00ab sur le front \u00bb, que des millions de gens perdent leur emploi et que beaucoup de familles endeuill\u00e9es ne peuvent m\u00eame pas enterrer leurs morts. Et pourtant, c&rsquo;est bien maintenant qu&rsquo;il faut se battre pour que la reprise \u00e9conomique, une fois la crise pass\u00e9e, ne ram\u00e8ne pas le m\u00eame ancien r\u00e9gime climatique contre lequel nous essayions jusqu&rsquo;ici, assez vainement, de lutter.<br \/>\n<\/span><\/p>\n<p style=\"margin-left: 28pt;\"><span style=\"color: #c00000; font-family: Arial;\">En effet, la crise sanitaire est ench\u00e2ss\u00e9e dans ce qui n&rsquo;est pas une crise \u2013 toujours passag\u00e8re \u2013 mais une mutation \u00e9cologique durable et irr\u00e9versible. Si nous avons de bonne chance de \u00ab sortir \u00bb de la premi\u00e8re, nous n&rsquo;en avons aucune de \u00ab sortir \u00bb de la seconde. Les deux situations ne sont pas \u00e0 la m\u00eame \u00e9chelle, mais il est tr\u00e8s \u00e9clairant de les articuler l&rsquo;une sur l&rsquo;autre. En tout cas, ce serait dommage de ne pas se servir de la crise sanitaire pour d\u00e9couvrir d&rsquo;autres moyens d&rsquo;entrer dans la mutation \u00e9cologique autrement qu&rsquo;\u00e0 l&rsquo;aveugle.<br \/>\n<\/span><\/p>\n<p style=\"margin-left: 28pt;\"><span style=\"color: #c00000; font-family: Arial;\">La premi\u00e8re le\u00e7on du coronavirus est aussi la plus stup\u00e9fiante : la preuve est faite, en effet, qu&rsquo;il est possible, en quelques semaines, de suspendre partout dans le monde et au m\u00eame moment, un syst\u00e8me \u00e9conomique dont on nous disait jusqu&rsquo;ici qu&rsquo;il \u00e9tait impossible \u00e0 ralentir ou \u00e0 rediriger. \u00c0 tous les arguments des \u00e9cologiques sur l&rsquo;infl\u00e9chissement de nos modes de vie, on opposait toujours l&rsquo;argument de la force irr\u00e9versible du \u00ab train du progr\u00e8s \u00bb que rien ne pouvait faire sortir de ses rails, \u00ab \u00e0 cause \u00bb, disait-on, \u00ab de la globalisation \u00bb. Or, c&rsquo;est justement son caract\u00e8re globalis\u00e9 qui rend si fragile ce fameux d\u00e9veloppement, susceptible au contraire de freiner puis de s&rsquo;arr\u00eater d&rsquo;un coup.<br \/>\n<\/span><\/p>\n<p style=\"margin-left: 28pt;\"><span style=\"color: #c00000; font-family: Arial;\">En effet, il n&rsquo;y a pas que les multinationales ou les accords commerciaux ou internet ou les tour operators pour globaliser la plan\u00e8te : chaque entit\u00e9 de cette m\u00eame plan\u00e8te poss\u00e8de une fa\u00e7on bien \u00e0 elle d&rsquo;accrocher ensemble les autres \u00e9l\u00e9ments qui composent, \u00e0 un moment donn\u00e9, le collectif. Cela est vrai du CO2 qui r\u00e9chauffe l&rsquo;atmosph\u00e8re globale par sa diffusion dans l&rsquo;air ; des oiseaux migrateurs qui transportent de nouvelles formes de grippe ; mais cela est vrai aussi, nous le r\u00e9apprenons douloureusement, du coronavirus dont la capacit\u00e9 \u00e0 relier \u00ab tous les humains \u00bb passe par le truchement apparemment inoffensif de nos divers crachotis. A globalisateur, globalisateur et demi : question de resocialiser des milliards d&rsquo;humains, les microbes se posent un peu l\u00e0 !\u00a0\u00bb<br \/>\n<\/span><\/p>\n<p><span style=\"color: #777777; font-family: Arial;\">Il cite l&rsquo;exemple d&rsquo;un fleuriste hollandais face \u00e0 la crise de pand\u00e9mie\u00a0:<br \/>\n<\/span><\/p>\n<p style=\"margin-left: 28pt;\"><img decoding=\"async\" class=\"alignleft\" src=\"https:\/\/lemotdujour.fr\/wp-content\/uploads\/2020\/04\/040520_1709_Lundi6avril2.jpg\" alt=\"\" align=\"left\" \/><span style=\"color: #c00000; font-family: Arial;\">\u00ab\u00a0Par exemple, l&rsquo;autre jour, on pr\u00e9sentait \u00e0 la t\u00e9l\u00e9vision un fleuriste hollandais, les larmes aux yeux, oblig\u00e9 de jeter des tonnes de tulipes pr\u00eates \u00e0 l&rsquo;envoi qu&rsquo;il ne pouvait plus exp\u00e9dier par avion dans le monde entier faute de client. On ne peut que le plaindre, bien s\u00fbr ; il est juste qu&rsquo;il soit indemnis\u00e9. Mais ensuite la cam\u00e9ra reculait montrant que ses tulipes, il les fait pousser hors-sol sous lumi\u00e8re artificielle avant de les livrer aux avions cargo de Schiphol dans une pluie de k\u00e9ros\u00e8ne ; de l\u00e0, l&rsquo;expression d&rsquo;un doute : \u00ab Mais est-il bien utile de prolonger cette fa\u00e7on de produire et de vendre ce type de fleurs ? \u00bb.<br \/>\n<\/span><\/p>\n<p><span style=\"color: #777777; font-family: Arial;\">Il en appelle donc \u00e0 profiter de cette crise pour r\u00e9fl\u00e9chir \u00e0 l&rsquo;apr\u00e8s, \u00e0 l&rsquo;indispensable, \u00e0 l&rsquo;utile dans le cadre de la contrainte \u00e9cologique.<br \/>\n<\/span><\/p>\n<p><span style=\"color: #777777; font-family: Arial;\">Je ne peux citer tout l&rsquo;article mais les 6 questions avec lesquels il le finit et qui s&rsquo;adresse \u00e0 chacun de nous\u00a0:<br \/>\n<\/span><\/p>\n<p style=\"margin-left: 28pt;\"><span style=\"color: #c00000; font-family: Arial;\">Un outil pour aider au discernement<br \/>\n<\/span><\/p>\n<p style=\"margin-left: 28pt;\"><span style=\"color: #c00000; font-family: Arial;\">Comme il est toujours bon de lier un argument \u00e0 des exercices pratiques, proposons aux lecteurs d&rsquo;essayer de r\u00e9pondre \u00e0 ce petit inventaire. Il sera d&rsquo;autant plus utile qu&rsquo;il portera sur une exp\u00e9rience personnelle directement v\u00e9cue. Il ne s&rsquo;agit pas seulement d&rsquo;exprimer une opinion qui vous viendrait \u00e0 l&rsquo;esprit, mais de d\u00e9crire une situation et peut-\u00eatre de la prolonger par une petite enqu\u00eate. C&rsquo;est seulement par la suite, si vous vous donnez les moyens de combiner les r\u00e9ponses pour composer le paysage cr\u00e9\u00e9 par la superposition des descriptions, que vous d\u00e9boucherez sur une expression politique incarn\u00e9e et concr\u00e8te \u2014 mais pas avant.<br \/>\nAttention : ceci n&rsquo;est pas un questionnaire, il ne s&rsquo;agit pas d&rsquo;un sondage. C&rsquo;est une aide \u00e0 l&rsquo;auto-description*.<br \/>\nIl s&rsquo;agit de faire la liste des activit\u00e9s dont vous vous sentez priv\u00e9s par la crise actuelle et qui vous donnent la sensation d&rsquo;une atteinte \u00e0 vos conditions essentielles de subsistance. Pour chaque activit\u00e9, pouvez-vous indiquer si vous aimeriez que celles-ci reprennent \u00e0 l&rsquo;identique (comme avant), mieux, ou qu&rsquo;elles ne reprennent pas du tout. R\u00e9pondez aux questions suivantes :<br \/>\n<\/span><\/p>\n<p style=\"margin-left: 28pt;\"><span style=\"color: #c00000; font-family: Arial;\"><strong>Question 1 :<\/strong> Quelles sont les activit\u00e9s maintenant suspendues dont vous souhaiteriez qu&rsquo;elles ne reprennent pas ?<br \/>\n<\/span><\/p>\n<p style=\"margin-left: 28pt;\"><span style=\"color: #c00000; font-family: Arial;\"><strong>Question 2<\/strong> : D\u00e9crivez a) pourquoi cette activit\u00e9 vous appara\u00eet nuisible\/ superflue\/ dangereuse\/ incoh\u00e9rente ; b) en quoi sa disparition\/ mise en veilleuse\/ substitution rendrait d&rsquo;autres activit\u00e9s que vous favorisez plus facile\/ plus coh\u00e9rente ? (Faire un paragraphe distinct pour chacune des r\u00e9ponses list\u00e9es \u00e0 la question 1.)<br \/>\n<\/span><\/p>\n<p style=\"margin-left: 28pt;\"><span style=\"color: #c00000; font-family: Arial;\"><strong>Question 3<\/strong> : Quelles mesures pr\u00e9conisez-vous pour que les ouvriers\/ employ\u00e9s\/ agents\/ entrepreneurs qui ne pourront plus continuer dans les activit\u00e9s que vous supprimez se voient faciliter la transition vers d&rsquo;autres activit\u00e9s ?<br \/>\n<\/span><\/p>\n<p style=\"margin-left: 28pt;\"><span style=\"color: #c00000; font-family: Arial;\"><strong>Question 4<\/strong> : Quelles sont les activit\u00e9s maintenant suspendues dont vous souhaiteriez qu&rsquo;elles se d\u00e9veloppent\/ reprennent ou celles qui devraient \u00eatre invent\u00e9es en remplacement ?<br \/>\n<\/span><\/p>\n<p style=\"margin-left: 28pt;\"><span style=\"color: #c00000; font-family: Arial;\"><strong>Question 5<\/strong> : D\u00e9crivez a) pourquoi cette activit\u00e9 vous appara\u00eet positive ; b) comment elle rend plus faciles\/ harmonieuses\/ coh\u00e9rentes d&rsquo;autres activit\u00e9s que vous favorisez ; et c) permettent de lutter contre celles que vous jugez d\u00e9favorables ? (Faire un paragraphe distinct pour chacune des r\u00e9ponses list\u00e9es \u00e0 la question 4.)<br \/>\n<\/span><\/p>\n<p style=\"margin-left: 28pt;\"><span style=\"color: #c00000; font-family: Arial;\"><strong>Question 6<\/strong> : Quelles mesures pr\u00e9conisez-vous pour aider les ouvriers\/ employ\u00e9s\/ agents\/ entrepreneurs \u00e0 acqu\u00e9rir les capacit\u00e9s\/ moyens\/ revenus\/ instruments permettant la reprise\/ le d\u00e9veloppement\/ la cr\u00e9ation de cette activit\u00e9 ?<br \/>\n<\/span><\/p>\n<p style=\"margin-left: 28pt;\">\n<p style=\"margin-left: 28pt;\"><span style=\"color: #c00000; font-family: Arial;\">(Trouvez ensuite un moyen pour comparer votre description avec celles d&rsquo;autres participants. La compilation puis la superposition des r\u00e9ponses devraient dessiner peu \u00e0 peu un paysage compos\u00e9 de lignes de conflits, d&rsquo;alliances, de controverses et d&rsquo;oppositions.)<br \/>\n<\/span><\/p>\n<p><span style=\"color: #777777; font-family: Arial;\">Je redonne le lien vers l&rsquo;article\u00a0: &lt;<span style=\"color: #0000ff;\"><a style=\"color: #0000ff;\" href=\"https:\/\/aoc.media\/opinion\/2020\/03\/29\/imaginer-les-gestes-barrieres-contre-le-retour-a-la-production-davant-crise\/\">Imaginer les gestes-barri\u00e8res contre le retour \u00e0 la production d&rsquo;avant-crise<\/a>&gt;<\/span><br \/>\n<\/span><\/p>\n<p><span style=\"color: #777777; font-family: Arial;\">Pendant ce temps, Trump profite de la <span style=\"color: #0000ff;\"><a style=\"color: #0000ff;\" href=\"https:\/\/fr.motor1.com\/news\/407711\/trump-abaissement-normes-emissions-co2\/\">crise pour enlever encore davantage les contraintes \u00e9cologiques<\/a><\/span> qu&rsquo;avaient pu imposer Obama.<br \/>\n<\/span><\/p>\n<p><span style=\"color: #777777; font-family: Arial;\">Il est \u00e0 craindre qu&rsquo;\u00e0 la sortie de cette crise, les nombreux ch\u00f4meurs et les entreprise affaiblies ou moribondes seront pr\u00eats \u00e0 relancer la machine \u00e9conomique par tous les moyens et m\u00eame les moins \u00e9cologiques.<br \/>\n<\/span><\/p>\n<p><span style=\"color: #777777; font-family: Arial;\">Mais je crois que fondamentalement Bruno Latour a raison de nous interpeller car cette crise est aussi une opportunit\u00e9 pour nous pour r\u00e9fl\u00e9chir et \u00e9voluer.<br \/>\n<\/span><\/p>\n<p><span style=\"color: #777777; font-family: Arial;\">Achetez-vous encore des roses\u00a0alors que vous savez que celles que vous trouvez chez votre fleuriste <a href=\"https:\/\/www.lemonde.fr\/planete\/article\/2011\/02\/14\/nos-roses-de-la-saint-valentin-assechent-un-lac-au-kenya_5981965_3244.html\"><span style=\"color: #0000ff;\">ass\u00e8chent des lacs au Kenya<\/span><\/a> et cr\u00e9ent des d\u00e9sastres \u00e9cologiques\u00a0?<br \/>\n<\/span><\/p>\n<p><span style=\"color: #777777; font-family: Arial;\">R\u00e9fl\u00e9chissez-vous \u00e0 votre mani\u00e8re de faire du tourisme\u00a0?<br \/>\n<\/span><\/p>\n<p><span style=\"color: #777777; font-family: Arial;\">Beaucoup de solutions finalement d\u00e9pendent aussi de nous, c&rsquo;est ce que nous apprend Bruno Latour.<br \/>\n<\/span><\/p>\n<p><span style=\"color: #777777; font-family: Arial;\">&lt;<a href=\"https:\/\/aoc.media\/opinion\/2020\/03\/29\/imaginer-les-gestes-barrieres-contre-le-retour-a-la-production-davant-crise\/\"><strong><span style=\"color: #0000ff;\">Imaginer les gestes-barri\u00e8res contre le retour \u00e0 la production d&rsquo;avant-crise<\/span><\/strong><\/a>&gt;<br \/>\n<\/span><\/p>\n<p><span style=\"color: #c00000; font-family: Arial;\">&lt;1389&gt;<\/span><\/p>\n","protected":false},"excerpt":{"rendered":"<p>\u00ab\u00a0La derni\u00e8re des choses \u00e0 faire serait de reprendre \u00e0 l\u2019identique tout ce que nous faisions avant.\u00a0\u00bb Bruno Latour Wikipedia nous informe que Bruno Latour est class\u00e9 parmi les chercheurs les plus cit\u00e9s en sciences humaines et jouit d&rsquo;une tr\u00e8s<\/p>\n","protected":false},"author":1,"featured_media":0,"comment_status":"open","ping_status":"closed","sticky":false,"template":"","format":"standard","meta":{"footnotes":""},"categories":[1],"tags":[43,126],"class_list":["post-8489","post","type-post","status-publish","format-standard","hentry","category-motdujour","tag-ecologie","tag-pandemie"],"_links":{"self":[{"href":"https:\/\/lemotdujour.fr\/index.php?rest_route=\/wp\/v2\/posts\/8489","targetHints":{"allow":["GET"]}}],"collection":[{"href":"https:\/\/lemotdujour.fr\/index.php?rest_route=\/wp\/v2\/posts"}],"about":[{"href":"https:\/\/lemotdujour.fr\/index.php?rest_route=\/wp\/v2\/types\/post"}],"author":[{"embeddable":true,"href":"https:\/\/lemotdujour.fr\/index.php?rest_route=\/wp\/v2\/users\/1"}],"replies":[{"embeddable":true,"href":"https:\/\/lemotdujour.fr\/index.php?rest_route=%2Fwp%2Fv2%2Fcomments&post=8489"}],"version-history":[{"count":3,"href":"https:\/\/lemotdujour.fr\/index.php?rest_route=\/wp\/v2\/posts\/8489\/revisions"}],"predecessor-version":[{"id":8492,"href":"https:\/\/lemotdujour.fr\/index.php?rest_route=\/wp\/v2\/posts\/8489\/revisions\/8492"}],"wp:attachment":[{"href":"https:\/\/lemotdujour.fr\/index.php?rest_route=%2Fwp%2Fv2%2Fmedia&parent=8489"}],"wp:term":[{"taxonomy":"category","embeddable":true,"href":"https:\/\/lemotdujour.fr\/index.php?rest_route=%2Fwp%2Fv2%2Fcategories&post=8489"},{"taxonomy":"post_tag","embeddable":true,"href":"https:\/\/lemotdujour.fr\/index.php?rest_route=%2Fwp%2Fv2%2Ftags&post=8489"}],"curies":[{"name":"wp","href":"https:\/\/api.w.org\/{rel}","templated":true}]}}