{"id":8471,"date":"2020-04-05T02:47:20","date_gmt":"2020-04-05T00:47:20","guid":{"rendered":"http:\/\/lemotdujour.fr\/?p=8471"},"modified":"2020-04-05T17:12:23","modified_gmt":"2020-04-05T15:12:23","slug":"dimanche-5-avril-2020","status":"publish","type":"post","link":"https:\/\/lemotdujour.fr\/?p=8471","title":{"rendered":"Dimanche 5 avril 2020"},"content":{"rendered":"<div class=\"mdjTexte\">\u00abLa symphonie N\u00b02 \u00ab\u00a0R\u00e9surrection \u00bb<\/div>\n<div class=\"mdjAuteur\">Gustav Mahler<\/div>\n<p><strong><span style=\"color: #ff6600;\"><em>Mot de jour sp\u00e9cial pendant la p\u00e9riode de confinement suite \u00e0 la pand\u00e9mie du COVID-19<\/em><\/span><\/strong><\/p>\n<p><span style=\"color: #777777; font-family: Arial;\">Dimanche dernier, ARTE a retransmis, un concert qui a eu lieu en 2019 \u00e0 Barcelone.<br \/>\n<\/span><\/p>\n<p><img loading=\"lazy\" decoding=\"async\" class=\"alignleft\" src=\"https:\/\/lemotdujour.fr\/wp-content\/uploads\/2020\/04\/040420_1847_Dimanche5av1.png\" alt=\"\" width=\"388\" height=\"218\" align=\"left\" \/><span style=\"color: #777777; font-family: Arial;\">Dans une salle somptueuse<br \/>\n<\/span><\/p>\n<p><span style=\"color: #777777; font-family: Arial;\">Une interpr\u00e9tation magistrale<br \/>\n<\/span><\/p>\n<p><span style=\"color: #777777; font-family: Arial;\">D&rsquo;un tr\u00e8s grand chef d&rsquo;\u0153uvre symphonique du r\u00e9pertoire.<br \/>\n<\/span><\/p>\n<p><span style=\"color: #777777; font-family: Arial;\">Vous trouverez ci-apr\u00e8s trois liens qui vous permettront de regarder et \u00e9couter ce moment magique\u00a0:<br \/>\n<\/span><\/p>\n<p><a href=\"https:\/\/www.emissionreplay.fr\/gustavo-dudamel-dirige-mahler-a-barcelone\/29-mars-2020-829923\"><span style=\"font-family: Arial;\"><span style=\"color: #0000ff;\">&lt;REPLAY ARTE&gt;<\/span><\/span><\/a><span style=\"color: #0000ff; font-family: Arial;\"> \u00a0\u00a0 <\/span><span style=\"color: #0000ff;\"><a style=\"color: #0000ff;\" href=\"https:\/\/www.youtube.com\/watch?v=-Q89wbZsea4\"><span style=\"font-family: Arial;\">&lt;Sur Youtube&gt;<\/span><\/a><span style=\"font-family: Arial;\"> \u00a0 <\/span><\/span><span style=\"color: #0000ff;\"><a style=\"color: #0000ff;\" href=\"https:\/\/www.molotov.tv\/fr_fr\/p\/209385-34\/gustavo-dudamel-dirige-mahler-a-barcelone\"><span style=\"font-family: Arial;\">&lt;Sur Molotov&gt;<\/span><\/a><\/span><span style=\"color: #777777; font-family: Arial;\"><br \/>\n<\/span><\/p>\n<p><span style=\"color: #777777; font-family: Arial;\">La lecture de ce mot du jour peut donc s&rsquo;arr\u00eater l\u00e0 et basculer vers le visionnage de ce concert. <\/span><span style=\"color: #777777; font-family: Arial;\">Voici l&rsquo;essentiel.<br \/>\n<\/span><\/p>\n<p><span style=\"color: #777777; font-family: Arial;\">Mais on peut aller un peu plus loin\u2026<br \/>\n<\/span><\/p>\n<p><span style=\"color: #777777; font-family: Arial;\"><span style=\"text-decoration: underline;\"><strong>D&rsquo;abord s&rsquo;int\u00e9resser \u00e0 cette extraordinaire salle de concert<\/strong><\/span> &lt;<em><br \/>\n<\/em><a href=\"https:\/\/fr.wikipedia.org\/wiki\/Palais_de_la_musique_catalane\"><span style=\"color: #0000ff;\"><strong>Palau de la M\u00fasica Catalana<\/strong><em>&gt; \u00ab\u00a0<\/em>Le palais de la musique catalane\u00a0\u00bb construit entre 1905 \u00e0 1908.<\/span><br \/>\n<\/a><\/span><\/p>\n<p><span style=\"color: #777777; font-family: Arial;\">Wikipedia nous apprend que les b\u00e2tisseurs ont fait appel \u00e0 des structures avanc\u00e9es telles que l&rsquo;utilisation de nouveaux profils laminaires : il s&rsquo;agit d&rsquo;une structure m\u00e9tallique centrale stabilis\u00e9e par des contreforts et des vo\u00fbtes d&rsquo;inspiration gothique. L&rsquo;architecte innove par l&rsquo;utilisation de murs-rideaux et fait appel \u00e0 une grande vari\u00e9t\u00e9 de techniques artistiques : sculptures, mosa\u00efques, vitraux et ferronneries.<br \/>\n<\/span><span style=\"color: #777777; font-family: Arial;\">L&rsquo;architecte est catalan comme il se doit \u00e0 Barcelone <strong>Llu\u00eds Dom\u00e8nech i Montaner. <\/strong>Cette salle a d&rsquo;ailleurs m\u00eal\u00e9 son histoire avec celle de la Catalogne et ses combats contre le fascisme et pour l&rsquo;ind\u00e9pendance.<br \/>\n<\/span><\/p>\n<p><span style=\"color: #777777; font-family: Arial;\">Certains pr\u00e9tendent qu&rsquo;il s&rsquo;agit de la plus belle salle de concert du monde.<br \/>\n<\/span><\/p>\n<p><span style=\"color: #777777; font-family: Arial;\">La salle de concert est le seul auditorium en Europe \u00e0 n&rsquo;\u00eatre \u00e9clair\u00e9 pendant la journ\u00e9e que par la lumi\u00e8re naturelle.<br \/>\n<\/span><\/p>\n<p><span style=\"color: #777777; font-family: Arial;\">Le chef d&rsquo;orchestre de ce concert <strong>Gustavo Dudamel<\/strong> dit\u00a0:<br \/>\n<\/span><\/p>\n<p style=\"margin-left: 28pt;\"><span style=\"color: #c00000; font-family: Arial;\">\u00ab\u00a0La beaut\u00e9, l&rsquo;aura de cette salle sont uniques au monde.<br \/>\nC&rsquo;est un espace qui n&rsquo;a rien de conventionnel.<br \/>\nA chaque venue, on y d\u00e9couvre quelque chose de nouveau.\u00a0\u00bb<br \/>\n<\/span><\/p>\n<p><img decoding=\"async\" src=\"https:\/\/lemotdujour.fr\/wp-content\/uploads\/2020\/04\/040420_1847_Dimanche5av2.jpg\" alt=\"\" \/><span style=\"color: #777777; font-family: Arial;\"><strong>Ensuite, on peut s&rsquo;int\u00e9resser \u00e0 l&rsquo;interpr\u00e9tation et aux interpr\u00e8tes<\/strong>.<br \/>\n<\/span><\/p>\n<p><span style=\"color: #777777; font-family: Arial;\">L&rsquo;Orchestre est <\/span><a href=\"https:\/\/www.mphil.de\/\"><strong><span style=\"color: #0000ff;\">l&rsquo;Orchestre Philharmonique de Munich<\/span><\/strong><\/a><span style=\"color: #0000ff;\"><strong>.<\/strong><\/span><br \/>\n<span style=\"color: #777777; font-family: Arial;\">Ce fut d\u00e9j\u00e0 l&rsquo;Orchestre qui fut celui du concert de la 8<sup>\u00e8me<\/sup> symphonie de Mahler que j&rsquo;ai essay\u00e9 de raconter lors du &lt;<a href=\"https:\/\/lemotdujour.fr\/?p=6220\"><span style=\"color: #0000ff;\">mot du jour du 20 f\u00e9vrier 2019<\/span><\/a>&gt;<br \/>\n<\/span><\/p>\n<p><span style=\"color: #777777; font-family: Arial;\">Cet orchestre fond\u00e9 en 1893 fut dirig\u00e9 plusieurs fois par Gustav Mahler qui le dirige d\u00e8s 1897, et qui y cr\u00e9e ses Quatri\u00e8me et Huiti\u00e8me Symphonies. C&rsquo;est le disciple de Gustav Mahler, Bruno Walter qui assurera la cr\u00e9ation du Chant de la terre de Mahler en 1911, toujours avec cet orchestre.<br \/>\n<\/span><\/p>\n<p><span style=\"color: #777777; font-family: Arial;\">Orchestre qui connut son apog\u00e9e, entre 1979 et 1996, lorsque son directeur musical fut <strong>Sergiu Celibidache<\/strong>, musicien exceptionnel \u00e0 qui je n&rsquo;ai pas encore consacr\u00e9 de mot du jour, mais cela ne pourra durer.<br \/>\n<\/span><\/p>\n<p><img loading=\"lazy\" decoding=\"async\" class=\"alignleft\" src=\"https:\/\/lemotdujour.fr\/wp-content\/uploads\/2020\/04\/040420_1847_Dimanche5av3.png\" alt=\"\" width=\"354\" height=\"189\" align=\"left\" \/><span style=\"color: #777777; font-family: Arial;\">Le chef d&rsquo;orchestre est <a href=\"https:\/\/www.gustavodudamel.com\/\"><strong><span style=\"color: #0000ff;\">Gustavo Dudamel<\/span><\/strong><\/a><span style=\"color: #0000ff;\">.<\/span><br \/>\n<\/span><\/p>\n<p><span style=\"color: #777777; font-family: Arial;\">Un des plus grands chef d&rsquo;orchestre actuel, n\u00e9 en 1981, il a \u00e9t\u00e9 nomm\u00e9 en 2009 donc \u00e0 28 ans directeur musical de l&rsquo;Orchestre Philharmonique de Los Angeles, soit un des plus grand orchestre du monde, c&rsquo;est absolument unique. L&rsquo;orchestre a d&rsquo;ailleurs d\u00e9cid\u00e9 de renouveler son contrat jusqu&rsquo;\u00e0 2026.<br \/>\n<\/span><\/p>\n<p><span style=\"color: #777777; font-family: Arial;\">Tr\u00e8s jeune, il \u00e9tait arriv\u00e9 \u00e0 convaincre et \u00e0 se faire conseiller par les grands chefs\u00a0: Claudio Abbado, Daniel Barenbo\u00efm et Simon Rattle.<br \/>\n<\/span><\/p>\n<p><span style=\"color: #777777; font-family: Arial;\">Mais ses d\u00e9buts et son apprentissage, a eu lieu dans ce formidable programme d&rsquo;\u00e9ducation musicale <span style=\"color: #0000ff;\"><a style=\"color: #0000ff;\" title=\"El Sistema\" href=\"https:\/\/fr.wikipedia.org\/wiki\/El_Sistema\">El Sistema<\/a><\/span> qui a \u00e9t\u00e9 fond\u00e9 par Jos\u00e9 Antonio Abreu au Venezuela et qui propose une m\u00e9thode d&rsquo;apprentissage alternative de la musique en permettant une int\u00e9gration sociale de jeunes d\u00e9favoris\u00e9s.<br \/>\n<\/span><\/p>\n<p><span style=\"color: #777777; font-family: Arial;\">L&rsquo;\u00e9lite de ces musiciens int\u00e8gre l&rsquo;<a title=\"Orchestre symphonique Sim\u00f3n Bol\u00edvar\" href=\"https:\/\/fr.wikipedia.org\/wiki\/Orchestre_symphonique_Sim%C3%B3n_Bol%C3%ADvar\"><span style=\"color: #0000ff;\">Orchestre symphonique des jeunes du Venezuela Sim\u00f3n Bol\u00edvar<\/span><\/a>. D&rsquo;abord violoniste dans cet orchestre, il en devient rapidement le chef et fait des tourn\u00e9es mondiales avec cet orchestre d&rsquo;une qualit\u00e9 remarquable.<br \/>\n<\/span><\/p>\n<p><span style=\"color: #777777; font-family: Arial;\">Il faut voir et \u00e9couter cet orchestre, dirig\u00e9 par Dudamel, jouait &lt;<a href=\"https:\/\/www.youtube.com\/watch?v=RFUmQpjGZXE\"><span style=\"color: #0000ff;\">Mambo de West Side Story Bersntein<\/span><\/a>&gt;<br \/>\n<\/span><\/p>\n<p><span style=\"color: #777777; font-family: Arial;\">Et voici avec cette m\u00eame formation, &lt;<span style=\"color: #0000ff;\"><a style=\"color: #0000ff;\" href=\"https:\/\/www.youtube.com\/watch?v=rKrsEbjXYX8\">Dudamel qui dirige aussi la 2<sup>\u00e8me<\/sup> symphonie de Mahler<\/a>&gt;<\/span><br \/>\n<\/span><\/p>\n<p><span style=\"color: #777777; font-family: Arial;\">Avec Annie et Florence nous avons eu la chance de le voir avec son orchestre de Los Angel\u00e9s. <\/span><span style=\"color: #777777; font-family: Arial;\">Chef charismatique, formidable musicien, il emporte l&rsquo;adh\u00e9sion.<br \/>\n<\/span><\/p>\n<p><span style=\"color: #777777; font-family: Arial;\">Ce concert a aussi mis en valeur un ch\u0153ur espagnol \u00ab\u00a0<strong>Orfe\u00f3 Catal\u00e0 &amp; Cor de Cambra del Palau de la M\u00fasica Catalana<\/strong>\u00a0\u00bb (Simon Halsey Director)<br \/>\n<\/span><\/p>\n<p><span style=\"color: #777777; font-family: Arial;\">Et aussi deux solistes remarquables\u00a0:<br \/>\n<\/span><\/p>\n<p><span style=\"color: #777777; font-family: Arial;\">La soprano isra\u00e9lienne <strong>Chen Reiss<\/strong>, soprano et surtout une mezzosoprano am\u00e9ricaine que je ne connaissais pas\u00a0: <strong>Tamara Mumford<\/strong><br \/>\n<\/span><\/p>\n<p><img loading=\"lazy\" decoding=\"async\" class=\"alignright\" src=\"https:\/\/lemotdujour.fr\/wp-content\/uploads\/2020\/04\/040420_1847_Dimanche5av4.png\" alt=\"\" width=\"330\" height=\"186\" align=\"left\" \/><span style=\"color: #777777; font-family: Arial;\">Quand elle se l\u00e8ve pour chanter, la premi\u00e8re surprise est sa voix grave et profonde.<br \/>\n<\/span><\/p>\n<p><span style=\"color: #777777; font-family: Arial;\">Et puis, il y a l&rsquo;\u00e9motion qu&rsquo;elle d\u00e9gage dans son interpr\u00e9tation et qui \u00e9meut m\u00eame Gustavo Dudamel.<br \/>\n<\/span><\/p>\n<p><span style=\"color: #777777; font-family: Arial;\"><strong>Apr\u00e8s les interpr\u00e8tes, il faut aussi s&rsquo;int\u00e9resser \u00e0 l&rsquo;\u0153uvre<\/strong>.<br \/>\n<\/span><\/p>\n<p><span style=\"color: #777777; font-family: Arial;\">D&rsquo;ailleurs l&rsquo;\u0153uvre est premi\u00e8re par rapport aux interpr\u00e8tes.<br \/>\n<\/span><\/p>\n<p><span style=\"color: #777777; font-family: Arial;\">La 2<sup>\u00e8me<\/sup> symphonie est la symphonie la plus populaire de Mahler probablement celle la plus souvent jou\u00e9e dans les salles de concert. Elle fut cr\u00e9\u00e9e le 13 d\u00e9cembre 1895 \u00e0 Berlin.<br \/>\n<\/span><\/p>\n<p><span style=\"color: #777777; font-family: Arial;\">Gustavo Dudamel la d\u00e9crit de la mani\u00e8re suivante\u00a0:<br \/>\n<\/span><\/p>\n<p style=\"margin-left: 28pt;\"><span style=\"color: #c00000; font-family: Arial;\">\u00ab\u00a0C&rsquo;est un hymne \u00e0 la vie \u00e9ternelle<br \/>\nUn hymne \u00e0 la continuit\u00e9.<br \/>\nUn hymne \u00e0 la r\u00e9surrection perp\u00e9tuelle\u00a0\u00bb<br \/>\n<\/span><\/p>\n<p><span style=\"color: #777777; font-family: Arial;\">Cette symphonie est si populaire que lorsqu&rsquo;on a vendu la partition originale aux ench\u00e8res, elle est devenue la partition la plus ch\u00e8re de l&rsquo;Histoire, le 29 novembre 2016, \u00e0 Londres. <a href=\"https:\/\/www.lefigaro.fr\/culture\/encheres\/2016\/11\/29\/03016-20161129ARTFIG00230-la-2eme-symphonie-de-mahler-fait-un-malheur-aux-encheres.php\"><span style=\"color: #0000ff;\">Le manuscrit<\/span><\/a> d&rsquo;un morceau du compositeur autrichien a atteint le prix record de 5,32 millions d&rsquo;euros.<br \/>\n<\/span><\/p>\n<p><img loading=\"lazy\" decoding=\"async\" class=\"wp-image-8485 alignright\" src=\"https:\/\/lemotdujour.fr\/wp-content\/uploads\/2020\/04\/AKM006-1-202x300.jpg\" alt=\"\" width=\"299\" height=\"444\" srcset=\"https:\/\/lemotdujour.fr\/wp-content\/uploads\/2020\/04\/AKM006-1-202x300.jpg 202w, https:\/\/lemotdujour.fr\/wp-content\/uploads\/2020\/04\/AKM006-1.jpg 487w\" sizes=\"auto, (max-width: 299px) 100vw, 299px\" \/><\/p>\n<p><span style=\"color: #008000;\"><em><span style=\"font-family: Arial;\">Photo d\u00e9dicac\u00e9e par Mahler au chef belge Sylvain Dupuis qui avait programm\u00e9 la 2\u00e8me \u00e0 Li\u00e8ge en 1899 et invita le compositeur \u00e0 la diriger \u00e0 son tour l&rsquo;ann\u00e9e suivante.<\/span><\/em><\/span><\/p>\n<p><span style=\"color: #777777; font-family: Arial;\">Pour en savoir plus, il peut \u00eatre pertinent de se r\u00e9f\u00e9rer au site &lt;<a href=\"https:\/\/www.espritsnomades.net\/musiques\/gustav-mahler-symphonie-n-2-dite-resurrection\/\"><span style=\"color: #0000ff;\">Esprits Nomades<\/span><\/a>&gt;\u00a0:<br \/>\n<\/span><\/p>\n<p style=\"margin-left: 28pt;\"><span style=\"color: #c00000; font-family: Arial;\">\u00ab\u00a0La Deuxi\u00e8me symphonie semble d&rsquo;une seule coul\u00e9e, emportant l&rsquo;auditeur vers l&rsquo;\u00e9lan final, vers l&rsquo;au-del\u00e0. Pourtant elle aura mis plus de six ans \u00e0 venir au monde. [\u2026]<br \/>\n<\/span><span style=\"color: #c00000; font-family: Arial;\">Mahler aimera toujours cette \u0153uvre et en ferra sa carte de visite aupr\u00e8s des orchestres [\u2026]<br \/>\n<\/span><span style=\"color: #c00000; font-family: Arial;\">Mahler l&rsquo;a dirig\u00e9e treize fois et l&rsquo;a choisie pour son concert d&rsquo;adieu \u00e0 Vienne afin de marquer la fin de son r\u00e8gne de 10 ans comme directeur de l&rsquo;Op\u00e9ra de Vienne. [\u2026]<br \/>\n<\/span><span style=\"color: #c00000; font-family: Arial;\">Plus qu&rsquo;une musique c&rsquo;est une vision. Vision spirituelle et m\u00e9taphysique et aussi description des combats tumultueux pour arriver \u00e0 la lumi\u00e8re. Le th\u00e8me est vieux comme le monde : le probl\u00e8me de la vie et de la mort r\u00e9solu par la r\u00e9surrection.<br \/>\n<\/span><\/p>\n<p style=\"margin-left: 28pt;\"><span style=\"color: #c00000; font-family: Arial;\">Bien des forces antagonistes se combattent, en cela elle est la plus beethov\u00e9nienne des musiques de Mahler.\u00a0\u00bb<br \/>\n<\/span><\/p>\n<p><span style=\"color: #777777; font-family: Arial;\"><em>La mezzo chante dans le quatri\u00e8me mouvement\u00a0:<br \/>\n<\/em><\/span><\/p>\n<p style=\"margin-left: 28pt;\"><span style=\"color: #c00000; font-family: Arial;\"><em>\u00ab\u00a0L&rsquo;homme est accabl\u00e9 d&rsquo;une si grande souffrance\u00a0!<\/em><br \/>\n<em>L&rsquo;homme est accabl\u00e9 d&rsquo;une si grande peine\u00a0!\u00a0\u00bb<\/em><br \/>\n<\/span><\/p>\n<p><span style=\"color: #777777; font-family: Arial;\">A cela le ch\u0153ur et les deux solistes vont r\u00e9pondre dans le 5<sup>\u00e8me<\/sup> mouvement\u00a0:<br \/>\n<\/span><\/p>\n<p style=\"margin-left: 28pt;\"><span style=\"color: #c00000; font-family: Arial;\">\u00ab\u00a0Ressusciter, oui, tu vas ressusciter, [\u2026]<br \/>\n<\/span><span style=\"color: #c00000; font-family: Arial;\">O crois, mon \u00e2me, crois<br \/>\n<\/span><span style=\"color: #c00000; font-family: Arial;\">que rien n&rsquo;est perdu pour toi !<br \/>\n<\/span><span style=\"color: #c00000; font-family: Arial;\">Tu as maintenant ce que tu as d\u00e9sir\u00e9,<br \/>\n<\/span><span style=\"color: #c00000; font-family: Arial;\">ce que tu as aim\u00e9, ce pour quoi tu as lutt\u00e9 !<br \/>\n<\/span><span style=\"color: #c00000; font-family: Arial;\">O crois que tu n&rsquo;es pas n\u00e9e en vain,<br \/>\n<\/span><span style=\"color: #c00000; font-family: Arial;\">que ce n&rsquo;est pas en vain que tu as v\u00e9cu et souffert !<br \/>\n<\/span><span style=\"color: #c00000; font-family: Arial;\">Ce qui a \u00e9t\u00e9 engendr\u00e9 doit passer, ce qui est pass\u00e9 doit ressusciter ! Cesse de trembler ! Pr\u00e9pare-toi ! Pr\u00e9pare-toi \u00e0 vivre ! [\u2026]<br \/>\n<\/span><span style=\"color: #c00000; font-family: Arial;\">Ressusciter, oui, tu vas ressusciter, mon \u00e2me, seul instant !<br \/>\n<\/span><span style=\"color: #c00000; font-family: Arial;\">Et ce que tu as vaincu<br \/>\n<\/span><span style=\"color: #c00000; font-family: Arial;\">te m\u00e8nera vers Dieu !\u00a0\u00bb<br \/>\n<\/span><\/p>\n<p><span style=\"color: #777777; font-family: Arial;\">C&rsquo;est merveilleusement beau.<br \/>\n<\/span><\/p>\n<p><span style=\"color: #777777; font-family: Arial;\">La salle, les interpr\u00e8tes, l&rsquo;\u0153uvre et un dernier point pourrait \u00eatre<strong> ma relation personnelle avec cette \u0153uvre.<\/strong><br \/>\n<\/span><\/p>\n<p><span style=\"color: #777777; font-family: Arial;\">La relation notamment en concert. <\/span><span style=\"color: #777777; font-family: Arial;\">Je pense que c&rsquo;est l&rsquo;\u0153uvre symphonique que j&rsquo;ai le plus souvent entendu en concert.<br \/>\n<\/span><\/p>\n<p><span style=\"color: #777777; font-family: Arial;\">Nous avons d\u00e9j\u00e0 eu deux concerts de la 2<sup>\u00e8me<\/sup> de Mahler \u00e0 l&rsquo;Auditorium de Lyon et cette saison, il est pr\u00e9vu le 23 mai que nous ayons \u00e0 nouveau cette symphonie dirig\u00e9e par Jukka-Pekka Saraste \u00e0 Lyon. Le confinement sera-t-il termin\u00e9\u00a0?<br \/>\n<\/span><\/p>\n<p><span style=\"color: #777777; font-family: Arial;\">Et puis je l&rsquo;ai entendu plusieurs fois \u00e0 Paris.<br \/>\n<\/span><\/p>\n<p><span style=\"color: #777777; font-family: Arial;\">Mais deux concerts sont rest\u00e9s tr\u00e8s forts dans ma m\u00e9moire.<br \/>\n<\/span><\/p>\n<ul>\n<li><span style=\"color: #777777; font-family: Arial;\">Le <strong>mardi 26 avril 1988<\/strong>, \u00e0 la salle Pleyel, nous avons assist\u00e9 Annie et moi \u00e0 notre premier concert en commun, ce fut la 2<sup>\u00e8me <\/sup> symphonie de Mahler avec l&rsquo;orchestre de Paris dirig\u00e9 par <strong>Eliahu Inbal<\/strong>.<br \/>\n<\/span><\/li>\n<\/ul>\n<p><span style=\"color: #777777; font-family: Arial;\">Depuis nous ne nous sommes plus quitt\u00e9s.<br \/>\n<\/span><\/p>\n<ul>\n<li><span style=\"color: #777777; font-family: Arial;\">Et puis le mercredi <strong>30 mai 2012, \u00e0 Anger<\/strong>s, sur l&rsquo;insistance de mon ami Didier, avec Didier et H\u00e9l\u00e8ne j&rsquo;ai assist\u00e9 <strong>au dernier concert dans lequel j&rsquo;ai vu mon fr\u00e8re G\u00e9rard jouer.<\/strong><br \/>\n<\/span><\/li>\n<\/ul>\n<p><span style=\"color: #777777; font-family: Arial;\">Il \u00e9tait, alors, le super soliste de l&rsquo;orchestre philharmonique des pays de la Loire et menait donc l&rsquo;orchestre dans cette 2<sup>\u00e8me<\/sup> symphonie dans le cadre de la comm\u00e9moration des 40 ans de l&rsquo;Orchestre.<br \/>\n<\/span><\/p>\n<p><img decoding=\"async\" src=\"https:\/\/lemotdujour.fr\/wp-content\/uploads\/2020\/04\/040420_1847_Dimanche5av5.jpg\" alt=\"\" \/><span style=\"color: #777777; font-family: Arial;\">Dans le cadre de l&rsquo;\u00e9preuve de COVID-19, il ne me semble pas trop t\u00f4t de parler de r\u00e9surrection.<br \/>\n<\/span><\/p>\n<p><span style=\"color: #777777; font-family: Arial;\">Il est important, quand on se trouve dans l&rsquo;\u00e9preuve, de savoir qu&rsquo;il y aura une fin et un nouveau d\u00e9part.<br \/>\n<\/span><\/p>\n<p><span style=\"color: maroon; font-family: Arial;\">&lt;1388&gt;<\/span><\/p>\n","protected":false},"excerpt":{"rendered":"<p>\u00abLa symphonie N\u00b02 \u00ab\u00a0R\u00e9surrection \u00bb Gustav Mahler Mot de jour sp\u00e9cial pendant la p\u00e9riode de confinement suite \u00e0 la pand\u00e9mie du COVID-19 Dimanche dernier, ARTE a retransmis, un concert qui a eu lieu en 2019 \u00e0 Barcelone. Dans une salle<\/p>\n","protected":false},"author":1,"featured_media":0,"comment_status":"open","ping_status":"closed","sticky":false,"template":"","format":"standard","meta":{"footnotes":""},"categories":[1],"tags":[20,126,19],"class_list":["post-8471","post","type-post","status-publish","format-standard","hentry","category-motdujour","tag-musique","tag-pandemie","tag-personnel"],"_links":{"self":[{"href":"https:\/\/lemotdujour.fr\/index.php?rest_route=\/wp\/v2\/posts\/8471","targetHints":{"allow":["GET"]}}],"collection":[{"href":"https:\/\/lemotdujour.fr\/index.php?rest_route=\/wp\/v2\/posts"}],"about":[{"href":"https:\/\/lemotdujour.fr\/index.php?rest_route=\/wp\/v2\/types\/post"}],"author":[{"embeddable":true,"href":"https:\/\/lemotdujour.fr\/index.php?rest_route=\/wp\/v2\/users\/1"}],"replies":[{"embeddable":true,"href":"https:\/\/lemotdujour.fr\/index.php?rest_route=%2Fwp%2Fv2%2Fcomments&post=8471"}],"version-history":[{"count":6,"href":"https:\/\/lemotdujour.fr\/index.php?rest_route=\/wp\/v2\/posts\/8471\/revisions"}],"predecessor-version":[{"id":8486,"href":"https:\/\/lemotdujour.fr\/index.php?rest_route=\/wp\/v2\/posts\/8471\/revisions\/8486"}],"wp:attachment":[{"href":"https:\/\/lemotdujour.fr\/index.php?rest_route=%2Fwp%2Fv2%2Fmedia&parent=8471"}],"wp:term":[{"taxonomy":"category","embeddable":true,"href":"https:\/\/lemotdujour.fr\/index.php?rest_route=%2Fwp%2Fv2%2Fcategories&post=8471"},{"taxonomy":"post_tag","embeddable":true,"href":"https:\/\/lemotdujour.fr\/index.php?rest_route=%2Fwp%2Fv2%2Ftags&post=8471"}],"curies":[{"name":"wp","href":"https:\/\/api.w.org\/{rel}","templated":true}]}}