{"id":8463,"date":"2020-04-03T00:21:21","date_gmt":"2020-04-02T22:21:21","guid":{"rendered":"http:\/\/lemotdujour.fr\/?p=8463"},"modified":"2020-04-03T00:22:05","modified_gmt":"2020-04-02T22:22:05","slug":"vendredi-3-avril-2020","status":"publish","type":"post","link":"https:\/\/lemotdujour.fr\/?p=8463","title":{"rendered":"Vendredi 3 avril 2020"},"content":{"rendered":"<div class=\"mdjTexte\">\u00ab\u00a0Nous sommes devenus des cibles.\u00a0\u00bb<\/div>\n<div class=\"mdjAuteur\">Virginie, infirmi\u00e8re lib\u00e9rale de Marseille<\/div>\n<p><span style=\"color: #777777; font-family: Arial;\">Essayer de comprendre le monde\u2026<br \/>\n<\/span><\/p>\n<p><span style=\"color: #777777; font-family: Arial;\">En voir la beaut\u00e9, la solidarit\u00e9.<br \/>\n<\/span><\/p>\n<p><span style=\"color: #777777; font-family: Arial;\">Et je ne me lasserai pas de dire que c&rsquo;est de l&rsquo;entraide dont nous avons besoin. Que les gens vraiment intelligents le savent et le pratiquent.<br \/>\n<\/span><\/p>\n<p><span style=\"color: #777777; font-family: Arial;\">Mais essayer de comprendre et regarder le monde c&rsquo;est aussi voir le mal qui s&rsquo;y trouve\u00a0!<br \/>\n<\/span><\/p>\n<p><span style=\"color: #777777; font-family: Arial;\">Mal, fruit de la b\u00eatise, de l&rsquo;\u00e9go\u00efsme, de la peur parfois.<br \/>\n<\/span><\/p>\n<p><span style=\"color: #777777; font-family: Arial;\">Notre p\u00e9riode singuli\u00e8re de cette pand\u00e9mie que personne n&rsquo;attendait, sauf Bill Gates et la CIA, montre de merveilleux \u00e9lans de solidarit\u00e9 et de soutien.<br \/>\n<\/span><\/p>\n<p><span style=\"color: #777777; font-family: Arial;\">Laurent Garcia, cadre de sant\u00e9 en Ehpad a racont\u00e9 ce jeudi matin sur France Inter, l&rsquo;accompagnement des ain\u00e9s dans un EHPAD de Bagnolet : &lt;<a href=\"https:\/\/www.franceinter.fr\/emissions\/l-invite-de-7h50\/l-invite-de-7h50-02-avril-2020\"><span style=\"color: #0000ff;\">Tous les jours, c&rsquo;est entre rires et larmes<\/span><\/a>&gt;. T\u00e9moignage poignant, lumineux et dramatique.<br \/>\n<\/span><\/p>\n<p><span style=\"color: #777777; font-family: Arial;\">J&rsquo;ai lu cet \u00e9t\u00e9 deux livres dont je n&rsquo;ai pas encore parl\u00e9 lors d&rsquo;un mot du jour.<br \/>\n<\/span><\/p>\n<p><span style=\"color: #777777; font-family: Arial;\">Le premier est \u00ab\u00a0<a href=\"https:\/\/livre.fnac.com\/a13314442\/Juan-Branco-Crepuscule\"><span style=\"color: #0000ff;\">Cr\u00e9puscule<\/span><\/a>\u00a0\u00bb de Juan Branco dont je ne sais quoi dire et penser.<br \/>\n<\/span><\/p>\n<p><img decoding=\"async\" class=\"alignleft\" src=\"https:\/\/lemotdujour.fr\/wp-content\/uploads\/2020\/04\/040220_2217_Vendredi3av1.jpg\" alt=\"\" align=\"left\" \/><span style=\"color: #777777; font-family: Arial;\">Et le second\u00a0: \u00ab<span style=\"color: #0000ff;\">\u00a0<\/span><a href=\"https:\/\/www.philomag.com\/les-livres\/lessai-du-mois\/le-mal-qui-vient-36181\"><span style=\"color: #0000ff;\">Le mal qui vient<\/span>\u00a0<\/a>\u00bb de Pierre-Henri Castel dont je n&rsquo;avais pas envie de parler<br \/>\n<\/span><\/p>\n<p><span style=\"color: #777777; font-family: Arial;\">Dans ce livre, Pierre-Henri Castel pose comme hypoth\u00e8se que la soci\u00e9t\u00e9 humaine ne parvient \u00e0 surmonter le d\u00e9fi climatique et il imagine le comportement des humains dans ce contexte d&rsquo;une connaissance in\u00e9luctable du d\u00e9sastre.<br \/>\n<\/span><\/p>\n<p><span style=\"color: #777777; font-family: Arial;\">Pendant longtemps les hommes se seraient tourn\u00e9s vers la Foi et la Religion, certains sont encore dans cette d\u00e9marche.<br \/>\n<\/span><\/p>\n<p><span style=\"color: #777777; font-family: Arial;\">Edgar Morin pense que cela pourra entra\u00eener un sursaut du plus grand nombre qui \u00e0 travers l&rsquo;intelligence collective sauront affronter cette \u00e9preuve par la solidarit\u00e9.<br \/>\n<\/span><\/p>\n<p><span style=\"color: #777777; font-family: Arial;\">Pierre-Henri Castel examine cette situation en se centrant sur ceux qui par esprit de jouissance, voudront se livrer \u00e0 ce qu&rsquo;il appelle une <em>\u00ab\u00a0<\/em>ivresse extatique de la destruction<em>\u00a0\u00bb<\/em>\u2009: <em>\u00ab\u00a0<\/em>plus la fin sera certaine, donc proche, plus la derni\u00e8re jouissance qui nous restera sera la jouissance du Mal\u00a0\u00bb.<br \/>\n<\/span><\/p>\n<p><span style=\"color: #777777; font-family: Arial;\">Bien s\u00fbr cette pand\u00e9mie n&rsquo;a rien \u00e0 voir avec l&rsquo;hypoth\u00e8se du livre de Pierre-Henri Castel, mais nous sommes dans une crise tr\u00e8s particuli\u00e8re qui touche toute la soci\u00e9t\u00e9. Et dans ce contexte le type de mal qu&rsquo;\u00e9voque ce philosophe, se r\u00e9v\u00e8le.<br \/>\n<\/span><\/p>\n<p><span style=\"color: #777777; font-family: Arial;\">Nous avons dans nos rangs d&rsquo;homo sapiens, des nuisibles.<br \/>\n<\/span><\/p>\n<p><span style=\"color: #777777; font-family: Arial;\">Je trouve totalement inappropri\u00e9 que l&rsquo;on utilise ce terme de nuisible que pour des rongeurs, des insectes et d&rsquo;autres parasites, alors qu&rsquo;il s&rsquo;applique parfaitement \u00e0 certains humains.<br \/>\n<\/span><\/p>\n<p><span style=\"color: #777777; font-family: Arial;\">Il y a des riches parmi ces nuisibles, mais ils ne sont pas tous riches. La pauvret\u00e9 n&rsquo;immunise pas contre ce fl\u00e9au.<br \/>\n<\/span><\/p>\n<p><a href=\"https:\/\/www.lyonmag.com\/article\/106694\/bron-il-tente-de-doubler-dans-la-queue-du-leader-price-et-revient-avec-sept-amis-pour-tout-casser\"><span style=\"font-family: Arial;\"><span style=\"color: #0000ff;\">Cette semaine, \u00e0 Bron<\/span><\/span><\/a><span style=\"color: #777777; font-family: Arial;\"><span style=\"color: #0000ff;\">,<\/span> en banlieue lyonnaise\u00a0:<br \/>\n<\/span><\/p>\n<p style=\"margin-left: 28pt;\"><span style=\"color: #c00000; font-family: Arial;\">\u00ab\u00a0Devant le Leader Price, il fallait faire la queue avant d&rsquo;entrer. Un homme \u00e2g\u00e9 d&rsquo;une trentaine d&rsquo;ann\u00e9es n&rsquo;avait visiblement pas l&rsquo;intention d&rsquo;attendre et tenta de doubler tout le monde en malmenant un senior, tentant de le convaincre de lui c\u00e9der sa place. Mais un client est intervenu et a provoqu\u00e9 la fuite du trentenaire.\u00a0\u00bb<br \/>\n<\/span><\/p>\n<p style=\"margin-left: 28pt;\"><span style=\"color: #c00000; font-family: Arial;\">Moins de 10 minutes plus tard, deux voitures sont arriv\u00e9es en trombe sur le parking du supermarch\u00e9 et huit individus en sont sortis. Il s&rsquo;agissait du trentenaire qui \u00e9tait all\u00e9 chercher du renfort, se riant au passage des consignes li\u00e9es au confinement.<br \/>\n<\/span><\/p>\n<p style=\"margin-left: 28pt;\"><span style=\"color: #c00000; font-family: Arial;\">Arm\u00e9s de batte de baseball, ils s&rsquo;en sont pris \u00e0 la vitrine du Leader Price avant de repartir. Le client qui s&rsquo;\u00e9tait interpos\u00e9 et qui \u00e9tait vraisemblablement recherch\u00e9 par le groupe a \u00e9chapp\u00e9 au pire puisqu&rsquo;il \u00e9tait \u00e0 l&rsquo;int\u00e9rieur du magasin.\u00a0\u00bb<br \/>\n<\/span><\/p>\n<p><span style=\"color: #777777; font-family: Arial;\">Et, en ces temps o\u00f9 nous avons tant besoin des soignants, aide soignantes, infirmier(e)s, m\u00e9decins, des nuisibles les agressent pour leur voler des masques ou d&rsquo;autres ustensiles, leur demande de d\u00e9m\u00e9nager parce qu&rsquo;ils pourraient \u00eatre contagieux ou pratiquent d&rsquo;autres insultes \u00e0 l&rsquo;esprit ou \u00e0 la morale.<br \/>\n<\/span><\/p>\n<p><span style=\"color: #0000ff;\"><a style=\"color: #0000ff;\" href=\"https:\/\/www.nouvelobs.com\/coronavirus-de-wuhan\/20200402.OBS26956\/le-blues-d-une-infirmiere-liberale-nous-sommes-devenus-des-cibles.html\"><span style=\"font-family: Arial;\">&lt;L&rsquo;Obs a fait t\u00e9moigner une infirmi\u00e8re&gt;<\/span><\/a><\/span><span style=\"color: #777777; font-family: Arial;\"><span style=\"color: #0000ff;\">,<\/span> Virginie, infirmi\u00e8re lib\u00e9rale de Marseille \u00e2g\u00e9e de 37 ans, pass\u00e9e par le service r\u00e9animation de la Timone et qui raconte les difficult\u00e9s auxquelles est confront\u00e9e sa profession depuis le d\u00e9but de la crise sanitaire\u00a0:<br \/>\n<\/span><\/p>\n<p style=\"margin-left: 28pt;\"><span style=\"color: #c00000; font-family: Arial;\">\u00ab Bien s\u00fbr, il y a les applaudissements chaque soir \u00e0 20 heures. Les discours sur les \u00ab\u00a0h\u00e9ros en blouse blanche\u00a0\u00bb. Tout \u00e7a r\u00e9chauffe le c\u0153ur.<br \/>\nEt puis, il y a aussi la r\u00e9alit\u00e9 du terrain, souvent affligeante. La tension dans l&rsquo;air qu&rsquo;on ressent.<br \/>\nL&rsquo;agressivit\u00e9 chez certains patients.<br \/>\nLa peur de se faire agresser pour quelques masques, des gants ou le gel hydroalcoolique qui ne nous quittent plus.\u00a0\u00bb<br \/>\n<\/span><\/p>\n<p><span style=\"color: #777777; font-family: Arial;\">Elle raconte son quotidien, son sentiment de solitude devant le mal.<br \/>\n<\/span><\/p>\n<p style=\"margin-left: 28pt;\"><span style=\"color: #c00000; font-family: Arial;\">\u00ab\u00a0Chaque jour, j&rsquo;ai la boule au ventre. Je me dis que j&rsquo;ai plus de risques de me faire voler mon mat\u00e9riel que d&rsquo;attraper ce virus. Deux de mes coll\u00e8gues se sont fait voler leur caduc\u00e9e. Je ne comprends pas : les gens pensent que cela leur servira de laissez-passer. Mais chaque caduc\u00e9e porte un nom. Mon associ\u00e9e s&rsquo;est fait fracturer son v\u00e9hicule. On lui a d\u00e9rob\u00e9 trois masques et du mat\u00e9riel m\u00e9dical. Moi, la semaine derni\u00e8re, je n&rsquo;ai re\u00e7u qu&rsquo;un carton de gants sur les deux que j&rsquo;avais command\u00e9s. Le bordereau de livraison indique pourtant deux cartons. L&rsquo;un d&rsquo;eux a donc disparu. A-t-il \u00e9t\u00e9 \u00e9gar\u00e9, vol\u00e9 ? Moi, j&rsquo;ai un besoin imp\u00e9ratif de ces gants pour faire les toilettes.<br \/>\n<\/span><\/p>\n<p style=\"margin-left: 28pt;\"><span style=\"color: #c00000; font-family: Arial;\">Au d\u00e9part, je pensais que c&rsquo;\u00e9tait un ph\u00e9nom\u00e8ne propre \u00e0 Marseille. Mais en me baladant sur les forums d&rsquo;infirmiers, j&rsquo;ai constat\u00e9 que c&rsquo;\u00e9tait partout la m\u00eame chose. C&rsquo;est terrible \u00e0 dire mais nous sommes devenus des cibles pour certains. Du coup, j&rsquo;ai retir\u00e9 le caduc\u00e9e de mon pare-brise. Je l&rsquo;ai pourtant toujours affich\u00e9 avec fiert\u00e9. Maintenant, on nous conseille de l&rsquo;enlever.<br \/>\n<\/span><\/p>\n<p style=\"margin-left: 28pt;\"><span style=\"color: #c00000; font-family: Arial;\">Quand je me rends chez un patient, je laisse aussi ouverte la bo\u00eete \u00e0 gants de ma voiture, je retire la plage arri\u00e8re pour bien montrer que je ne transporte rien dans mon coffre. Lors de ma tourn\u00e9e, je ne porte plus ma surblouse pour ne pas attirer l&rsquo;attention. Les forces de l&rsquo;ordre, sortis des grands axes, on ne les voit pas. On a parfois l&rsquo;impression d&rsquo;\u00eatre seule dans la ville. Il est facile de nous attaquer, de nous prendre nos voitures. On nous parle de solidarit\u00e9 avec le personnel soignant mais je crains que personne ne vienne nous d\u00e9fendre si cela se produit.\u00a0\u00bb<br \/>\n<\/span><\/p>\n<p><span style=\"color: #777777; font-family: Arial;\">Et elle explique que les infirmi\u00e8res lib\u00e9rales sont plus expos\u00e9es et moins pris en consid\u00e9ration que les m\u00e9decins.<br \/>\n<\/span><\/p>\n<p style=\"margin-left: 28pt;\"><span style=\"color: #c00000; font-family: Arial;\">\u00ab\u00a0Sur mon arrondissement, 85 % des m\u00e9decins sont en t\u00e9l\u00e9travail. Nous sommes donc les seuls \u00e0 nous d\u00e9placer chez les patients. Nous et les aides \u00e0 domicile. Quand il y a une suspicion de Covid-19, ou qu&rsquo;il s&rsquo;agit d&rsquo;administrer des soins \u00e0 des malades souffrant du virus, c&rsquo;est souvent nous qui sommes appel\u00e9es. Pourtant, quand on se pr\u00e9sente chez les pharmaciens pour r\u00e9cup\u00e9rer des masques, on a l&rsquo;impression de faire l&rsquo;aum\u00f4ne. \u00ab\u00a0Je n&rsquo;ai que \u00e7a\u00a0\u00bb, m&rsquo;a r\u00e9pondu un jour un pharmacien en me tendant une bo\u00eete de masques p\u00e9rim\u00e9s. En v\u00e9rit\u00e9, certains pr\u00e9f\u00e8rent les r\u00e9server aux m\u00e9decins, dont la plupart t\u00e9l\u00e9travaillent, plut\u00f4t que de les donner aux infirmi\u00e8res lib\u00e9rales. Peut-\u00eatre parce que nous, contrairement \u00e0 eux, nous ne prescrivons pas de m\u00e9dicaments. Ils pensent \u00e0 leurs chiffres d&rsquo;affaires quand tout sera rentr\u00e9 dans l&rsquo;ordre.\u00a0\u00bb<br \/>\n<\/span><\/p>\n<p><span style=\"color: #777777; font-family: Arial;\">Ces infirmi\u00e8res se heurtent en premier au scandale de la p\u00e9nurie des masques.<br \/>\n<\/span><\/p>\n<p style=\"margin-left: 28pt;\"><span style=\"color: #c00000; font-family: Arial;\">\u00ab\u00a0La semaine derni\u00e8re, nous nous sommes partag\u00e9s quinze masques avec les deux autres infirmi\u00e8res de notre cabinet. Qu&rsquo;est-ce qu&rsquo;ils croient ? Que nous sommes immunis\u00e9es ? Moi, quand je rentre chez moi tous les soirs, je me d\u00e9shabille dans le jardin et je jette tous mes affaires dans un sac par peur de contaminer ma famille.\u00a0\u00bb<br \/>\n<\/span><\/p>\n<p><span style=\"color: #777777; font-family: Arial;\">Pierre Desproges avait invent\u00e9 les \u00ab\u00a0<strong>Chroniques de la haine ordinaire<\/strong>\u00a0\u00bb. Je trouve cette expression appropri\u00e9e pour les descriptions qui suivent\u00a0:<br \/>\n<\/span><\/p>\n<p style=\"margin-left: 28pt;\"><span style=\"color: #c00000; font-family: Arial;\">\u00ab\u00a0L&rsquo;attitude des gens \u00e0 notre \u00e9gard a elle aussi beaucoup chang\u00e9.<br \/>\nJ&rsquo;en viens m\u00eame \u00e0 douter qu&rsquo;il s&rsquo;agisse des m\u00eames patients que j&rsquo;avais trois mois plus t\u00f4t. On ramasse toutes les peurs, on devient leur femme \u00e0 tout faire. Un jour, un m\u00e9decin m&rsquo;a demand\u00e9 de me rendre en urgence chez une personne. En v\u00e9rit\u00e9, celle-ci voulait seulement des informations sur le coronavirus.<br \/>\nCertains patients voulaient que j&rsquo;aille leur acheter des bananes, le journal ou bien faire leurs courses.<br \/>\n<\/span><\/p>\n<p style=\"margin-left: 28pt;\"><span style=\"color: #c00000; font-family: Arial;\">Et quand je leur demande pourquoi ils n&rsquo;appellent pas leurs enfants pour le faire, ils me r\u00e9pondent : \u00ab\u00a0Mais vous plaisantez, je ne veux pas qu&rsquo;ils prennent le risque de se faire contaminer\u00a0\u00bb.\u00a0\u00bb<br \/>\n<\/span><\/p>\n<p style=\"margin-left: 28pt;\"><span style=\"color: #c00000; font-family: Arial;\">\u00a0Un jour, je suis intervenue pour un soin chez un patient. J&rsquo;ai \u00e9t\u00e9 re\u00e7u dans le couloir. Sa femme ne voulait pas que j&rsquo;entre dans le reste de l&rsquo;appartement. Elle avait m\u00eame dispos\u00e9 des feuilles de papier journal partout sur le sol. Elle m&rsquo;a interdit de toucher \u00e0 quoi que ce soit, me suivait avec une lingette. Je comprends les peurs, mais l\u00e0 j&rsquo;ai vraiment eu l&rsquo;impression d&rsquo;\u00eatre une pestif\u00e9r\u00e9e.<br \/>\nDes coll\u00e8gues ont retrouv\u00e9 des mots sur leur voiture : des voisins qui leur demandaient de d\u00e9m\u00e9nager, leur disaient qu&rsquo;ils portaient la poisse.<br \/>\nMoralement, c&rsquo;est tr\u00e8s dur. Je suis d\u00e9\u00e7ue par les gens.<br \/>\nChaque soir, je rentre chez moi en pleurs. On dit que les crises r\u00e9v\u00e8lent certains caract\u00e8res. Eh bien ce que je vois m&rsquo;attriste au plus haut point. \u00bb<br \/>\n<\/span><\/p>\n<p><span style=\"color: #777777; font-family: Arial;\">C&rsquo;est aussi cela la crise que nous vivons en ce moment.<br \/>\n<\/span><\/p>\n<p><span style=\"color: #c00000; font-family: Arial;\">&lt;<span style=\"color: maroon;\">1386&gt;<\/span><\/span><\/p>\n","protected":false},"excerpt":{"rendered":"<p>\u00ab\u00a0Nous sommes devenus des cibles.\u00a0\u00bb Virginie, infirmi\u00e8re lib\u00e9rale de Marseille Essayer de comprendre le monde\u2026 En voir la beaut\u00e9, la solidarit\u00e9. Et je ne me lasserai pas de dire que c&rsquo;est de l&rsquo;entraide dont nous avons besoin. Que les gens<\/p>\n","protected":false},"author":1,"featured_media":0,"comment_status":"open","ping_status":"closed","sticky":false,"template":"","format":"standard","meta":{"footnotes":""},"categories":[1],"tags":[126,13,7],"class_list":["post-8463","post","type-post","status-publish","format-standard","hentry","category-motdujour","tag-pandemie","tag-sante","tag-societe"],"_links":{"self":[{"href":"https:\/\/lemotdujour.fr\/index.php?rest_route=\/wp\/v2\/posts\/8463","targetHints":{"allow":["GET"]}}],"collection":[{"href":"https:\/\/lemotdujour.fr\/index.php?rest_route=\/wp\/v2\/posts"}],"about":[{"href":"https:\/\/lemotdujour.fr\/index.php?rest_route=\/wp\/v2\/types\/post"}],"author":[{"embeddable":true,"href":"https:\/\/lemotdujour.fr\/index.php?rest_route=\/wp\/v2\/users\/1"}],"replies":[{"embeddable":true,"href":"https:\/\/lemotdujour.fr\/index.php?rest_route=%2Fwp%2Fv2%2Fcomments&post=8463"}],"version-history":[{"count":3,"href":"https:\/\/lemotdujour.fr\/index.php?rest_route=\/wp\/v2\/posts\/8463\/revisions"}],"predecessor-version":[{"id":8466,"href":"https:\/\/lemotdujour.fr\/index.php?rest_route=\/wp\/v2\/posts\/8463\/revisions\/8466"}],"wp:attachment":[{"href":"https:\/\/lemotdujour.fr\/index.php?rest_route=%2Fwp%2Fv2%2Fmedia&parent=8463"}],"wp:term":[{"taxonomy":"category","embeddable":true,"href":"https:\/\/lemotdujour.fr\/index.php?rest_route=%2Fwp%2Fv2%2Fcategories&post=8463"},{"taxonomy":"post_tag","embeddable":true,"href":"https:\/\/lemotdujour.fr\/index.php?rest_route=%2Fwp%2Fv2%2Ftags&post=8463"}],"curies":[{"name":"wp","href":"https:\/\/api.w.org\/{rel}","templated":true}]}}