{"id":846,"date":"2014-10-01T02:00:00","date_gmt":"2014-09-30T22:00:00","guid":{"rendered":"http:\/\/lemotdujour.fr\/?p=846"},"modified":"2017-05-08T13:23:22","modified_gmt":"2017-05-08T11:23:22","slug":"mercredi-1-octobre-2014","status":"publish","type":"post","link":"https:\/\/lemotdujour.fr\/?p=846","title":{"rendered":"Mercredi 1 octobre 2014"},"content":{"rendered":"<div class=\"mdjDate\">Mercredi 1 octobre 2014<\/div>\n<div class=\"mdjTexte\">\u00ab\u00a0Les assassinats cibl\u00e9s\u00a0\u00bb<\/div>\n<div class=\"mdjAuteur\">Sp\u00e9cialit\u00e9 du Pr\u00e9sident Barack Obama<\/div>\n<div class=\"mdjComplements\">George W Bush \u00e9tait un pr\u00e9sident belliqueux et ne respectant pas le Droit. Il a commenc\u00e9 une guerre contre l&rsquo;Irak sans l\u00e9gitimit\u00e9 internationale. Il a cr\u00e9\u00e9 une zone de non droit \u00e0 Guantanamo o\u00f9 il a fait enfermer et torturer des dizaines de pr\u00e9sum\u00e9s terroristes, sans leur donner aucun droit \u00e0 la d\u00e9fense.<\/div>\n<div class=\"mdjComplements\">Barack Obama est un pr\u00e9sident pacifiste et humaniste. Il a promis de fermer Guantanamo. Les plus belles et nobles actions n\u00e9cessitent du temps&#8230; Mais il faut lui reconna\u00eetre que lui ne fait pas enfermer des gens dans une zone de non droit, sans respecter aucun droit de la d\u00e9fense. La torture est d\u00e9sormais oubli\u00e9e.<\/div>\n<div class=\"mdjComplements\">Mais Barack Obama ordonne des assassinats cibl\u00e9s.<\/div>\n<div class=\"mdjComplements\">Beaucoup plus que le pr\u00e9sident belliqueux et d\u00e9testable qu&rsquo;\u00e9tait George W Bush.<\/div>\n<div class=\"mdjComplements\">Certains ont conseill\u00e9 \u00e0 Obama une nouvelle formule inspir\u00e9 de Martin Luther King en transformant \u00ab\u00a0I have a dream\u00a0\u00bb par \u00ab\u00a0I have a drone\u00a0\u00bb.<\/div>\n<div class=\"mdjComplements\">C&rsquo;est quoi un assassinat cibl\u00e9 ? C&rsquo;est tout simplement faire la confusion entre la police, le juge et le bourreau. C&rsquo;est exactement le contraire de la justice.<\/div>\n<div class=\"mdjComplements\">Donc Barack Obama ne respecte pas davantage les droits de la d\u00e9fense que George Bush. <\/div>\n<div class=\"mdjComplements\">Il ne fait pas torturer, il fait tuer, c&rsquo;est plus exp\u00e9ditif.<\/div>\n<div class=\"mdjComplements\">Et bien qu&rsquo;il s&rsquo;en d\u00e9fende comme le relate l&rsquo;article dont je vous donne le lien ci-apr\u00e8s : <a href=\"http:\/\/www.books.fr\/societes-et-politique\/obama-le-president-des-drones\/\">http:\/\/www.books.fr\/societes-et-politique\/obama-le-president-des-drones\/#section<\/a> et qui pr\u00e9sente le livre de Marc Mazzeti \u00ab\u00a0the way of the knife\u00a0\u00bb<em> la voie du couteau<\/em>, le fait de tuer sans juger, permet d&rsquo;\u00e9viter le tr\u00e8s grand ennui d&rsquo;avoir des prisonniers dont on ne sait que faire et qu&rsquo;on n&rsquo;a pas envie de juger non plus.<\/div>\n<div class=\"mdjComplements\">Dans l&rsquo;article joint \u00e0 ce message nous apprenons que le rapporteur sp\u00e9cial de l&rsquo;organisation sur la protection des droits de l&rsquo;homme dans la lutte antiterroriste de l&rsquo;ONU, Ben Emmerson, a estim\u00e9, dans un rapport rendu public le 18 octobre 2013, M. Emmerson,\u00a0 \u00e0 \u00ab\u00a0plus\u00a0 de 450\u00a0\u00bb en 10 ans\u00a0 le nombre de civils tu\u00e9s par des drones dans trois pays au Pakistan, en Afghanistan et au Y\u00e9men.<\/div>\n<div class=\"mdjComplements\">Certains r\u00e9pondront : \u00ab\u00a0Mais enfin, il s&rsquo;agit de terroristes\u00a0\u00bb.<\/div>\n<div class=\"mdjComplements\">D&rsquo;abord nous n&rsquo;en sommes pas certains, qu&rsquo;il s&rsquo;agisse toujours de terroristes. Les am\u00e9ricains ont d\u00fb reconna\u00eetre qu&rsquo;\u00e0 Guantanamo des personnes avaient \u00e9t\u00e9 enferm\u00e9es et tortur\u00e9es, alors qu&rsquo;il n&rsquo;avait aucun lien avec des organisations terroristes. Par quel miracle, les assassinats cibl\u00e9s se tromperaient moins que les enfermements ?<\/div>\n<div class=\"mdjComplements\">Et puis surtout c&rsquo;est la grandeur et la force des d\u00e9mocraties de ne pas agir avec les m\u00eames m\u00e9thodes que les terroristes et les criminels et de mettre en face du terrorisme la Justice et en face du Criminel, le Droit.<\/div>\n<div class=\"mdjComplements\">Si on agit comme eux, on se met \u00e0 leur niveau, nous ne pouvons plus affirmer que nous nous battons pour des valeurs et pour les droits de l&rsquo;homme.<\/div>\n<div class=\"mdjComplements\">Nous revenons au stade de la loi du plus fort qui un jour nous sera oppos\u00e9 quand nous ne serons plus les plus forts.<\/div>\n<div class=\"mdjComplements\">Quelle d\u00e9ception que celle de Barack Obama, il ne sera pas ce grand homme que nous avons esp\u00e9r\u00e9.<\/div>\n","protected":false},"excerpt":{"rendered":"<p>Mercredi 1 octobre 2014 \u00ab\u00a0Les assassinats cibl\u00e9s\u00a0\u00bb Sp\u00e9cialit\u00e9 du Pr\u00e9sident Barack Obama George W Bush \u00e9tait un pr\u00e9sident belliqueux et ne respectant pas le Droit. Il a commenc\u00e9 une guerre contre l&rsquo;Irak sans l\u00e9gitimit\u00e9 internationale. Il a cr\u00e9\u00e9 une zone<\/p>\n","protected":false},"author":1,"featured_media":0,"comment_status":"closed","ping_status":"closed","sticky":false,"template":"","format":"standard","meta":{"footnotes":""},"categories":[1],"tags":[],"class_list":["post-846","post","type-post","status-publish","format-standard","hentry","category-motdujour"],"_links":{"self":[{"href":"https:\/\/lemotdujour.fr\/index.php?rest_route=\/wp\/v2\/posts\/846","targetHints":{"allow":["GET"]}}],"collection":[{"href":"https:\/\/lemotdujour.fr\/index.php?rest_route=\/wp\/v2\/posts"}],"about":[{"href":"https:\/\/lemotdujour.fr\/index.php?rest_route=\/wp\/v2\/types\/post"}],"author":[{"embeddable":true,"href":"https:\/\/lemotdujour.fr\/index.php?rest_route=\/wp\/v2\/users\/1"}],"replies":[{"embeddable":true,"href":"https:\/\/lemotdujour.fr\/index.php?rest_route=%2Fwp%2Fv2%2Fcomments&post=846"}],"version-history":[{"count":1,"href":"https:\/\/lemotdujour.fr\/index.php?rest_route=\/wp\/v2\/posts\/846\/revisions"}],"predecessor-version":[{"id":847,"href":"https:\/\/lemotdujour.fr\/index.php?rest_route=\/wp\/v2\/posts\/846\/revisions\/847"}],"wp:attachment":[{"href":"https:\/\/lemotdujour.fr\/index.php?rest_route=%2Fwp%2Fv2%2Fmedia&parent=846"}],"wp:term":[{"taxonomy":"category","embeddable":true,"href":"https:\/\/lemotdujour.fr\/index.php?rest_route=%2Fwp%2Fv2%2Fcategories&post=846"},{"taxonomy":"post_tag","embeddable":true,"href":"https:\/\/lemotdujour.fr\/index.php?rest_route=%2Fwp%2Fv2%2Ftags&post=846"}],"curies":[{"name":"wp","href":"https:\/\/api.w.org\/{rel}","templated":true}]}}