{"id":8444,"date":"2020-04-01T00:22:21","date_gmt":"2020-03-31T22:22:21","guid":{"rendered":"http:\/\/lemotdujour.fr\/?p=8444"},"modified":"2020-04-01T07:11:30","modified_gmt":"2020-04-01T05:11:30","slug":"mercredi-1er-avril-2020","status":"publish","type":"post","link":"https:\/\/lemotdujour.fr\/?p=8444","title":{"rendered":"Mercredi 1er avril 2020"},"content":{"rendered":"<div class=\"mdjTexte\">\u00ab\u00a0Si la seule chose que vous faites, c\u2019est critiquer, vous n\u2019irez probablement pas bien loin.\u00a0\u00bb<\/div>\n<div class=\"mdjAuteur\">Barack Obama<\/div>\n<p><span style=\"color: #777777; font-family: Arial;\">Dans ce temps particulier que nos soci\u00e9t\u00e9s traversent dans le monde entier, la solidarit\u00e9 s&rsquo;exprime, le d\u00e9vouement des soignants et d&rsquo;autres travailleurs dont on comprend aujourd&rsquo;hui l&rsquo;importance. M\u00eame si ce sont souvent des personnes que le monde de l&rsquo;\u00e9conomie ne met pas en avant\u00a0: les \u00e9boueurs, les caissi\u00e8res des supermarch\u00e9s, les routiers qui v\u00e9hiculent les denr\u00e9es indispensables ou encore tous ceux et beaucoup plus celles qui nettoient les lieux de travail, les h\u00f4pitaux, les Ehpad.<br \/>\n<\/span><\/p>\n<p><span style=\"color: #777777; font-family: Arial;\">Il y aussi beaucoup de critiques et m\u00eame d&rsquo;expression de haine.<br \/>\n<\/span><\/p>\n<p><span style=\"color: #777777; font-family: Arial;\">Certains ont l&rsquo;air de savoir exactement ce qu&rsquo;il aurait fallu faire et qui sont les responsables de tous nos malheurs.<br \/>\n<\/span><\/p>\n<p><span style=\"color: #777777; font-family: Arial;\">Et pourtant, ne faudrait-il pas davantage d&rsquo;humilit\u00e9\u00a0?<br \/>\n<\/span><\/p>\n<p><span style=\"color: #777777; font-family: Arial;\">Beaucoup d&rsquo;exemples pourraient \u00eatre donn\u00e9, mais je n&rsquo;en donnerai qu&rsquo;un celui de Christophe Prudhomme, repr\u00e9sentant CGT des urgentistes qui tient d\u00e9sormais des propos tr\u00e8s virulents contre le gouvernement, son manque d&rsquo;anticipation, ses d\u00e9cisions en retard etc.<br \/>\n<\/span><\/p>\n<p><span style=\"color: #777777; font-family: Arial;\">Ces propos qu&rsquo;il tient \u00e0 la fin du mois de mars sont incroyables quand on les rapproche des propos de ce m\u00eame professionnel au d\u00e9but du m\u00eame mois de mars. Sur le plateau de LCI il accusait alors le gouvernement de surr\u00e9agir et consid\u00e9rait ce virus comme peu dangereux.<br \/>\n<\/span><\/p>\n<p><img decoding=\"async\" class=\"alignleft\" src=\"https:\/\/lemotdujour.fr\/wp-content\/uploads\/2020\/04\/033120_2217_Mercredi1er1.jpg\" alt=\"\" align=\"left\" \/><span style=\"color: #777777; font-family: Arial;\">Vous trouverez tous les \u00e9l\u00e9ments dans <a href=\"https:\/\/www.starmag.com\/news-people\/peopolitique\/coronavirus-agacee-par-les-propos-de-christophe-prudhomme-roselyne-bachelot-le-tacle-391417.html\"><span style=\"color: #0000ff;\">cet article<\/span><\/a> avec notamment les deux interventions incompatibles de la m\u00eame personne \u00e0 3 semaines d&rsquo;intervalle.<br \/>\n<\/span><\/p>\n<p><span style=\"color: #777777; font-family: Arial;\">Evidemment, nous manquons de masques\u00a0!<br \/>\n<\/span><\/p>\n<p><span style=\"color: #777777; font-family: Arial;\">Mais pourrions-nous nous souvenir que lors de l&rsquo;\u00e9pisode de la grippe H1N1, la ministre de la sant\u00e9 d&rsquo;alors, Roselyne Bachelot avait anticip\u00e9 et fait acheter des centaines de millions de masques\u00a0?<br \/>\n<\/span><\/p>\n<p><span style=\"color: #777777; font-family: Arial;\">Cette \u00e9pid\u00e9mie-l\u00e0 ne s&rsquo;\u00e9tait pas d\u00e9ploy\u00e9e, alors on l&rsquo;a critiqu\u00e9 m\u00e9chamment d&rsquo;avoir dilapid\u00e9 l&rsquo;argent public.<br \/>\n<\/span><\/p>\n<p><span style=\"color: #777777; font-family: Arial;\">J&rsquo;aimerais qu&rsquo;on rappelle les propos d&rsquo;alors des sp\u00e9cialistes qui aujourd&rsquo;hui trouvent anormal qu&rsquo;on ne dispose pas d&rsquo;un milliard de masques.<br \/>\n<\/span><\/p>\n<p><span style=\"color: #777777; font-family: Arial;\">C&rsquo;est &lt;<span style=\"color: #0000ff;\"><a style=\"color: #0000ff;\" href=\"https:\/\/www.ouest-france.fr\/sante\/virus\/coronavirus\/coronavirus-la-revanche-de-roselyne-bachelot-tournee-en-derision-l-epoque-6787174\">La revanche de Roselyne Bachelot<\/a><\/span>&gt;, elle qui dit aujourd&rsquo;hui\u00a0:<br \/>\n<\/span><\/p>\n<p style=\"margin-left: 28pt;\"><span style=\"color: #c00000; font-family: Arial;\">\u00ab\u00a0Il suffirait de relire mon audition apr\u00e8s la grippe A, je n&rsquo;ai qu&rsquo;une th\u00e9orie : en mati\u00e8re de gestion d&rsquo;\u00e9pid\u00e9mie, l&rsquo;armement maximum doit \u00eatre fait. Nous avions un stock pr\u00e8s d&rsquo;un milliard de masques chirurgicaux et de 700 millions de masques FFP2. J&rsquo;ai \u00e9t\u00e9 moqu\u00e9e pour cela, tourn\u00e9e en d\u00e9rision, mais quand on veut armer un pays contre une \u00e9pid\u00e9mie, c&rsquo;est ce qu&rsquo;il faut !\u00a0\u00bb<br \/>\n<\/span><\/p>\n<p><span style=\"color: #777777; font-family: Arial;\">Elle n&rsquo;appartient pas \u00e0 la majorit\u00e9 pr\u00e9sidentielle, mais son exp\u00e9rience lui fait tenir des propos tr\u00e8s mesur\u00e9s\u00a0:<br \/>\n<\/span><\/p>\n<p style=\"margin-left: 28pt;\"><span style=\"color: #c00000; font-family: Arial;\">\u00ab\u00a0Je pensais qu&rsquo;on me rendrait justice apr\u00e8s ma mort. J&rsquo;ai d\u00fb attendre dix ans. G\u00e9rer une crise sanitaire, c&rsquo;est conduire une Ferrari sur une route verglac\u00e9e. C&rsquo;est tr\u00e8s compliqu\u00e9\u00a0!<br \/>\n<\/span><\/p>\n<p style=\"margin-left: 28pt;\"><span style=\"color: #c00000; font-family: Arial;\">Olivier V\u00e9ran est un bon ministre qui g\u00e8re \u00e7a bien. Le chef de l&rsquo;\u00c9tat prend les d\u00e9cisions appropri\u00e9es. Le probl\u00e8me avec les masques ne vient pas d&rsquo;eux. De toute fa\u00e7on, l&rsquo;heure n&rsquo;est pas aux pol\u00e9miques, il faut respecter le confinement, rester chez soi. Faire preuve d&rsquo;ob\u00e9issance civile. Il n&rsquo;y a que cela \u00e0 faire.\u00a0\u00bb<br \/>\n<\/span><\/p>\n<p><span style=\"color: #777777; font-family: Arial;\">Je ne r\u00e9siste pas au partage <span style=\"color: #0000ff;\"><a style=\"color: #0000ff;\" href=\"https:\/\/www.youtube.com\/watch?v=3IiQ9Msjtgg\">d&rsquo;une petite vid\u00e9o<\/a><\/span> d&rsquo;une intervention de Barack Obama Le 29 octobre 2019 \u00e0 Chicago dans le cadre du troisi\u00e8me sommet annuel de la fondation de Michelle et Barack Obama.<br \/>\n<\/span><\/p>\n<p><span style=\"color: #777777; font-family: Arial;\">Il s&rsquo;adresse aux jeunes et notamment aux jeunes sur les campus universitaires am\u00e9ricains et particuli\u00e8rement \u00e0 ceux qui pr\u00e9conisent le \u00ab\u00a0<strong>woke<\/strong>\u00a0\u00bb expression am\u00e9ricaine que je tenterai d&rsquo;expliquer plus loin.<br \/>\n<\/span><\/p>\n<p><img loading=\"lazy\" decoding=\"async\" class=\"alignright\" src=\"https:\/\/lemotdujour.fr\/wp-content\/uploads\/2020\/04\/033120_2217_Mercredi1er2.jpg\" alt=\"\" width=\"299\" height=\"223\" align=\"left\" \/><span style=\"color: #777777; font-family: Arial;\">Barack Obama a dit\u00a0:<br \/>\n<\/span><\/p>\n<p style=\"margin-left: 28pt;\"><span style=\"color: #c00000; font-family: Arial;\">\u00ab\u00a0Cette id\u00e9e de la puret\u00e9, de ne jamais faire de compromis, d&rsquo;\u00eatre toujours concern\u00e9 par les questions sociales etc.<br \/>\n<\/span><\/p>\n<p style=\"margin-left: 28pt;\"><span style=\"color: #c00000; font-family: Arial;\">Vous devriez passer rapidement \u00e0 autre chose.<br \/>\n<\/span><span style=\"color: #c00000; font-family: Arial;\">Le monde est chaotique.<br \/>\n<\/span><span style=\"color: #c00000; font-family: Arial;\">Il y a des ambigu\u00eft\u00e9s.<br \/>\n<\/span><\/p>\n<p style=\"margin-left: 28pt;\"><span style=\"color: #c00000; font-family: Arial;\">Les gens qui font de tr\u00e8s belles choses ont des d\u00e9fauts.<br \/>\n<\/span><span style=\"color: #c00000; font-family: Arial;\">Les personnes avec lesquelles vous vous disputez, aiment peut \u00eatre leurs enfants et ont des points communs avec vous.<br \/>\n<\/span><\/p>\n<p style=\"margin-left: 28pt;\"><span style=\"color: #c00000; font-family: Arial;\">Je pense qu&rsquo;il y a un danger chez les jeunes, particuli\u00e8rement sur les campus universitaires.<br \/>\n<\/span><span style=\"color: #c00000; font-family: Arial;\">Ma fille Malia et moi, nous en parlons.<br \/>\n<\/span><\/p>\n<p style=\"margin-left: 28pt;\"><span style=\"color: #c00000; font-family: Arial;\">J&rsquo;ai parfois l&rsquo;impression qu&rsquo;aujourd&rsquo;hui, chez certains jeunes, et \u00e7a s&rsquo;est acc\u00e9l\u00e9r\u00e9 avec les r\u00e9seaux sociaux, qu&rsquo;il y a parfois ce sentiment que pour faire changer les choses, il faut \u00eatre le plus critique possible envers les autres, et que cela suffit.<br \/>\n<\/span><\/p>\n<p style=\"margin-left: 28pt;\"><span style=\"color: #c00000; font-family: Arial;\">Par exemple, si je tweete ou si je mets un hashtag sur ce que vous avez mal fait ou sur le mauvais verbe que vous avez employ\u00e9 et apr\u00e8s cela je peux me d\u00e9tendre et \u00eatre plut\u00f4t fier de moi, genre\u00a0: \u00ab\u00a0T&rsquo;as vu comme j&rsquo;ai \u00e9t\u00e9 concern\u00e9 par les questions sociales\u00a0? Je t&rsquo;ai bien affich\u00e9\u00a0!<br \/>\n<\/span><\/p>\n<p style=\"margin-left: 28pt;\"><span style=\"color: #c00000; font-family: Arial;\">Puis j&rsquo;allume ma t\u00e9l\u00e9vision et je regarde mon \u00e9mission, je regarde [ma s\u00e9rie]. <\/span><span style=\"color: #c00000; font-family: Arial;\">Ce n&rsquo;est pas de l&rsquo;activisme, \u00e7a\u00a0!<br \/>\n<\/span><\/p>\n<p style=\"margin-left: 28pt;\"><span style=\"color: #c00000; font-family: Arial;\">\u00c7a ne fait pas changer les choses.<br \/>\n<\/span><\/p>\n<p style=\"margin-left: 28pt;\"><span style=\"color: #c00000; font-family: Arial;\">Si la seule chose que vous faites, c&rsquo;est critiquer, vous n&rsquo;irez probablement pas bien loin. <\/span><span style=\"color: #c00000; font-family: Arial;\">C&rsquo;est trop facile.\u00a0\u00bb<br \/>\n<\/span><\/p>\n<p><span style=\"color: #777777; font-family: Arial;\">Barack Obama essaye donc de convaincre les jeunes qui se retrouvent sous l&rsquo;expression\u00bb, typiquement am\u00e9ricaine \u00ab\u00a0woke\u00a0\u00bb qui\u00a0signifie \u00ab\u00a0\u00e9veill\u00e9\u00a0\u00bb. Cette expression a \u00e9t\u00e9 reprise par tout un nombre de repr\u00e9sentants de minorit\u00e9s qui se jugent victimes de discriminations et d\u00e9veloppent une vigilance exacerb\u00e9e contre la moindre trace de racisme ou de discrimination qu&rsquo;ils pensent d\u00e9couvrir. Dans cette tendance un auteur blanc ne peut plus \u00e9crire sur le racisme \u00e0 l&rsquo;\u00e9gard des noirs, parce qu&rsquo;il n&rsquo;est pas noir lui-m\u00eame. Cet &lt;<a href=\"https:\/\/www.revuedesdeuxmondes.fr\/obama-contre-le-sectarisme-le-retour-du-combat-universaliste\/\"><span style=\"color: #0000ff;\">article de la revue des deux mondes<\/span><\/a>&gt; explique cette dichotomie entre les adeptes de la puret\u00e9 et ceux de l&rsquo;universalisme.<br \/>\n<\/span><\/p>\n<p><span style=\"color: #777777; font-family: Arial;\">Caroline Fourest a d\u00e9crit cette d\u00e9rive dans son livre &lt;<a href=\"https:\/\/www.grasset.fr\/livres\/generation-offensee-9782246820185\"><span style=\"color: #0000ff;\">G\u00e9n\u00e9ration offens\u00e9e<\/span><\/a>&gt;<br \/>\n<\/span><\/p>\n<p><span style=\"color: #777777; font-family: Arial;\">Mais je crois que ce discours de Barack Obama peut s&rsquo;adresser \u00e0 un plus grand nombre, notamment \u00e0 tous ceux qui n&rsquo;ont que la critique dans la bouche et sur leur clavier, qui pensent toujours que le probl\u00e8me vient d&rsquo;ailleurs.<br \/>\n<\/span><\/p>\n<p><span style=\"color: #777777; font-family: Arial;\">Que s&rsquo;il y a un probl\u00e8me, c\u2019est qu&rsquo;une question technique n&rsquo;a pas \u00e9t\u00e9 bien analys\u00e9e et que quelqu&rsquo;un quelque part a \u00ab\u00a0merd\u00e9\u00a0\u00bb.<br \/>\n<\/span><\/p>\n<p><span style=\"color: #777777; font-family: Arial;\">Les probl\u00e8mes que nous avons \u00e0 affronter ne sont pas toujours aussi simples.<br \/>\n<\/span><\/p>\n<p><span style=\"color: #777777; font-family: Arial;\">Une grande part des difficult\u00e9s ne se trouvent pas \u00e0 l&rsquo;ext\u00e9rieur de nous, mais dans nos impatiences, nos contradictions, nos d\u00e9sirs et notre adh\u00e9sion \u00e0 l&rsquo;individualisme et au consum\u00e9risme.<br \/>\n<\/span><\/p>\n<p><span style=\"color: #777777; font-family: Arial;\">Critiquer ne suffit pas, il faut aussi proposer.<br \/>\n<\/span><\/p>\n<p><span style=\"color: #777777; font-family: Arial;\">Proposer des solutions qui peuvent \u00eatre mises en \u0153uvre, non de simples utopies dont on n&rsquo;a pas le moindre commencement de d\u00e9but d&rsquo;organisation viable \u00e0 proposer \u00e0 la dimension d&rsquo;un \u00c9tat, sans parler de la dimension du monde.<br \/>\n<\/span><\/p>\n<p><span style=\"color: #777777; font-family: Arial;\">Et quand on propose une solution, il faut en comprendre et d\u00e9crire les cons\u00e9quences pour notre quotidien, nos d\u00e9sirs et ceux des autres.<br \/>\n<\/span><\/p>\n<p><span style=\"color: #777777; font-family: Arial;\">Il y a des ambig\u00fcit\u00e9s dit Obama.<br \/>\n<\/span><\/p>\n<p><span style=\"color: #c00000; font-family: Arial;\">&lt;<span style=\"color: maroon;\">1384&gt;<\/span><\/span><\/p>\n","protected":false},"excerpt":{"rendered":"<p>\u00ab\u00a0Si la seule chose que vous faites, c\u2019est critiquer, vous n\u2019irez probablement pas bien loin.\u00a0\u00bb Barack Obama Dans ce temps particulier que nos soci\u00e9t\u00e9s traversent dans le monde entier, la solidarit\u00e9 s&rsquo;exprime, le d\u00e9vouement des soignants et d&rsquo;autres travailleurs dont<\/p>\n","protected":false},"author":1,"featured_media":0,"comment_status":"open","ping_status":"closed","sticky":false,"template":"","format":"standard","meta":{"footnotes":""},"categories":[1],"tags":[54,126,182],"class_list":["post-8444","post","type-post","status-publish","format-standard","hentry","category-motdujour","tag-humanisme","tag-pandemie","tag-progres"],"_links":{"self":[{"href":"https:\/\/lemotdujour.fr\/index.php?rest_route=\/wp\/v2\/posts\/8444","targetHints":{"allow":["GET"]}}],"collection":[{"href":"https:\/\/lemotdujour.fr\/index.php?rest_route=\/wp\/v2\/posts"}],"about":[{"href":"https:\/\/lemotdujour.fr\/index.php?rest_route=\/wp\/v2\/types\/post"}],"author":[{"embeddable":true,"href":"https:\/\/lemotdujour.fr\/index.php?rest_route=\/wp\/v2\/users\/1"}],"replies":[{"embeddable":true,"href":"https:\/\/lemotdujour.fr\/index.php?rest_route=%2Fwp%2Fv2%2Fcomments&post=8444"}],"version-history":[{"count":4,"href":"https:\/\/lemotdujour.fr\/index.php?rest_route=\/wp\/v2\/posts\/8444\/revisions"}],"predecessor-version":[{"id":8448,"href":"https:\/\/lemotdujour.fr\/index.php?rest_route=\/wp\/v2\/posts\/8444\/revisions\/8448"}],"wp:attachment":[{"href":"https:\/\/lemotdujour.fr\/index.php?rest_route=%2Fwp%2Fv2%2Fmedia&parent=8444"}],"wp:term":[{"taxonomy":"category","embeddable":true,"href":"https:\/\/lemotdujour.fr\/index.php?rest_route=%2Fwp%2Fv2%2Fcategories&post=8444"},{"taxonomy":"post_tag","embeddable":true,"href":"https:\/\/lemotdujour.fr\/index.php?rest_route=%2Fwp%2Fv2%2Ftags&post=8444"}],"curies":[{"name":"wp","href":"https:\/\/api.w.org\/{rel}","templated":true}]}}