{"id":844,"date":"2014-09-30T02:00:00","date_gmt":"2014-09-29T22:00:00","guid":{"rendered":"http:\/\/lemotdujour.fr\/?p=844"},"modified":"2017-05-08T13:23:22","modified_gmt":"2017-05-08T11:23:22","slug":"mardi-30-septembre-2014","status":"publish","type":"post","link":"https:\/\/lemotdujour.fr\/?p=844","title":{"rendered":"Mardi 30 septembre 2014"},"content":{"rendered":"<div class=\"mdjDate\">Mardi 30 septembre 2014<\/div>\n<p>Dimanche on a renouvel\u00e9 une partie du S\u00e9nat : <\/p>\n<div class=\"mdjTexte\">\u00ab\u00a0[Le S\u00e9nat] est r\u00e9duit \u00e0 des interventions obscures et accessoires\u00a0\u00bb<\/div>\n<div class=\"mdjAuteur\">Charles De Gaulle<\/div>\n<div class=\"mdjComplements\">De Gaulle voulait fusionner le S\u00e9nat et le Conseil \u00c9conomique et Social.<\/div>\n<div class=\"mdjComplements\">Mais les fran\u00e7ais ont rejet\u00e9 son souhait par r\u00e9f\u00e9rendum.<\/div>\n<div class=\"mdjComplements\">Et le S\u00e9nat a continu\u00e9 \u00e0 faire des interventions obscures et accessoires.<\/div>\n<div class=\"mdjComplements\">Dans cette archives de l&rsquo;INA vous verrez De Gaulle d\u00e9fendre sont projet et dire le mot du jour : <a href=\"http:\/\/www.ina.fr\/video\/CAF87002504\">http:\/\/www.ina.fr\/video\/CAF87002504<\/a><\/div>\n<div class=\"mdjComplements\">Vendredi, Thomas Legrand qui r\u00e9alise un \u00e9dito politique, le matin, tous les jours de la semaine sur France Inter a lui aussi souhait\u00e9 la fin du S\u00e9nat.<\/div>\n<div class=\"mdjComplements\">Ce Vendredi 26\u00a0 septembre France Inter avait pos\u00e9 ses valises dans la Grande Galerie de l&rsquo;\u00e9volution du jardin des plantes, \u00e0 c\u00f4t\u00e9 de la gare d&rsquo;Austerlitz.<\/div>\n<div class=\"mdjComplements\">Et comme il souhaitait \u00e9voquer les \u00e9lections s\u00e9natoriales de dimanche il a os\u00e9 des rapprochements hardis : <\/div>\n<div class=\"mdjCiter\">Ce lieu [la galerie de l&rsquo;\u00e9volution qui s&rsquo;int\u00e9resse aux b\u00eates mortes] a \u00e9t\u00e9 choisi \u00e0 dessein pour \u00e9voquer le S\u00e9nat.<\/div>\n<div class=\"mdjCiter\">C&rsquo;est ce dimanche que la moiti\u00e9 du S\u00e9nat est renouvel\u00e9 \u00ab dans une indiff\u00e9rence g\u00e9n\u00e9rale m\u00e9rit\u00e9e \u00bb, avec un mode de scrutin obscur, indirect et qui ne correspond plus \u00e0 rien<\/div>\n<div class=\"mdjCiter\">La chambre haute va certainement basculer \u00e0 droite. Nous allons donc assister \u00e0 une alternance politique de l&rsquo;une des chambres du Parlement et cela ne va rien changer \u00e0 rien.<\/div>\n<div class=\"mdjCiter\">Le S\u00e9nat ne fera que perdre du temps \u00e0 certaines lois qui seront en d\u00e9finitive adopt\u00e9es par l&rsquo;Assembl\u00e9e Nationale.<\/div>\n<div class=\"mdjCiter\">Si une institution qui est l&rsquo;objet d&rsquo;une alternance ne pr\u00e9sente aucun effet sur le jeu d\u00e9mocratique, sauf pour ces \u00e9lus et leurs collaborateurs c&rsquo;est que cette institution est d\u00e9j\u00e0 morte.<\/div>\n<div class=\"mdjCiter\">\u00ab\u00a0 Dans la nature, elle aurait depuis longtemps subi les effets du darwinisme au contact de l\u2019air d\u00e9mocratique \u00bb.<\/div>\n<div class=\"mdjCiter\">Selon Thomas Legrand,\u00a0\u00bb il serait normal que les S\u00e9nateurs au lieu de si\u00e9ger au Palais du Luxembourg, se retrouvent dans la Galerie de l&rsquo;\u00e9volution entre le gorille des montagnes dont il n&rsquo;existe plus que 400 sp\u00e9cimens, \u00e0 peu pr\u00e8s le nombre des s\u00e9nateurs et\u00a0 le quagga (un cheval z\u00e9br\u00e9) qui s&rsquo;est \u00e9teint \u00e0 la fin du XIX\u00e8me si\u00e8cle c&rsquo;est \u00e0 dire exactement\u00a0 \u00e0 l&rsquo;av\u00e8nement de la 3\u00e8me R\u00e9publique, c&rsquo;est \u00e0 dire \u00e0 peu pr\u00e8s au moment o\u00f9 il aurait \u00e9t\u00e9 naturel que l&rsquo;esp\u00e8ce des s\u00e9nateurs s&rsquo;\u00e9teignent.\u00a0\u00bb<\/div>\n<div class=\"mdjComplements\">Vous pouvez l&rsquo;\u00e9couter directement ici :\u00a0\u00a0 <a href=\"http:\/\/www.franceinter.fr\/emission-ledito-politique-l-edito-politique-7h45-49\">http:\/\/www.franceinter.fr\/emission-ledito-politique-l-edito-politique-7h45-49<\/a><\/div>\n<div class=\"mdjComplements\">Rappelons pour finir que le S\u00e9nat am\u00e9ricain ne compte que 100 s\u00e9nateurs pour 348 s\u00e9nateurs fran\u00e7ais.<\/div>\n","protected":false},"excerpt":{"rendered":"<p>Mardi 30 septembre 2014 Dimanche on a renouvel\u00e9 une partie du S\u00e9nat : \u00ab\u00a0[Le S\u00e9nat] est r\u00e9duit \u00e0 des interventions obscures et accessoires\u00a0\u00bb Charles De Gaulle De Gaulle voulait fusionner le S\u00e9nat et le Conseil \u00c9conomique et Social. Mais les<\/p>\n","protected":false},"author":1,"featured_media":0,"comment_status":"closed","ping_status":"closed","sticky":false,"template":"","format":"standard","meta":{"footnotes":""},"categories":[1],"tags":[],"class_list":["post-844","post","type-post","status-publish","format-standard","hentry","category-motdujour"],"_links":{"self":[{"href":"https:\/\/lemotdujour.fr\/index.php?rest_route=\/wp\/v2\/posts\/844","targetHints":{"allow":["GET"]}}],"collection":[{"href":"https:\/\/lemotdujour.fr\/index.php?rest_route=\/wp\/v2\/posts"}],"about":[{"href":"https:\/\/lemotdujour.fr\/index.php?rest_route=\/wp\/v2\/types\/post"}],"author":[{"embeddable":true,"href":"https:\/\/lemotdujour.fr\/index.php?rest_route=\/wp\/v2\/users\/1"}],"replies":[{"embeddable":true,"href":"https:\/\/lemotdujour.fr\/index.php?rest_route=%2Fwp%2Fv2%2Fcomments&post=844"}],"version-history":[{"count":1,"href":"https:\/\/lemotdujour.fr\/index.php?rest_route=\/wp\/v2\/posts\/844\/revisions"}],"predecessor-version":[{"id":845,"href":"https:\/\/lemotdujour.fr\/index.php?rest_route=\/wp\/v2\/posts\/844\/revisions\/845"}],"wp:attachment":[{"href":"https:\/\/lemotdujour.fr\/index.php?rest_route=%2Fwp%2Fv2%2Fmedia&parent=844"}],"wp:term":[{"taxonomy":"category","embeddable":true,"href":"https:\/\/lemotdujour.fr\/index.php?rest_route=%2Fwp%2Fv2%2Fcategories&post=844"},{"taxonomy":"post_tag","embeddable":true,"href":"https:\/\/lemotdujour.fr\/index.php?rest_route=%2Fwp%2Fv2%2Ftags&post=844"}],"curies":[{"name":"wp","href":"https:\/\/api.w.org\/{rel}","templated":true}]}}