{"id":842,"date":"2014-09-29T02:00:00","date_gmt":"2014-09-28T22:00:00","guid":{"rendered":"http:\/\/lemotdujour.fr\/?p=842"},"modified":"2018-01-28T23:24:15","modified_gmt":"2018-01-28T22:24:15","slug":"lundi-29-septembre-2014","status":"publish","type":"post","link":"https:\/\/lemotdujour.fr\/?p=842","title":{"rendered":"Lundi 29 septembre 2014"},"content":{"rendered":"<div class=\"mdjDate\">Lundi 29 septembre 2014<\/div>\n<div class=\"mdjTexte\">\u00ab\u00a0La marche est un authentique exercice spirituel.\u00a0\u00bb<\/div>\n<div class=\"mdjAuteur\">Fr\u00e9d\u00e9ric Gros<\/div>\n<div class=\"mdjComplements\">Apr\u00e8s le sommeil qui f\u00fbt le sujet du dernier mot du jour, voici un autre exercice qui permet de nous sortir de notre posture de consommateur compulsif : la marche.<\/div>\n<div class=\"mdjComplements\">Professeur de philosophie politique \u00e0 l&rsquo;universit\u00e9 Paris-XII\u00a0 Fr\u00e9d\u00e9ric Gros a \u00e9crit un livre intitul\u00e9 <strong>\u00ab\u00a0Marcher, une philosophie\u00a0\u00bb<\/strong> (Carnet Nord, 2009). Dans ce livre on apprendra que Nietzsche a eu cette formule \u00ab les orteils se dressent pour \u00e9couter\u00bb .<\/div>\n<div class=\"mdjComplements\">Un article du Monde que je joins \u00e0 ce message donne quelques cl\u00e9s de ce livre :<\/div>\n<div class=\"mdjCiter\">Question [&#8230;] marcher semble, aux yeux de beaucoup, une exp\u00e9rience plus banale, plus pauvre&#8230;<\/div>\n<div class=\"mdjCiter\">[&#8230;]\u00a0 La lenteur de la marche, sa r\u00e9gularit\u00e9, cela allonge consid\u00e9rablement la journ\u00e9e. Et en ne faisant que mettre un pied devant l&rsquo;autre, vous verrez que vous aurez \u00e9tir\u00e9 d\u00e9mesur\u00e9ment les heures. De sorte qu&rsquo;on vit plus longtemps en marchant, pas au sens o\u00f9 cela rallongerait votre dur\u00e9e de vie, mais au sens o\u00f9, dans la marche, le temps ralentit, il prend une respiration plus ample.<\/div>\n<div class=\"mdjCiter\">Par ailleurs, le rapport du corps \u00e0 l&rsquo;espace est aussi tr\u00e8s impressionnant : par exemple la beaut\u00e9 des paysages est plus intense quand on a fait des heures de marche pour franchir un col.<\/div>\n<div class=\"mdjCiter\">[&#8230;] Ce n&rsquo;est pas tant que marcher nous rend intelligents, mais que cela nous rend, et c&rsquo;est bien plus f\u00e9cond, disponibles. On n&rsquo;est plus dans le recopiage, le commentaire, la r\u00e9futation mesquine, on n&rsquo;est plus prisonnier de la culture ni des livres, mais rendu simplement disponible \u00e0 la pens\u00e9e.<\/div>\n<div class=\"mdjCiter\">[&#8230;] rappeler quand m\u00eame que la marche, par sa lenteur, par la fatigue qu&rsquo;elle entra\u00eene, n&rsquo;a pas cess\u00e9 de repr\u00e9senter pour l&rsquo;homme une contrainte dont il fallait se d\u00e9barrasser par la richesse ou le progr\u00e8s technique.<\/div>\n<div class=\"mdjCiter\">Si on red\u00e9couvre aujourd&rsquo;hui les bienfaits de la marche, c&rsquo;est que l&rsquo;on commence \u00e0 ressentir que la vitesse, l&rsquo;imm\u00e9diatet\u00e9, la r\u00e9activit\u00e9 peuvent devenir des ali\u00e9nations. On finit, dans nos vies ultramodernes, par n&rsquo;\u00eatre plus pr\u00e9sent \u00e0 rien, par n&rsquo;avoir plus qu&rsquo;un \u00e9cran comme interlocuteur. Nous sommes des connect\u00e9s permanents. Ce qui fait l&rsquo;actualit\u00e9 critique de la marche, c&rsquo;est qu&rsquo;elle nous fait ressentir la d\u00e9connexion comme une d\u00e9livrance.<\/div>\n<div class=\"mdjCiter\">[on marche pour se retrouver ] au sens o\u00f9, en marchant, vous laissez au bord des chemins les masques sociaux, les r\u00f4les impos\u00e9s, parce qu&rsquo;ils n&rsquo;ont plus leur utilit\u00e9. La marche permet aussi de red\u00e9couvrir un certain nombre de joies simples. On retrouve un plaisir de manger, boire, se reposer, dormir. Plaisirs au ras de l&rsquo;existence : la jouissance de l&rsquo;\u00e9l\u00e9mentaire. Tout cela, je crois, permet \u00e0 chacun de reconqu\u00e9rir un certain niveau d&rsquo;authenticit\u00e9.<\/div>\n<div class=\"mdjCiter\">Mais on peut aller encore plus loin : la marche permet aussi de se r\u00e9inventer. Je veux dire qu&rsquo;\u00e0 la fois, en marchant, on se d\u00e9barrasse d&rsquo;anciennes fatigues, on se d\u00e9leste de r\u00f4les factices, et on se donne du champ.<\/div>\n<div class=\"mdjCiter\">En marchant, tout redevient possible, on red\u00e9couvre le sens de l&rsquo;horizon. Ce qui manque aujourd&rsquo;hui, c&rsquo;est le sens de l&rsquo;horizon : tout est \u00e0 plat. Labyrinthique, infini, mais \u00e0 plat. On surfe, on glisse, mais on reste \u00e0 la surface, une surface sans profondeur, d\u00e9sesp\u00e9r\u00e9ment. Le r\u00e9seau n&rsquo;a pas d&rsquo;horizon.<\/div>\n<div class=\"mdjCiter\">[marcher, une philosophie\u00a0\u00bb ?] Peut-\u00eatre davantage : un exercice spirituel.<\/div>\n<div class=\"mdjComplements\">Voici ci-apr\u00e8s deux autres liens :<\/div>\n<div class=\"mdjComplements\">\u00ab Marche ou cr\u00e8ve ! \u00bb, criait-on\u2026D\u00e9sormais c&rsquo;est \u00ab Marche et revis ! \u00bb Petite s\u00e9lection de livres sur les bonheurs de la marche. La page de la librairie Mollat sur un grand nombre de livre sur la Marche &gt; <a href=\"http:\/\/www.mollat.com\/dossier\/la_marche_une_philosophie_abordable-12075.html\">http:\/\/www.mollat.com\/dossier\/la_marche_une_philosophie_abordable-12075.html<\/a><\/div>\n<div class=\"mdjComplements\">Et ici vous trouverez Fr\u00e9d\u00e9ric Gros pr\u00e9senter son livre : <a href=\"http:\/\/www.dailymotion.com\/video\/xcnl0m_frederic-gros-marcher-une-philosoph_news\">http:\/\/www.dailymotion.com\/video\/xcnl0m_frederic-gros-marcher-une-philosoph_news<\/a><\/div>\n<div><span style=\"color: #800000;\">&lt;359&gt;<\/span><\/div>\n","protected":false},"excerpt":{"rendered":"<p>Lundi 29 septembre 2014 \u00ab\u00a0La marche est un authentique exercice spirituel.\u00a0\u00bb Fr\u00e9d\u00e9ric Gros Apr\u00e8s le sommeil qui f\u00fbt le sujet du dernier mot du jour, voici un autre exercice qui permet de nous sortir de notre posture de consommateur compulsif<\/p>\n","protected":false},"author":1,"featured_media":0,"comment_status":"closed","ping_status":"closed","sticky":false,"template":"","format":"standard","meta":{"footnotes":""},"categories":[1],"tags":[6,13,31],"class_list":["post-842","post","type-post","status-publish","format-standard","hentry","category-motdujour","tag-philosophie","tag-sante","tag-sport"],"_links":{"self":[{"href":"https:\/\/lemotdujour.fr\/index.php?rest_route=\/wp\/v2\/posts\/842","targetHints":{"allow":["GET"]}}],"collection":[{"href":"https:\/\/lemotdujour.fr\/index.php?rest_route=\/wp\/v2\/posts"}],"about":[{"href":"https:\/\/lemotdujour.fr\/index.php?rest_route=\/wp\/v2\/types\/post"}],"author":[{"embeddable":true,"href":"https:\/\/lemotdujour.fr\/index.php?rest_route=\/wp\/v2\/users\/1"}],"replies":[{"embeddable":true,"href":"https:\/\/lemotdujour.fr\/index.php?rest_route=%2Fwp%2Fv2%2Fcomments&post=842"}],"version-history":[{"count":3,"href":"https:\/\/lemotdujour.fr\/index.php?rest_route=\/wp\/v2\/posts\/842\/revisions"}],"predecessor-version":[{"id":4069,"href":"https:\/\/lemotdujour.fr\/index.php?rest_route=\/wp\/v2\/posts\/842\/revisions\/4069"}],"wp:attachment":[{"href":"https:\/\/lemotdujour.fr\/index.php?rest_route=%2Fwp%2Fv2%2Fmedia&parent=842"}],"wp:term":[{"taxonomy":"category","embeddable":true,"href":"https:\/\/lemotdujour.fr\/index.php?rest_route=%2Fwp%2Fv2%2Fcategories&post=842"},{"taxonomy":"post_tag","embeddable":true,"href":"https:\/\/lemotdujour.fr\/index.php?rest_route=%2Fwp%2Fv2%2Ftags&post=842"}],"curies":[{"name":"wp","href":"https:\/\/api.w.org\/{rel}","templated":true}]}}