{"id":840,"date":"2014-09-26T02:00:00","date_gmt":"2014-09-25T22:00:00","guid":{"rendered":"http:\/\/lemotdujour.fr\/?p=840"},"modified":"2017-05-08T13:23:21","modified_gmt":"2017-05-08T11:23:21","slug":"vendredi-26-septembre-2014","status":"publish","type":"post","link":"https:\/\/lemotdujour.fr\/?p=840","title":{"rendered":"Vendredi 26 septembre 2014"},"content":{"rendered":"<div class=\"mdjDate\">Vendredi 26 septembre 2014<\/div>\n<div class=\"mdjTexte\">\u00ab\u00a0Le capitalisme [monte] \u00e0 l&rsquo;assaut du sommeil\u00a0\u00bb<\/div>\n<div class=\"mdjAuteur\">Jonathan Carry<\/div>\n<div class=\"mdjComplements\">Jonathan Crary est un universitaire am\u00e9ricain qui a publi\u00e9 aux \u00e9ditions Zones, \u00ab\u00a024\/7 \u2013 Le capitalisme \u00e0 l\u2019assaut du sommeil\u00a0\u00bb.<\/div>\n<div class=\"mdjComplements\">Il explique que nous sommes entr\u00e9s dans un syst\u00e8me \u00e9conomique, social et politique promouvant l\u2019id\u00e9al d\u2019une vie sans pause, active \u00e0 toute heure du jour et de la nuit, dans un \u00e9tat d\u2019insomnie g\u00e9n\u00e9ralis\u00e9e. Selon lui, aucun individu ne peut certes \u00ab consommer, jouer, travailler, bloguer, t\u00e9l\u00e9charger ou envoyer des SMS 24 heures sur 24 et 7 jours sur 7. Mais comme il n\u2019existe d\u00e9sormais plus aucun moment, aucun endroit ni aucune situation o\u00f9 l\u2019on ne puisse pas acheter, consommer ou exploiter des ressources en ligne, le non-temps 24\/7 fait une incursion acharn\u00e9e dans tous les aspects de la vie sociale et personnelle \u00bb. <\/div>\n<div class=\"mdjComplements\">\u00c0 l\u2019instar de ses propres machines, l\u2019humanit\u00e9 serait pass\u00e9e en \u00ab mode veille \u00bb : constamment disponible, toujours connect\u00e9e, jamais vraiment \u00e0 l\u2019arr\u00eat.<\/div>\n<div class=\"mdjComplements\">Nous apprenons qu&rsquo;aux \u00c9tats-Unis, depuis le d\u00e9but des ann\u00e9es 2010, le d\u00e9partement de la d\u00e9fense a allou\u00e9 de consid\u00e9rables sommes pour l\u2019\u00e9tude du bruant \u00e0 gorge blanche, cet oiseau migrateur poss\u00e9dant la capacit\u00e9 tr\u00e8s inhabituelle de pouvoir rester \u00e9veill\u00e9 jusqu\u2019\u00e0 sept jours d\u2019affil\u00e9e en p\u00e9riode de migration, dans l\u2019id\u00e9e de pouvoir cr\u00e9er \u00ab un soldat qui ne dorme pas \u00bb.<\/div>\n<div class=\"mdjComplements\">Cette volont\u00e9 de disposer d\u2019humains \u00ab capables de se passer de sommeil et de rester productifs et efficaces \u00bb est partag\u00e9e par le capitalisme contemporain soucieux de vaincre ce dernier continent dont \u00ab on ne peut extraire de valeur \u00bb. <\/div>\n<div class=\"mdjComplements\">Bien que la privation de sommeil constitue une torture r\u00e9f\u00e9renc\u00e9e utilis\u00e9e en droite ligne du NKVD \u00e0 la CIA et que \u00ab dans les exp\u00e9rimentations conduites en laboratoire, les rats meurent apr\u00e8s deux ou trois semaines pass\u00e9es sans dormir \u00bb, une partie de la recherche scientifique s\u2019active donc \u00e0 \u00ab r\u00e9duire le besoin corporel de sommeil\u00bb. <\/div>\n<div class=\"mdjComplements\">Si nous nous sentons crev\u00e9s, c\u2019est bien que nous ne dormons pas assez \u2013 ce que les \u00e9tudes sp\u00e9cialis\u00e9es sur la question du sommeil ne cessent de rappeler. <\/div>\n<div class=\"mdjComplements\">Les Fran\u00e7ais dorment en moyenne 7 heures et 13 minutes par nuit, mais la plupart d\u2019entre eux jugent ce temps insuffisant par rapport au temps \u201cn\u00e9cessaire\u201d \u00e0 leur bien-\u00eatre. Plus agit\u00e9s encore que nous, les Am\u00e9ricains dorment 6 heures et demie par nuit, contre 8 heures pour la g\u00e9n\u00e9ration pr\u00e9c\u00e9dente et 10 heures au d\u00e9but du XXe si\u00e8cle.<\/div>\n<div class=\"mdjComplements\">Confront\u00e9 \u00e0 cette compression, l\u2019auteur cherche \u00e0 comprendre pourquoi le sommeil, de plus en plus saccag\u00e9, reste le \u201cdernier rempart \u00e0 la pleine r\u00e9alisation du capitalisme\u201d. Car dans le paradigme n\u00e9olib\u00e9ral mondialis\u00e9, \u201cle sommeil est fondamentalement un truc de losers\u201d.<\/div>\n<div class=\"mdjComplements\">Si ce sujet vous int\u00e9resse je vous donne des liens ci-apr\u00e8s parlant de ce livre :<\/div>\n<div class=\"mdjComplements\"><a href=\"http:\/\/www.liberation.fr\/societe\/2014\/06\/20\/le-capitalisme-cree-un-etat-d-insomnie-generalise_1046454\">http:\/\/www.liberation.fr\/societe\/2014\/06\/20\/le-capitalisme-cree-un-etat-d-insomnie-generalise_1046454<\/a><\/div>\n<div class=\"mdjComplements\"><a href=\"http:\/\/sante-secu-social.npa2009.org\/spip.php?article4718\">http:\/\/sante-secu-social.npa2009.org\/spip.php?article4718<\/a><\/div>\n<div class=\"mdjComplements\"><a href=\"http:\/\/www.philomag.com\/les-livres\/lessai-du-mois\/247-9601\">http:\/\/www.philomag.com\/les-livres\/lessai-du-mois\/247-9601<\/a><\/div>\n<div class=\"mdjComplements\"><a href=\"http:\/\/www.lesinrocks.com\/2014\/07\/17\/actualite\/dormeurs-pays-unissez-vous-capitalisme-sommeil-11516028\/\">http:\/\/www.lesinrocks.com\/2014\/07\/17\/actualite\/dormeurs-pays-unissez-vous-capitalisme-sommeil-11516028\/<\/a><\/div>\n<div class=\"mdjComplements\">Allez les amis, engageons la lutte contre le capitalisme, Soyons losers et dormons !<\/div>\n","protected":false},"excerpt":{"rendered":"<p>Vendredi 26 septembre 2014 \u00ab\u00a0Le capitalisme [monte] \u00e0 l&rsquo;assaut du sommeil\u00a0\u00bb Jonathan Carry Jonathan Crary est un universitaire am\u00e9ricain qui a publi\u00e9 aux \u00e9ditions Zones, \u00ab\u00a024\/7 \u2013 Le capitalisme \u00e0 l\u2019assaut du sommeil\u00a0\u00bb. Il explique que nous sommes entr\u00e9s dans<\/p>\n","protected":false},"author":1,"featured_media":0,"comment_status":"closed","ping_status":"closed","sticky":false,"template":"","format":"standard","meta":{"footnotes":""},"categories":[1],"tags":[],"class_list":["post-840","post","type-post","status-publish","format-standard","hentry","category-motdujour"],"_links":{"self":[{"href":"https:\/\/lemotdujour.fr\/index.php?rest_route=\/wp\/v2\/posts\/840","targetHints":{"allow":["GET"]}}],"collection":[{"href":"https:\/\/lemotdujour.fr\/index.php?rest_route=\/wp\/v2\/posts"}],"about":[{"href":"https:\/\/lemotdujour.fr\/index.php?rest_route=\/wp\/v2\/types\/post"}],"author":[{"embeddable":true,"href":"https:\/\/lemotdujour.fr\/index.php?rest_route=\/wp\/v2\/users\/1"}],"replies":[{"embeddable":true,"href":"https:\/\/lemotdujour.fr\/index.php?rest_route=%2Fwp%2Fv2%2Fcomments&post=840"}],"version-history":[{"count":1,"href":"https:\/\/lemotdujour.fr\/index.php?rest_route=\/wp\/v2\/posts\/840\/revisions"}],"predecessor-version":[{"id":841,"href":"https:\/\/lemotdujour.fr\/index.php?rest_route=\/wp\/v2\/posts\/840\/revisions\/841"}],"wp:attachment":[{"href":"https:\/\/lemotdujour.fr\/index.php?rest_route=%2Fwp%2Fv2%2Fmedia&parent=840"}],"wp:term":[{"taxonomy":"category","embeddable":true,"href":"https:\/\/lemotdujour.fr\/index.php?rest_route=%2Fwp%2Fv2%2Fcategories&post=840"},{"taxonomy":"post_tag","embeddable":true,"href":"https:\/\/lemotdujour.fr\/index.php?rest_route=%2Fwp%2Fv2%2Ftags&post=840"}],"curies":[{"name":"wp","href":"https:\/\/api.w.org\/{rel}","templated":true}]}}