{"id":8395,"date":"2020-03-28T01:29:38","date_gmt":"2020-03-28T00:29:38","guid":{"rendered":"http:\/\/lemotdujour.fr\/?p=8395"},"modified":"2020-03-28T18:42:54","modified_gmt":"2020-03-28T17:42:54","slug":"samedi-de-confinement-le-28-mars-2020","status":"publish","type":"post","link":"https:\/\/lemotdujour.fr\/?p=8395","title":{"rendered":"Samedi 28 mars 2020"},"content":{"rendered":"<div class=\"mdjTexte\">\u00ab\u00a0Eux, ils soignent.\u00a0\u00bb<\/div>\n<div class=\"mdjAuteur\">Narcisse, slameur suisse<\/div>\n<p><strong><span style=\"color: #ff6600;\"><em>Mot de jour sp\u00e9cial pendant la p\u00e9riode de confinement suite \u00e0 la pand\u00e9mie du COVID-19<\/em><\/span><\/strong><\/p>\n<p><span style=\"color: #777777; font-family: Arial;\">Mon ami Jean-Fran\u00e7ois de Dijon m&rsquo;avait dit : pendant cette p\u00e9riode de confinement, il serait bien que tu \u00e9crives aussi un mot du jour le weekend. Il est vrai que la diff\u00e9rence entre le weekend avec le reste de la semaine devient de moins en moins \u00e9vidente.<br \/>\n<\/span><\/p>\n<p><span style=\"color: #777777; font-family: Arial;\">Encore faut-il avoir mati\u00e8re pour \u00e9crire.<br \/>\n<\/span><\/p>\n<p><span style=\"color: #777777; font-family: Arial;\">Alors ce matin, G\u00e9rald m&rsquo;a envoy\u00e9 une petite vid\u00e9o d&rsquo;un artiste qui a fait un slam en l&rsquo;honneur des soignants. Une v\u00e9ritable p\u00e9pite.<br \/>\n<\/span><\/p>\n<p><span style=\"color: #777777; font-family: Arial;\">Depuis elle circule beaucoup sur les r\u00e9seaux sociaux, mais moi je l&rsquo;ai d\u00e9couverte gr\u00e2ce \u00e0 G\u00e9rald.<br \/>\n<\/span><\/p>\n<p><span style=\"color: #777777; font-family: Arial;\">La puissance po\u00e9tique de certains slameurs, elle, ce sont mes deux enfants qui me l&rsquo;avaient fait d\u00e9couvrir.<br \/>\n<\/span><\/p>\n<p><span style=\"color: #777777; font-family: Arial;\">L&rsquo;artiste qui a fait cette po\u00e9sie en slam est un suisse<br \/>\n<\/span><\/p>\n<p><span style=\"color: #777777; font-family: Arial;\">Il a pour nom de sc\u00e8ne\u00a0: <strong>Narcisse<\/strong>, mais son nom de ville est Jean-Damien Humair. Il est n\u00e9 dans le Jura Suisse le 14 juin 1967.<br \/>\n<\/span><\/p>\n<p><span style=\"color: #777777; font-family: Arial;\">Il a commenc\u00e9 le slam en 2006 \u00e0 Lausanne nous apprend Wikipedia.<br \/>\n<\/span><\/p>\n<p><span style=\"color: #777777; font-family: Arial;\">Vous trouverez son \u0153uvre derri\u00e8re ce lien\u00a0: &lt;<a href=\"https:\/\/www.youtube.com\/watch?v=XRLbtcqp0_k\"><span style=\"color: #000080;\"><span style=\"color: #0000ff;\">Eux, ils soignent<\/span><\/span><\/a>&gt;<br \/>\n<\/span><\/p>\n<p><span style=\"color: #777777; font-family: Arial;\">Et voici son texte<br \/>\n<\/span><\/p>\n<p style=\"margin-left: 28pt;\"><span style=\"color: #c00000; font-family: Arial;\">Tandis que nous chantons<br \/>\nCertains soirs aux balcons<br \/>\nEt que ceux qui comme moi<br \/>\nNe savent pas chanter<br \/>\nEssaient aussi parfois<br \/>\nD&rsquo;enchanter sans chanter<br \/>\nPour que d&rsquo;autres nous rejoignent<br \/>\n<strong>Eux ils soignent.<br \/>\n<\/strong><\/span><\/p>\n<p style=\"margin-left: 28pt;\"><span style=\"color: #c00000; font-family: Arial;\">Et tandis qu&rsquo;on dort tant<br \/>\nQu&rsquo;on n&rsquo;en dort m\u00eame plus<br \/>\nQu&rsquo;on lit pour passer l&rsquo;temps<br \/>\nLa Peste de Camus<br \/>\nTandis que nos enfants<br \/>\nCoinc\u00e9s \u00e0 la maison<br \/>\nNous font prendre fermement<br \/>\nLa bonne r\u00e9solution<br \/>\nQu&rsquo;\u00e0 la fin du printemps<br \/>\nOn fera sans fa\u00e7on<br \/>\nA tous les enseignants<br \/>\nUn bisou sur le front<br \/>\nParce que l&rsquo;\u00e9ducation<br \/>\nPar papa et maman<br \/>\nC&rsquo;est une sacr\u00e9e montagne<br \/>\n<strong>Eux ils soignent<br \/>\n<\/strong><\/span><\/p>\n<p style=\"margin-left: 28pt;\"><span style=\"color: #c00000; font-family: Arial;\">Tandis que m\u00eame passer<br \/>\nDans des rues sans passants<br \/>\nFait partie du pass\u00e9<br \/>\nTandis qu&rsquo;on n&rsquo;a pas su<br \/>\nComment \u00e9viter \u00e7a<br \/>\nNi comment s&rsquo;en passer<br \/>\nQu&rsquo;on n&rsquo;a ps vue les signes<br \/>\n<strong>Eux ils soignent<br \/>\n<\/strong><\/span><\/p>\n<p style=\"margin-left: 28pt;\"><span style=\"color: #c00000; font-family: Arial;\">Et tandit qu&rsquo;on se plaint<br \/>\nDes lacunes de P\u00e9kin<br \/>\nDe la bourse en piqu\u00e9<br \/>\nDes Coop sans PQ<br \/>\nDes journ\u00e9es sans copains<br \/>\nSans sorties en campagne<br \/>\nSans soir\u00e9es au champagne<br \/>\n<strong>Eux ils soignent.<br \/>\n<\/strong><\/span><\/p>\n<p style=\"margin-left: 28pt;\"><span style=\"color: #c00000; font-family: Arial;\">Tandis que la nature<br \/>\nPrend enfin du bon temps<br \/>\nUn printemps dans le printemps<br \/>\nSans avions sans voitures<br \/>\nTandis qu&rsquo;on se confine<br \/>\nEt qu&rsquo;on se d\u00e9confit<br \/>\nQuand la vieille voisine<br \/>\nS&rsquo;\u00e9gosille et confie<br \/>\nQu&rsquo;il y a des cons finis<br \/>\nQui ignorent les consignes<br \/>\n<strong>Eux ils soignent<br \/>\n<\/strong><\/span><\/p>\n<p style=\"margin-left: 28pt;\"><span style=\"color: #c00000; font-family: Arial;\">Ils soignent<br \/>\nIls suent<br \/>\nIls saignent<br \/>\nIls souffrent<br \/>\nSubissent<br \/>\nSuffoquent<br \/>\nSupportent<br \/>\n<strong>Mais sans cesse ils soignent<br \/>\nEt gr\u00e2ce \u00e0 eux au final<br \/>\nOn gagne<br \/>\n<\/strong><\/span><\/p>\n<p><span style=\"color: #777777; font-family: Arial;\">&lt;<a href=\"https:\/\/www.youtube.com\/watch?v=XRLbtcqp0_k\"><span style=\"color: #0000ff;\">Eux ils soignent<\/span><\/a>&gt;<br \/>\n<\/span><\/p>\n<p><span style=\"color: #777777; font-family: Arial;\">&lt;<span style=\"color: maroon;\">1380&gt;<\/span><\/span><\/p>\n","protected":false},"excerpt":{"rendered":"<p>\u00ab\u00a0Eux, ils soignent.\u00a0\u00bb Narcisse, slameur suisse Mot de jour sp\u00e9cial pendant la p\u00e9riode de confinement suite \u00e0 la pand\u00e9mie du COVID-19 Mon ami Jean-Fran\u00e7ois de Dijon m&rsquo;avait dit : pendant cette p\u00e9riode de confinement, il serait bien que tu \u00e9crives<\/p>\n","protected":false},"author":1,"featured_media":0,"comment_status":"open","ping_status":"closed","sticky":false,"template":"","format":"standard","meta":{"footnotes":""},"categories":[1],"tags":[126,8,180],"class_list":["post-8395","post","type-post","status-publish","format-standard","hentry","category-motdujour","tag-pandemie","tag-poesie","tag-suisse"],"_links":{"self":[{"href":"https:\/\/lemotdujour.fr\/index.php?rest_route=\/wp\/v2\/posts\/8395","targetHints":{"allow":["GET"]}}],"collection":[{"href":"https:\/\/lemotdujour.fr\/index.php?rest_route=\/wp\/v2\/posts"}],"about":[{"href":"https:\/\/lemotdujour.fr\/index.php?rest_route=\/wp\/v2\/types\/post"}],"author":[{"embeddable":true,"href":"https:\/\/lemotdujour.fr\/index.php?rest_route=\/wp\/v2\/users\/1"}],"replies":[{"embeddable":true,"href":"https:\/\/lemotdujour.fr\/index.php?rest_route=%2Fwp%2Fv2%2Fcomments&post=8395"}],"version-history":[{"count":7,"href":"https:\/\/lemotdujour.fr\/index.php?rest_route=\/wp\/v2\/posts\/8395\/revisions"}],"predecessor-version":[{"id":8403,"href":"https:\/\/lemotdujour.fr\/index.php?rest_route=\/wp\/v2\/posts\/8395\/revisions\/8403"}],"wp:attachment":[{"href":"https:\/\/lemotdujour.fr\/index.php?rest_route=%2Fwp%2Fv2%2Fmedia&parent=8395"}],"wp:term":[{"taxonomy":"category","embeddable":true,"href":"https:\/\/lemotdujour.fr\/index.php?rest_route=%2Fwp%2Fv2%2Fcategories&post=8395"},{"taxonomy":"post_tag","embeddable":true,"href":"https:\/\/lemotdujour.fr\/index.php?rest_route=%2Fwp%2Fv2%2Ftags&post=8395"}],"curies":[{"name":"wp","href":"https:\/\/api.w.org\/{rel}","templated":true}]}}