{"id":838,"date":"2014-09-25T02:00:00","date_gmt":"2014-09-24T22:00:00","guid":{"rendered":"http:\/\/lemotdujour.fr\/?p=838"},"modified":"2017-05-08T13:23:20","modified_gmt":"2017-05-08T11:23:20","slug":"jeudi-25-septembre-2014","status":"publish","type":"post","link":"https:\/\/lemotdujour.fr\/?p=838","title":{"rendered":"Jeudi 25 septembre 2014"},"content":{"rendered":"<div class=\"mdjDate\">Jeudi 25 septembre 2014<\/div>\n<p>Un fran\u00e7ais ayant l\u2019intention de faire de l\u2019alpinisme en Kabylie, a \u00e9t\u00e9 enlev\u00e9 par un groupe de djihadiste puis a \u00e9t\u00e9 d\u00e9capit\u00e9 par ce groupe.<\/p>\n<div class=\"mdjTexte\">\u00ab\u00a0Les termes de califat et de djihad sont utilis\u00e9s pour ne pas en utiliser d&rsquo;autres.<br \/>Ainsi le mot de r\u00e9publique est banni parce qu&rsquo;il vient de la r\u00e9volution fran\u00e7aise que les djihadistes d\u00e9testent et le djihad remplace le mot r\u00e9volution dans nos banlieues comme dans celles de Bagdad.\u00a0\u00bb<\/div>\n<div class=\"mdjAuteur\">Gabriel Martinez-Gros<\/div>\n<div class=\"mdjComplements\">Un homme paisible qui aimait la nature et les cimes des montagnes voulait simplement faire un voyage et du sport.<\/div>\n<div class=\"mdjComplements\">Sur son chemin, il a rencontr\u00e9 des criminels, des monstres assoiff\u00e9s de sang et qui ont besoin d&rsquo;une th\u00e9orie, d&rsquo;un dogme pour tenter de justifier leurs pulsions de mort.<\/div>\n<div class=\"mdjComplements\">J&rsquo;ai entendu, Gabriel Martinez-Gros tenir les propos que j&rsquo;ai choisis comme mot du jour dans une \u00e9mission de France Culture : La Grande Table.<\/div>\n<div class=\"mdjComplements\">J&rsquo;ai \u00e9t\u00e9 tellement fascin\u00e9 par ce qu&rsquo;il racontait que pour une fois, j&rsquo;ai achet\u00e9 le livre qu&rsquo;il a \u00e9crit et qui sous-tend son analyse : \u00ab\u00a0Br\u00e8ve histoire des empires, comment ils surgissent, comment ils s\u2019effondrent\u00a0\u00bb un livre publi\u00e9 aux \u00e9ditions du Seuil <\/div>\n<div class=\"mdjComplements\">Parmi ces gens qui massacrent, d\u00e9capitent, crucifient, veulent faire table rase de tout ce qui n&rsquo;est pas musulman et plus encore musulman sunnite d&rsquo;une ob\u00e9dience salafiste radicale, il y a des criminels au cerveau vide et \u00e0 la libido actionn\u00e9e par la vue du sang.<\/div>\n<div class=\"mdjComplements\">Mais il y a aussi un petit groupe qui dirige et qui m\u00e8ne un combat id\u00e9ologique. Ces gens d\u00e9testent tout ce que l&rsquo;occident repr\u00e9sente m\u00eame dans ses combats les plus nobles de la libert\u00e9, des droits de l&rsquo;homme, du doute, du progr\u00e8s scientifique.<\/div>\n<div class=\"mdjComplements\">Gabriel Martinez-Gros explique \u00ab\u00a0Pour ces gens les mots R\u00e9publique et R\u00e9volution sont des mots impies <\/div>\n<div class=\"mdjComplements\">Ces gens ont l&rsquo;ambition, peut-\u00eatre folle, de renverser tout ce qui a \u00e9t\u00e9 fait dans le monde depuis deux si\u00e8cles.\u00a0\u00bb<\/div>\n<div class=\"mdjComplements\">D&rsquo;ailleurs ils voient comme un signe que les chiites d\u00e9test\u00e9s ont quant \u00e0 eux c\u00e9d\u00e9 \u00e0 l&rsquo;ennemi occidental en qualifiant leur prise de pouvoir de r\u00e9volution iranienne et ont institu\u00e9 une r\u00e9publique islamique.<\/div>\n<div class=\"mdjComplements\">Gabriel Martinez, est professeur d\u2019Histoire m\u00e9di\u00e9vale, sp\u00e9cialiste de l\u2019\u0153uvre d\u2019Ibn Khald\u00fbn, immense penseur Musulman du XIV\u00e8me si\u00e8cle.<\/div>\n<div class=\"mdjComplements\">Son livre se base sur une interpr\u00e9tation de l&rsquo;Histoire r\u00e9alis\u00e9e par\u00a0 Ibn Khaldhun \u00e0 travers l&rsquo;Histoire des empires, Rome, La Chine, l&rsquo;Islam, Les Mongols, l&rsquo;Inde.<\/div>\n<div class=\"mdjComplements\">L&rsquo;explication centrale est l&rsquo;existence d&rsquo;un Empire qui constitue un centre pacifique, productif, commer\u00e7ant, d\u00e9sarm\u00e9 id\u00e9ologiquement et aussi d\u00e9testant faire la guerre et qui trouve \u00e0 ses marges, \u00e0 sa p\u00e9riph\u00e9rie des \u00ab\u00a0tribus violentes\u00a0\u00bb qui veulent faire chuter l&rsquo;Empire.<\/div>\n<div class=\"mdjComplements\">Pour Gabriel Martinez-Gros l&rsquo;Empire d&rsquo;aujourd&rsquo;hui c&rsquo;est, l&#8217;empire du capitalisme :\u00a0 les Etats Unis, la Chine, la Russie et l&rsquo;Europe qui sont le centre pacifique et productif du monde<\/div>\n<div class=\"mdjComplements\">Et l&rsquo;Empire voit se lever contre lui des marges violentes. <\/div>\n<div class=\"mdjComplements\">Ce centre pacifique ne sait plus, ne veut plus faire la guerre m\u00eame lorsqu&rsquo;il est attaqu\u00e9 de mani\u00e8re aussi d\u00e9lib\u00e9r\u00e9e. Ce ne sont bien s\u00fbr pas des frappes a\u00e9riennes qui pourront en finir avec ces tribus sanguinaires.<\/div>\n<div class=\"mdjComplements\">Voici l&rsquo;\u00e9mission passionnante dont je tire le mot du jour qui se trouve environ \u00e0 5mn30 : <a href=\"http:\/\/www.franceculture.fr\/emission-la-grande-table-2eme-partie-irak-retour-vers-le-grand-califat-2014-06-17\">http:\/\/www.franceculture.fr\/emission-la-grande-table-2eme-partie-irak-retour-vers-le-grand-califat-2014-06-17<\/a><\/div>\n","protected":false},"excerpt":{"rendered":"<p>Jeudi 25 septembre 2014 Un fran\u00e7ais ayant l\u2019intention de faire de l\u2019alpinisme en Kabylie, a \u00e9t\u00e9 enlev\u00e9 par un groupe de djihadiste puis a \u00e9t\u00e9 d\u00e9capit\u00e9 par ce groupe. \u00ab\u00a0Les termes de califat et de djihad sont utilis\u00e9s pour ne<\/p>\n","protected":false},"author":1,"featured_media":0,"comment_status":"closed","ping_status":"closed","sticky":false,"template":"","format":"standard","meta":{"footnotes":""},"categories":[1],"tags":[],"class_list":["post-838","post","type-post","status-publish","format-standard","hentry","category-motdujour"],"_links":{"self":[{"href":"https:\/\/lemotdujour.fr\/index.php?rest_route=\/wp\/v2\/posts\/838","targetHints":{"allow":["GET"]}}],"collection":[{"href":"https:\/\/lemotdujour.fr\/index.php?rest_route=\/wp\/v2\/posts"}],"about":[{"href":"https:\/\/lemotdujour.fr\/index.php?rest_route=\/wp\/v2\/types\/post"}],"author":[{"embeddable":true,"href":"https:\/\/lemotdujour.fr\/index.php?rest_route=\/wp\/v2\/users\/1"}],"replies":[{"embeddable":true,"href":"https:\/\/lemotdujour.fr\/index.php?rest_route=%2Fwp%2Fv2%2Fcomments&post=838"}],"version-history":[{"count":1,"href":"https:\/\/lemotdujour.fr\/index.php?rest_route=\/wp\/v2\/posts\/838\/revisions"}],"predecessor-version":[{"id":839,"href":"https:\/\/lemotdujour.fr\/index.php?rest_route=\/wp\/v2\/posts\/838\/revisions\/839"}],"wp:attachment":[{"href":"https:\/\/lemotdujour.fr\/index.php?rest_route=%2Fwp%2Fv2%2Fmedia&parent=838"}],"wp:term":[{"taxonomy":"category","embeddable":true,"href":"https:\/\/lemotdujour.fr\/index.php?rest_route=%2Fwp%2Fv2%2Fcategories&post=838"},{"taxonomy":"post_tag","embeddable":true,"href":"https:\/\/lemotdujour.fr\/index.php?rest_route=%2Fwp%2Fv2%2Ftags&post=838"}],"curies":[{"name":"wp","href":"https:\/\/api.w.org\/{rel}","templated":true}]}}