{"id":8361,"date":"2020-03-24T02:39:48","date_gmt":"2020-03-24T01:39:48","guid":{"rendered":"http:\/\/lemotdujour.fr\/?p=8361"},"modified":"2020-10-08T21:18:07","modified_gmt":"2020-10-08T19:18:07","slug":"mardi-24-fevrier-2020","status":"publish","type":"post","link":"https:\/\/lemotdujour.fr\/?p=8361","title":{"rendered":"Mardi 24 mars 2020"},"content":{"rendered":"<div class=\"mdjTexte\">\u00ab&nbsp;Fais pas la trogne enfin, \u00e0 la fen\u00eatre \u00e9coute les oiseaux&nbsp;!&nbsp;\u00bb<\/div>\n<div class=\"mdjAuteur\">Lucien Orange<\/div>\n<p><span style=\"color: #777777; font-family: Arial;\">Lucien est un humaniste et un po\u00e8te.<br \/>\n<\/span><\/p>\n<p><span style=\"color: #777777; font-family: Arial;\">Un po\u00e8te de la Croix Rousse.<br \/>\n<\/span><\/p>\n<p><span style=\"color: #777777; font-family: Arial;\">Nous nous sommes connus dans la section du PS de la Croix Rousse. Nous \u00e9tions tr\u00e8s souvent d&rsquo;accord, quelquefois il \u00e9tait un peu plus \u00e0 gauche que moi.<br \/>\n<\/span><\/p>\n<p><span style=\"color: #777777; font-family: Arial;\">Mais m\u00eame quand nous n&rsquo;\u00e9tions pas d&rsquo;accord, cela n&rsquo;avait aucun effet sur notre amiti\u00e9 d&rsquo;esprit et de c\u0153ur.<br \/>\n<\/span><\/p>\n<p><span style=\"color: #777777; font-family: Arial;\">C&rsquo;est encore le cas, mais nous ne sommes plus au PS.<br \/>\n<\/span><\/p>\n<p><span style=\"color: #777777; font-family: Arial;\">Lucien \u00e9crit des textes qui n&rsquo;appartiennent qu&rsquo;\u00e0 lui, dr\u00f4les, profonds, po\u00e9tiques.<br \/>\n<\/span><\/p>\n<p><span style=\"color: #777777; font-family: Arial;\">Aujourd&rsquo;hui, avec son autorisation, je partage le dernier texte qu&rsquo;il a envoy\u00e9.<br \/>\n<\/span><\/p>\n<p><span style=\"color: #777777; font-family: Arial;\">Une petite merveille du temps pr\u00e9sent.<br \/>\n<\/span><\/p>\n<p style=\"margin-left: 28pt;\"><span style=\"color: #c00000; font-family: Arial;\">&nbsp;T&rsquo;en fais pas gone&nbsp;;<br \/>\n<\/span><\/p>\n<p style=\"margin-left: 28pt;\"><span style=\"color: #c00000; font-family: Arial;\">Allons, gone, fais pas cette t\u00eate&nbsp;! C&rsquo;est pas la fin du monde c&rsquo;qu&rsquo;y arrive,<br \/>\n<\/span><\/p>\n<p style=\"margin-left: 28pt;\"><span style=\"color: #c00000; font-family: Arial;\">C&rsquo;est tout de m\u00eame pas comme si c&rsquo;\u00e9tait la guerre&nbsp;?<br \/>\n<\/span><\/p>\n<p style=\"margin-left: 28pt;\"><span style=\"color: #c00000; font-family: Arial;\">Ha si, il a dit que c&rsquo;\u00e9tait la guerre&nbsp;?<br \/>\n<\/span><\/p>\n<p style=\"margin-left: 28pt;\"><span style=\"color: #c00000; font-family: Arial;\">Ha bon, mais une guerre que tu fais chez toi, dans ton canap\u00e9, sans piloter un drone tueur \u00e0 dix mille kilom\u00e8tres de l\u00e0.<br \/>\nJuste, si tu peux, du t\u00e9l\u00e9travail, pendant les heures de bureau. Bien s\u00fbr, certains ne peuvent pas travailler de chez eux, ou m\u00eame travailler tout cours. Sans compter, h\u00e9las, ceux qui, \u00e0 la rue, n&rsquo;ont pas d&rsquo;endroit pour se confiner. L\u00e0 oui c&rsquo;est un probl\u00e8me, et \u00e0 ceux-l\u00e0 il faudra bien donner une sorte de revenu universel, vous savez comme un candidat proposait en 2017&nbsp;! L&rsquo;id\u00e9e \u00e0 l&rsquo;\u00e9poque fut fort d\u00e9cri\u00e9e, et aujourd&rsquo;hui elle s&rsquo;imposerait presque&nbsp;!<br \/>\n<\/span><\/p>\n<p style=\"margin-left: 28pt;\">\n<p style=\"margin-left: 28pt;\"><span style=\"color: #c00000; font-family: Arial;\">Allons fais pas la gueule, oui t&rsquo;es chez toi, confin\u00e9 qu&rsquo;y disent, mais c&rsquo;est qu&rsquo;une question de mot&nbsp;;<br \/>\n<\/span><\/p>\n<p style=\"margin-left: 28pt;\"><span style=\"color: #c00000; font-family: Arial;\">Dis-toi que t&rsquo;es en pause, tiens, c&rsquo;est \u00e7a en pause.<br \/>\nVa \u00e0 la fen\u00eatre, si tu as de la chance y&rsquo;a peut-\u00eatre un jardin pas loin de chez toi que tu peux apercevoir&nbsp;?<br \/>\nRegardes, les arbres bourgeonnent, bient\u00f4t ils seront fleuris, dans ma rue on a des cerisiers \u00e0 fleurs, \u00e7a commence \u00e0 \u00e9clore, c&rsquo;est beau tout ce blanc.<br \/>\nEt puis si t&rsquo;as pas de jardin dans ton champ de vision regarde le ciel, il est toujours beau le ciel, le matin juste avant le soleil souvent il y a des fins nuages, des stratus, je crois, \u00e7a s&rsquo;appelle, et au lever du jour ils sont roses, du rose sur bleu p\u00e2le. Et le soir aussi, juste quand le soleil est au raz des toits, si tu as la chance d&rsquo;avoir un ou deux nuages, c&rsquo;est un vrai festival des couleurs plein le ciel, profites en&nbsp;!!!<br \/>\n<\/span><\/p>\n<p style=\"margin-left: 28pt;\">\n<p style=\"margin-left: 28pt;\"><span style=\"color: #c00000; font-family: Arial;\">Fais pas la trogne enfin, \u00e0 la fen\u00eatre \u00e9coute les oiseaux, oui, oui, on peut entendre les oiseaux, depuis qu&rsquo;il y a moins de voiture, que la pollution diminue, les oiseaux chantent, ils nichent dans les arbres [\u2026] C&rsquo;est le printemps.<br \/>\n<\/span><\/p>\n<p style=\"margin-left: 28pt;\">\n<p style=\"margin-left: 28pt;\"><span style=\"color: #c00000; font-family: Arial;\">Allons rigoles, les gens avec qui tu vis, regarde-les.<br \/>\n<\/span><\/p>\n<p style=\"margin-left: 28pt;\"><span style=\"color: #c00000; font-family: Arial;\">Oui, tien, tes gamins&nbsp;! Tu te rends compte que tu ne les vois pas grandir&nbsp;? Le matin quand tu pars, ils dorment, et le soir quand tu rentres, ils dorment d\u00e9j\u00e0.<br \/>\n<\/span><\/p>\n<p style=\"margin-left: 28pt;\"><span style=\"color: #c00000; font-family: Arial;\">Regardes les, d\u00e9couvres les, tu vois la grande tu t&rsquo;\u00e9tais m\u00eame pas rendu compte qu&rsquo;elle commen\u00e7ait \u00e0 ressembler \u00e0 sa m\u00e8re, m\u00eame fa\u00e7on d&rsquo;\u00eatre, m\u00eame sourire, m\u00eame caract\u00e8re aussi. \u00c7a c&rsquo;est bien&nbsp;!<br \/>\n<\/span><\/p>\n<p style=\"margin-left: 28pt;\">\n<p style=\"margin-left: 28pt;\"><span style=\"color: #c00000; font-family: Arial;\">Aller arr\u00eate de t&rsquo;angoisser, ce truc, l\u00e0 le virus, y va passer, en attendant si tu t&#8217;emmerdes parles avec eux, aide \u00e0 la cuisine. Tu te souviens la cuisine t&rsquo;aimais bien quand t&rsquo;\u00e9tais jeune, mets-toi aux fourneaux, \u00e7a va rudement te passer le temps, puis \u00e7a soulagera ta compagne. Tu vas comprendre les sens de l&rsquo;expression \u00ab&nbsp;charge mentale&nbsp;\u00bb<br \/>\n<\/span><\/p>\n<p style=\"margin-left: 28pt;\"><span style=\"color: #c00000; font-family: Arial;\">Ha, t&rsquo;es toute seule, tout seul ? Ben c&rsquo;est le moment de te mettre \u00e0 ta fen\u00eatre, si \u00e7a se trouve tu vas voir un gars, ou une fille, accoud\u00e9 \u00e0 sa fen\u00eatre. Vous allez vous regarder vous sourire peut-\u00eatre, par la fen\u00eatre sur un carton vous pouvez \u00e9changer vos 06 \u2026\u2026\u2026. Et voil\u00e0 de quoi vous occuper pendant toute un confinement. et plus si affinit\u00e9s.<br \/>\n<\/span><\/p>\n<p style=\"margin-left: 28pt;\">\n<p style=\"margin-left: 28pt;\"><span style=\"color: #c00000; font-family: Arial;\">&nbsp;Allons, fais pas cette tronche, tu sais, ce bouquin, que tu as commenc\u00e9 il y a longtemps et que tu n&rsquo;as pas eu le temps de finir, reprends le, tu vas voir comme le temps passe vite en lisant.<br \/>\nOu encore ce truc qu&rsquo;est cass\u00e9, tu voulais le r\u00e9parer, tu l&rsquo;as mis dans un placard, c&rsquo;est le moment de bricoler, avec un peu de temps il va marcher \u00e0 nouveau, toujours \u00e7a de moins \u00e0 racheter, de la pollution en moins.<br \/>\n<\/span><\/p>\n<p style=\"margin-left: 28pt;\">\n<p style=\"margin-left: 28pt;\"><span style=\"color: #c00000; font-family: Arial;\">Bon voil\u00e0, \u00e7a va mieux, tu vas pas te mettre \u00e0 r\u00e2ler au bout d&rsquo;une semaine&nbsp;?<br \/>\nCa va durer au moins deux mois, minimum, alors si d\u00e9j\u00e0 tu te laisses aller, t&rsquo;imagines dans deux mois&nbsp;?<br \/>\n<\/span><\/p>\n<p style=\"margin-left: 28pt;\"><span style=\"color: #c00000; font-family: Arial;\">Moi ce que j&rsquo;en dis, c&rsquo;est pour toi, pour que tu saches que changer d&rsquo;habitudes, c&rsquo;est pas non plus la mer \u00e0 boire.<br \/>\n<\/span><\/p>\n<p style=\"margin-left: 28pt;\"><span style=\"color: #c00000; font-family: Arial;\">Et puis surtout, \u00e0 toi \u00e0 qui il n&rsquo;est jamais rien arriv\u00e9, tu vas te faire un sacr\u00e9 paquet de souvenirs, pour dans les ann\u00e9es qui viennent.<br \/>\nTu rigolais des anciens combattants, et bien toi aussi tu en seras un&nbsp;!<br \/>\nDans les ann\u00e9es trente lors des comm\u00e9morations tu seras peut- \u00eatre porte drapeau, avec, si \u00e7a se trouve ta d\u00e9coration&nbsp;!<br \/>\n<\/span><\/p>\n<p style=\"margin-left: 28pt;\">\n<p style=\"margin-left: 28pt;\"><span style=\"color: #c00000; font-family: Arial;\">Ha oui&nbsp; je t&rsquo;avais pas dit&nbsp;: il va y avoir une d\u00e9coration pour ceux qui auront sauv\u00e9 des vies en restant chez eux.<br \/>\n\u00c7a va s&rsquo;appeler l&rsquo;ordre de l&rsquo;\u00e9dredon, avec naturellement&nbsp; des grades, le premier ce sera l&rsquo;oreiller, puis la couette, de coton, de laine ou de plume. Et enfin l&rsquo;\u00e9dredon, trois niveaux, duvet de canard, duvet d&rsquo;oie, et le plus prestigieux duvet d&rsquo;Eider&nbsp;!<br \/>\n<\/span><\/p>\n<p style=\"margin-left: 28pt;\"><span style=\"color: #c00000; font-family: Arial;\">Ces d\u00e9corations seront distribu\u00e9es, pardon, attribu\u00e9es, aux confin\u00e9s les plus m\u00e9ritants, ceux qui ne seront jamais sortis de chez eux le plus longtemps possible ; ou qui auront fait des exploits particuliers&nbsp;&nbsp; comme le marathon du travail \u00e0 domicile en t\u00e9l\u00e9conf\u00e9rence avec plus de cent correspondants sans s&rsquo;endormir \u00e0 l&rsquo;\u00e9cran.<br \/>\n<\/span><\/p>\n<p style=\"margin-left: 28pt;\"><span style=\"color: #c00000; font-family: Arial;\">Parce qu&rsquo;on va organiser des concours, avec le t\u00e9l\u00e9travail il va falloir stimuler les employ\u00e9s pour que le rendement s&rsquo;am\u00e9liore.<br \/>\nLa premi\u00e8re semaine on a bien vu que \u00e7a glandait sec, Facebook a failli exploser, des gens de chez Orange se plaignaient que les r\u00e9seaux qu&rsquo;ils maintenaient \u00e0 la force du poignet, \u00e9taient utilis\u00e9s par des inconscients pour raconter des b\u00eatises et encombrer les r\u00e9seaux sociaux qui devaient \u00eatre avant tout au service&nbsp; de nos forces vives&nbsp;!!!!<br \/>\n<\/span><\/p>\n<p style=\"margin-left: 28pt;\"><span style=\"color: #c00000; font-family: Arial;\">\u00ab&nbsp;Alors on s&rsquo;y est tous mis (raconteras-tu dans tes souvenirs d&rsquo;ancien combattant) et nous avons relanc\u00e9 la machine \u00e9conomique qui commen\u00e7ait \u00e0 perdre pied.<br \/>\nTous les confin\u00e9s ont du faire le double de travail qu&rsquo;au bureau, au pr\u00e9texte qu&rsquo;ils ne perdaient plus de temps \u00e0 se raconter le WE \u00e0 la machine \u00e0 caf\u00e9. D&rsquo;ailleurs bient\u00f4t il n&rsquo;y eut plus de caf\u00e9.<br \/>\n<\/span><\/p>\n<p style=\"margin-left: 28pt;\"><span style=\"color: #c00000; font-family: Arial;\">Les retrait\u00e9s furent sollicit\u00e9s pour passer leurs commandes par internet afin de ne pas arr\u00eater la production et relancer l&rsquo;\u00e9conomie. Les livreurs furent transform\u00e9s en pilotes de Drones livreurs pour que les humains ne trainassent pas dans les rues. Et l&rsquo;on vit \u00e0 cette occasion que les drones \u00e9taient plus efficaces que les livreurs humains, car ils ne perdaient pas de temps \u00e0 discuter avec les clients&nbsp;;<br \/>\n<\/span><\/p>\n<p style=\"margin-left: 28pt;\"><span style=\"color: #c00000; font-family: Arial;\">Pareils pour tous les m\u00e9tiers indispensables, on mit en services des robots \u00e9boueurs qui enlevaient les poubelles avec efficacit\u00e9s. Les policiers charg\u00e9s de faire respecter le confinement, furent remplac\u00e9s par des drones verbalisateurs.&nbsp; Et ainsi de suite. Il n&rsquo;y eut que le personnel m\u00e9dical et les femmes de m\u00e9nages qu&rsquo;on ne put remplacer par des machines.&nbsp;\u00bb<br \/>\n<\/span><\/p>\n<p style=\"margin-left: 28pt;\"><span style=\"color: #c00000; font-family: Arial;\">Voil\u00e0, tu vois gone, c&rsquo;est comme \u00e7a que \u00e7a va se passer, s\u00fbr y aura des morts, mais relativise.<br \/>\n<\/span><\/p>\n<p style=\"margin-left: 28pt;\"><span style=\"color: #c00000; font-family: Arial;\">Sais-tu combien il y a de morts \u00ab&nbsp;normales&nbsp;\u00bb par jour en moyenne d&rsquo;habitude&nbsp;? 1660, rien que \u00e7a, et l\u00e0-dedans combien sont mort du tabagisme&nbsp;? 164, et de l&rsquo;alcool , 82 . t&rsquo;as raison l&rsquo;alcool \u00e7a fait moins mourir que le tabac, c&rsquo;est rassurant non&nbsp;?<br \/>\n<\/span><\/p>\n<p style=\"margin-left: 28pt;\"><span style=\"color: #c00000; font-family: Arial;\">Bien s\u00fbr \u00e7a ne diminue pas le risque du virus, mais quand m\u00eame si en plus tu sais que c&rsquo;est surtout les vieux qui disparaissent en premier ( 50% des morts ont plus de 83 ans) C&rsquo;est moins angoissant , et si par hasard t&rsquo;as plus de 83 dis-toi que tu fais du rab , comme moi&nbsp;!<br \/>\n<\/span><\/p>\n<p style=\"margin-left: 28pt;\">\n<p style=\"margin-left: 28pt;\"><span style=\"color: #c00000; font-family: Arial;\">Aller, arr\u00eates de mouronner, vis, regardes le ciel, les oiseaux, ta femme ou ton mec, souris, rigoles,<br \/>\n<\/span><\/p>\n<p style=\"margin-left: 28pt;\"><span style=\"color: #c00000; font-family: Arial;\">Tu verras ce sera &nbsp;vite fini.<br \/>\n<\/span><\/p>\n<p style=\"margin-left: 28pt;\"><span style=\"color: #c00000; font-family: Arial;\">Bises&nbsp;;<br \/>\n<\/span><span style=\"color: #c00000; font-family: Arial;\">Lucien<br \/>\n22 mars 2020<br \/>\n<\/span><\/p>\n<p><span style=\"color: #777777; font-family: Arial;\">Si certains non lyonnais ne le savaient pas \u00ab&nbsp;<strong>gone<\/strong>&nbsp;\u00bb signifie un enfant dans le parler lyonnais et par extension c&rsquo;est le nom qu&rsquo;on donne \u00e0 tous les habitants de Lyon (les Gones).<br \/>\n<\/span><\/p>\n<p><span style=\"color: #777777; font-family: Arial;\">En 2004, je n&rsquo;\u00e9crivais pas encore de mots du jour. <\/span><span style=\"color: #777777; font-family: Arial;\">J&rsquo;avais d&rsquo;autres activit\u00e9s que je partageais avec Lucien.<br \/>\n<\/span><\/p>\n<p><img decoding=\"async\" src=\"https:\/\/lemotdujour.fr\/wp-content\/uploads\/2020\/03\/032320_2139_Mardi24fvri1.jpg\" alt=\"\"><span style=\"color: #777777; font-family: Arial;\">&lt;<span style=\"color: maroon;\">1376&gt;<\/span><\/span><\/p>\n","protected":false},"excerpt":{"rendered":"<p>\u00ab&nbsp;Fais pas la trogne enfin, \u00e0 la fen\u00eatre \u00e9coute les oiseaux&nbsp;!&nbsp;\u00bb Lucien Orange Lucien est un humaniste et un po\u00e8te. Un po\u00e8te de la Croix Rousse. Nous nous sommes connus dans la section du PS de la Croix Rousse. Nous<\/p>\n","protected":false},"author":1,"featured_media":0,"comment_status":"open","ping_status":"closed","sticky":false,"template":"","format":"standard","meta":{"footnotes":""},"categories":[1],"tags":[24,126,8],"class_list":["post-8361","post","type-post","status-publish","format-standard","hentry","category-motdujour","tag-actualite","tag-pandemie","tag-poesie"],"_links":{"self":[{"href":"https:\/\/lemotdujour.fr\/index.php?rest_route=\/wp\/v2\/posts\/8361","targetHints":{"allow":["GET"]}}],"collection":[{"href":"https:\/\/lemotdujour.fr\/index.php?rest_route=\/wp\/v2\/posts"}],"about":[{"href":"https:\/\/lemotdujour.fr\/index.php?rest_route=\/wp\/v2\/types\/post"}],"author":[{"embeddable":true,"href":"https:\/\/lemotdujour.fr\/index.php?rest_route=\/wp\/v2\/users\/1"}],"replies":[{"embeddable":true,"href":"https:\/\/lemotdujour.fr\/index.php?rest_route=%2Fwp%2Fv2%2Fcomments&post=8361"}],"version-history":[{"count":4,"href":"https:\/\/lemotdujour.fr\/index.php?rest_route=\/wp\/v2\/posts\/8361\/revisions"}],"predecessor-version":[{"id":9758,"href":"https:\/\/lemotdujour.fr\/index.php?rest_route=\/wp\/v2\/posts\/8361\/revisions\/9758"}],"wp:attachment":[{"href":"https:\/\/lemotdujour.fr\/index.php?rest_route=%2Fwp%2Fv2%2Fmedia&parent=8361"}],"wp:term":[{"taxonomy":"category","embeddable":true,"href":"https:\/\/lemotdujour.fr\/index.php?rest_route=%2Fwp%2Fv2%2Fcategories&post=8361"},{"taxonomy":"post_tag","embeddable":true,"href":"https:\/\/lemotdujour.fr\/index.php?rest_route=%2Fwp%2Fv2%2Ftags&post=8361"}],"curies":[{"name":"wp","href":"https:\/\/api.w.org\/{rel}","templated":true}]}}