{"id":8354,"date":"2020-03-23T02:04:19","date_gmt":"2020-03-23T01:04:19","guid":{"rendered":"http:\/\/lemotdujour.fr\/?p=8354"},"modified":"2020-03-22T23:11:47","modified_gmt":"2020-03-22T22:11:47","slug":"lundi-23-mars-2020","status":"publish","type":"post","link":"https:\/\/lemotdujour.fr\/?p=8354","title":{"rendered":"Lundi 23 mars 2020"},"content":{"rendered":"<div class=\"mdjTexte\">\u00ab\u00a0L\u2019ob\u00e9issance est la condition de la libert\u00e9\u00a0\u00bb<\/div>\n<div class=\"mdjAuteur\">Pierre-Henri Tavoillot<\/div>\n<p><span style=\"color: #777777; font-family: Arial;\">La France est donc confin\u00e9e.<br \/>\n<\/span><\/p>\n<p><span style=\"color: #777777; font-family: Arial;\">Des r\u00e8gles strictes ont \u00e9t\u00e9 \u00e9dict\u00e9es et si on peut penser que le grand nombre les applique, tout le monde ne le fait pas.<br \/>\n<\/span><\/p>\n<p><span style=\"color: #777777; font-family: Arial;\">Alors, des critiques apparaissent sur l&rsquo;impr\u00e9paration des gouvernants, sur les masques de protection qui ont disparu ou n&rsquo;ont pas \u00e9t\u00e9 renouvel\u00e9s, sur les tests qui sont mal organis\u00e9s ou pas assez nombreux, sur des d\u00e9cisions qui n&rsquo;ont pas \u00e9t\u00e9 prises assez rapidement.<br \/>\n<\/span><\/p>\n<p><span style=\"color: #777777; font-family: Arial;\">Toutes ces questions sont \u00e0 poser et seront \u00e0 r\u00e9soudre lorsque la crise aura \u00e9t\u00e9 surpass\u00e9e.<br \/>\n<\/span><\/p>\n<p><span style=\"color: #777777; font-family: Arial;\">Mais ce n&rsquo;est pas le temps d&rsquo;aujourd&rsquo;hui.<br \/>\n<\/span><\/p>\n<p><span style=\"color: #777777; font-family: Arial;\">Et je voudrais, aujourd&rsquo;hui, partager la r\u00e9flexion du philosophe <strong>Pierre-Henri Tavoillot<\/strong>, l&rsquo;auteur de l&rsquo;essai\u00a0: \u00ab<span style=\"color: #0000ff;\">\u00a0<a style=\"color: #0000ff;\" href=\"https:\/\/www.odilejacob.fr\/catalogue\/sciences-humaines\/philosophie\/comment-gouverner-un-peuple-roi-_9782738146458.php\"><strong>Comment gouverner un peuple-roi ?<\/strong><\/a><\/span><strong>\u00a0\u00bb<\/strong><br \/>\n<\/span><\/p>\n<p><img loading=\"lazy\" decoding=\"async\" class=\"alignleft\" src=\"https:\/\/lemotdujour.fr\/wp-content\/uploads\/2020\/03\/032220_2204_Lundi23mars1.jpg\" alt=\"\" width=\"194\" height=\"294\" align=\"left\" \/><span style=\"color: #777777; font-family: Arial;\">Invit\u00e9 du grand entretien du matin sur France Inter &lt;<a href=\"https:\/\/www.franceinter.fr\/emissions\/l-invite-de-8h20-le-grand-entretien\/l-invite-de-8h20-le-grand-entretien-07-fevrier-2020\"><span style=\"color: #0000ff;\">Le 7 f\u00e9vrier 2020<\/span><\/a>&gt; il a parl\u00e9 de<br \/>\n<\/span><\/p>\n<p style=\"margin-left: 28pt;\"><span style=\"color: #c00000; font-family: Arial;\">\u00ab\u00a0L&rsquo;extraordinaire difficult\u00e9 de gouverner une d\u00e9mocratie aujourd&rsquo;hui.<br \/>\n<\/span><\/p>\n<p style=\"margin-left: 28pt;\"><span style=\"color: #c00000; font-family: Arial;\">Aujourd&rsquo;hui c&rsquo;est la d\u00e9mocratie qui est complexe<br \/>\n<\/span><\/p>\n<p style=\"margin-left: 28pt;\"><span style=\"color: #c00000; font-family: Arial;\">Il faut \u00e9couter les gens, les individus, faire preuve de sollicitude, \u00e9couter les experts, prendre en compte les contraintes internationales et autres.<br \/>\n<\/span><\/p>\n<p style=\"margin-left: 28pt;\"><span style=\"color: #c00000; font-family: Arial;\"><strong>Il n&rsquo;a jamais \u00e9t\u00e9 plus difficile de gouverner dans l&rsquo;histoire de l&rsquo;Humanit\u00e9 qu&rsquo;aujourd&rsquo;hui<\/strong> [dans les d\u00e9mocraties lib\u00e9rales]. <\/span><span style=\"color: #c00000; font-family: Arial;\">[\u2026]<br \/>\n<\/span><\/p>\n<p style=\"margin-left: 28pt;\"><span style=\"color: #c00000; font-family: Arial;\">L&rsquo;art de gouverner est aussi un art d&rsquo;\u00eatre gouvern\u00e9.<br \/>\n<\/span><span style=\"color: #c00000; font-family: Arial;\">C&rsquo;est un art d&rsquo;ob\u00e9ir, \u00e0 condition bien s\u00fbr que l&rsquo;ob\u00e9issance ne soit pas per\u00e7ue comme la servitude.<br \/>\n<\/span><\/p>\n<p style=\"margin-left: 28pt;\"><span style=\"color: #c00000; font-family: Arial;\">L&rsquo;\u00e9tymologie d&rsquo;ob\u00e9issance c&rsquo;est \u00ab ob \u00bb \u00ab audire \u00bb c&rsquo;est-\u00e0-dire \u00ab pr\u00eater l&rsquo;oreille \u00bb. <\/span><span style=\"color: #c00000; font-family: Arial;\">J&rsquo;\u00e9coute les autres.<br \/>\n<\/span><\/p>\n<p style=\"margin-left: 28pt;\"><span style=\"color: #c00000; font-family: Arial;\">Jean-Jacques Rousseau disait : \u00ab Un peuple libre ob\u00e9it mais ne sert pas. Il a des chefs mais il n&rsquo;a pas de ma\u00eetre \u00bb.<br \/>\n<\/span><\/p>\n<p style=\"margin-left: 28pt;\"><span style=\"color: #c00000; font-family: Arial;\">Tr\u00e8s important comme formule.<br \/>\n<\/span><\/p>\n<p style=\"margin-left: 28pt;\"><span style=\"color: #c00000; font-family: Arial;\"><strong>L&rsquo;ob\u00e9issance est la condition de la libert\u00e9. Vous ne pouvez pas vivre avec les autres si vous n&rsquo;ob\u00e9issez pas \u00e0 un certain nombre de r\u00e8gles.<br \/>\n<\/strong><\/span><\/p>\n<p style=\"margin-left: 28pt;\"><span style=\"color: #c00000; font-family: Arial;\">La citoyennet\u00e9 ne se d\u00e9finit pas comme la d\u00e9sob\u00e9issance mais comme l&rsquo;ob\u00e9issance pour \u00eatre libre.\u00a0\u00bb<br \/>\n<\/span><\/p>\n<p><span style=\"color: #777777; font-family: Arial;\">Je crois ces paroles d&rsquo;une profonde sagesse. Dans un monde d&rsquo;individualisme sans r\u00e8gle, ou ce qui est la m\u00eame chose de r\u00e8gles non respect\u00e9es, la vie devient rapidement intenable.<br \/>\n<\/span><\/p>\n<p><span style=\"color: #777777; font-family: Arial;\">Il faut savoir ob\u00e9ir aux r\u00e8gles si on veut faire soci\u00e9t\u00e9.<br \/>\n<\/span><\/p>\n<p><span style=\"color: #777777; font-family: Arial;\">J&rsquo;entends et je lis que ce serait Macron le responsable de tous les probl\u00e8mes.<br \/>\n<\/span><\/p>\n<p><span style=\"color: #777777; font-family: Arial;\">De mani\u00e8re tr\u00e8s tranquille j&rsquo;affirme qu&rsquo;on peut remplacer Macron et les probl\u00e8mes resteront.<br \/>\n<\/span><\/p>\n<p><span style=\"color: #777777; font-family: Arial;\">Le 18 mars, Pierre-Henri Tavoillot, \u00e9crivait sur son &lt;<span style=\"color: #0000ff;\"><a style=\"color: #0000ff;\" href=\"http:\/\/pagepersodephtavoillot.blogspot.com\/\">Blog<\/a><\/span>&gt;<br \/>\n<\/span><\/p>\n<p style=\"margin-left: 28pt;\"><span style=\"color: #c00000; font-family: Arial;\">\u00ab\u00a0Le danger qui nous guette est de d\u00e9placer l&rsquo;objet de notre haine sur nos gouvernants.<br \/>\n<\/span><\/p>\n<p style=\"margin-left: 28pt;\"><span style=\"color: #c00000; font-family: Arial;\">On l&rsquo;entend d\u00e9j\u00e0 : \u00ab ils n&rsquo;ont pas pris les d\u00e9cisions \u00e0 temps \u00bb ; \u00ab ils nous ont menti \u00bb ; \u00ab ils sont nuls \u00bb ; \u00ab ils sont focalis\u00e9s sur leurs int\u00e9r\u00eats politiciens \u00bb.<br \/>\n<\/span><\/p>\n<p style=\"margin-left: 28pt;\"><span style=\"color: #c00000; font-family: Arial;\">Cette haine, si elle se poursuit, sera d\u00e9l\u00e9t\u00e8re, car elle nuira \u00e0 la confiance indispensable \u00e0 la bonne conduite de la lutte sanitaire. Le d\u00e9faitisme alors l&#8217;emportera.<br \/>\n<\/span><\/p>\n<p style=\"margin-left: 28pt;\"><span style=\"color: #c00000; font-family: Arial;\">Or nous entrons dans une p\u00e9riode tragique telle que notre pays n&rsquo;en a pas connu depuis 80 ans.<br \/>\n<\/span><\/p>\n<p style=\"margin-left: 28pt;\"><span style=\"color: #c00000; font-family: Arial;\">Ce qui caract\u00e9rise la trag\u00e9die, c&rsquo;est qu&rsquo;il n&rsquo;y a pas de bonnes ou de mauvaises d\u00e9cisions ; dans le meilleur des cas, il y en a des mauvaises et des pires.<br \/>\n<\/span><\/p>\n<p style=\"margin-left: 28pt;\"><span style=\"color: #c00000; font-family: Arial;\">Je trouve dans les M\u00e9moires du Chancelier allemand Schr\u00f6der cette juste d\u00e9finition du tragique. C&rsquo;\u00e9tait \u00e0 l&rsquo;occasion du tr\u00e8s vif d\u00e9bat sur l&rsquo;intervention militaire allemande au Kosovo (1999) : \u00ab Le mouvement de 68 nous a apport\u00e9 beaucoup de nouveaut\u00e9s et beaucoup de bonnes choses. Mais il en a aussi enseveli certaines, notamment le sens du tragique. Nous en sommes venus \u00e0 qualifier de \u00ab tragique \u00bb tout ce qui est triste. Non, une situation est tragique si l&rsquo;on se rend coupable quoi qu&rsquo;on fasse. Bien s\u00fbr qu&rsquo;on devient coupable quand on largue des bombes. Mais la seule question qui vaille, c&rsquo;est de savoir comment on peut se rendre plus coupable encore. \u00bb<br \/>\n<\/span><\/p>\n<p style=\"margin-left: 28pt;\"><span style=\"color: #c00000; font-family: Arial;\">Un gouvernement ou un pr\u00e9sident, par d\u00e9finition, est coupable, car il prend des d\u00e9cisions ; et d\u00e9cider, c&rsquo;est trancher dans le vif du r\u00e9el. Faut-il le lui reprocher ? Faut-il le ha\u00efr pour cela ? Non, car on finirait ainsi par se condamner \u00e0 l&rsquo;impuissance et in fine \u00e0 se ha\u00efr soi-m\u00eame.<br \/>\n<\/span><\/p>\n<p style=\"margin-left: 28pt;\"><span style=\"color: #c00000; font-family: Arial;\">Quand le temps sera venu, pour lui, de rendre des comptes, alors on pourra \u00e9valuer s&rsquo;il a fait les choix les plus judicieux ou les plus malheureux.<br \/>\n<\/span><\/p>\n<p style=\"margin-left: 28pt;\"><span style=\"color: #c00000; font-family: Arial;\">En attendant, il faut accepter ses mauvaises d\u00e9cisions, forc\u00e9ment mauvaises \u2026\u00a0\u00bb<br \/>\n<\/span><\/p>\n<p><span style=\"color: #777777; font-family: Arial;\">Il n&rsquo;y a pas que le probl\u00e8me des gouvernants, il y aussi celui des gouvern\u00e9s.<br \/>\n<\/span><\/p>\n<p><span style=\"color: #777777; font-family: Arial;\">C&rsquo;est cette r\u00e9flexion f\u00e9conde, absolument non d\u00e9magogique ni populaire de Pierre-Henri Tavoillot qu&rsquo;il me semblait utile de partager.<br \/>\n<\/span><\/p>\n<p><span style=\"color: #777777; font-family: Arial;\">Si vous voulez en savoir davantage sur ce philosophe\u00a0: il existe cet article de la &lt;<a href=\"https:\/\/www.revuepolitique.fr\/comment-gouverner-un-peuple-roi-traite-nouveau-dart-politique\/\"><span style=\"color: #0000ff;\">Revue Politique et parlementaire<\/span><\/a>&gt; qui analyse son ouvrage\u00a0: \u00ab\u00a0Comment gouverner un peuple roi\u00a0?\u00a0\u00bb<br \/>\n<\/span><\/p>\n<p><span style=\"color: #777777; font-family: Arial;\">Etienne Klein a partag\u00e9 ce dimanche une nouvelle anagramme de Jacques Perry-Salkow\u00a0:<br \/>\n<\/span><\/p>\n<p><img decoding=\"async\" src=\"https:\/\/lemotdujour.fr\/wp-content\/uploads\/2020\/03\/032220_2204_Lundi23mars2.png\" alt=\"\" \/><span style=\"color: #777777; font-family: Arial;\">&lt;<span style=\"color: maroon;\">1375&gt;<\/span><\/span><\/p>\n","protected":false},"excerpt":{"rendered":"<p>\u00ab\u00a0L\u2019ob\u00e9issance est la condition de la libert\u00e9\u00a0\u00bb Pierre-Henri Tavoillot La France est donc confin\u00e9e. Des r\u00e8gles strictes ont \u00e9t\u00e9 \u00e9dict\u00e9es et si on peut penser que le grand nombre les applique, tout le monde ne le fait pas. Alors, des<\/p>\n","protected":false},"author":1,"featured_media":0,"comment_status":"open","ping_status":"closed","sticky":false,"template":"","format":"standard","meta":{"footnotes":""},"categories":[1],"tags":[15,126,3],"class_list":["post-8354","post","type-post","status-publish","format-standard","hentry","category-motdujour","tag-france","tag-pandemie","tag-politique"],"_links":{"self":[{"href":"https:\/\/lemotdujour.fr\/index.php?rest_route=\/wp\/v2\/posts\/8354","targetHints":{"allow":["GET"]}}],"collection":[{"href":"https:\/\/lemotdujour.fr\/index.php?rest_route=\/wp\/v2\/posts"}],"about":[{"href":"https:\/\/lemotdujour.fr\/index.php?rest_route=\/wp\/v2\/types\/post"}],"author":[{"embeddable":true,"href":"https:\/\/lemotdujour.fr\/index.php?rest_route=\/wp\/v2\/users\/1"}],"replies":[{"embeddable":true,"href":"https:\/\/lemotdujour.fr\/index.php?rest_route=%2Fwp%2Fv2%2Fcomments&post=8354"}],"version-history":[{"count":3,"href":"https:\/\/lemotdujour.fr\/index.php?rest_route=\/wp\/v2\/posts\/8354\/revisions"}],"predecessor-version":[{"id":8357,"href":"https:\/\/lemotdujour.fr\/index.php?rest_route=\/wp\/v2\/posts\/8354\/revisions\/8357"}],"wp:attachment":[{"href":"https:\/\/lemotdujour.fr\/index.php?rest_route=%2Fwp%2Fv2%2Fmedia&parent=8354"}],"wp:term":[{"taxonomy":"category","embeddable":true,"href":"https:\/\/lemotdujour.fr\/index.php?rest_route=%2Fwp%2Fv2%2Fcategories&post=8354"},{"taxonomy":"post_tag","embeddable":true,"href":"https:\/\/lemotdujour.fr\/index.php?rest_route=%2Fwp%2Fv2%2Ftags&post=8354"}],"curies":[{"name":"wp","href":"https:\/\/api.w.org\/{rel}","templated":true}]}}