{"id":8344,"date":"2020-03-20T02:01:56","date_gmt":"2020-03-20T01:01:56","guid":{"rendered":"http:\/\/lemotdujour.fr\/?p=8344"},"modified":"2020-05-10T22:11:34","modified_gmt":"2020-05-10T20:11:34","slug":"vendredi-20-fevrier-2020","status":"publish","type":"post","link":"https:\/\/lemotdujour.fr\/?p=8344","title":{"rendered":"Vendredi 20 mars 2020"},"content":{"rendered":"<div class=\"mdjTexte\">\u00ab&nbsp;Le confinement peut nous aider \u00e0 commencer une d\u00e9toxification de notre mode de vie.&nbsp;\u00bb<\/div>\n<div class=\"mdjAuteur\">Edgar Morin<\/div>\n<p><span style=\"color: #777777; font-family: Arial;\">L&rsquo;\u00ab<strong>Obs<\/strong>\u00bb a voulu prendre un peu de hauteur, il est alors all\u00e9 interroger le sociologue et philosophe, Edgar Morin, qui du haut de ses 98 ans (il est n\u00e9 le 28 juillet 1921) exprime sa vision sage. Nous disposons donc de cet &lt;<span style=\"color: #0000ff;\"><a style=\"color: #0000ff;\" href=\"https:\/\/www.nouvelobs.com\/coronavirus-de-wuhan\/20200318.OBS26214\/edgar-morin-le-confinement-peut-nous-aider-a-commencer-une-detoxification-de-notre-mode-de-vie.html\">article<\/a><\/span>&gt; publi\u00e9 sur le site de l&rsquo;Hebdomadaire.<br \/>\n<\/span><\/p>\n<p><img decoding=\"async\" class=\"alignleft\" src=\"https:\/\/lemotdujour.fr\/wp-content\/uploads\/2020\/03\/031920_2201_Vendredi20f1.jpg\" alt=\"\" align=\"left\"><span style=\"color: #777777; font-family: Arial;\">La premi\u00e8re observation qu&rsquo;il formule sur la crise actuelle est le fait que sauf pour les scientifiques et la recherche, la globalisation entra\u00eene peu d&rsquo;entraide internationale, c&rsquo;est la fermeture des fronti\u00e8res et le chacun pour soi qui l&#8217;emporte.<br \/>\n<\/span><\/p>\n<p style=\"margin-left: 28pt;\"><span style=\"color: #c00000; font-family: Arial;\">\u00ab&nbsp;Cette crise nous montre que la mondialisation est une interd\u00e9pendance sans solidarit\u00e9. Le mouvement de globalisation a certes produit l&rsquo;unification techno-\u00e9conomique de la plan\u00e8te, mais il n&rsquo;a pas fait progresser la compr\u00e9hension entre les peuples. Depuis le d\u00e9but de la globalisation, dans les ann\u00e9es 1990, guerres et crises financi\u00e8res ont s\u00e9vi. Les p\u00e9rils plan\u00e9taires \u2013 \u00e9cologie, armes nucl\u00e9aires, \u00e9conomie d\u00e9r\u00e9gl\u00e9e \u2013 ont cr\u00e9\u00e9 une communaut\u00e9 de destin pour les humains, mais ceux-ci n&rsquo;en ont pas pris conscience. Le virus \u00e9claire aujourd&rsquo;hui de mani\u00e8re imm\u00e9diate et tragique cette communaut\u00e9 de destin. En prendrons-nous enfin conscience ?<br \/>\n<\/span><\/p>\n<p style=\"margin-left: 28pt;\"><span style=\"color: #c00000; font-family: Arial;\">Faute de solidarit\u00e9 internationale et d&rsquo;organismes communs pour prendre des mesures \u00e0 l&rsquo;\u00e9chelle de la pand\u00e9mie, on assiste \u00e0 la fermeture \u00e9go\u00efste des nations sur elles-m\u00eames.&nbsp;[\u2026]<br \/>\n<\/span><\/p>\n<p style=\"margin-left: 28pt;\"><span style=\"color: #c00000; font-family: Arial;\">Les r\u00e9seaux d&rsquo;information nous ont permis d&rsquo;\u00eatre au courant de l&rsquo;avanc\u00e9e de la pand\u00e9mie pays par pays. Mais cela n&rsquo;a pas d\u00e9clench\u00e9 de coop\u00e9ration au niveau sup\u00e9rieur. Seule s&rsquo;est d\u00e9clench\u00e9e une coop\u00e9ration internationale spontan\u00e9e de chercheurs et de m\u00e9decins. L&rsquo;OMS comme l&rsquo;ONU sont incapables d&rsquo;apporter les moyens de r\u00e9sistance aux pays les plus d\u00e9pourvus.&nbsp;\u00bb<br \/>\n<\/span><\/p>\n<p><span style=\"color: #777777; font-family: Arial;\">Les r\u00e9seaux sociaux ne permettent cependant pas aux \u00c9tats de cacher l&rsquo;importance de l&rsquo;\u00e9pid\u00e9mie ni les fragilit\u00e9s des gestions et cela m\u00eame en Chine<br \/>\n<\/span><\/p>\n<p style=\"margin-left: 28pt;\"><span style=\"color: #c00000; font-family: Arial;\">\u00ab&nbsp;M\u00eame le r\u00e9gime chinois n&rsquo;a pu \u00e9touffer l&rsquo;information en punissant le h\u00e9ros qui avait donn\u00e9 l&rsquo;alerte\u2026&nbsp;\u00bb<br \/>\n<\/span><\/p>\n<p><span style=\"color: #777777; font-family: Arial;\">Pour Edgar Morin, la difficult\u00e9 de lutter contre le coronavirus est directement li\u00e9e \u00e0 la mise en \u0153uvre de la doctrine n\u00e9olib\u00e9rale qui a conduit les gouvernement \u00e0 diminuer les moyens de l&rsquo;\u00c9tat providence.<br \/>\n<\/span><\/p>\n<p style=\"margin-left: 28pt;\"><span style=\"color: #c00000; font-family: Arial;\">\u00ab&nbsp;Le coronavirus nous dit avec force que l&rsquo;humanit\u00e9 tout enti\u00e8re doit rechercher une nouvelle voie qui abandonnerait la doctrine n\u00e9olib\u00e9rale pour un New Deal politique social, \u00e9cologique. La nouvelle voie sauvegarderait et renforcerait les services publics <strong>comme les h\u00f4pitaux, qui ont subi depuis des ann\u00e9es en Europe des r\u00e9ductions insens\u00e9es<\/strong>. La nouvelle voie corrigerait les effets de la mondialisation en cr\u00e9ant des zones d\u00e9mondialis\u00e9es qui sauvegarderaient des autonomies fondamentales\u2026&nbsp;\u00bb<br \/>\n<\/span><\/p>\n<p><span style=\"color: #777777; font-family: Arial;\">Quand il parle des r\u00e9ductions insens\u00e9es, force est de constater que le nombre de lits d&rsquo;h\u00f4pitaux a drastiquement diminu\u00e9 en France.<br \/>\n<\/span><\/p>\n<p><img loading=\"lazy\" decoding=\"async\" class=\"alignleft\" src=\"https:\/\/lemotdujour.fr\/wp-content\/uploads\/2020\/03\/031920_2201_Vendredi20f2.jpg\" alt=\"\" width=\"398\" height=\"294\" align=\"left\"><span style=\"color: #777777; font-family: Arial;\">&lt;<span style=\"color: #0000ff;\"><a style=\"color: #0000ff;\" href=\"https:\/\/www.lequotidiendumedecin.fr\/hopital\/hopital-pres-de-4-200-lits-supprimes-en-2018-lhospitalisation-partielle-gagne-du-terrain\">Le quotidien du m\u00e9decin<\/a><\/span>&gt; qui publie ce sch\u00e9ma, montre qu&rsquo;en 2018 il existait moins de 400 000 lits d&rsquo;hospitalisation compl\u00e8te en Fran\u00e7ais avec une diminution continue chaque ann\u00e9e, l\u00e9g\u00e8rement compens\u00e9e par une augmentation de l&rsquo;offre d&rsquo;hospitalisation partielle. Ce m\u00eame article nous apprend que la diminution des lits d&rsquo;hospitalisation compl\u00e8te s&rsquo;\u00e9tait r\u00e9duite de 69\u2009000 lits par rapport \u00e0 2003. <\/span><span style=\"color: #777777; font-family: Arial;\">C&rsquo;est un fait !<br \/>\n<\/span><\/p>\n<p><span style=\"color: #777777; font-family: Arial;\">Bien s\u00fbr les techniques ont \u00e9volu\u00e9, l&rsquo;offre ambulatoire a progress\u00e9, toutefois la capacit\u00e9 d&rsquo;accueil des h\u00f4pitaux a diminu\u00e9 dans une population vieillissante.<br \/>\n<\/span><\/p>\n<p><span style=\"color: #777777; font-family: Arial;\">Mais si on veut examiner le besoin particulier que pose la pand\u00e9mie \u00e0 un pays comme la France, il faut s&rsquo;int\u00e9resser aux soins intensifs. En effet, la crainte que nous avons c&rsquo;est que les cas graves saturent les services de soins intensifs et d\u00e9clenchent une surmortalit\u00e9 ou une \u00ab mortalit\u00e9 ill\u00e9gitime \u00bb c&rsquo;est-\u00e0-dire des patients qui d\u00e9c\u00e8dent par faute de moyens en soins de qualit\u00e9.<br \/>\n<\/span><\/p>\n<p><span style=\"color: #777777; font-family: Arial;\">Or, le &lt;<a href=\"https:\/\/www.latribune.fr\/economie\/france\/covid-19-la-france-n-a-que-trois-lits-en-soins-intensifs-pour-1-000-habitants-pour-mener-la-guerre-842488.html\"><span style=\"color: #0000ff;\">Journal La Tribune<\/span><\/a>&gt; dans un article du 18 mars 2020 nous apprend que selon l&rsquo;OCDE, la France ne disposait en 2018 que <strong>de 3,1 lits d&rsquo;h\u00f4pitaux en soins intensifs pour 1.000 habitants<\/strong>. Elle se classe seulement <strong>au 19e rang <\/strong>loin des trois premiers pays ayant le plus de lits en soins intensifs \u00e0 offrir \u00e0 leurs habitants,: Japon (7,8 lits pour 1.000 habitants), Cor\u00e9e du Sud (7,1) et Allemagne (6).<br \/>\n<\/span><\/p>\n<p><span style=\"color: #777777; font-family: Arial;\">Certains articles lient la capacit\u00e9 qu&rsquo;a eu la Cor\u00e9e du Sud, tr\u00e8s proche de la Chine, \u00e0 \u00e9viter un nombre important de morts sans confinement au port de masques qui font cruellement d\u00e9faut \u00e0 la France. Mais l&rsquo;explication ne se trouverait-elle pas plut\u00f4t dans la plus grande capacit\u00e9 de ce pays \u00e0 disposer, en face d&rsquo;une crise majeure, d&rsquo;une offre de soins intensifs deux fois plus importante que la France.<br \/>\n<\/span><\/p>\n<p><span style=\"color: #777777; font-family: Arial;\">Maigre consolation, la France se trouve devant les Etats-Unis (2,4).<br \/>\n<\/span><\/p>\n<p><span style=\"color: #777777; font-family: Arial;\">Cette r\u00e9alit\u00e9 donne quelque consistance \u00e0 l&rsquo;accusation d&rsquo;Edgar Morin&nbsp;: une r\u00e9duction insens\u00e9e<br \/>\n<\/span><\/p>\n<p><span style=\"color: #777777; font-family: Arial;\">Dans les \u00e9volutions indispensables, le philosophe insiste sur le besoin de se centrer sur les \u00ab autonomies fondamentales \u00bb qu&rsquo;il d\u00e9finit ainsi&nbsp;:<br \/>\n<\/span><\/p>\n<p style=\"margin-left: 28pt;\"><span style=\"color: #c00000; font-family: Arial;\">\u00ab&nbsp;D&rsquo;abord l&rsquo;autonomie vivri\u00e8re. A l&rsquo;\u00e9poque de l&rsquo;occupation allemande, nous avions une agriculture fran\u00e7aise diversifi\u00e9e qui a permis de nourrir sans famine la population en d\u00e9pit des pr\u00e9dations allemandes. Aujourd&rsquo;hui, il nous faut rediversifier. Et puis, il y a l&rsquo;autonomie sanitaire. Aujourd&rsquo;hui, beaucoup de m\u00e9dicaments sont fabriqu\u00e9s en Inde et en Chine et nous risquons des p\u00e9nuries. Il faut relocaliser ce qui est vital pour une nation.&nbsp;\u00bb<br \/>\n<\/span><\/p>\n<p><span style=\"color: #777777; font-family: Arial;\">Il esp\u00e8re qu&rsquo;une prise de conscience suite \u00e0 cette crise permettra de reconstruire des solidarit\u00e9s et poser un autre regard sur notre addiction au consum\u00e9risme&nbsp;:<br \/>\n<\/span><\/p>\n<p style=\"margin-left: 28pt;\"><span style=\"color: #c00000; font-family: Arial;\"> \u00ab&nbsp;Nous sommes dans une soci\u00e9t\u00e9 o\u00f9 les structures traditionnelles de solidarit\u00e9 se sont d\u00e9grad\u00e9es. Un des grands probl\u00e8mes est de restaurer les solidarit\u00e9s, entre voisins, entre travailleurs, entre citoyens\u2026 Avec les contraintes que nous subissons, les solidarit\u00e9s vont \u00eatre renforc\u00e9es, entre parents et enfants qui ne sont plus \u00e0 l&rsquo;\u00e9cole, entre voisins\u2026 Nos possibilit\u00e9s de consommation vont \u00eatre frapp\u00e9es et nous devons profiter de cette situation pour repenser le consum\u00e9risme, autrement dit l&rsquo;addiction, la \u00ab consommation drogu\u00e9e \u00bb, notre intoxication \u00e0 des produits sans v\u00e9ritable utilit\u00e9, et pour nous d\u00e9livrer de la quantit\u00e9 au profit de la qualit\u00e9.&nbsp;\u00bb<br \/>\n<\/span><\/p>\n<p><span style=\"color: #777777; font-family: Arial;\">Le confinement pourra peut-\u00eatre aussi faire \u00e9voluer notre rapport au temps, une sorte de temps retrouv\u00e9\u2026<br \/>\n<\/span><\/p>\n<p style=\"margin-left: 28pt;\"><span style=\"color: #c00000; font-family: Arial;\"> \u00ab&nbsp; Gr\u00e2ce au confinement, gr\u00e2ce \u00e0 ce temps que nous retrouvons, qui n&rsquo;est plus hach\u00e9, chronom\u00e9tr\u00e9, ce temps qui \u00e9chappe au m\u00e9tro-boulot-dodo, nous pouvons nous retrouver nous-m\u00eames, voir quels sont nos besoins essentiels, c&rsquo;est-\u00e0-dire l&rsquo;amour, l&rsquo;amiti\u00e9, la tendresse, la solidarit\u00e9, la po\u00e9sie de la vie<strong>\u2026<br \/>\nLe<\/strong> <strong>confinement peut nous aider \u00e0 commencer une d\u00e9toxification de notre mode de vie et \u00e0 comprendre que bien vivre, c&rsquo;est \u00e9panouir notre \u00ab Je \u00bb, mais toujours au sein de nos divers \u00ab Nous \u00bb.&nbsp;\u00bb<br \/>\n<\/strong><\/span><\/p>\n<p><span style=\"color: #777777; font-family: Arial;\">Sa conclusion en appelle encore une fois \u00e0 la solidarit\u00e9 et \u00e0 la conscience commune du destin humain<br \/>\n<\/span><\/p>\n<p style=\"margin-left: 28pt;\"><span style=\"color: #c00000; font-family: Arial;\">\u00ab&nbsp;J&rsquo;ai \u00e9t\u00e9 tr\u00e8s \u00e9mu de voir ces femmes italiennes, \u00e0 leur balcon, chanter cet hymne de fraternit\u00e9, \u00ab Fratelli d&rsquo;Italia \u00bb (\u00ab Fr\u00e8res d&rsquo;Italie \u00bb). Nous devons retrouver une solidarit\u00e9 nationale, non pas ferm\u00e9e et \u00e9go\u00efste, mais ouverte sur notre communaut\u00e9 de destin \u00ab terrienne \u00bb\u2026<br \/>\n<\/span><\/p>\n<p style=\"margin-left: 28pt;\"><span style=\"color: #c00000; font-family: Arial;\">Avant l&rsquo;apparition du virus, les \u00eatres humains de tous les continents avaient les m\u00eames probl\u00e8mes : <strong>la d\u00e9gradation de la biosph\u00e8re, la prolif\u00e9ration des armes nucl\u00e9aires, l&rsquo;\u00e9conomie sans r\u00e9gulation qui accro\u00eet les in\u00e9galit\u00e9s<\/strong>\u2026<br \/>\nCette communaut\u00e9 de destin, elle existe, mais comme les esprits sont angoiss\u00e9s, au lieu d&rsquo;en prendre conscience, ils se r\u00e9fugient dans un \u00e9go\u00efsme national ou religieux. Bien entendu, il faut une solidarit\u00e9 nationale, essentielle, mais si on ne comprend pas qu&rsquo;il faut une conscience commune du destin humain, si on ne progresse pas en solidarit\u00e9, si on ne change pas de pens\u00e9e politique, la crise de l&rsquo;humanit\u00e9 s&rsquo;en trouvera aggrav\u00e9e. &nbsp;\u00bb<br \/>\n<\/span><\/p>\n<p><span style=\"color: #777777; font-family: Arial;\">Il nous rappelle finalement que si cette pand\u00e9mie constitue une \u00e9preuve s\u00e9rieuse qui nous est impos\u00e9e, il existe d&rsquo;autres \u00e9preuves qui s&rsquo;annoncent et qui seront tr\u00e8s graves si nous n&rsquo;anticipons pas davantage leur att\u00e9nuation et notre capacit\u00e9 \u00e0 nous adapter aux d\u00e9fis qui nous attendent.<br \/>\n<\/span><\/p>\n<p><span style=\"color: #777777; font-family: Arial;\">&lt;<span style=\"color: maroon;\">1374&gt;<\/span><\/span><\/p>\n","protected":false},"excerpt":{"rendered":"<p>\u00ab&nbsp;Le confinement peut nous aider \u00e0 commencer une d\u00e9toxification de notre mode de vie.&nbsp;\u00bb Edgar Morin L&rsquo;\u00abObs\u00bb a voulu prendre un peu de hauteur, il est alors all\u00e9 interroger le sociologue et philosophe, Edgar Morin, qui du haut de ses<\/p>\n","protected":false},"author":1,"featured_media":0,"comment_status":"closed","ping_status":"closed","sticky":false,"template":"","format":"standard","meta":{"footnotes":""},"categories":[1],"tags":[15,126,6],"class_list":["post-8344","post","type-post","status-publish","format-standard","hentry","category-motdujour","tag-france","tag-pandemie","tag-philosophie"],"_links":{"self":[{"href":"https:\/\/lemotdujour.fr\/index.php?rest_route=\/wp\/v2\/posts\/8344","targetHints":{"allow":["GET"]}}],"collection":[{"href":"https:\/\/lemotdujour.fr\/index.php?rest_route=\/wp\/v2\/posts"}],"about":[{"href":"https:\/\/lemotdujour.fr\/index.php?rest_route=\/wp\/v2\/types\/post"}],"author":[{"embeddable":true,"href":"https:\/\/lemotdujour.fr\/index.php?rest_route=\/wp\/v2\/users\/1"}],"replies":[{"embeddable":true,"href":"https:\/\/lemotdujour.fr\/index.php?rest_route=%2Fwp%2Fv2%2Fcomments&post=8344"}],"version-history":[{"count":8,"href":"https:\/\/lemotdujour.fr\/index.php?rest_route=\/wp\/v2\/posts\/8344\/revisions"}],"predecessor-version":[{"id":8867,"href":"https:\/\/lemotdujour.fr\/index.php?rest_route=\/wp\/v2\/posts\/8344\/revisions\/8867"}],"wp:attachment":[{"href":"https:\/\/lemotdujour.fr\/index.php?rest_route=%2Fwp%2Fv2%2Fmedia&parent=8344"}],"wp:term":[{"taxonomy":"category","embeddable":true,"href":"https:\/\/lemotdujour.fr\/index.php?rest_route=%2Fwp%2Fv2%2Fcategories&post=8344"},{"taxonomy":"post_tag","embeddable":true,"href":"https:\/\/lemotdujour.fr\/index.php?rest_route=%2Fwp%2Fv2%2Ftags&post=8344"}],"curies":[{"name":"wp","href":"https:\/\/api.w.org\/{rel}","templated":true}]}}