{"id":834,"date":"2014-09-23T02:00:00","date_gmt":"2014-09-22T22:00:00","guid":{"rendered":"http:\/\/lemotdujour.fr\/?p=834"},"modified":"2017-05-08T13:23:17","modified_gmt":"2017-05-08T11:23:17","slug":"mardi-23-septembre-2014","status":"publish","type":"post","link":"https:\/\/lemotdujour.fr\/?p=834","title":{"rendered":"Mardi 23 septembre 2014"},"content":{"rendered":"<div class=\"mdjDate\">Mardi 23 septembre 2014<\/div>\n<div class=\"mdjTexte\">\u00abDislocation \u00e0 gauche\u00bb<\/div>\n<div class=\"mdjAuteur\">Figure de style<\/div>\n<div class=\"mdjComplements\">Oui c&rsquo;est une figure de style et non une description se rapportant \u00e0 la situation politique fran\u00e7aise.<\/div>\n<div class=\"mdjComplements\">Il y a deux niveaux : d&rsquo;abord la dislocation, puis la dislocation \u00e0 gauche <\/div>\n<div class=\"mdjComplements\">Voil\u00e0 la d\u00e9finition qu&rsquo;en donne le Bescherelle:\u00a0\u00a0 \u00abLa dislocation d\u00e9tache un \u00e9l\u00e9ment et le reprend ou l&rsquo;annonce par un pronom personnel ou d\u00e9monstratif.\u00bb<\/div>\n<div class=\"mdjComplements\">Exemple:\u00a0 \u00abMarie, elle commence son stage de voile en ao\u00fbt.\u00bb<\/div>\n<div class=\"mdjComplements\">Comme le pronom vient renforcer le sujet, donnant de l&#8217;emphase \u00e0 la phrase, on parle d&rsquo;une dislocation anaphorique. Une tournure qu&rsquo;il vaut mieux n&#8217;employer qu&rsquo;\u00e0 l&rsquo;oral : le Bescherelle pr\u00e9cise que \u00abl&rsquo;usage soign\u00e9 \u00e9vite les dislocations famili\u00e8res. On dit souvent, mais on \u00e9vite d&rsquo;\u00e9crire des phrases du type Pierre, il vous a d\u00e9j\u00e0 transmis les dossiers\u00bb.<\/div>\n<div class=\"mdjComplements\">Le fait d&#8217;employer cette formulation en d\u00e9but de phrase est plus pr\u00e9cis\u00e9ment qualifi\u00e9 de \u00abdislocation \u00e0 gauche\u00bb, par opposition \u00e0 la dislocation \u00e0 droite, ou le sujet pr\u00e9cis est rejet\u00e9 en fin de phrase \u00abElle va faire 50 milliards d&rsquo;\u00e9conomie, la France\u00bb<\/div>\n<div class=\"mdjComplements\">Slate, nous apprend l&rsquo;actualit\u00e9 de cette figure de style, particuli\u00e8rement fr\u00e9quent\u00e9e par notre pr\u00e9sident actuel. (Je sens que les mots du jour vont pouvoir \u00e0 l&rsquo;avenir se d\u00e9lecter de \u00ab\u00a0pr\u00e9sident actuel\u00a0\u00bb, \u00ab\u00a0ancien pr\u00e9sident\u00a0\u00bb et aussi \u00ab\u00a0futur pr\u00e9sident\u00a0\u00bb, un v\u00e9ritable r\u00e9gal)<\/div>\n<div class=\"mdjComplements\">Vous vous souvenez, que lors du d\u00e9bat de l&rsquo;entre-deux-tours de l&rsquo;\u00e9lection pr\u00e9sidentielle, nous avions gr\u00e2ce \u00e0 lui red\u00e9couvert l&rsquo;anaphore \u00ab\u00a0moi pr\u00e9sident\u00a0\u00bb. Lors de la derni\u00e8re conf\u00e9rence de presse, il a r\u00e9cidiv\u00e9 avec : \u00ab\u00a0C&rsquo;est pas facile\u00a0\u00bb.<\/div>\n<div class=\"mdjComplements\">Mais une autre figure de style r\u00e9currente frappe dans le discours pr\u00e9sidentiel : la dislocation \u00e0 gauche. Voici quelques exemples relev\u00e9s notamment par l&rsquo;AFP et Lib\u00e9ration lors de la conf\u00e9rence de presse organis\u00e9e ce jeudi 18 septembre:<\/div>\n<p>\u00abLa France, elle va faire 50 milliards d\u2019\u00e9conomie et ce n\u2019est pas si facile. [&#8230;] La France, elle ne fera pas davantage parce que ce serait mettre en cause la croissance.\u00bb<\/p>\n<p> \u00abL\u2019Europe, elle a besoin de la France parce que nous sommes la deuxi\u00e8me \u00e9conomie de l\u2019Europe. [&#8230;] Alors la France, elle compte.\u00bb<\/p>\n<p>\u00abLes r\u00e9sultats, ils tardent \u00e0 venir, je le sais, je le vois.\u00bb<\/p>\n<p>\u00abLe scepticisme, bien s\u00fbr qu&rsquo;il est grand\u00bb<\/p>\n<div class=\"mdjComplements\"><a href=\"http:\/\/www.slate.fr\/story\/92325\/hollande-dislocation-gauche\">&lt;Ici vous trouverez l&rsquo;int\u00e9gralit\u00e9 de l&rsquo;article de Slate&gt;<\/a><\/div>\n<div class=\"mdjComplements\">Je finirai par la conclusion de Slate : Le pr\u00e9sident, il a une grammaire frondeuse<\/div>\n","protected":false},"excerpt":{"rendered":"<p>Mardi 23 septembre 2014 \u00abDislocation \u00e0 gauche\u00bb Figure de style Oui c&rsquo;est une figure de style et non une description se rapportant \u00e0 la situation politique fran\u00e7aise. Il y a deux niveaux : d&rsquo;abord la dislocation, puis la dislocation \u00e0<\/p>\n","protected":false},"author":1,"featured_media":0,"comment_status":"closed","ping_status":"closed","sticky":false,"template":"","format":"standard","meta":{"footnotes":""},"categories":[1],"tags":[],"class_list":["post-834","post","type-post","status-publish","format-standard","hentry","category-motdujour"],"_links":{"self":[{"href":"https:\/\/lemotdujour.fr\/index.php?rest_route=\/wp\/v2\/posts\/834","targetHints":{"allow":["GET"]}}],"collection":[{"href":"https:\/\/lemotdujour.fr\/index.php?rest_route=\/wp\/v2\/posts"}],"about":[{"href":"https:\/\/lemotdujour.fr\/index.php?rest_route=\/wp\/v2\/types\/post"}],"author":[{"embeddable":true,"href":"https:\/\/lemotdujour.fr\/index.php?rest_route=\/wp\/v2\/users\/1"}],"replies":[{"embeddable":true,"href":"https:\/\/lemotdujour.fr\/index.php?rest_route=%2Fwp%2Fv2%2Fcomments&post=834"}],"version-history":[{"count":1,"href":"https:\/\/lemotdujour.fr\/index.php?rest_route=\/wp\/v2\/posts\/834\/revisions"}],"predecessor-version":[{"id":835,"href":"https:\/\/lemotdujour.fr\/index.php?rest_route=\/wp\/v2\/posts\/834\/revisions\/835"}],"wp:attachment":[{"href":"https:\/\/lemotdujour.fr\/index.php?rest_route=%2Fwp%2Fv2%2Fmedia&parent=834"}],"wp:term":[{"taxonomy":"category","embeddable":true,"href":"https:\/\/lemotdujour.fr\/index.php?rest_route=%2Fwp%2Fv2%2Fcategories&post=834"},{"taxonomy":"post_tag","embeddable":true,"href":"https:\/\/lemotdujour.fr\/index.php?rest_route=%2Fwp%2Fv2%2Ftags&post=834"}],"curies":[{"name":"wp","href":"https:\/\/api.w.org\/{rel}","templated":true}]}}