{"id":8337,"date":"2020-03-19T02:24:17","date_gmt":"2020-03-19T01:24:17","guid":{"rendered":"http:\/\/lemotdujour.fr\/?p=8337"},"modified":"2020-03-18T22:14:02","modified_gmt":"2020-03-18T21:14:02","slug":"jeudi-19-mars-2020","status":"publish","type":"post","link":"https:\/\/lemotdujour.fr\/?p=8337","title":{"rendered":"Jeudi 19 mars 2020"},"content":{"rendered":"<div class=\"mdjTexte\">\u00ab\u00a0Nous ne sommes pas en guerre et n&rsquo;avons pas \u00e0 l&rsquo;\u00eatre\u00a0\u00bb<\/div>\n<div class=\"mdjAuteur\">Sophie Mainguy-Besmain<\/div>\n<p><span style=\"color: #777777; font-family: Arial;\">Les r\u00e9seaux sociaux sont comme les couteaux ou la langue, ils peuvent \u00eatre l&rsquo;instrument du pire, de la haine, de la b\u00eatise, du crime.<br \/>\n<\/span><\/p>\n<p><span style=\"color: #777777; font-family: Arial;\">Ils peuvent \u00eatre aussi, le lieu du partage de l&rsquo;intelligence, de la r\u00e9flexion, de la profondeur.<br \/>\n<\/span><\/p>\n<p><span style=\"color: #777777; font-family: Arial;\">Comme pour le coronavirus, nous devons nous efforcer de transmettre tout ce qui aide la vie, la construction, l&rsquo;intelligence, l&rsquo;entraide et stopper la transmission de la b\u00eatise et de toute la horde de ce qui d\u00e9truit, divise et abaisse.<br \/>\n<\/span><\/p>\n<p><span style=\"color: #777777; font-family: Arial;\">C&rsquo;est au d\u00e9part mon ami Yves qui m&rsquo;a renvoy\u00e9 vers une page facebook qui elle-m\u00eame m&rsquo;a renvoy\u00e9 vers la page de Sophie Mainguy-Besmain qui est m\u00e9decin \u00e0 Toulon.<br \/>\n<\/span><\/p>\n<p><span style=\"color: #777777; font-family: Arial;\">Elle a r\u00e9agi \u00e0 cet appel du Pr\u00e9sident Macron\u00a0: \u00ab\u00a0<span style=\"color: #c00000;\">Nous sommes en guerre<span style=\"color: #777777;\">\u00a0\u00bb<br \/>\n<\/span><\/span><\/span><\/p>\n<p><span style=\"color: #777777; font-family: Arial;\">Et elle a r\u00e9pondu par la n\u00e9gative\u00a0:<br \/>\n<\/span><\/p>\n<p style=\"margin-left: 28pt;\"><span style=\"color: #c00000; font-family: Arial;\">\u00ab\u00a0NOUS NE SOMMES PAS EN GUERRE et n&rsquo;avons pas \u00e0 l&rsquo;\u00eatre&#8230;<br \/>\n<\/span><span style=\"color: #c00000; font-family: Arial;\">Il est int\u00e9ressant de constater combien nous ne savons envisager chaque \u00e9v\u00e9nement qu&rsquo;\u00e0 travers un prisme de d\u00e9fense et de domination.<br \/>\n<\/span><span style=\"color: #c00000; font-family: Arial;\">Les mesures d\u00e9cr\u00e9t\u00e9es hier soir par notre gouvernement sont, depuis ma sensibilit\u00e9 de m\u00e9decin, tout \u00e0 fait adapt\u00e9es. En revanche, l&rsquo;effet d&rsquo;annonce qui l&rsquo;a accompagn\u00e9 l&rsquo;est beaucoup moins.<br \/>\n<\/span><span style=\"color: #c00000; font-family: Arial;\">Nous ne sommes pas en guerre et n&rsquo;avons pas \u00e0 l&rsquo;\u00eatre.<br \/>\n<\/span><span style=\"color: #c00000; font-family: Arial;\">Il n&rsquo;y a pas besoin d&rsquo;une id\u00e9e syst\u00e9matique de lutte pour \u00eatre performant.<br \/>\n<\/span><span style=\"color: #c00000; font-family: Arial;\">L&rsquo;ambition ferme d&rsquo;un service \u00e0 la vie suffit.<br \/>\n<\/span><span style=\"color: #c00000; font-family: Arial;\">Il n&rsquo;y a pas d&rsquo;ennemi.<br \/>\n<\/span><span style=\"color: #c00000; font-family: Arial;\">Il y a un autre organisme vivant en plein flux migratoire et nous devons nous arr\u00eater afin que nos courants respectifs ne s&rsquo;entrechoquent pas trop.<br \/>\n<\/span><span style=\"color: #c00000; font-family: Arial;\">Nous sommes au passage pi\u00e9ton et le feu est rouge pour nous.<br \/>\n<\/span><span style=\"color: #c00000; font-family: Arial;\">Bien s\u00fbr il y aura, \u00e0 l&rsquo;\u00e9chelle de nos milliards d&rsquo;humains, des travers\u00e9es en dehors des clous et des accidents qui seront douloureux.<br \/>\n<\/span><span style=\"color: #c00000; font-family: Arial;\">Ils le sont toujours.<br \/>\n<\/span><\/p>\n<p style=\"margin-left: 28pt;\"><span style=\"color: #c00000; font-family: Arial;\">Il faut s&rsquo;y pr\u00e9parer.<br \/>\n<\/span><span style=\"color: #c00000; font-family: Arial;\">Mais il n&rsquo;y a pas de guerre.<br \/>\n<\/span><span style=\"color: #c00000; font-family: Arial;\">Les formes de vie qui ne servent pas nos int\u00e9r\u00eats (et qui peut le dire ?) ne sont pas nos ennemis.<br \/>\n<\/span><span style=\"color: #c00000; font-family: Arial;\">Il s&rsquo;agit d&rsquo;une \u00e9ni\u00e8me occasion de r\u00e9aliser que l&rsquo;humain n&rsquo;est pas la seule force de cette plan\u00e8te et qu&rsquo;il doit &#8211; \u00f4 combien- parfois faire de la place aux autres.<br \/>\n<\/span><span style=\"color: #c00000; font-family: Arial;\">Il n&rsquo;y a aucun int\u00e9r\u00eat \u00e0 le vivre sur un mode conflictuel ou concurrentiel.<br \/>\n<\/span><span style=\"color: #c00000; font-family: Arial;\">Notre corps et notre immunit\u00e9 aiment la v\u00e9rit\u00e9 et la PAIX.<br \/>\n<\/span><\/p>\n<p style=\"margin-left: 28pt;\"><span style=\"color: #c00000; font-family: Arial;\">Nous ne sommes pas en guerre et nous n&rsquo;avons pas \u00e0 l&rsquo;\u00eatre pour \u00eatre efficaces.<br \/>\n<\/span><span style=\"color: #c00000; font-family: Arial;\">Nous ne sommes pas mobilis\u00e9s par les armes mais par l&rsquo;Intelligence du vivant qui nous contraint \u00e0 la pause.<br \/>\n<\/span><span style=\"color: #c00000; font-family: Arial;\">Exceptionnellement nous sommes oblig\u00e9s de nous pousser de c\u00f4t\u00e9, de laisser la place.<br \/>\n<\/span><span style=\"color: #c00000; font-family: Arial;\">Ce n&rsquo;est pas une guerre, c&rsquo;est une \u00e9ducation, celle de l&rsquo;humilit\u00e9, de l&rsquo;interrelation et de la solidarit\u00e9.<br \/>\n<\/span><\/p>\n<p style=\"margin-left: 28pt;\"><span style=\"color: #c00000; font-family: Arial;\">Sophie Mainguy\u00bb<br \/>\n<\/span><\/p>\n<p><span style=\"color: #777777; font-family: Arial;\">Cette \u00e9pid\u00e9mie constitue une le\u00e7on qui doit nous permettre de comprendre qu&rsquo;il faut mettre des limites \u00e0 notre individualisme forcen\u00e9.<br \/>\n<\/span><\/p>\n<p><span style=\"color: #777777; font-family: Arial;\">Non pas renoncer \u00e0 la part de libert\u00e9 qu&rsquo;il repr\u00e9sente, mais d&rsquo;\u00e9go\u00efsme qu&rsquo;il g\u00e9n\u00e8re.<br \/>\n<\/span><\/p>\n<p><span style=\"color: #0000ff;\"><span style=\"font-family: Arial;\"><a style=\"color: #0000ff;\" href=\"https:\/\/lemotdujour.fr\/?p=3748\">L&rsquo;entraide<\/a><\/span> <\/span><span style=\"color: #777777; font-family: Arial;\">est plus que jamais la force dont le monde a besoin.<br \/>\n<\/span><\/p>\n<p><span style=\"color: #777777; font-family: Arial;\">Et quand on parle de virus et de bact\u00e9ries, on ne peut s&#8217;emp\u00eacher de penser au <a href=\"https:\/\/fr.wikipedia.org\/wiki\/Microbiote_intestinal_humain\"><span style=\"color: blue; text-decoration: underline;\">\u00ab\u00a0microbiote intestinal humain<\/span><\/a><span style=\"color: blue;\">\u00a0<span style=\"color: #777777;\">\u00bb o\u00f9 des milliards d&rsquo;\u00eatres vivants et de virus collaborent, sans organisation pyramidale, pour nous aider \u00e0 vivre et \u00e0 dig\u00e9rer.<br \/>\n<\/span><\/span><\/span><\/p>\n<p><span style=\"color: #777777; font-family: Arial;\">C&rsquo;est vrai que dans cette connaissance du vivant, il semble hors de propos de parler de guerre, mais d&rsquo;en appeler au vivant, \u00e0 la coop\u00e9ration des ressources de vie et \u00e0 l&rsquo;\u00e9loignement des forces de destruction.<br \/>\n<\/span><\/p>\n<p>&lt;<span style=\"color: #800000;\">1373&gt;<\/span><\/p>\n","protected":false},"excerpt":{"rendered":"<p>\u00ab\u00a0Nous ne sommes pas en guerre et n&rsquo;avons pas \u00e0 l&rsquo;\u00eatre\u00a0\u00bb Sophie Mainguy-Besmain Les r\u00e9seaux sociaux sont comme les couteaux ou la langue, ils peuvent \u00eatre l&rsquo;instrument du pire, de la haine, de la b\u00eatise, du crime. Ils peuvent \u00eatre<\/p>\n","protected":false},"author":1,"featured_media":0,"comment_status":"open","ping_status":"closed","sticky":false,"template":"","format":"standard","meta":{"footnotes":""},"categories":[1],"tags":[54,126,171],"class_list":["post-8337","post","type-post","status-publish","format-standard","hentry","category-motdujour","tag-humanisme","tag-pandemie","tag-reseaux-sociaux"],"_links":{"self":[{"href":"https:\/\/lemotdujour.fr\/index.php?rest_route=\/wp\/v2\/posts\/8337","targetHints":{"allow":["GET"]}}],"collection":[{"href":"https:\/\/lemotdujour.fr\/index.php?rest_route=\/wp\/v2\/posts"}],"about":[{"href":"https:\/\/lemotdujour.fr\/index.php?rest_route=\/wp\/v2\/types\/post"}],"author":[{"embeddable":true,"href":"https:\/\/lemotdujour.fr\/index.php?rest_route=\/wp\/v2\/users\/1"}],"replies":[{"embeddable":true,"href":"https:\/\/lemotdujour.fr\/index.php?rest_route=%2Fwp%2Fv2%2Fcomments&post=8337"}],"version-history":[{"count":3,"href":"https:\/\/lemotdujour.fr\/index.php?rest_route=\/wp\/v2\/posts\/8337\/revisions"}],"predecessor-version":[{"id":8341,"href":"https:\/\/lemotdujour.fr\/index.php?rest_route=\/wp\/v2\/posts\/8337\/revisions\/8341"}],"wp:attachment":[{"href":"https:\/\/lemotdujour.fr\/index.php?rest_route=%2Fwp%2Fv2%2Fmedia&parent=8337"}],"wp:term":[{"taxonomy":"category","embeddable":true,"href":"https:\/\/lemotdujour.fr\/index.php?rest_route=%2Fwp%2Fv2%2Fcategories&post=8337"},{"taxonomy":"post_tag","embeddable":true,"href":"https:\/\/lemotdujour.fr\/index.php?rest_route=%2Fwp%2Fv2%2Ftags&post=8337"}],"curies":[{"name":"wp","href":"https:\/\/api.w.org\/{rel}","templated":true}]}}