{"id":8326,"date":"2020-03-17T00:34:24","date_gmt":"2020-03-16T23:34:24","guid":{"rendered":"http:\/\/lemotdujour.fr\/?p=8326"},"modified":"2020-03-17T00:37:12","modified_gmt":"2020-03-16T23:37:12","slug":"mardi-17-mars-2020","status":"publish","type":"post","link":"https:\/\/lemotdujour.fr\/?p=8326","title":{"rendered":"Mardi 17 mars 2020"},"content":{"rendered":"<div class=\"mdjTexte\">\u00ab\u00a0L&rsquo;anachronisme d&rsquo;une semaine sur l&rsquo;autre\u00a0\u00bb<\/div>\n<div class=\"mdjAuteur\">Fr\u00e9d\u00e9ric Says<\/div>\n<p><span style=\"color: #777777; font-family: Arial;\">Anachronisme vient du grec, <strong>ana <\/strong>: en arri\u00e8re et <strong>khronos<\/strong> : le temps.<br \/>\n<\/span><\/p>\n<p><span style=\"color: #777777; font-family: Arial;\">De mani\u00e8re tr\u00e8s mat\u00e9rielle, on parle d&rsquo;anachronisme dans une \u0153uvre artistique, litt\u00e9raire, dans un film lorsqu&rsquo;on y trouve une erreur de chronologie qui consiste \u00e0 y placer un concept ou un objet qui n&rsquo;existait pas encore \u00e0 l&rsquo;\u00e9poque illustr\u00e9e par l&rsquo;\u0153uvre. Il est courant de trouver sur internet des sites comme &lt;<span style=\"color: #0000ff;\"><a style=\"color: #0000ff;\" href=\"http:\/\/www.topito.com\/top-10-des-anachronismes-dans-des-films-cultes\">celui-ci<\/a><\/span>&gt; qui d\u00e9voile des anachronismes dans des films c\u00e9l\u00e8bres.<br \/>\n<\/span><\/p>\n<p><span style=\"color: #777777; font-family: Arial;\">Mais ce sens est assez futil et superficiel.<br \/>\n<\/span><\/p>\n<p><span style=\"color: #777777; font-family: Arial;\">L&rsquo;anachronisme en Histoire pr\u00e9sente un int\u00e9r\u00eat intellectuel d&rsquo;une autre profondeur.<br \/>\n<\/span><\/p>\n<p><span style=\"color: #777777; font-family: Arial;\">Pendant mes \u00e9tudes d&rsquo;Histoire, je me souviens de cet avertissement d&rsquo;une professeure\u00a0:<br \/>\n<\/span><\/p>\n<p style=\"margin-left: 28pt;\"><span style=\"color: #c00000; font-family: Arial;\">\u00ab\u00a0Un historien doit toujours se pr\u00e9munir devant l&rsquo;anachronisme\u00a0\u00bb<br \/>\n<\/span><\/p>\n<p><span style=\"color: #777777; font-family: Arial;\">L&rsquo;anachronisme en Histoire, c&rsquo;est juger, appr\u00e9cier une situation historique ancienne avec les valeurs, les connaissances, les m\u0153urs d&rsquo;aujourd&rsquo;hui.<br \/>\n<\/span><\/p>\n<p><span style=\"color: #777777; font-family: Arial;\">L&rsquo;anachronisme doit bien s\u00fbr se comprendre par rapport \u00e0 des \u00e9v\u00e8nements qui se sont pass\u00e9s il y a des si\u00e8cles et qu&rsquo;on ne comprend pas parce qu&rsquo;on n&rsquo;en appr\u00e9cie pas le contexte de cette \u00e9poque.<br \/>\n<\/span><\/p>\n<p><span style=\"color: #777777; font-family: Arial;\">L&rsquo;\u00e9pid\u00e9mie actuelle distord tellement notre rapport au temps que l&rsquo;anachronisme se d\u00e9voile en l&rsquo;espace de quelques semaines.<br \/>\n<\/span><\/p>\n<p><span style=\"color: #777777; font-family: Arial;\">C&rsquo;est ce que d\u00e9voile Fr\u00e9d\u00e9ric Says dans <a href=\"https:\/\/www.franceculture.fr\/emissions\/le-billet-politique\/le-billet-politique-du-lundi-16-mars-2020\"><span style=\"color: #0000ff;\">sa chronique du 16 mars<\/span><\/a><span style=\"color: #0000ff;\">.<\/span><br \/>\n<\/span><\/p>\n<p><span style=\"color: #777777; font-family: Arial;\">Il rappelle que des hommes politiques qui ont demand\u00e9, dimanche, le report du second tour des municipales comme une chose \u00e9vidente et qui posaient la question de l&rsquo;inconscience du pr\u00e9sident d&rsquo;avoir organis\u00e9 le premier tour dans ces conditions, avaient eux-m\u00eames, une semaine avant, affirm\u00e9 que cette \u00e9lection devait absolument se tenir, sinon nous n&rsquo;\u00e9tions plus dans un \u00e9tat de droit.<br \/>\n<\/span><\/p>\n<p><span style=\"color: #777777; font-family: Arial;\">Une semaine avait suffi pour qu&rsquo;ils oublient les conditions dans lesquelles leurs propos ont \u00e9t\u00e9 tenus et la d\u00e9cision a \u00e9t\u00e9 prise.<br \/>\n<\/span><\/p>\n<p><span style=\"color: #777777; font-family: Arial;\">Il cite un autre exemple, celui de Carla Bruni Sarkozy.<br \/>\n<\/span><\/p>\n<p><span style=\"color: #777777; font-family: Arial;\">\u00ab\u00a0<span style=\"color: #c00000;\">On se fait la bise, c&rsquo;est dingue !\u00a0<span style=\"color: #777777;\">\u00bb avait-elle lanc\u00e9 au pr\u00e9sident-directeur g\u00e9n\u00e9ral de LVMH avant de l\u00e2cher :\u00a0\u00ab\u00a0<span style=\"color: #c00000;\">On est de l&rsquo;ancienne g\u00e9n\u00e9ration, on a peur de rien nous. [\u2026] on craint pas le coronavirus<span style=\"color: #777777;\">\u00a0\u00bb .<br \/>\n<\/span><\/span><\/span><\/span><\/span><\/p>\n<p><span style=\"color: #777777; font-family: Arial;\">Elle a \u00e9t\u00e9 film\u00e9e. <\/span><span style=\"color: #777777; font-family: Arial;\">Depuis elle a \u00e9t\u00e9 attaqu\u00e9e sur ce point, <a href=\"https:\/\/www.journaldesfemmes.fr\/people\/magazine\/2625819-carla-bruni-sarkozy-blague-coronavirus\/\"><span style=\"color: #0000ff;\">elle s&rsquo;est excus\u00e9e<\/span><\/a><span style=\"color: #0000ff;\">.<\/span><br \/>\n<\/span><\/p>\n<p><span style=\"color: #777777; font-family: Arial;\">Cet \u00e9pisode avait eu lieu le 28 f\u00e9vrier, soit il y a 17 jours.<br \/>\n<\/span><\/p>\n<p><span style=\"color: #777777; font-family: Arial;\">Fr\u00e9d\u00e9ric Says pose alors de question de savoir<strong> o\u00f9 nous en \u00e9tions, nous m\u00eame, le 28 f\u00e9vrier au niveau de la bise, des contacts et de la conscience du danger de ce virus qui attaque le monde d&rsquo;homo sapiens\u00a0?<\/strong><br \/>\n<\/span><\/p>\n<p><span style=\"color: #777777; font-family: Arial;\">Les propos qu&rsquo;on attribue au Christ\u00a0: \u00ab\u00a0Que celui qui n&rsquo;a jamais p\u00e9ch\u00e9, jette la premi\u00e8re pierre\u00bb semblent appropri\u00e9s.<br \/>\n<\/span><\/p>\n<p><span style=\"color: #777777; font-family: Arial;\">Moi-m\u00eame, j&rsquo;\u00e9crivais le 11 mars : \u00ab\u00a0<a href=\"https:\/\/lemotdujour.fr\/?p=8290\"><span style=\"color: #0000ff;\">La plus grande menace qui nous guette, c&rsquo;est une coronapanique<\/span>\u00a0<\/a>\u00bb\u00a0:<br \/>\n<\/span><\/p>\n<p style=\"margin-left: 28pt;\"><span style=\"color: #c00000; font-family: Arial;\">\u00ab\u00a0Certes, c&rsquo;est une \u00e9pid\u00e9mie, certes on n&rsquo;a pas de vaccin, certes on n&rsquo;a pas vraiment de m\u00e9dicament pour gu\u00e9rir cette maladie du Covid19 qui a d\u00e9but\u00e9 en d\u00e9cembre 2019 dans la ville de Wuhan en Chine.<br \/>\n<\/span><\/p>\n<p style=\"margin-left: 28pt;\"><span style=\"color: #c00000; font-family: Arial;\">Maladie qui est provoqu\u00e9e par le coronavirus SARS-CoV-2.<br \/>\n<\/span><\/p>\n<p style=\"margin-left: 28pt;\"><span style=\"color: #c00000; font-family: Arial;\">Mais quand m\u00eame !<br \/>\n<\/span><\/p>\n<p style=\"margin-left: 28pt;\"><span style=\"color: #c00000; font-family: Arial;\">Je ne suis pas certain que nous sommes en face d&rsquo;un grave danger de sant\u00e9 publique\u00a0\u00bb<br \/>\n<\/span><\/p>\n<p><span style=\"color: #777777; font-family: Arial;\">C&rsquo;\u00e9tait, il y a 6 jours. <\/span><span style=\"color: #777777; font-family: Arial;\">Nous sommes dans un anachronisme acc\u00e9l\u00e9r\u00e9.<br \/>\n<\/span><\/p>\n<p><span style=\"color: #777777; font-family: Arial;\">Tout cela doit nous conduire \u00e0 une grande humilit\u00e9.<br \/>\n<\/span><\/p>\n<p><span style=\"color: #777777; font-family: Arial;\">Fr\u00e9d\u00e9ric Says dit :<br \/>\n<\/span><\/p>\n<p style=\"margin-left: 28pt;\"><span style=\"color: #c00000; font-family: Arial;\">\u00ab\u00a0Le confinement doit aussi concerner les \u00e9gos et les rodomontades\u00a0\u00bb<br \/>\n<\/span><\/p>\n<p><span style=\"color: maroon; font-family: Arial;\">&lt;1371&gt;<\/span><\/p>\n","protected":false},"excerpt":{"rendered":"<p>\u00ab\u00a0L&rsquo;anachronisme d&rsquo;une semaine sur l&rsquo;autre\u00a0\u00bb Fr\u00e9d\u00e9ric Says Anachronisme vient du grec, ana : en arri\u00e8re et khronos : le temps. De mani\u00e8re tr\u00e8s mat\u00e9rielle, on parle d&rsquo;anachronisme dans une \u0153uvre artistique, litt\u00e9raire, dans un film lorsqu&rsquo;on y trouve une erreur<\/p>\n","protected":false},"author":1,"featured_media":0,"comment_status":"open","ping_status":"closed","sticky":false,"template":"","format":"standard","meta":{"footnotes":""},"categories":[1],"tags":[24,15,126],"class_list":["post-8326","post","type-post","status-publish","format-standard","hentry","category-motdujour","tag-actualite","tag-france","tag-pandemie"],"_links":{"self":[{"href":"https:\/\/lemotdujour.fr\/index.php?rest_route=\/wp\/v2\/posts\/8326","targetHints":{"allow":["GET"]}}],"collection":[{"href":"https:\/\/lemotdujour.fr\/index.php?rest_route=\/wp\/v2\/posts"}],"about":[{"href":"https:\/\/lemotdujour.fr\/index.php?rest_route=\/wp\/v2\/types\/post"}],"author":[{"embeddable":true,"href":"https:\/\/lemotdujour.fr\/index.php?rest_route=\/wp\/v2\/users\/1"}],"replies":[{"embeddable":true,"href":"https:\/\/lemotdujour.fr\/index.php?rest_route=%2Fwp%2Fv2%2Fcomments&post=8326"}],"version-history":[{"count":4,"href":"https:\/\/lemotdujour.fr\/index.php?rest_route=\/wp\/v2\/posts\/8326\/revisions"}],"predecessor-version":[{"id":8330,"href":"https:\/\/lemotdujour.fr\/index.php?rest_route=\/wp\/v2\/posts\/8326\/revisions\/8330"}],"wp:attachment":[{"href":"https:\/\/lemotdujour.fr\/index.php?rest_route=%2Fwp%2Fv2%2Fmedia&parent=8326"}],"wp:term":[{"taxonomy":"category","embeddable":true,"href":"https:\/\/lemotdujour.fr\/index.php?rest_route=%2Fwp%2Fv2%2Fcategories&post=8326"},{"taxonomy":"post_tag","embeddable":true,"href":"https:\/\/lemotdujour.fr\/index.php?rest_route=%2Fwp%2Fv2%2Ftags&post=8326"}],"curies":[{"name":"wp","href":"https:\/\/api.w.org\/{rel}","templated":true}]}}