{"id":8319,"date":"2020-03-16T00:17:30","date_gmt":"2020-03-15T23:17:30","guid":{"rendered":"http:\/\/lemotdujour.fr\/?p=8319"},"modified":"2020-03-16T00:23:57","modified_gmt":"2020-03-15T23:23:57","slug":"lundi-16-mars-2020","status":"publish","type":"post","link":"https:\/\/lemotdujour.fr\/?p=8319","title":{"rendered":"Lundi 16 mars 2020"},"content":{"rendered":"<div class=\"mdjTexte\">\u00ab\u00a0Le risque n&rsquo;est pas individuel mais populationnel.\u00a0\u00bb<\/div>\n<div class=\"mdjAuteur\">Philippe Devos<\/div>\n<p><span style=\"color: #777777; font-family: Arial;\">Nous avons v\u00e9cu un week-end \u00e9tonnant.<br \/>\n<\/span><\/p>\n<p><span style=\"color: #777777; font-family: Arial;\">Samedi soir Edouard Philippe a annonc\u00e9 la fermeture de tous les commerces \u00ab\u00a0non indispensables\u00a0\u00bb.<br \/>\n<\/span><\/p>\n<p><span style=\"color: #777777; font-family: Arial;\">Le ministre de l&rsquo;\u00e9conomie, Bruno Le Maire, interrog\u00e9 sur France 2, a dit hier \u00e0 19h30 : \u00abLa situation se d\u00e9t\u00e9riore pour nos compatriotes.\u00bb. <\/span><\/p>\n<p><span style=\"color: #777777; font-family: Arial;\">Christian Jacob, le pr\u00e9sident de LR a \u00e9t\u00e9 test\u00e9 positif au coronavirus, la nouvelle a \u00e9t\u00e9 connue ce dimanche. Or, ce responsable politique, parmi d&rsquo;autres, a insist\u00e9 pour que le premier tour des municipales ait lieu. Il qualifiait de &lt;<span style=\"color: #0000ff;\">coup d&rsquo;\u00e9tat<\/span>&gt; la possibilit\u00e9 de reporter le scrutin. <\/span><\/p>\n<p><span style=\"color: #777777; font-family: Arial;\"><img loading=\"lazy\" decoding=\"async\" class=\"wp-image-8323 alignleft\" src=\"https:\/\/lemotdujour.fr\/wp-content\/uploads\/2020\/03\/Christian-Jacob-\u00e0-Paris-225x300.jpg\" alt=\"\" width=\"267\" height=\"356\" srcset=\"https:\/\/lemotdujour.fr\/wp-content\/uploads\/2020\/03\/Christian-Jacob-\u00e0-Paris-225x300.jpg 225w, https:\/\/lemotdujour.fr\/wp-content\/uploads\/2020\/03\/Christian-Jacob-\u00e0-Paris.jpg 768w\" sizes=\"auto, (max-width: 267px) 100vw, 267px\" \/>Sur son fil twitter, il a publi\u00e9 plusieurs photos le 13 mars, soit 2 jours avant le scrutin, dans lesquelles il s&rsquo;affichait fi\u00e8rement \u00e0 c\u00f4t\u00e9 des candidats LR. Comme ici, assis \u00e0 c\u00f4t\u00e9 de Rachida Dati, dans un exercice de promiscuit\u00e9 sociale.<br \/>\n<\/span><\/p>\n<p><span style=\"color: #777777; font-family: Arial;\">Les \u00e9lections municipales ont donc eu lieu. Le second tour n&rsquo;aura probablement pas lieu.<br \/>\n<\/span><\/p>\n<p><span style=\"color: #777777; font-family: Arial;\">Bien s\u00fbr, j&rsquo;ai essay\u00e9 de comprendre et de trouver des informations.<br \/>\n<\/span><\/p>\n<p><span style=\"color: #777777; font-family: Arial;\">J&rsquo;ai d&rsquo;abord trouv\u00e9 cette <span style=\"color: #0000ff;\"><a style=\"color: #0000ff;\" href=\"https:\/\/medium.com\/@tomaspueyo\/coronavirus-agissez-aujourdhui-2bd1dc7838f6\">note am\u00e9ricaine<\/a><\/span> traduite en fran\u00e7ais et vers laquelle renvoie un article de Mediapart.<br \/>\n<\/span><\/p>\n<p><span style=\"color: #777777; font-family: Arial;\">Il s&rsquo;agit d&rsquo;un article du 13 mars de Tomas Pueyo, un ancien de l&rsquo;\u00c9cole centrale et de l&rsquo;universit\u00e9 de Stanford, \u00e9tabli en Californie. C&rsquo;est un texte disposant de nombreux calculs et graphiques alarmants qui a beaucoup circul\u00e9 parmi les scientifiques et dans la communaut\u00e9 du num\u00e9rique.<br \/>\n<\/span><\/p>\n<p><span style=\"color: #777777; font-family: Arial;\">Cette note qui semble tr\u00e8s argument\u00e9e, conclut qu&rsquo;il faut imm\u00e9diatement appliquer <strong>\u00ab\u00a0la distanciation sociale\u00a0<\/strong>\u00bb.<br \/>\n<\/span><\/p>\n<p><span style=\"color: #777777; font-family: Arial;\">Mais du point de vue p\u00e9dagogique je n&rsquo;ai rien trouv\u00e9 de plus remarquable que cette \u00e9mission de \u00ab\u00a0<strong>Arr\u00eat sur Images<\/strong> \u00bb qui m&rsquo;a \u00e9t\u00e9 indiqu\u00e9e par mon ami Anny.<br \/>\n<\/span><\/p>\n<p><span style=\"color: #777777; font-family: Arial;\">Arr\u00eat sur Images est un site payant, mais a d\u00e9cid\u00e9 que compte tenu de la gravit\u00e9 de la situation, l&rsquo;\u00e9mission de vendredi soir consacr\u00e9e au coronavirus, avec les m\u00e9decins <strong>Francois Salachas<\/strong>, du collectif inter-h\u00f4pitaux, et <strong>Philippe Devos<\/strong>, intensiviste en Belgique pouvait \u00eatre visionn\u00e9e gratuitement.<br \/>\n<\/span><\/p>\n<p><span style=\"color: #777777; font-family: Arial;\">Je vous engage \u00e0 la regarder\u00a0: \u00ab\u00a0<span style=\"color: #0000ff;\"><a style=\"color: #0000ff;\" href=\"https:\/\/www.youtube.com\/watch?v=cvY6wN2jS_M\">Coronavirus : On doit se pr\u00e9parer \u00e0 l&rsquo;ouragan !\u00a0<\/a><\/span>\u00bb<br \/>\n<\/span><\/p>\n<p><span style=\"color: #777777; font-family: Arial;\">Ces deux m\u00e9decins sont tr\u00e8s int\u00e9ressants<br \/>\n<\/span><\/p>\n<p><span style=\"color: #777777; font-family: Arial;\">Je voudrais surtout relever cette intervention de <strong>Philippe Devos. <\/strong>Elle r\u00e9pond \u00e0 une question du producteur de l&rsquo;\u00e9mission, Daniel Schneidermann, qui apr\u00e8s avoir montr\u00e9 diverses interventions de m\u00e9decins, en janvier, qui minimisait la dangerosit\u00e9 de COVID-19 lui demandait pourquoi se sont-ils tromp\u00e9s\u00a0?<br \/>\n<\/span><\/p>\n<p style=\"margin-left: 28pt;\"><span style=\"color: #c00000; font-family: Arial;\">\u00ab En fait ce que ces gens n&rsquo;ont pas compris, c&rsquo;est que le risque n&rsquo;est pas individuel, mais populationnel.<br \/>\n<\/span><\/p>\n<p style=\"margin-left: 28pt;\"><span style=\"color: #c00000; font-family: Arial;\">Si on regarde une personne 40 ans, le risque de d\u00e9c\u00e9der de ce virus est de 0,1%, c&rsquo;est tr\u00e8s faible.<br \/>\n<\/span><\/p>\n<p style=\"margin-left: 28pt;\"><span style=\"color: #c00000; font-family: Arial;\">La probl\u00e9matique de ce virus c&rsquo;est qu&rsquo;il va toucher \u00e9norm\u00e9ment de gens et qu&rsquo;il va \u00eatre tr\u00e8s agressif pour des personnes tr\u00e8s \u00e2g\u00e9es qu&rsquo;il faudra prendre en r\u00e9animation et que ce ph\u00e9nom\u00e8ne va saturer nos structures de r\u00e9animation et qu&rsquo;il va g\u00e9n\u00e9rer des morts indirects parce qu&rsquo;on ne pourra plus soigner d&rsquo;autres personnes.<br \/>\n<\/span><\/p>\n<p style=\"margin-left: 28pt;\"><span style=\"color: #c00000; font-family: Arial;\">Le risque, il est au niveau de la population, le virus va mettre les h\u00f4pitaux \u00e0 terre, le risque individuel est faible, mais il est au niveau de la population. Et beaucoup de m\u00e9decins se concentrent sur l&rsquo;individu, parce qu&rsquo;ils ne soignent que des individus.<br \/>\n<\/span><\/p>\n<p style=\"margin-left: 28pt;\"><span style=\"color: #c00000; font-family: Arial;\">Il faut avoir une r\u00e9flexion au niveau \u00e9pist\u00e9mologique et en terme de risque de groupe pour comprendre ce qui se passe.\u00a0\u00bb<br \/>\n<\/span><\/p>\n<p><span style=\"color: #777777; font-family: Arial;\">Et, en effet je n&rsquo;ai jamais compris de mani\u00e8re plus claire ce qui \u00e9tait en train de se passer.<br \/>\n<\/span><\/p>\n<p><span style=\"color: #777777; font-family: Arial;\">Le VIH s&rsquo;attaque \u00e0 notre syst\u00e8me immunitaire.<br \/>\n<\/span><\/p>\n<p><span style=\"color: #777777; font-family: Arial;\">Le coronavirus s&rsquo;attaque \u00e0 notre syst\u00e8me de soins en le saturant. D\u00e8s lors, le syst\u00e8me de soins n&rsquo;est plus en mesure de faire face au besoin de soins et les gens vont mourir de ce que Fran\u00e7ois Salachas appelle \u00ab\u00a0<strong>une mort ill\u00e9gitime<\/strong>\u00a0\u00bb, dans la mesure o\u00f9 si le patient avait pu \u00eatre pris en charge de mani\u00e8re correcte il ne serait pas mort.<br \/>\n<\/span><\/p>\n<p><span style=\"color: #777777; font-family: Arial;\">Et cela se passe de mani\u00e8re massive.<br \/>\n<\/span><\/p>\n<p><span style=\"color: #777777; font-family: Arial;\">Vous trouverez <a href=\"https:\/\/www.liberation.fr\/checknews\/2020\/03\/12\/coronavirus-la-courbe-des-cas-en-france-suit-elle-vraiment-celle-de-l-italie-avec-9-jours-de-retard_1781285\"><span style=\"color: #0000ff;\">sur cette page<\/span><\/a> la d\u00e9monstration que la France est en train de suivre, avec un d\u00e9calage de 9 jours, la courbe d&rsquo;infection et de d\u00e9c\u00e8s de l&rsquo;Italie.<br \/>\n<\/span><\/p>\n<p><span style=\"color: #777777; font-family: Arial;\">Je ne reproduis pas cette courbe ici, mais je pr\u00e9cise qu&rsquo;elle est exponentielle. Ce dimanche, l&rsquo;Italie a de nouveau battu son record de morts par jour, on annon\u00e7ait 368 d\u00e9c\u00e8s pour un total de plus de 1800. En France, nous en \u00e9tions \u00e0 un total de 127. Il y a 9 jours, le 6 mars,\u00a0 l&rsquo;Italie en \u00e9tait \u00e0 197 morts.<br \/>\n<\/span><\/p>\n<p><span style=\"color: #777777; font-family: Arial;\">Ce qui explique que des journalistes fran\u00e7ais et francophones \u00e9tablis en Italie lancent <a href=\"https:\/\/www.franceculture.fr\/societe\/coronavirus-les-journalistes-francais-en-italie-appellent-a-prendre-enfin-la-mesure-du-danger\"><span style=\"color: #0000ff;\">un cri d&rsquo;alarme<\/span><\/a> \u00e0 la lumi\u00e8re de ce qu&rsquo;ils ont observ\u00e9 ces derniers jours de la progression fulgurante de la maladie\u00a0:<br \/>\n<\/span><\/p>\n<p style=\"margin-left: 28pt;\"><span style=\"color: #c00000; font-family: Arial;\">\u00ab\u00a0Journalistes en Italie pour des m\u00e9dias fran\u00e7ais et francophones, nous couvrons depuis le d\u00e9but la crise \u00e9pid\u00e9mique du coronavirus dans la P\u00e9ninsule. Nous avons pu constater la progression fulgurante de la maladie et avons recueilli les t\u00e9moignages du personnel de sant\u00e9 italien. Beaucoup nous font part de la situation tragique dans les h\u00f4pitaux, les services de th\u00e9rapie intensive satur\u00e9s, le triage des patients, ceux &#8211; les plus faibles &#8211; que l&rsquo;on sacrifie faute de respirateurs artificiels suffisants.<br \/>\n<\/span><\/p>\n<p style=\"margin-left: 28pt;\"><span style=\"color: #c00000; font-family: Arial;\">Par cons\u00e9quent, nous consid\u00e9rons qu&rsquo;il est de notre responsabilit\u00e9 d&rsquo;adresser un message aux autorit\u00e9s publiques fran\u00e7aises et europ\u00e9ennes pour qu&rsquo;elles prennent enfin la mesure du danger. Tous, nous observons en effet un d\u00e9calage spectaculaire entre la situation \u00e0 laquelle nous assistons quotidiennement dans la p\u00e9ninsule et le manque de pr\u00e9paration de l&rsquo;opinion publique fran\u00e7aise \u00e0 un sc\u00e9nario, admis par l&rsquo;\u00e9norme majorit\u00e9 des experts scientifiques, de propagation importante, si ce n&rsquo;est massive, du coronavirus. Hors d&rsquo;Italie aussi, il n&rsquo;y a plus de temps \u00e0 perdre.<br \/>\n<\/span><\/p>\n<p style=\"margin-left: 28pt;\"><span style=\"color: #c00000; font-family: Arial;\">Nous estimons qu&rsquo;il est de notre devoir de sensibiliser la population fran\u00e7aise. Souvent, les retours qui nous arrivent de France montrent qu&rsquo;une grande partie de nos compatriotes n&rsquo;a pas chang\u00e9 ses habitudes. Ils pensent qu&rsquo;ils ne sont pas menac\u00e9s, surtout lorsqu&rsquo;ils sont jeunes. Or, l&rsquo;Italie commence \u00e0 avoir des cas critiques relevant de la r\u00e9animation dans la tranche d&rsquo;\u00e2ge 40-45 ans. Le cas le plus \u00e9clatant est celui de Mattia, 38 ans, sportif et pourtant \u00e0 peine sorti de 18 jours de th\u00e9rapie intensive. Il est le premier cas de Codogno, fin f\u00e9vrier, au coeur de la zone rouge dans le sud de la Lombardie.<br \/>\n<\/span><\/p>\n<p style=\"margin-left: 28pt;\"><span style=\"color: #c00000; font-family: Arial;\">Par ailleurs, certains Fran\u00e7ais n&rsquo;ont pas conscience qu&rsquo;en cas de pathologie grave, autre que le coronavirus, ils ne seront pas pris en charge correctement faute de places, comme c&rsquo;est le cas en Italie depuis plusieurs jours. Soulignons aussi que le syst\u00e8me sanitaire impact\u00e9 aujourd&rsquo;hui est celui du Nord, soit le meilleur d&rsquo;Italie, un des meilleurs en Europe.<br \/>\n<\/span><\/p>\n<p style=\"margin-left: 28pt;\"><span style=\"color: #c00000; font-family: Arial;\">La France doit tirer les le\u00e7ons de l&rsquo;exp\u00e9rience italienne.\u00a0\u00bb<br \/>\n<\/span><\/p>\n<p><span style=\"color: #777777; font-family: Arial;\">Tr\u00e8s loin, du fantasme des transhumanistes qui ne parlent que de techniques sophistiqu\u00e9es, d&rsquo;intelligence artificielle et de big data pour soigner, nous sommes revenus \u00e0 des principes simples pour \u00e9viter la catastrophe\u00a0: se laver les mains et pratiquer \u00ab\u00a0la distanciation sociale\u00a0\u00bb<br \/>\n<\/span><\/p>\n<p><span style=\"color: #777777; font-family: Arial;\">L&rsquo;auteur de \u00ab\u00a0Demain\u00a0\u00bb Cyril Dion se d\u00e9sole que les fran\u00e7ais aient autant de mal d&rsquo;apprivoiser ce comportement de bon sens.<br \/>\n<\/span><\/p>\n<p><img decoding=\"async\" class=\"aligncenter\" src=\"https:\/\/lemotdujour.fr\/wp-content\/uploads\/2020\/03\/031520_2217_Lundi16mars1.png\" alt=\"\" \/><span style=\"color: #777777; font-family: Arial;\">Ce coronavirus nous apprend que l&rsquo;individualisme doit \u00eatre d\u00e9pass\u00e9 et que nous ne pouvons \u00eatre heureux et vivre bien que si nous tenons compte de l&rsquo;autre.<br \/>\n<\/span><\/p>\n<p><span style=\"color: maroon; font-family: Arial;\">&lt;1370&gt;<\/span><\/p>\n","protected":false},"excerpt":{"rendered":"<p>\u00ab\u00a0Le risque n&rsquo;est pas individuel mais populationnel.\u00a0\u00bb Philippe Devos Nous avons v\u00e9cu un week-end \u00e9tonnant. Samedi soir Edouard Philippe a annonc\u00e9 la fermeture de tous les commerces \u00ab\u00a0non indispensables\u00a0\u00bb. Le ministre de l&rsquo;\u00e9conomie, Bruno Le Maire, interrog\u00e9 sur France 2,<\/p>\n","protected":false},"author":1,"featured_media":0,"comment_status":"open","ping_status":"closed","sticky":false,"template":"","format":"standard","meta":{"footnotes":""},"categories":[1],"tags":[15,126,3],"class_list":["post-8319","post","type-post","status-publish","format-standard","hentry","category-motdujour","tag-france","tag-pandemie","tag-politique"],"_links":{"self":[{"href":"https:\/\/lemotdujour.fr\/index.php?rest_route=\/wp\/v2\/posts\/8319","targetHints":{"allow":["GET"]}}],"collection":[{"href":"https:\/\/lemotdujour.fr\/index.php?rest_route=\/wp\/v2\/posts"}],"about":[{"href":"https:\/\/lemotdujour.fr\/index.php?rest_route=\/wp\/v2\/types\/post"}],"author":[{"embeddable":true,"href":"https:\/\/lemotdujour.fr\/index.php?rest_route=\/wp\/v2\/users\/1"}],"replies":[{"embeddable":true,"href":"https:\/\/lemotdujour.fr\/index.php?rest_route=%2Fwp%2Fv2%2Fcomments&post=8319"}],"version-history":[{"count":5,"href":"https:\/\/lemotdujour.fr\/index.php?rest_route=\/wp\/v2\/posts\/8319\/revisions"}],"predecessor-version":[{"id":8325,"href":"https:\/\/lemotdujour.fr\/index.php?rest_route=\/wp\/v2\/posts\/8319\/revisions\/8325"}],"wp:attachment":[{"href":"https:\/\/lemotdujour.fr\/index.php?rest_route=%2Fwp%2Fv2%2Fmedia&parent=8319"}],"wp:term":[{"taxonomy":"category","embeddable":true,"href":"https:\/\/lemotdujour.fr\/index.php?rest_route=%2Fwp%2Fv2%2Fcategories&post=8319"},{"taxonomy":"post_tag","embeddable":true,"href":"https:\/\/lemotdujour.fr\/index.php?rest_route=%2Fwp%2Fv2%2Ftags&post=8319"}],"curies":[{"name":"wp","href":"https:\/\/api.w.org\/{rel}","templated":true}]}}