{"id":830,"date":"2014-09-19T02:00:00","date_gmt":"2014-09-18T22:00:00","guid":{"rendered":"http:\/\/lemotdujour.fr\/?p=830"},"modified":"2017-05-08T13:23:15","modified_gmt":"2017-05-08T11:23:15","slug":"vendredi-19-septembre-2014","status":"publish","type":"post","link":"https:\/\/lemotdujour.fr\/?p=830","title":{"rendered":"Vendredi 19 septembre 2014"},"content":{"rendered":"<div class=\"mdjDate\">Vendredi 19 septembre 2014<\/div>\n<div class=\"mdjTexte\">\u00ab\u00a0Je ne suis pas s\u00fbr que cela marchera<br \/>mais je suis s\u00fbr que j&rsquo;irai au bout\u00a0\u00bb<\/div>\n<div class=\"mdjAuteur\">Anais Kerhoas, Agricultrice de 24 ans, <\/div>\n<div class=\"mdjComplements\">J&rsquo;aime finir cette semaine o\u00f9 il a \u00e9t\u00e9 question de la rente capitalistique, d&rsquo;apple, du transhumanisme, par l&rsquo;histoire d&rsquo;Anais, une jeune agricultrice bretonne.<\/div>\n<div class=\"mdjComplements\">Elle n&rsquo;a quasi aucun moyen quand elle d\u00e9bute, mais elle se sp\u00e9cialise dans les plantes aromatiques parce qu&rsquo;elle en aime l&rsquo;odeur.<\/div>\n<div class=\"mdjComplements\">Elle dit \u00ab\u00a0je leur donne tout mon amour, mais je ne sais pas si cela suffit.\u00a0\u00bb<\/div>\n<div class=\"mdjComplements\">C&rsquo;est un article du Monde qui me l&rsquo;a d\u00e9couvrir, je le mets en pi\u00e8ce jointe.<\/div>\n<div class=\"mdjComplements\">\u00abTaill\u00e9e comme une brindille, toute l\u00e9g\u00e8re sous les vents bretons, Ana\u00efs tire sa force de la terre. La jeune Bretonne de 24 ans a choisi sa voie : cultiver des plantes aromatiques bio et les vendre sur les march\u00e9s. Sauf que rien ne va comme elle voudrait. <strong>Ana\u00efs s&rsquo;en va-t\u2019en guerre<\/strong> (46 min), premier long documentaire de Marion Gervais, raconte son parcours de combattante. D&rsquo;abord diffus\u00e9 discr\u00e8tement sur TV Rennes, le film est ensuite laiss\u00e9 visible en replay sur le site Internet de la cha\u00eene locale&#8230; et se r\u00e9pand comme une tra\u00een\u00e9e de poudre sur les r\u00e9seaux sociaux : plus de 260 000 vues \u00e0 ce jour et quantit\u00e9 de messages \u00e9mus de soutien \u00e0 Ana\u00efs et d&rsquo;admiration, pour sa t\u00e9nacit\u00e9 et pour le documentaire qui sera diffus\u00e9 le 22 septembre \u00e0 23 h 30 sur France 4.<\/div>\n<div class=\"mdjComplements\">Le tournage a dur\u00e9 pr\u00e8s de deux ans. La cultivatrice se livre \u00e0 la cam\u00e9ra sans faux-semblants, fait part de ses doutes et de sa r\u00e9volte contre les r\u00e9glementations qui la freinent, les prix exorbitants des terres, l&rsquo;attitude d&rsquo;anciens agriculteurs.<\/div>\n<div class=\"mdjComplements\">[&#8230;] \u00ab\u00a0Je pr\u00e9f\u00e8re bosser 60 heures dans mon champ que 35 heures \u00e0 l&rsquo;usine ou pour des cons !\u00a0\u00bb\u00ab<\/div>\n<div class=\"mdjComplements\">Le documentaire dont je vous donne le lien ci-apr\u00e8s et qui ne dure pas plus longtemps qu&rsquo;un \u00e9pisode d&rsquo;une s\u00e9rie am\u00e9ricaine est tr\u00e8s \u00e9mouvant.<\/div>\n<div class=\"mdjComplements\">On voit cette jeune fille, se battre, r\u00e2ler et pousse par pousse planter \u00ab\u00a0ces copines\u00a0\u00bb comme elle appelle ses plantes.<\/div>\n<div class=\"mdjComplements\">La cam\u00e9ra nous montre les r\u00e9sultats : de magnifiques plantes que la vid\u00e9o nous permet de voir mais pas de gouter ni de humer.<\/div>\n<div class=\"mdjComplements\">Elle dit le mot du jour \u00e0 31mn du film qui lui est consacr\u00e9, elle le dit \u00e0 sa m\u00e8re.<\/div>\n<div class=\"mdjComplements\">La toute fin du film est aussi particuli\u00e8rement r\u00e9v\u00e9latrice, quand cette jeune et modeste agricultrice monte \u00e0 Paris et rencontre des professionnels du marketing, connaisseurs du march\u00e9 de l&rsquo;\u00e9picerie bio, bref des \u00ab\u00a0bobos pur jus\u00a0\u00bb qui lui explique : \u00ab\u00a0il faut qu&rsquo;on joue la carte hyper chic\u00bb.<\/div>\n<div class=\"mdjComplements\">La r\u00e9alisatrice de ce beau documentaire explique\u00a0 \u00ab\u00a0C&rsquo;est vertigineux, le film touche \u00e0 l&rsquo;intime. Ana\u00efs a fait le choix de la libert\u00e9 et de ne pas se soumettre. Or, le drame de millions d&rsquo;existences, c&rsquo;est de subir. J&rsquo;ai re\u00e7u des quantit\u00e9s de t\u00e9moignages, de jeunes, de vieux auxquels le courage d&rsquo;Ana\u00efs a redonn\u00e9 la force de se battre.\u00a0\u00bb<\/div>\n<div class=\"mdjComplements\">Donc ce week end, Je sais bien que c&rsquo;est la semaine de l&rsquo;arriv\u00e9e de Netflix en France, regarder un \u00e9pisode de s\u00e9rie am\u00e9ricaine en moins et regarder ce film, vous ne le regretterez pas.<\/div>\n<div class=\"mdjComplements\"><a href=\"http:\/\/www.dailymotion.com\/video\/x1w8kuu_anais-s-en-va-en-guerre-bzh_school\">http:\/\/www.dailymotion.com\/video\/x1w8kuu_anais-s-en-va-en-guerre-bzh_school<\/a><\/div>\n<div class=\"mdjComplements\">Et le site qu&rsquo;elle a cr\u00e9\u00e9 depuis pour vendre ses plantes :<a href=\"http:\/\/www.lestisanesdanais.fr\/\"> http:\/\/www.lestisanesdanais.fr\/<\/a><\/div>\n","protected":false},"excerpt":{"rendered":"<p>Vendredi 19 septembre 2014 \u00ab\u00a0Je ne suis pas s\u00fbr que cela marcheramais je suis s\u00fbr que j&rsquo;irai au bout\u00a0\u00bb Anais Kerhoas, Agricultrice de 24 ans, J&rsquo;aime finir cette semaine o\u00f9 il a \u00e9t\u00e9 question de la rente capitalistique, d&rsquo;apple, du<\/p>\n","protected":false},"author":1,"featured_media":0,"comment_status":"closed","ping_status":"closed","sticky":false,"template":"","format":"standard","meta":{"footnotes":""},"categories":[1],"tags":[],"class_list":["post-830","post","type-post","status-publish","format-standard","hentry","category-motdujour"],"_links":{"self":[{"href":"https:\/\/lemotdujour.fr\/index.php?rest_route=\/wp\/v2\/posts\/830","targetHints":{"allow":["GET"]}}],"collection":[{"href":"https:\/\/lemotdujour.fr\/index.php?rest_route=\/wp\/v2\/posts"}],"about":[{"href":"https:\/\/lemotdujour.fr\/index.php?rest_route=\/wp\/v2\/types\/post"}],"author":[{"embeddable":true,"href":"https:\/\/lemotdujour.fr\/index.php?rest_route=\/wp\/v2\/users\/1"}],"replies":[{"embeddable":true,"href":"https:\/\/lemotdujour.fr\/index.php?rest_route=%2Fwp%2Fv2%2Fcomments&post=830"}],"version-history":[{"count":1,"href":"https:\/\/lemotdujour.fr\/index.php?rest_route=\/wp\/v2\/posts\/830\/revisions"}],"predecessor-version":[{"id":831,"href":"https:\/\/lemotdujour.fr\/index.php?rest_route=\/wp\/v2\/posts\/830\/revisions\/831"}],"wp:attachment":[{"href":"https:\/\/lemotdujour.fr\/index.php?rest_route=%2Fwp%2Fv2%2Fmedia&parent=830"}],"wp:term":[{"taxonomy":"category","embeddable":true,"href":"https:\/\/lemotdujour.fr\/index.php?rest_route=%2Fwp%2Fv2%2Fcategories&post=830"},{"taxonomy":"post_tag","embeddable":true,"href":"https:\/\/lemotdujour.fr\/index.php?rest_route=%2Fwp%2Fv2%2Ftags&post=830"}],"curies":[{"name":"wp","href":"https:\/\/api.w.org\/{rel}","templated":true}]}}