{"id":8297,"date":"2020-03-12T00:22:12","date_gmt":"2020-03-11T23:22:12","guid":{"rendered":"http:\/\/lemotdujour.fr\/?p=8297"},"modified":"2020-03-12T00:35:27","modified_gmt":"2020-03-11T23:35:27","slug":"jeudi-12-mars-2020","status":"publish","type":"post","link":"https:\/\/lemotdujour.fr\/?p=8297","title":{"rendered":"Jeudi 12 mars 2020"},"content":{"rendered":"<div class=\"mdjTexte\">\u00ab&nbsp;Se laver les mains est une mesure tr\u00e8s efficace et peu co\u00fbteuse pour \u00e9liminer germes, microbes et virus\u2026&nbsp;\u00bb<\/div>\n<div class=\"mdjAuteur\">D\u00e9couverte d\u2019Ignace Philippe Semmelweis<\/div>\n<p><span style=\"color: #777777; font-family: Arial;\">L&rsquo;\u00e9pid\u00e9mie du Covid-19 a remis \u00e0 l&rsquo;honneur la discipline \u00e9l\u00e9mentaire et essentielle pour l&rsquo;hygi\u00e8ne de se laver les mains.<br \/>\n<\/span><\/p>\n<p><span style=\"color: #777777; font-family: Arial;\">Et ce rappel conduit au souvenir du m\u00e9decin hongrois de Vienne&nbsp;: <strong>Ignace Philippe Semmelweis.<br \/>\n<\/strong><\/span><\/p>\n<p><span style=\"color: #777777; font-family: Arial;\">Plusieurs articles r\u00e9cents ont fait r\u00e9f\u00e9rence \u00e0 cet homme essentiel qui fut rejet\u00e9 par ses pairs et qui d\u00e9couvrit trop t\u00f4t ce que les gens de l&rsquo;\u00e9poque ne voulait entendre.<br \/>\n<\/span><\/p>\n<p><span style=\"color: #777777; font-family: Arial;\">L&rsquo;exergue du mot du jour est le titre d&rsquo;un <a href=\"https:\/\/www.lemonde.fr\/idees\/article\/2020\/02\/13\/loic-monjour-l-hygiene-des-mains-est-une-mesure-tres-efficace-et-peu-couteuse-pour-eliminer-germes-microbes-et-virus_6029465_3232.html\"><span style=\"color: #0000ff;\">article<\/span><\/a> du Monde publi\u00e9 le 13 f\u00e9vrier et \u00e9crit par Lo\u00efc Monjour, ancien professeur de m\u00e9decine tropicale \u00e0 la Piti\u00e9-Salp\u00eatri\u00e8re, Paris.<br \/>\n<\/span><\/p>\n<p><span style=\"color: #777777; font-family: Arial;\">Dans cet article il \u00e9crit&nbsp;:<br \/>\n<\/span><\/p>\n<p style=\"margin-left: 28pt;\"><span style=\"color: #c00000; font-family: Arial;\">\u00ab&nbsp;Le nom d&rsquo;Ignace Philippe Semmelweis, n\u00e9 \u00e0 Budapest en 1818, est peu connu. Pourtant, depuis deux si\u00e8cles, la plupart des femmes \u00e0 travers le monde, de toutes conditions sociales, b\u00e9n\u00e9ficient de sa perspicacit\u00e9 et de ses travaux\u2026 Ce g\u00e9nie m\u00e9dical a aboli la trag\u00e9die des fi\u00e8vres puerp\u00e9rales (apr\u00e8s l&rsquo;accouchement) dans son service de la maternit\u00e9 de Vienne et d\u00e9couvert l&rsquo;importance de l&rsquo;asepsie avant le grand Pasteur.<br \/>\n<\/span><\/p>\n<p style=\"margin-left: 28pt;\"><span style=\"color: #c00000; font-family: Arial;\">Ses \u00e9tudiants en m\u00e9decine pratiquaient des autopsies avant de se rendre \u00e0 la maternit\u00e9 pour effectuer des examens de femmes en travail ou proc\u00e9der \u00e0 des accouchements. La mortalit\u00e9 des parturientes \u00e9tait consid\u00e9rable, et Semmelweis, apr\u00e8s une v\u00e9ritable enqu\u00eate \u00e9pid\u00e9miologique, imposa aux \u00e9tudiants de se laver les mains avant toute intervention obst\u00e9tricale, non pas avec du savon, mais avec une solution de chlorure de chaux, une initiative inconnue \u00e0 l&rsquo;\u00e9poque.<br \/>\n<\/span><\/p>\n<p style=\"margin-left: 28pt;\"><span style=\"color: #c00000; font-family: Arial;\">Par cette seule mesure, le pourcentage de d\u00e9c\u00e8s caus\u00e9s par la fi\u00e8vre puerp\u00e9rale s&rsquo;effondra de 12 % \u00e0 3 %. Il allait r\u00e9v\u00e9ler \u00e0 ses confr\u00e8res le danger que repr\u00e9sentent ces infections que l&rsquo;on appelle aujourd&rsquo;hui \u00ab manuport\u00e9es \u00bb et \u00ab nosocomiales \u00bb et l&rsquo;int\u00e9r\u00eat de l&rsquo;utilisation d&rsquo;un antiseptique pour y parer. Mais, sans appui officiel, n&rsquo;ayant pas su convaincre, peu \u00e0 peu, il sombra dans la d\u00e9mence et mourut \u00e0 47 ans.&nbsp;\u00bb<br \/>\n<\/span><\/p>\n<p><span style=\"color: #777777; font-family: Arial;\">Guillaume Erner dans <a href=\"https:\/\/www.franceculture.fr\/emissions\/lhumeur-du-matin-par-guillaume-erner\/lhumeur-du-jour-emission-du-lundi-09-mars-2020\"><span style=\"color: #0000ff;\">sa chronique du 9 mars<\/span><\/a> a \u00e9galement rendu hommage \u00e0 ce pr\u00e9curseur&nbsp;:<br \/>\n<\/span><\/p>\n<p style=\"margin-left: 28pt;\"><span style=\"color: #c00000; font-family: Arial;\">\u00ab&nbsp;C&rsquo;est \u00e7a l&rsquo;int\u00e9r\u00eat du Covid : maintenant je peux vous demander sans passer pour un type un peu \u00e9trange si vous vous \u00eates lav\u00e9 les mains\u2026 Lave toi les mains, ne dis pas bonjour \u00e0 la dame, jette moi ce mouchoir, nous sommes tous devenus des parents, je veux dire des parents avec des gens qui ne sont manifestement pas nos enfants. Les d\u00e9lires les plus hygi\u00e9nistes ont d\u00e9sormais compl\u00e8tement droit de cit\u00e9. [\u2026]<br \/>\n<\/span><\/p>\n<p style=\"margin-left: 28pt;\"><span style=\"color: #c00000; font-family: Arial;\">Le Covid accompagne le retour en force d&rsquo;Ignace Philippe Semmelweis, m\u00e9decin obst\u00e9tricien hongrois du XIX e si\u00e8cle, lequel a beaucoup fait pour l&rsquo;esp\u00e8ce humaine, en obligeant ses semblables \u00e0 se laver les mains. C&rsquo;est que l&rsquo;on doit \u00e0 Semmelweis : l&rsquo;\u00e9radication de la fi\u00e8vre puerp\u00e9rale. Ce m\u00e9decin avait d\u00e9couvert qu&rsquo;il fallait se laver les mains apr\u00e8s avoir proc\u00e9d\u00e9 \u00e0 une dissection de cadavre et avant de se livrer \u00e0 un accouchement. Mais, h\u00e9las, le destin de Semmelweis fut d&rsquo;\u00eatre un Galil\u00e9e du savon, je veux dire qu&rsquo;il fut pers\u00e9cut\u00e9 pour ce conseil \u00e9trange, il mourut \u00e0 l&rsquo;asile pour avoir sugg\u00e9r\u00e9 \u00e0 ses contemporains de se laver les mains\u2026<br \/>\n<\/span><\/p>\n<p style=\"margin-left: 28pt;\"><span style=\"color: #c00000; font-family: Arial;\"> <img loading=\"lazy\" decoding=\"async\" class=\"wp-image-8302 alignleft\" src=\"https:\/\/lemotdujour.fr\/wp-content\/uploads\/2020\/03\/These-de-Celine-sur-Semmelweis-174x300.jpg\" alt=\"\" width=\"298\" height=\"514\" srcset=\"https:\/\/lemotdujour.fr\/wp-content\/uploads\/2020\/03\/These-de-Celine-sur-Semmelweis-174x300.jpg 174w, https:\/\/lemotdujour.fr\/wp-content\/uploads\/2020\/03\/These-de-Celine-sur-Semmelweis.jpg 372w\" sizes=\"auto, (max-width: 298px) 100vw, 298px\" \/><\/span><\/p>\n<p style=\"margin-left: 28pt;\"><span style=\"color: #c00000; font-family: Arial;\">Et qui pris la plume quelques ann\u00e9es plus tard pour d\u00e9fendre cet homme ?<br \/>\n<\/span><\/p>\n<p style=\"margin-left: 28pt;\"><span style=\"color: #c00000; font-family: Arial;\">Louis Ferdinand C\u00e9line, romancier mais aussi m\u00e9decin, C\u00e9line consacra sa th\u00e8se de m\u00e9decine, en 1924, \u00e0 la vie et \u00e0 l&rsquo;\u0153uvre de Semmelweis, ce qui \u00e9videmment n&rsquo;arrange pas la m\u00e9moire de Semmelweis, je m&rsquo;en voudrais de franchir le point C\u00e9line avant 7 h du matin.<br \/>\n<\/span><\/p>\n<p style=\"margin-left: 28pt;\"><span style=\"color: #c00000; font-family: Arial;\">L&rsquo;\u00e9pid\u00e9mie de coronavirus marque une nouvelle victoire posthume de Semmelweis : l&rsquo;id\u00e9e que le salut de l&rsquo;esp\u00e8ce passe d\u00e9sormais non seulement par le savoir, mais aussi et surtout par le savon.&nbsp;\u00bb<br \/>\n<\/span><\/p>\n<p><span style=\"color: #777777; font-family: Arial;\">Le Figaro a publi\u00e9 le 9 mars 2020&nbsp;: &lt;<a href=\"https:\/\/www.lefigaro.fr\/sciences\/ignace-philippe-semmelweis-martyr-du-lavage-des-mains-20200309\">I<span style=\"color: #0000ff;\">gnace Philippe Semmelweis, martyr du lavage des mains<\/span><\/a>&gt;<br \/>\n<\/span><\/p>\n<p><span style=\"color: #777777; font-family: Arial;\">Et, Slate a publi\u00e9 un article le 10 mars 2020&nbsp;: &lt;<a href=\"http:\/\/www.slate.fr\/story\/188346\/semmelweis-medecin-hongrois-obstetricien-sauveur-meres-decouverte-lavage-mains\"><span style=\"color: #0000ff;\">Semmelweis, le m\u00e9decin hongrois qui apprit au monde \u00e0 se laver les mains<\/span><\/a><span style=\"color: #0000ff;\">&gt;<\/span> qui rappelle un peu plus pr\u00e9cis\u00e9ment le destin de ce m\u00e9decin&nbsp;:<br \/>\n<\/span><\/p>\n<p style=\"margin-left: 28pt;\"><span style=\"color: #c00000; font-family: Arial;\">\u00ab&nbsp;Vienne, \u00e9t\u00e9 1865. Dans l&rsquo;asile psychiatrique du quartier de D\u00f6bling, au nord de la capitale autrichienne, un savant hongrois rong\u00e9 par la d\u00e9mence vit sans le savoir ses deux derni\u00e8res semaines. Intern\u00e9 par ses amis et ses parents, Ignace Semmelweis n&rsquo;est plus que rage et ranc\u0153ur contre un monde abhorrant son avant-gardisme. Le personnel de l&rsquo;institution r\u00e9pond par les coups \u00e0 la violence de l&rsquo;homme dont la sant\u00e9 mentale s&rsquo;est consid\u00e9rablement d\u00e9t\u00e9rior\u00e9e en quelques ann\u00e9es. Le 13 ao\u00fbt, Semmelweis succombe \u00e0 ses blessures, laissant un h\u00e9ritage m\u00e9dical seulement reconnu post-mortem.&nbsp;\u00bb<br \/>\n<\/span><\/p>\n<p><span style=\"color: #777777; font-family: Arial;\">Et il raconte son histoire&nbsp;:<br \/>\n<\/span><\/p>\n<p style=\"margin-left: 28pt;\"><span style=\"color: #c00000; font-family: Arial;\">\u00ab&nbsp;Deux d\u00e9cennies plus t\u00f4t, le praticien budapestois r\u00e9alisa la d\u00e9couverte qui le rendit aussi fou que c\u00e9l\u00e8bre. En 1847, une femme sur cinq meurt en couches de la fi\u00e8vre puerp\u00e9rale dans le service de l&rsquo;h\u00f4pital viennois o\u00f9 l&rsquo;obst\u00e9tricien officie. La m\u00eame ann\u00e9e, un ami professeur d&rsquo;anatomie d\u00e9c\u00e8de d&rsquo;une infection similaire \u00e0 celle des m\u00e8res apr\u00e8s s&rsquo;\u00eatre coup\u00e9 le doigt avec un scalpel.<br \/>\n<\/span><\/p>\n<p style=\"margin-left: 28pt;\"><span style=\"color: #c00000; font-family: Arial;\">Semmelweis prescrit un lavage des mains via une solution d&rsquo;hypochlorite de calcium entre le travail \u00e0 la morgue et l&rsquo;examen des patientes. La mortalit\u00e9 d\u00e9visse, Ignace a vu juste, mais le corps m\u00e9dical niera longtemps l&rsquo;\u00e9vidence.<br \/>\n<\/span><\/p>\n<p style=\"margin-left: 28pt;\"><span style=\"color: #c00000; font-family: Arial;\">[\u2026] Semmelweis redoutait les cercles savants de Vienne et attendra le cr\u00e9puscule de son existence avant d&rsquo;assumer sa trouvaille. La majorit\u00e9 des scientifiques de l&rsquo;\u00e9poque, acquis \u00e0 la m\u00e9decine antique, pensaient que toute maladie r\u00e9sulte d&rsquo;un d\u00e9s\u00e9quilibre des quatre \u00e9l\u00e9ments fondamentaux (air, feu, eau, terre) impr\u00e9gnant le corps humain.<br \/>\n<\/span><\/p>\n<p style=\"margin-left: 28pt;\"><span style=\"color: #c00000; font-family: Arial;\">Qu&rsquo;\u00e0 cela ne tienne, le m\u00e9decin hongrois \u00e9tendit ses mesures d&rsquo;hygi\u00e8ne aux instruments sollicit\u00e9s pour l&rsquo;accouchement et \u00e9radiqua quasiment la fi\u00e8vre puerp\u00e9rale. Craignant l&rsquo;influence croissante du Hongrois, le professeur Johann Klein le chassa de son service en 1849.<br \/>\n<\/span><\/p>\n<p style=\"margin-left: 28pt;\"><span style=\"color: #c00000; font-family: Arial;\">Semmelweis demande \u00e0 obtenir un poste de professeur non r\u00e9mun\u00e9r\u00e9 en obst\u00e9trique mais n&rsquo;obtiendra gain de cause qu&rsquo;au bout de dix-huit mois, sans acc\u00e8s aux cadavres et avec l&rsquo;obligation d&rsquo;utiliser des mannequins. Humili\u00e9, le praticien regagne sa Budapest natale et prend la direction de la maternit\u00e9 de l&rsquo;h\u00f4pital Szent-R\u00f3kus de Budapest.<br \/>\n<\/span><\/p>\n<p style=\"margin-left: 28pt;\"><span style=\"color: #c00000; font-family: Arial;\">La recette Semmelweis fait de nouveau des miracles. Entre 1851 et 1855, seules huit patientes meurent de la fi\u00e8vre puerp\u00e9rale sur les 933 naissances enregistr\u00e9es durant la p\u00e9riode. Le praticien devient professeur et instaure le lavage des mains dans la clinique de l&rsquo;universit\u00e9 de Pest.<br \/>\n<\/span><\/p>\n<p style=\"margin-left: 28pt;\"><span style=\"color: #c00000; font-family: Arial;\">Semmelweis se marie, d\u00e9cline une offre \u00e0 Zurich, r\u00e9dige une s\u00e9rie d&rsquo;articles d\u00e9fendant sa m\u00e9thode controvers\u00e9e et tacle le scepticisme de ses pairs dans un ouvrage de 1861 compilant ses d\u00e9couvertes. F\u00e2ch\u00e9 par plusieurs critiques d\u00e9favorables de son livre, Semmelweis attaque ses d\u00e9tracteurs comme Sp\u00e4th, Scanzoni ou Siebold en les traitant de \u00abmeutriers irresponsables\u00bb et de \u00absombres ignorants\u00bb via une s\u00e9rie de lettres ouvertes am\u00e8res et courrouc\u00e9es. M\u00e9decins et biologistes allemands, emmen\u00e9s par le pathologiste Rudolf Virchow, rejettent \u00e9nergiquement sa doctrine. Le d\u00e9but de sa descente aux enfers. [\u2026]<br \/>\n<\/span><\/p>\n<p style=\"margin-left: 28pt;\"><span style=\"color: #c00000; font-family: Arial;\">Sa volont\u00e9 de convaincre l&rsquo;ensemble de ses confr\u00e8res du bien-fond\u00e9 de ses th\u00e9ories vire \u00e0 l&rsquo;obsession. Semmelweis n&rsquo;a plus que la fi\u00e8vre puerp\u00e9rale en t\u00eate. Des portraits r\u00e9alis\u00e9s entre 1857 et 1864 montrent un \u00e9tat de vieillissement avanc\u00e9, la quarantaine \u00e0 peine pass\u00e9e. Les syndr\u00f4mes de la d\u00e9pression nerveuse l&rsquo;envahissent. Au milieu de l&rsquo;ann\u00e9e 1865, son attitude pr\u00e9occupe ses coll\u00e8gues et ses proches. Il sombre dans l&rsquo;alcoolisme, s&rsquo;\u00e9loigne de plus en plus souvent de sa famille et cherche le r\u00e9confort en fr\u00e9quentant des p\u00e9ripat\u00e9ticiennes. Son comportement sexuel intrigue son \u00e9pouse M\u00e1ria.<br \/>\n<\/span><\/p>\n<p style=\"margin-left: 28pt;\"><span style=\"color: #c00000; font-family: Arial;\">Le c\u00e9l\u00e8bre chirurgien J\u00e1nos Balassa, pionnier de la r\u00e9animation cardiaque et m\u00e9decin traitant de Semmelweis, monte une commission recommandant son placement en \u00e9tablissement sp\u00e9cialis\u00e9. Le 30 juillet, son ancien professeur Ferdinand Ritter von Hebra, partageant d\u00e8s 1847 les d\u00e9couvertes de Semmelweis dans une revue m\u00e9dicale viennoise de renom, l&rsquo;attire vers l&rsquo;asile o\u00f9 il mourra en pr\u00e9tendant lui faire visiter l&rsquo;un de ses nouveaux instituts locaux. Comprenant le pi\u00e8ge, Semmelweis tenta de fuir avant d&rsquo;\u00eatre frapp\u00e9 par des gardes, mis en camisole et enferm\u00e9 dans une cellule sombre.&nbsp;\u00bb<br \/>\n<\/span><\/p>\n<p><span style=\"color: #777777; font-family: Arial;\"><strong>En 2013, l&rsquo;Unesco adouba le \u00absauveur des m\u00e8res\u00bb dont l&rsquo;universit\u00e9 de m\u00e9decine de Budapest porte le nom en inscrivant ses constatations sur la fi\u00e8vre puerp\u00e9rale au patrimoine mondial de l&rsquo;humanit\u00e9.<\/strong> Aujourd&rsquo;hui, plus personne ne conteste la n\u00e9cessit\u00e9 de se d\u00e9sinfecter les mains afin d&rsquo;\u00e9viter la propagation des maladies. Surtout en pleine \u00e9pid\u00e9mie de coronavirus.<br \/>\n<\/span><\/p>\n<p><span style=\"color: #777777; font-family: Arial;\">Il y a encore du travail en France. Le premier article cit\u00e9 donne les informations suivantes :<br \/>\n<\/span><\/p>\n<p style=\"margin-left: 28pt;\"><span style=\"color: #c00000; font-family: Arial;\">\u00ab&nbsp;Dans une \u00e9tude internationale portant sur 63 nations, la France se trouve en 50e position en ce qui concerne l&rsquo;hygi\u00e8ne des mains. L&rsquo;Institut national de pr\u00e9vention et d&rsquo;\u00e9ducation pour la sant\u00e9 (Inpes) concluait en 2012 que seulement 67 % des Fran\u00e7ais se lavent les mains avant de cuisiner, 60 % avant de manger et \u00e0 peine 31 % apr\u00e8s un voyage en transport en commun. Dans les toilettes publiques, 14,6 % des hommes et 7,1 % des femmes n\u00e9gligent ce geste de propret\u00e9 \u00e9l\u00e9mentaire.&nbsp;\u00bb<br \/>\n<\/span><\/p>\n<p><img decoding=\"async\" class=\"aligncenter\" src=\"https:\/\/lemotdujour.fr\/wp-content\/uploads\/2020\/03\/031120_2315_Jeudi12mars2.png\" alt=\"\"><span style=\"color: #777777; font-family: Arial;\">En janvier 2017, un mot du jour avait d\u00e9j\u00e0 \u00e9t\u00e9 consacr\u00e9 \u00e0 <a href=\"https:\/\/lemotdujour.fr\/?p=381\"><span style=\"color: #0000ff;\">\u00ab&nbsp;Ignace Philippe Semmelweis&nbsp;<\/span><\/a><span style=\"color: #0000ff;\">\u00bb<\/span><br \/>\n<\/span><\/p>\n<p><span style=\"color: maroon; font-family: Arial;\">&lt;<span style=\"color: #800000;\">1368&gt;<\/span><\/span><\/p>\n","protected":false},"excerpt":{"rendered":"<p>\u00ab&nbsp;Se laver les mains est une mesure tr\u00e8s efficace et peu co\u00fbteuse pour \u00e9liminer germes, microbes et virus\u2026&nbsp;\u00bb D\u00e9couverte d\u2019Ignace Philippe Semmelweis L&rsquo;\u00e9pid\u00e9mie du Covid-19 a remis \u00e0 l&rsquo;honneur la discipline \u00e9l\u00e9mentaire et essentielle pour l&rsquo;hygi\u00e8ne de se laver les<\/p>\n","protected":false},"author":1,"featured_media":0,"comment_status":"open","ping_status":"closed","sticky":false,"template":"","format":"standard","meta":{"footnotes":""},"categories":[1],"tags":[148,17,179,132],"class_list":["post-8297","post","type-post","status-publish","format-standard","hentry","category-motdujour","tag-autriche","tag-histoire","tag-hygiene","tag-medecine"],"_links":{"self":[{"href":"https:\/\/lemotdujour.fr\/index.php?rest_route=\/wp\/v2\/posts\/8297","targetHints":{"allow":["GET"]}}],"collection":[{"href":"https:\/\/lemotdujour.fr\/index.php?rest_route=\/wp\/v2\/posts"}],"about":[{"href":"https:\/\/lemotdujour.fr\/index.php?rest_route=\/wp\/v2\/types\/post"}],"author":[{"embeddable":true,"href":"https:\/\/lemotdujour.fr\/index.php?rest_route=\/wp\/v2\/users\/1"}],"replies":[{"embeddable":true,"href":"https:\/\/lemotdujour.fr\/index.php?rest_route=%2Fwp%2Fv2%2Fcomments&post=8297"}],"version-history":[{"count":6,"href":"https:\/\/lemotdujour.fr\/index.php?rest_route=\/wp\/v2\/posts\/8297\/revisions"}],"predecessor-version":[{"id":8307,"href":"https:\/\/lemotdujour.fr\/index.php?rest_route=\/wp\/v2\/posts\/8297\/revisions\/8307"}],"wp:attachment":[{"href":"https:\/\/lemotdujour.fr\/index.php?rest_route=%2Fwp%2Fv2%2Fmedia&parent=8297"}],"wp:term":[{"taxonomy":"category","embeddable":true,"href":"https:\/\/lemotdujour.fr\/index.php?rest_route=%2Fwp%2Fv2%2Fcategories&post=8297"},{"taxonomy":"post_tag","embeddable":true,"href":"https:\/\/lemotdujour.fr\/index.php?rest_route=%2Fwp%2Fv2%2Ftags&post=8297"}],"curies":[{"name":"wp","href":"https:\/\/api.w.org\/{rel}","templated":true}]}}