{"id":8290,"date":"2020-03-11T00:38:58","date_gmt":"2020-03-10T23:38:58","guid":{"rendered":"http:\/\/lemotdujour.fr\/?p=8290"},"modified":"2020-03-12T00:23:06","modified_gmt":"2020-03-11T23:23:06","slug":"jeudi-11-mars-2020","status":"publish","type":"post","link":"https:\/\/lemotdujour.fr\/?p=8290","title":{"rendered":"Mercredi 11 mars 2020"},"content":{"rendered":"<div class=\"mdjTexte\">\u00ab&nbsp;La plus grande menace qui nous guette, c&rsquo;est une coronapanique&nbsp;\u00bb<\/div>\n<div class=\"mdjAuteur\">Philippe Juvin chef de service des urgences de l&rsquo;h\u00f4pital Georges-Pompidou de Paris<\/div>\n<p><span style=\"color: #777777; font-family: Arial;\">Certes, c&rsquo;est une \u00e9pid\u00e9mie, certes on n&rsquo;a pas de vaccin, certes on n&rsquo;a pas vraiment de m\u00e9dicament pour gu\u00e9rir cette maladie du <a href=\"https:\/\/fr.wikipedia.org\/wiki\/Maladie_%C3%A0_coronavirus_2019\"><span style=\"color: #0000ff;\">Covid19<\/span><\/a> qui a d\u00e9but\u00e9 en d\u00e9cembre 2019 dans la ville de Wuhan en Chine.<br \/>\n<\/span><\/p>\n<p><span style=\"color: #777777; font-family: Arial;\">Maladie qui est provoqu\u00e9e par le coronavirus <a title=\"SARS-CoV-2\" href=\"https:\/\/fr.wikipedia.org\/wiki\/SARS-CoV-2\"><span style=\"color: #0000ff;\">SARS-CoV-2<\/span><\/a><span style=\"color: #0000ff;\">.<\/span><br \/>\n<\/span><\/p>\n<p><span style=\"color: #777777; font-family: Arial;\">Mais quand m\u00eame&nbsp;!<br \/>\n<\/span><\/p>\n<p><span style=\"color: #777777; font-family: Arial;\">Je ne suis pas certain que nous sommes en face d&rsquo;un grave danger de sant\u00e9 publique, mais je suis certain que nous sommes entr\u00e9 dans une tr\u00e8s grave crise \u00e9conomique en raison des r\u00e9actions tr\u00e8s fortes des autorit\u00e9s pour essayer d&rsquo;\u00e9viter que le virus ne p\u00e9n\u00e8tre sur le territoire nationale (c&rsquo;est rat\u00e9&nbsp;!), ne se propage (c&rsquo;est rat\u00e9 aussi&nbsp;!) et aujourd&rsquo;hui ne se propage trop vite.<br \/>\n<\/span><\/p>\n<p><span style=\"color: #777777; font-family: Arial;\">Dans son \u00e9mission &lt;<a href=\"https:\/\/www.europe1.fr\/emissions\/Mediapolis\/olivier-duhamel-07032020-3953864\"><span style=\"color: #0000ff;\">Mediapolis<\/span><\/a>&gt; Olivier Duhamel a pass\u00e9 une interview sur LCI dans laquelle&nbsp;: Philippe Juvin chef de service des urgences de l&rsquo;h\u00f4pital Georges-Pompidou de Paris s&rsquo;exprimait&nbsp;:<br \/>\n<\/span><\/p>\n<p style=\"margin-left: 28pt;\"><span style=\"color: #c00000; font-family: Arial;\">\u00ab&nbsp;La plus grande menace qui nous guette, c&rsquo;est une coronapanique. Quand les bus ne circulent pas, les infirmi\u00e8res et les m\u00e9decins ne peuvent peut pas venir travailler. Quand le centre 15 est submerg\u00e9 d&rsquo;appels de gens qui ont peur qu&rsquo;est ce qui se passe en pratique&nbsp;? Eh bien, si vous faites un infarctus et que vous appelez les secours, vous allez devoir attendre au moins une heure avant d&rsquo;avoir un m\u00e9decin. Ou si vous avez un probl\u00e8me de crise d&rsquo;asthme grave, vous n&rsquo;allez pas pouvoir joindre les secours. Et l\u00e0, vous \u00eates en vrai danger. Notre syst\u00e8me est en train de basculer assez dangereusement vers une forme de d\u00e9sorganisation parce que vraiment, parfois, on en fait trop. Evidemment, on parle d&rsquo;une maladie grave, mais le plus grand danger du coronavirus, c&rsquo;est la d\u00e9sorganisation du syst\u00e8me de soins. C&rsquo;est devenu un vrai risque.&nbsp;\u00bb<br \/>\n<\/span><\/p>\n<p><img loading=\"lazy\" decoding=\"async\" class=\"alignleft\" src=\"https:\/\/lemotdujour.fr\/wp-content\/uploads\/2020\/03\/031020_2331_Jeudi11mars1.jpg\" alt=\"\" width=\"405\" height=\"319\" align=\"left\"><span style=\"color: #777777; font-family: Arial;\">Le magazine de l&rsquo;Obs renvoie vers un article de &lt;<a href=\"https:\/\/www.businessinsider.fr\/voici-les-taux-de-mortalite-du-coronavirus-selon-les-tranches-dage\/\"><span style=\"color: #0000ff;\">businessinsider<\/span><\/a>&gt; qui donne les taux de mortalit\u00e9 du coronavirus selon les tranches d&rsquo;\u00e2ge.<br \/>\n<\/span><\/p>\n<p><span style=\"color: #777777; font-family: Arial;\">Ce site pr\u00e9cise&nbsp;:<br \/>\n<\/span><\/p>\n<p style=\"margin-left: 28pt;\"><span style=\"color: #c00000; font-family: Arial;\">\u00ab&nbsp;Tout le monde n&rsquo;est pas \u00e9gal face au Covid-19. C&rsquo;est ce que d\u00e9montre une r\u00e9cente \u00e9tude du Centre chinois pour le contr\u00f4le et la pr\u00e9vention des maladies : le virus affecte plus gravement les personnes \u00e2g\u00e9es ayant des probl\u00e8mes de sant\u00e9 pr\u00e9existants. En outre, des recherches avancent qu&rsquo;environ 80 % des cas de coronavirus seraient b\u00e9nins.<br \/>\n<\/span><\/p>\n<p style=\"margin-left: 28pt;\"><span style=\"color: #c00000; font-family: Arial;\">Pour r\u00e9aliser cette \u00e9tude, les donn\u00e9es concernant plus de 44 000 patients confirm\u00e9s en Chine ont \u00e9t\u00e9 recueillies jusqu&rsquo;au 11 f\u00e9vrier. Il s&rsquo;agit de l&rsquo;une des plus larges repr\u00e9sentations des effets du Covid-19 sur l&rsquo;homme. Ces donn\u00e9es sugg\u00e8rent que les risques de mourir de la maladie augmentent avec l&rsquo;\u00e2ge. L&rsquo;\u00e9tude ne fait \u00e9tat d&rsquo;aucun d\u00e9c\u00e8s chez les enfants de moins de 10 ans, qui repr\u00e9sentent moins d&rsquo;1 % des patients. Les patients \u00e2g\u00e9s de 10 \u00e0 19 ans auraient autant de risques de mourir que les trentenaires.<br \/>\n<\/span><\/p>\n<p style=\"margin-left: 28pt;\"><span style=\"color: #c00000; font-family: Arial;\">Voici le taux de mortalit\u00e9 pour chaque tranche d&rsquo;\u00e2ge, selon l&rsquo;\u00e9tude :<br \/>\n<\/span><\/p>\n<p style=\"margin-left: 28pt;\"><span style=\"color: #c00000; font-family: Arial;\">Le risque de mortalit\u00e9 serait nettement plus \u00e9lev\u00e9 chez les patients \u00e2g\u00e9s de plus de 70 ans, probablement car nombre d&rsquo;entre eux ont des probl\u00e8mes de sant\u00e9 pr\u00e9existants. Les patients atteints de coronavirus et de maladies cardiaques, par exemple, auraient un taux de mortalit\u00e9 d&rsquo;environ 10 %, selon l&rsquo;\u00e9tude, tandis que ceux atteints de diab\u00e8te auraient un taux de mortalit\u00e9 d&rsquo;environ 7 %. Environ trois quarts des patients chinois n&rsquo;avaient pas de probl\u00e8mes de sant\u00e9 pr\u00e9existants. Le taux de mortalit\u00e9 pour ce groupe serait l\u00e9g\u00e8rement inf\u00e9rieur \u00e0 1 %&nbsp;\u00bb<br \/>\n<\/span><\/p>\n<p><span style=\"color: #777777; font-family: Arial;\">Lorsque des journaux <a href=\"https:\/\/www.huffingtonpost.fr\/entry\/coronavirus-a-fait-un-4e-mort-en-france_fr_5e5e6b48c5b63aaf8f5da1b9?fbclid=IwAR2Vied8OQATDtCesYAmTt3b5YHiXppa_msuDuZwmdsB1Ek-caEAQnyb-_4\"><span style=\"color: #0000ff;\">ont annonc\u00e9<\/span><\/a> un quatri\u00e8me mort en France du coronavirus, \u00e2g\u00e9 de 92 ans, j&rsquo;ai r\u00e9agi sur un r\u00e9seau social pour d\u00e9noncer ce que j&rsquo;ai appel\u00e9 une fake news ou au minimum une information tr\u00e8s exag\u00e9r\u00e9e.<br \/>\n<\/span><\/p>\n<p><span style=\"color: #777777; font-family: Arial;\">Dans ma vision du monde, l&rsquo;information exacte est&nbsp;:<br \/>\n<\/span><\/p>\n<p style=\"margin-left: 28pt;\"><span style=\"color: #c00000; font-family: Arial;\">\u00ab&nbsp;Un homme de 92 ans est mort de vieillesse dans le Morbihan.<br \/>\nOn apprend que lors des derni\u00e8res heures de vie, il a \u00e9t\u00e9 d\u00e9tect\u00e9 positif au virus Covid19.&nbsp;\u00bb<br \/>\n<\/span><\/p>\n<p><span style=\"color: #777777; font-family: Arial;\">C&rsquo;est tout de suite moins anxiog\u00e8ne, mais plus proche de la r\u00e9alit\u00e9.<br \/>\n<\/span><\/p>\n<p><span style=\"color: #777777; font-family: Arial;\">Le m\u00eame site qui donne ce tableau et ces analyses, compare la mortalit\u00e9 du COVID-19 (3,4%) aux autres coronavirus par exemple EBOLA 40,4% sur moins de pays (9) et d&rsquo;autres dont la mortalit\u00e9 est encore plus importante mais sur des populations infect\u00e9es beaucoup moins nombreuses.<br \/>\n<\/span><\/p>\n<p><span style=\"color: #777777; font-family: Arial;\">Il en est qui estime qu&rsquo;il est bon de paniquer. Et c&rsquo;est notamment le cas de <strong>Nassim Nicholas Taleb<\/strong><br \/>\n<\/span><\/p>\n<p><span style=\"color: #777777; font-family: Arial;\">Nassim Nicholas Taleb s&rsquo;est fait conna\u00eetre dans le monde entier avec son livre <a href=\"http:\/\/fr.wikipedia.org\/wiki\/Th%C3%A9orie_du_cygne_noir\"><span style=\"color: #0000ff;\">\u00ab\u00a0Le Cygne noir<\/span>\u00ab\u00a0<\/a> paru en 2007. Juste avant le d\u00e9clenchement de la crise des subprimes, il expliquait la fragilit\u00e9 des mod\u00e8les utilis\u00e9s dans la finance et leur aveuglement face aux \u00e9v\u00e9nements extr\u00eames, impr\u00e9visibles, mais qui se produisent toujours plus souvent qu&rsquo;on ne le croit. Son livre a \u00e9t\u00e9 l&rsquo;essai le plus vendu dans le monde avec 3 millions d&rsquo;exemplaires. Il est en quelque sorte le sp\u00e9cialiste des catastrophes. J&rsquo;avais consacr\u00e9 un mot du jour de 2014 \u00e0 son autre ouvrage&nbsp;: \u00ab&nbsp;<span style=\"color: #0000ff;\"><a style=\"color: #0000ff;\" href=\"https:\/\/lemotdujour.fr\/?p=560\">Antifragile<\/a>&nbsp;<\/span>\u00bb dans lequel il d\u00e9veloppait la th\u00e8se des objets ou des \u00eatres antifragiles que l&rsquo;adversit\u00e9 ou les chocs renfor\u00e7aient. Cela peut d&rsquo;ailleurs \u00eatre le cas d&rsquo;un virus qui peut dans un environnement qui lui est hostile muter et devenir plus virulent.<br \/>\n<\/span><\/p>\n<p><span style=\"color: #777777; font-family: Arial;\">Taleb \u00e9crit dans <a href=\"https:\/\/www.lepoint.fr\/postillon\/nassim-nicholas-taleb-sans-paranoia-pas-de-survie-20-02-2020-2363621_3961.php\">&lt;<span style=\"color: #0000ff;\">Le Point<\/span>&gt;<\/a> les r\u00e9actions de panique sont rationnelles, car elles emp\u00eachent le pire d&rsquo;advenir. Il pr\u00e9cise d&rsquo;ailleurs que s&rsquo;il faut paniquer, il vaut mieux le faire au d\u00e9but quand il est possible d&rsquo;agir et non \u00e0 la fin o\u00f9 il est possible que ce soit trop tard.<br \/>\n<\/span><\/p>\n<p><a href=\"https:\/\/www.franceculture.fr\/emissions\/lhumeur-du-matin-par-guillaume-erner\/lhumeur-du-jour-emission-du-lundi-24-fevrier-2020\"><span style=\"font-family: Arial;\"><span style=\"color: #0000ff;\">Guillaume Erner<\/span><\/span><\/a><span style=\"color: #777777; font-family: Arial;\"> r\u00e9sume la pens\u00e9e de Nassim Taleb de la mani\u00e8re suivante&nbsp;:<br \/>\n<\/span><\/p>\n<p style=\"margin-left: 28pt;\"><span style=\"color: #c00000; font-family: Arial;\">\u00ab&nbsp;Taleb, c&rsquo;est le papa du <em>Cygne noir<\/em>, le cygne noir, je veux parler de l&rsquo;oiseau. Je vous explique le principe&nbsp;: Taleb affirme que les soci\u00e9t\u00e9s modernes sont expos\u00e9es \u00e0 des \u00e9v\u00e8nements de probabilit\u00e9s faibles mais aux cons\u00e9quences d\u00e9vastatrices. L&rsquo;exemple type, c&rsquo;est le 11 septembre 2001&nbsp;: un attentat de cette ampleur a peu de chances de se produire, mais s&rsquo;il se produit c&rsquo;est une catastrophe \u00e0 tous les niveaux, humaine bien s\u00fbr, mais aussi g\u00e9opolitique, \u00e9conomique, etc.<br \/>\n<\/span><\/p>\n<p style=\"margin-left: 28pt;\"><span style=\"color: #c00000; font-family: Arial;\">Et pourquoi baptiser un \u00e9v\u00e8nement \u00e0 la probabilit\u00e9 faible mais aux cons\u00e9quences infinies un cygne noir&nbsp;? Eh bien tout simplement parce que pendant longtemps les ornithologistes ont cru que tous les cygnes \u00e9taient blancs, puis ils en ont crois\u00e9 un noir, et cette d\u00e9couverte les a conduits \u00e0 r\u00e9viser leur vision de cette esp\u00e8ce animale.<br \/>\n<\/span><\/p>\n<p style=\"margin-left: 28pt;\"><span style=\"color: #c00000; font-family: Arial;\">Mais l\u00e0 en l&rsquo;occurrence, le cygne noir, c&rsquo;est un virus \u2014 le covid 19 \u2014 et pour Taleb, il est aujourd&rsquo;hui absolument rationnel de paniquer. Le philosophe cite m\u00eame en exemple Singapour, la cit\u00e9 \u00e9tat est susceptible de d\u00e9cider de fermer ses fronti\u00e8res en 14 minutes, et c&rsquo;est admirable car, selon lui, seuls les parano\u00efaques, en pareil cas survivent.<br \/>\n<\/span><\/p>\n<p style=\"margin-left: 28pt;\"><span style=\"color: #c00000; font-family: Arial;\">D&rsquo;o\u00f9 cette interrogation sur la rationalit\u00e9 de la panique. Si par rationalit\u00e9, on entend bonne raison de paniquer, alors oui nous avons une bonne raison, donc ce virus nouveau, un virus mal connu, contre lequel on dispose de peu de traitements. Oui, mais dans le m\u00eame temps, cette panique entra\u00eene des cons\u00e9quences d\u00e9vastatrices, sur le plan \u00e9conomique notamment, au point de se demander, s&rsquo;il n&rsquo;y a pas sur r\u00e9action, et si la vraie catastrophe n&rsquo;est pas caus\u00e9e par cette sur r\u00e9action. Autrement dit, quelle est la rationalit\u00e9 de l&rsquo;irrationalit\u00e9, est-il raisonnable de paniquer, ou la panique est-elle cr\u00e9\u00e9e par notre comportement d\u00e9raisonnable&nbsp;?<br \/>\n<\/span><\/p>\n<p style=\"margin-left: 28pt;\"><span style=\"color: #c00000; font-family: Arial;\">Oui mais, dans le m\u00eame temps, si nous ne paniquons pas et si la situation devient paniquante, on nous reprochera bient\u00f4t d&rsquo;avoir \u00e9t\u00e9 d\u00e9raisonnable au point d&rsquo;avoir voulu rester raisonnable\u2026 C&rsquo;est cela qui est compliqu\u00e9 avec la d\u00e9raison, c&rsquo;est que l&rsquo;homme a toujours de bonnes raisons d&rsquo;\u00eatre d\u00e9raisonnable.&nbsp;\u00bb<br \/>\n<\/span><\/p>\n<p><span style=\"color: #777777; font-family: Arial;\">Je pr\u00e9f\u00e8re cet article de l&rsquo;Obs&nbsp;: \u00ab&nbsp;<a href=\"https:\/\/www.nouvelobs.com\/coronavirus-de-wuhan\/20200307.OBS25728\/personnes-a-risque-capacites-des-hopitaux-transmission-le-point-sur-les-risques-reels-du-coronavirus.html\"><span style=\"color: #0000ff;\">pourquoi il ne faut pas s&rsquo;affoler face \u00e0 l&rsquo;\u00e9pid\u00e9mie (sans la sous-estimer)<\/span>&nbsp;<\/a>\u00bb&nbsp;:<br \/>\n<\/span><\/p>\n<p style=\"margin-left: 28pt;\"><span style=\"color: #c00000; font-family: Arial;\">\u00ab Quand quelqu&rsquo;un de 85 ans meurt du coronavirus, ce n&rsquo;est pas le coronavirus qui le tue \u00bb, mais plus souvent \u00ab les complications qui atteignent des organes qui n&rsquo;\u00e9taient pas en bon \u00e9tat.<br \/>\n<\/span><\/p>\n<p style=\"margin-left: 28pt;\"><span style=\"color: #c00000; font-family: Arial;\">[\u2026] pour le professeur fran\u00e7ais Jean-Christophe Lucet, le risque concerne avant tout les patients atteints des formes s\u00e9v\u00e8res de ces maladies. \u00ab Il faut \u00eatre extr\u00eamement clair \u00bb sur ce point, souligne-t-il \u00e0 l&rsquo;AFP.<br \/>\n<\/span><\/p>\n<p style=\"margin-left: 28pt;\"><span style=\"color: #c00000; font-family: Arial;\">\u00ab Le patient qui a un diab\u00e8te, le patient qui a une hypertension art\u00e9rielle, c&rsquo;est des patients qui ne sont pas des patients \u00e0 risques \u00bb, rassure-t-il. \u00ab Les patients \u00e0 risques, ce sont ceux qui ont des maladies cardiaques graves, des maladies respiratoires s\u00e9v\u00e8res, par exemple des bronchopneumathies chroniques obstructives (BPCO) avanc\u00e9es. \u00bb<br \/>\n<\/span><\/p>\n<p style=\"margin-left: 28pt;\"><span style=\"color: #c00000; font-family: Arial;\">Mais la dangerosit\u00e9 d&rsquo;une maladie ne d\u00e9pend pas seulement du taux de mortalit\u00e9 dans l&rsquo;absolu, mais aussi de sa facult\u00e9 \u00e0 se r\u00e9pandre plus ou moins largement. \u00ab M\u00eame si seuls 3 % des cas d\u00e9c\u00e8dent, \u00e7a peut faire des chiffres importants si 30 % ou 60 % d&rsquo;une population sont infect\u00e9s \u00bb, souligne le Dr Simon Cauchemez, de l&rsquo;Institut Pasteur \u00e0 Paris.&nbsp;\u00bb<br \/>\n<\/span><\/p>\n<p><span style=\"color: #777777; font-family: Arial;\">Alors bien \u00e9videmment, tous les conseils d&rsquo;hygi\u00e8ne devant l&rsquo;\u00e9pid\u00e9mie&nbsp;: \u00e9viter de se serrer la main et de s&#8217;embrasser, se laver les mains fr\u00e9quemment, tousser ou \u00e9ternuer dans le creux de son coude ou dans un mouchoir jetable, porter un masque si on est malade\u2026, sont judicieux et rationnel.<br \/>\n<\/span><\/p>\n<p><span style=\"color: #777777; font-family: Arial;\">Mais pour le reste, par exemple l&rsquo;annulation de tous les spectacles regroupant 1000 personnes ou plus qui mettent en p\u00e9ril la survie d&rsquo;organisateurs de spectacles ainsi que des m\u00e9tiers et services qui sont li\u00e9s \u00e0 cette activit\u00e9, est ce bien raisonnable ?<br \/>\n<\/span><\/p>\n<p><span style=\"color: #777777; font-family: Arial;\">Il semble que la crainte des autorit\u00e9s soient li\u00e9e au risque, dans l&rsquo;hypoth\u00e8se d&rsquo;une propagation rapide de l&rsquo;\u00e9pid\u00e9mie, que les h\u00f4pitaux fran\u00e7ais soient d\u00e9bord\u00e9s et ne disposent pas des moyens pour faire face aux cas les plus graves, notamment ceux n\u00e9cessitant une aide respiratoire. Ce qui aurait la double cons\u00e9quence de cr\u00e9er une surmortalit\u00e9 et de faire monter davantage encore la panique dans la population. Ce mot du jour n&rsquo;a pas pour vocation de nier la gravit\u00e9 de l&rsquo;\u00e9pid\u00e9mie mais de s&rsquo;interroger sur un vent de panique entretenu par les m\u00e9dias qui risquent d&rsquo;\u00eatre contre productif du point de vue de la sant\u00e9, d&rsquo;autres malades graves n&rsquo;acc\u00e9dant plus aux soins et de l&rsquo;\u00e9conomie qui risque de cr\u00e9er d&rsquo;autres probl\u00e8mes graves.<br \/>\n<\/span><\/p>\n<p><span style=\"color: #777777; font-family: Arial;\">Le coronavirus pr\u00e9sente cependant plusieurs potentialit\u00e9s&nbsp;:<br \/>\n<\/span><\/p>\n<p><span style=\"color: #777777; font-family: Arial;\">Il a montr\u00e9 davantage que de longs r\u00e9cits notre immense d\u00e9pendance par rapport \u00e0 la Chine.<br \/>\n<\/span><\/p>\n<p><span style=\"color: #777777; font-family: Arial;\">Quand la Chine ne produit plus, nos industries sont en panne de produits, de mat\u00e9riaux indispensables \u00e0 leurs cycles de production.<br \/>\n<\/span><\/p>\n<p><span style=\"color: #777777; font-family: Arial;\">Et si je savais ce que nos smartphones, nos voitures et nos produits hi tech devaient aux usines chinoises, j&rsquo;ignorais notre d\u00e9pendance \u00e0 la Chine concernant les m\u00e9dicaments.<br \/>\n<\/span><\/p>\n<p><span style=\"color: #777777; font-family: Arial;\">&lt;<a href=\"https:\/\/www.challenges.fr\/entreprise\/sante-et-pharmacie\/coronavirus-l-europe-depend-de-la-chine-pour-les-medicaments-vitaux_701452\"><span style=\"color: #0000ff;\">80% des produits actifs des m\u00e9dicaments<\/span><\/a><span style=\"color: #0000ff;\">&gt;<\/span> sont fabriqu\u00e9s en Chine. Cette situation nous met dans une situation de fragilit\u00e9 extr\u00eame.<br \/>\n<\/span><\/p>\n<p><span style=\"color: #777777; font-family: Arial;\">La crise du coronavirus va probablement entra\u00eener une \u00e9volution de cette situation.<br \/>\n<\/span><\/p>\n<p><span style=\"color: #777777; font-family: Arial;\">Et une autre cons\u00e9quence positive du COVID-19, si elle atteint de mani\u00e8re cons\u00e9quente les Etats-Unis ,pourrait \u00eatre de contribuer \u00e0 faire battre Donald Trump. D&rsquo;abord parce que cela d\u00e9graderait la situation \u00e9conomique dont Trump veut faire un levier pour sa r\u00e9\u00e9lection, ensuite parce qu&rsquo;il a, comme d&rsquo;habitude, racont\u00e9 une <a href=\"https:\/\/www.nouvelobs.com\/coronavirus-de-wuhan\/20200225.OBS25308\/trump-et-le-coronavirus-tout-va-tres-bien.html\"><span style=\"color: #0000ff;\">myriade de stupidit\u00e9s<\/span><\/a> qui pourraient lui nuire si les faits d\u00e9montrent ses erreurs.<br \/>\n<\/span><\/p>\n<p><span style=\"color: maroon; font-family: Arial;\">&lt;1367&gt;<\/span><\/p>\n","protected":false},"excerpt":{"rendered":"<p>\u00ab&nbsp;La plus grande menace qui nous guette, c&rsquo;est une coronapanique&nbsp;\u00bb Philippe Juvin chef de service des urgences de l&rsquo;h\u00f4pital Georges-Pompidou de Paris Certes, c&rsquo;est une \u00e9pid\u00e9mie, certes on n&rsquo;a pas de vaccin, certes on n&rsquo;a pas vraiment de m\u00e9dicament pour<\/p>\n","protected":false},"author":1,"featured_media":0,"comment_status":"open","ping_status":"closed","sticky":false,"template":"","format":"standard","meta":{"footnotes":""},"categories":[1],"tags":[15,126,3],"class_list":["post-8290","post","type-post","status-publish","format-standard","hentry","category-motdujour","tag-france","tag-pandemie","tag-politique"],"_links":{"self":[{"href":"https:\/\/lemotdujour.fr\/index.php?rest_route=\/wp\/v2\/posts\/8290","targetHints":{"allow":["GET"]}}],"collection":[{"href":"https:\/\/lemotdujour.fr\/index.php?rest_route=\/wp\/v2\/posts"}],"about":[{"href":"https:\/\/lemotdujour.fr\/index.php?rest_route=\/wp\/v2\/types\/post"}],"author":[{"embeddable":true,"href":"https:\/\/lemotdujour.fr\/index.php?rest_route=\/wp\/v2\/users\/1"}],"replies":[{"embeddable":true,"href":"https:\/\/lemotdujour.fr\/index.php?rest_route=%2Fwp%2Fv2%2Fcomments&post=8290"}],"version-history":[{"count":6,"href":"https:\/\/lemotdujour.fr\/index.php?rest_route=\/wp\/v2\/posts\/8290\/revisions"}],"predecessor-version":[{"id":8300,"href":"https:\/\/lemotdujour.fr\/index.php?rest_route=\/wp\/v2\/posts\/8290\/revisions\/8300"}],"wp:attachment":[{"href":"https:\/\/lemotdujour.fr\/index.php?rest_route=%2Fwp%2Fv2%2Fmedia&parent=8290"}],"wp:term":[{"taxonomy":"category","embeddable":true,"href":"https:\/\/lemotdujour.fr\/index.php?rest_route=%2Fwp%2Fv2%2Fcategories&post=8290"},{"taxonomy":"post_tag","embeddable":true,"href":"https:\/\/lemotdujour.fr\/index.php?rest_route=%2Fwp%2Fv2%2Ftags&post=8290"}],"curies":[{"name":"wp","href":"https:\/\/api.w.org\/{rel}","templated":true}]}}