{"id":8255,"date":"2020-03-06T00:00:10","date_gmt":"2020-03-05T23:00:10","guid":{"rendered":"http:\/\/lemotdujour.fr\/?p=8255"},"modified":"2020-03-06T07:23:02","modified_gmt":"2020-03-06T06:23:02","slug":"vendredi-5-mars-2020","status":"publish","type":"post","link":"https:\/\/lemotdujour.fr\/?p=8255","title":{"rendered":"Vendredi 6 mars 2020"},"content":{"rendered":"<div class=\"mdjTexte\">\u00ab&nbsp;Du simple point de vue de l&rsquo;\u00e9quit\u00e9 et de la d\u00e9mocratie, pourquoi faudrait-il qu&rsquo;il y ait indignation au-del\u00e0 de l&rsquo;Atlantique et r\u00e9signation en de\u00e7\u00e0 ?&nbsp;\u00bb<\/div>\n<div class=\"mdjAuteur\">Robert Gu\u00e9diguian, Philippe Meyer et Bertrand Tavernier<\/div>\n<p><span style=\"color: #777777; font-family: Arial;\">En raison des primaires d\u00e9mocrates, les m\u00e9dias parlent beaucoup des \u00e9lections pr\u00e9sidentielles am\u00e9ricaines.<br \/>\n<\/span><\/p>\n<p><span style=\"color: #777777; font-family: Arial;\">Election am\u00e9ricaine totalement incompr\u00e9hensible pour nous autres fran\u00e7ais.<br \/>\n<\/span><\/p>\n<p><span style=\"color: #777777; font-family: Arial;\">En 2016, Trump a \u00e9t\u00e9 \u00e9lu alors que <strong>65 853 514<\/strong> bulletins s&rsquo;\u00e9taient port\u00e9s vers Hillary Clinton et que le pr\u00e9sident \u00e9lu n&rsquo;avait eu que <strong>62 984 828 <\/strong>voix.<br \/>\n<\/span><\/p>\n<p><span style=\"color: #777777; font-family: Arial;\">Si on calcule de la mani\u00e8re fran\u00e7aise on constate que Clinton a obtenu 51,1% et Trump 48,9%.<br \/>\n<\/span><\/p>\n<p><span style=\"color: #777777; font-family: Arial;\">C&rsquo;est un scandale&nbsp;! Un d\u00e9ni de d\u00e9mocratie.<br \/>\n<\/span><\/p>\n<p><span style=\"color: #777777; font-family: Arial;\">Mais on nous a expliqu\u00e9 que c&rsquo;\u00e9tait en raison du caract\u00e8re f\u00e9d\u00e9ral des Etats-Unis et que ce contexte rend n\u00e9cessaire que chaque Etat des Etats-Unis puisse jouer un r\u00f4le suffisamment important dans cette \u00e9lection et qu&rsquo;il n&rsquo;est donc pas possible de simplement compter les voix individuels qui donnerait un trop grand poids aux Etats peupl\u00e9s et marginaliserait totalement les petits Etats.<br \/>\n<\/span><\/p>\n<p><span style=\"color: #777777; font-family: Arial;\">Et c&rsquo;est ainsi que les \u00e9tatsuniens ont eu cette id\u00e9e<br \/>\n<\/span><\/p>\n<ul>\n<li><span style=\"color: #777777; font-family: Arial;\">de faire \u00e9lire le pr\u00e9sident par des grands \u00e9lecteurs<br \/>\n<\/span><\/li>\n<li><span style=\"color: #777777; font-family: Arial;\">que chaque Etat choisit un candidat (Dans le Maine et le Nebraska cette r\u00e8gle s&rsquo;applique \u00e0 des arrondissements de l&rsquo;Etat ce qui a pour cons\u00e9quence que ces deux Etats peuvent envoyer des grands \u00e9lecteurs de plusieurs candidats)<br \/>\n<\/span><\/li>\n<li><span style=\"color: #777777; font-family: Arial;\">et qu&rsquo;alors tous les grands \u00e9lecteurs de l&rsquo;Etat de ce candidat participeront au coll\u00e8ge \u00e9lectoral qui \u00e9lira le pr\u00e9sident.<br \/>\n<\/span><\/li>\n<\/ul>\n<p><span style=\"color: #777777; font-family: Arial;\">Et le point fondamental \u00e9tant que le nombre de grands \u00e9lecteurs de chaque \u00c9tat tient compte du nombre d&rsquo;habitants mais de mani\u00e8re tr\u00e8s pond\u00e9r\u00e9e.<br \/>\n<\/span><\/p>\n<p><span style=\"color: #777777; font-family: Arial;\">La Californie qui a vot\u00e9 pour Clinton compte 55 grands \u00e9lecteurs, le Wyoming qui a vot\u00e9 Trump 3.<br \/>\n<\/span><\/p>\n<p><span style=\"color: #777777; font-family: Arial;\">Mais la Californie compte 39&nbsp;550&nbsp;000 habitants ce qui fait <strong>qu&rsquo;un grand \u00e9lecteur vaut 719&nbsp;000 habitants<\/strong> et le Wyoming 577&nbsp;000 habitants ce qui signifie <strong>qu&rsquo;un grand \u00e9lecteur repr\u00e9sente 192&nbsp;000 habitants<\/strong>. Le rapport entre ces quotients est sup\u00e9rieur \u00e0 3,5.<br \/>\n<\/span><\/p>\n<p><span style=\"color: #777777; font-family: Arial;\">Si on calcule par rapport aux nombres de votants : En Californie 8 753 788 \u00e9lecteurs ont vot\u00e9 Clinton chaque grand \u00e9lecteur p\u00e8se donc 159 160 \u00e9lecteurs alors que dans le Wyoming Trump a eu 174 419 voix et chaque grand \u00e9lecteur p\u00e8se alors 58 140 \u00e9lecteurs, le rapport entre les deux est de 2,7.<br \/>\n<\/span><\/p>\n<p><span style=\"color: #777777; font-family: Arial;\">A la fin Trump a battu Clinton 304 grands \u00e9lecteurs \u00e0 227.<br \/>\n<\/span><\/p>\n<p><span style=\"color: #777777; font-family: Arial;\">Dans le Wisconsin 22&nbsp;748 voix s\u00e9paraient Trump de Clinton soit 0,82% de l&rsquo;ensemble voix que les deux ont obtenus. Cet Etat a donn\u00e9 10 grands \u00e9lecteurs \u00e0 Trump.<br \/>\n<\/span><\/p>\n<p><span style=\"color: #777777; font-family: Arial;\">En Floride 112&nbsp;911 voix s\u00e9paraient Trump de Clinton sur les 9&nbsp;122&nbsp;861 que les deux avaient obtenus. Cet Etat a donn\u00e9 29 grands \u00e9lecteurs \u00e0 Trump.<br \/>\n<\/span><\/p>\n<p><span style=\"color: #777777; font-family: Arial;\">L&rsquo;inversion de ces deux Etats aurait donn\u00e9 266 grands \u00e9lecteurs \u00e0 Clinton et 265 \u00e0 Trump.<br \/>\n<\/span><\/p>\n<p><span style=\"color: #777777; font-family: Arial;\">C&rsquo;est un mode d&rsquo;\u00e9lection donc totalement incompr\u00e9hensible pour un fran\u00e7ais, une telle chose ne peut pas exister dans notre pays et nos traditions&nbsp;!<br \/>\n<\/span><\/p>\n<p><span style=\"color: #777777; font-family: Arial;\">Descartes, Rousseau et Voltaire ne l&rsquo;accepteraient pas.<br \/>\n<\/span><\/p>\n<p><span style=\"color: #777777; font-family: Arial;\">Vous en \u00eates s\u00fbr&nbsp;?<br \/>\n<\/span><\/p>\n<p><img loading=\"lazy\" decoding=\"async\" class=\"alignleft\" src=\"https:\/\/lemotdujour.fr\/wp-content\/uploads\/2020\/03\/030520_2244_Vendredi5ma1.jpg\" alt=\"\" width=\"379\" height=\"213\" align=\"left\"><span style=\"color: #777777; font-family: Arial;\">Connaissez-vous la<span style=\"color: #0000ff;\"> <a style=\"color: #0000ff;\" href=\"https:\/\/www.legifrance.gouv.fr\/affichTexte.do?cidTexte=JORFTEXT000000880033\">Loi n\u00b0 82-1169 du 31 d\u00e9cembre 1982<\/a><\/span> relative \u00e0 l&rsquo;organisation administrative de Paris, Marseille, Lyon, dite \u00ab&nbsp;Loi PLM&nbsp;\u00bb (<em>\u00e7a sonne mieux que PML<\/em>)<br \/>\n<\/span><\/p>\n<p><span style=\"color: #777777; font-family: Arial;\">Toujours en vigueur.<br \/>\n<\/span><\/p>\n<p><span style=\"color: #777777; font-family: Arial;\">&lt;<span style=\"color: #0000ff;\"><a style=\"color: #0000ff;\" href=\"https:\/\/www.lepoint.fr\/elections-municipales\/mode-d-emploi\/comment-sont-elus-les-maires-de-paris-de-lyon-et-de-marseille-01-01-2020-2355593_4077.php\">Le Point<\/a><\/span>&gt; explique cette Loi.<br \/>\n<\/span><\/p>\n<p><span style=\"color: #777777; font-family: Arial;\">D&rsquo;abord il faut comprendre comment cela se passe dans les autres villes de France.<br \/>\n<\/span><\/p>\n<p style=\"margin-left: 28pt;\"><span style=\"color: #c00000; font-family: Arial;\">\u00ab&nbsp;Aux \u00e9lections municipales, le mode de scrutin varie selon le nombre d&rsquo;habitants. Dans les communes de moins de 1 000 habitants, il est majoritaire.<br \/>\n<\/span><\/p>\n<p style=\"margin-left: 28pt;\"><span style=\"color: #c00000; font-family: Arial;\">Dans celles comptant plus de 1 000 habitants, l&rsquo;\u00e9lection du maire est le r\u00e9sultat d&rsquo;un scrutin proportionnel avec prime majoritaire. C&rsquo;est-\u00e0-dire que la liste arriv\u00e9e en t\u00eate emporte m\u00e9caniquement la moiti\u00e9 des si\u00e8ges. L&rsquo;autre moiti\u00e9 est r\u00e9partie \u00e0 la proportionnelle entre les listes ayant obtenu au moins 5 % des suffrages.&nbsp;\u00bb<br \/>\n<\/span><\/p>\n<p><span style=\"color: #777777; font-family: Arial;\">Prenons un second tour o\u00f9 3 listes s&rsquo;affrontent. La liste A re\u00e7oit 40,1% des voix la B 39,9% et la C 20%.<br \/>\n<\/span><\/p>\n<p><span style=\"color: #777777; font-family: Arial;\">Supposons, pour \u00eatre simple que le Conseil municipal comporte 100 membres.<br \/>\n<\/span><\/p>\n<p><span style=\"color: #777777; font-family: Arial;\">La prime majoritaire donne 50 si\u00e8ges \u00e0 la liste A.<br \/>\n<\/span><\/p>\n<p><span style=\"color: #777777; font-family: Arial;\">Les 50 restants sont distribu\u00e9s \u00e0 la proportionnelle. Donc 20 pour A, 20 pour B et 10 pour C.<br \/>\n<\/span><\/p>\n<p><span style=\"color: #777777; font-family: Arial;\">La liste A a donc 70% des si\u00e8ges pour 40 % des voix. C&rsquo;est arithm\u00e9tiquement faux mais politiquement efficace.<br \/>\n<\/span><\/p>\n<p><span style=\"color: #777777; font-family: Arial;\">Passons \u00e0 PLM&nbsp;:<br \/>\n<\/span><\/p>\n<p style=\"margin-left: 28pt;\"><img loading=\"lazy\" decoding=\"async\" class=\"alignleft\" src=\"https:\/\/lemotdujour.fr\/wp-content\/uploads\/2020\/03\/030520_2244_Vendredi5ma2.jpg\" alt=\"\" width=\"312\" height=\"241\" align=\"left\"><span style=\"color: #c00000; font-family: Arial;\">\u00ab&nbsp;Un m\u00e9canisme \u00e9lectoral que l&rsquo;on retrouve \u00e0 Paris, Lyon et Marseille. \u00c0 cette diff\u00e9rence pr\u00e8s que ces villes sont divis\u00e9es en secteurs. Chaque secteur \u00e9lectoral correspond \u00e0 un arrondissement de Paris ou de Lyon, mais \u00e0 Marseille, on compte deux arrondissements par secteur. Cette division a \u00e9t\u00e9 d\u00e9cid\u00e9e en 1982 dans la loi PLM voulue par le ministre de l&rsquo;Int\u00e9rieur de l&rsquo;\u00e9poque, Gaston Defferre, ancien maire de Marseille.<br \/>\n<\/span><\/p>\n<p style=\"margin-left: 28pt;\"><span style=\"color: #c00000; font-family: Arial;\">Les \u00e9lections ont lieu au sein de chaque arrondissement suivant les r\u00e8gles du scrutin majoritaire comme dans les communes de plus de 1 000 habitants. Les inscrits \u00e9lisent leurs conseillers d&rsquo;arrondissement et leurs conseillers municipaux, qui si\u00e9geront pendant six ans au conseil de la ville. Ces derniers proc\u00e8dent \u00e0 l&rsquo;\u00e9lection du premier magistrat de la ville et de ses adjoints.<br \/>\n<\/span><\/p>\n<p style=\"margin-left: 28pt;\"><span style=\"color: #c00000; font-family: Arial;\">Un syst\u00e8me \u00ab \u00e0 l&rsquo;am\u00e9ricaine \u00bb o\u00f9 le maire est \u00e9lu par son conseil municipal pourvu qu&rsquo;il ait remport\u00e9 un nombre suffisant d&rsquo;arrondissements. Si ce mode d&rsquo;\u00e9lection permet de d\u00e9gager une majorit\u00e9 claire, il ne rend pas certaine la victoire de la liste ayant remport\u00e9 le plus de suffrages. En effet, de tr\u00e8s bons r\u00e9sultats en voix mais limit\u00e9s \u00e0 un nombre restreint d&rsquo;arrondissements ne garantissent pas d&rsquo;avoir le nombre suffisant de conseillers pour \u00eatre \u00e9lu maire.&nbsp;\u00bb<br \/>\n<\/span><\/p>\n<p><span style=\"color: #777777; font-family: Arial;\">C&rsquo;est tout \u00e0 fait, dans notre beau pays un syst\u00e8me \u00e0 l&rsquo;am\u00e9ricaine.<br \/>\n<\/span><\/p>\n<p><span style=\"color: #777777; font-family: Arial;\">Le maire est \u00e9lu par les \u00ab&nbsp;grands \u00e9lecteurs&nbsp;\u00bb des secteurs \u00e9lectoraux.<br \/>\n<\/span><\/p>\n<p><span style=\"color: #777777; font-family: Arial;\">Et que pensez-vous qu&rsquo;il arriva&nbsp;?<br \/>\n<\/span><\/p>\n<p><span style=\"color: #777777; font-family: Arial;\">Cette fois, &lt;<span style=\"color: #0000ff;\"><a style=\"color: #0000ff;\" href=\"https:\/\/fr.wikipedia.org\/wiki\/Loi_relative_au_statut_%C3%A9lectoral_de_Paris,_Lyon_et_Marseille\">Wikipedia<\/a><\/span>&gt; nous informe&nbsp;:<br \/>\n<\/span><\/p>\n<p style=\"margin-left: 28pt;\"><span style=\"color: #c00000; font-family: Arial;\">\u00ab&nbsp;En 1983, Gaston Defferre est r\u00e9\u00e9lu maire de Marseille avec moins de voix que Jean-Claude Gaudin, mais en \u00e9tant majoritaire en secteurs remport\u00e9s.<br \/>\n<\/span><\/p>\n<p style=\"margin-left: 28pt;\"><span style=\"color: #c00000; font-family: Arial;\">En 2001, G\u00e9rard Collomb est devenu pour la premi\u00e8re fois maire de Lyon, alors qu&rsquo;il \u00e9tait minoritaire en voix (10 000 voix de moins que la droite), en m\u00eame temps que Bertrand Delano\u00eb devenait pour la premi\u00e8re fois maire de Paris, en \u00e9tant lui aussi minoritaire en voix (4000 voix de moins que la droite), tous les deux \u00e9tant par contre majoritaires en nombre d&rsquo;arrondissements gagn\u00e9s et en nombre total d&rsquo;\u00e9lus (grands \u00e9lecteurs) dans l&rsquo;ensemble des arrondissements.<br \/>\n<\/span><\/p>\n<p style=\"margin-left: 28pt;\"><span style=\"color: #c00000; font-family: Arial;\">En 2014, Anne Hidalgo est \u00e9lue maire de Paris dans les m\u00eames conditions.<br \/>\n<\/span><\/p>\n<p style=\"margin-left: 28pt;\"><span style=\"color: #c00000; font-family: Arial;\">Les \u00e9lections municipales de 1983, de mars 2001 et de mars 2014 ont donc montr\u00e9 (et confirm\u00e9) que la loi PLM avait les m\u00eames propri\u00e9t\u00e9s \u00e0 Paris, Lyon et Marseille, que le mode de scrutin pr\u00e9sidentiel aux U.S.A., qui permet \u00e0 un candidat d&rsquo;\u00eatre \u00e9lu Pr\u00e9sident des \u00c9tats-Unis en \u00e9tant minoritaire en voix, mais majoritaire en nombre d&rsquo;\u00e9tats gagn\u00e9s et en nombre total d&rsquo;\u00e9lus (Grands \u00e9lecteurs) dans l&rsquo;ensemble des \u00e9tats&nbsp;\u00bb&nbsp;\u00bb<br \/>\n<\/span><\/p>\n<p><span style=\"color: #777777; font-family: Arial;\">Notez que cette Loi de 1982 a pleinement jou\u00e9 son r\u00f4le pour la premi\u00e8re fois \u00e0 Marseille. Et celui qui a profit\u00e9 de la Loi, le maire de Marseille et le Ministre qui a port\u00e9 cette Loi, le Ministre de l&rsquo;Int\u00e9rieur \u00e9tait une seule et m\u00eame personne&nbsp;: <strong>Gaston Defferre&nbsp;<\/strong>!<br \/>\n<\/span><\/p>\n<p><img loading=\"lazy\" decoding=\"async\" class=\"alignleft\" src=\"https:\/\/lemotdujour.fr\/wp-content\/uploads\/2020\/03\/030520_2244_Vendredi5ma3.jpg\" alt=\"\" width=\"344\" height=\"256\" align=\"left\"><span style=\"color: #777777; font-family: Arial;\">Dans un article du &lt;<a href=\"https:\/\/www.lejdd.fr\/Politique\/municipales-2020-pour-labrogation-de-la-loi-plm-3704810\"><span style=\"color: #0000ff;\">JDD<\/span><\/a>&gt; <strong>Robert Gu\u00e9diguian<\/strong>, cin\u00e9aste marseillais, <strong>Philippe Meyer<\/strong>, journaliste parisien, et <strong>Bertrand Tavernier<\/strong>, cin\u00e9aste lyonnais, demandent l&rsquo;abrogation de la loi PLM, qui fixe un statut administratif particulier aux trois premi\u00e8res villes de France&nbsp;:<br \/>\n<\/span><\/p>\n<p style=\"margin-left: 28pt;\"><span style=\"color: #c00000; font-family: Arial;\">\u00ab&nbsp;Les noms circulent. Les rumeurs enflent. Les experts extravaguent. Les doutes s&rsquo;insinuent. Les f\u00e8ques niouzent. Les couteaux s&rsquo;aiguisent. Les alliances se dessinent : dans quelques mois, les Fran\u00e7ais \u00e9liront leurs maires. Les Fran\u00e7ais, mais ni les Lyonnais, ni les Marseillais ni les Parisiens. La loi PLM (acronyme fabriqu\u00e9 \u00e0 partir de la premi\u00e8re lettre du nom de leurs villes) leur en enl\u00e8ve le droit. Elle les met dans une situation d&rsquo;exception dont on ne saurait dire qu&rsquo;elle fait honneur \u00e0 la d\u00e9mocratie, puisque dans ces trois villes, le maire n&rsquo;est pas \u00e9lu par les citoyens au suffrage universel direct mais par un coll\u00e8ge issu des conseils d&rsquo;arrondissement.<br \/>\n<\/span><\/p>\n<p style=\"margin-left: 28pt;\"><span style=\"color: #c00000; font-family: Arial;\">Rappelons que cette exception qu&rsquo;est la loi PLM fut \u00e9tablie en novembre 1982 afin de sauver le regrett\u00e9 Gaston Defferre en grand p\u00e9ril \u00e0 Marseille et, de fait, elle le sauva, puisque, en 1983, bien que minoritaire en voix, il retrouva son fauteuil de maire. La droite, qui avait protest\u00e9 contre cette manipulation, l&rsquo;adapta \u00e0 ses propres besoins et, minoritaire en voix, en ajoutant deux nouveaux secteurs, elle parvint \u00e0 faire \u00e9lire maire de la m\u00eame ville Jean-Claude Gaudin.<br \/>\n<\/span><\/p>\n<p style=\"margin-left: 28pt;\"><span style=\"color: #c00000; font-family: Arial;\">Ce syst\u00e8me, qui permit nagu\u00e8re l&rsquo;\u00e9lection de maires minoritaires, requiert \u00e0 pr\u00e9sent des majorit\u00e9s qualifi\u00e9es pour conqu\u00e9rir les h\u00f4tels de ville. Selon une \u00e9tude de Bernard Dolez, professeur de droit public et chercheur au CNRS, \u00ab\u00a0vu le d\u00e9coupage actuel des trois plus grandes villes fran\u00e7aises, [il faut] 53 % des voix pour remporter le si\u00e8ge de premier magistrat \u00e0 Paris, et 52 % \u00e0 Lyon. Tandis qu&rsquo;\u00e0 Marseille, le seuil de renversement est de 53%\u00a0\u00bb. Il y a donc, en France, 2.146.587 citoyens qui sont plac\u00e9s hors du droit \u00e9lectoral commun, pour ne pas dire dans un droit \u00e9lectoral d&rsquo;exception.<br \/>\n<\/span><\/p>\n<p style=\"margin-left: 28pt;\"><span style=\"color: #c00000; font-family: Arial;\">On peut remarquer que cette situation est comparable terme \u00e0 terme \u00e0 celle qui nous indigna si fort lorsque, aux \u00c9tats-Unis, Al Gore, majoritaire en suffrages exprim\u00e9s, fut battu par le regrettable George Bush junior, majoritaire en grands d\u00e9l\u00e9gu\u00e9s, et qu&rsquo;elle se r\u00e9p\u00e9ta en 2016 en faveur du non moins regrettable Donald Trump. Certes, nous ne craignons pas que la loi PLM produise des catastrophes aussi plan\u00e9taires, mais, <strong>du simple point de vue de l&rsquo;\u00e9quit\u00e9 et de la d\u00e9mocratie, pourquoi faudrait-il qu&rsquo;il y ait indignation au-del\u00e0 de l&rsquo;Atlantique et r\u00e9signation en de\u00e7\u00e0 ?<\/strong><br \/>\n<\/span><\/p>\n<p style=\"margin-left: 28pt;\"><span style=\"color: #c00000; font-family: Arial;\"><strong>Nous le refusons et nous demandons l&rsquo;abrogation de la loi PLM.<\/strong>&nbsp;\u00bb<br \/>\n<\/span><\/p>\n<p><span style=\"color: #777777; font-family: Arial;\">Et j&rsquo;ajouterais, nous n&rsquo;avons m\u00eame pas l&rsquo;excuse am\u00e9ricaine d&rsquo;\u00eatre un pays f\u00e9d\u00e9ral qui peut justifier qu&rsquo;on donne un poids accru aux petits \u00c9tats.<br \/>\n<\/span><\/p>\n<p><span style=\"color: #777777; font-family: Arial;\">C&rsquo;est tout simplement injustifiable.<br \/>\n<\/span><\/p>\n<p><span style=\"color: maroon; font-family: Arial;\">&lt;1364&gt;<\/span><\/p>\n","protected":false},"excerpt":{"rendered":"<p>\u00ab&nbsp;Du simple point de vue de l&rsquo;\u00e9quit\u00e9 et de la d\u00e9mocratie, pourquoi faudrait-il qu&rsquo;il y ait indignation au-del\u00e0 de l&rsquo;Atlantique et r\u00e9signation en de\u00e7\u00e0 ?&nbsp;\u00bb Robert Gu\u00e9diguian, Philippe Meyer et Bertrand Tavernier En raison des primaires d\u00e9mocrates, les m\u00e9dias parlent<\/p>\n","protected":false},"author":1,"featured_media":0,"comment_status":"open","ping_status":"closed","sticky":false,"template":"","format":"standard","meta":{"footnotes":""},"categories":[1],"tags":[65,15,3],"class_list":["post-8255","post","type-post","status-publish","format-standard","hentry","category-motdujour","tag-etats-unis","tag-france","tag-politique"],"_links":{"self":[{"href":"https:\/\/lemotdujour.fr\/index.php?rest_route=\/wp\/v2\/posts\/8255","targetHints":{"allow":["GET"]}}],"collection":[{"href":"https:\/\/lemotdujour.fr\/index.php?rest_route=\/wp\/v2\/posts"}],"about":[{"href":"https:\/\/lemotdujour.fr\/index.php?rest_route=\/wp\/v2\/types\/post"}],"author":[{"embeddable":true,"href":"https:\/\/lemotdujour.fr\/index.php?rest_route=\/wp\/v2\/users\/1"}],"replies":[{"embeddable":true,"href":"https:\/\/lemotdujour.fr\/index.php?rest_route=%2Fwp%2Fv2%2Fcomments&post=8255"}],"version-history":[{"count":6,"href":"https:\/\/lemotdujour.fr\/index.php?rest_route=\/wp\/v2\/posts\/8255\/revisions"}],"predecessor-version":[{"id":8262,"href":"https:\/\/lemotdujour.fr\/index.php?rest_route=\/wp\/v2\/posts\/8255\/revisions\/8262"}],"wp:attachment":[{"href":"https:\/\/lemotdujour.fr\/index.php?rest_route=%2Fwp%2Fv2%2Fmedia&parent=8255"}],"wp:term":[{"taxonomy":"category","embeddable":true,"href":"https:\/\/lemotdujour.fr\/index.php?rest_route=%2Fwp%2Fv2%2Fcategories&post=8255"},{"taxonomy":"post_tag","embeddable":true,"href":"https:\/\/lemotdujour.fr\/index.php?rest_route=%2Fwp%2Fv2%2Ftags&post=8255"}],"curies":[{"name":"wp","href":"https:\/\/api.w.org\/{rel}","templated":true}]}}