{"id":824,"date":"2014-09-16T02:00:00","date_gmt":"2014-09-15T22:00:00","guid":{"rendered":"http:\/\/lemotdujour.fr\/?p=824"},"modified":"2020-10-10T23:09:30","modified_gmt":"2020-10-10T21:09:30","slug":"mardi-16-septembre-2014","status":"publish","type":"post","link":"https:\/\/lemotdujour.fr\/?p=824","title":{"rendered":"Mardi 16 septembre 2014"},"content":{"rendered":"<div class=\"mdjDate\">Mardi 16 septembre 2014<\/div>\n<div class=\"mdjTexte\">\u00ab&nbsp;Tout seul on va plus vite.<br \/>\nEnsemble on va plus loin&nbsp;\u00bb<\/div>\n<div class=\"mdjAuteur\">Proverbe africain<\/div>\n<p><span style=\"color: #777777; font-family: Arial;\">Je vais encore parler de quelque chose que je ne connais pas et que je n&rsquo;ai pas vu. <\/span><span style=\"color: #777777; font-family: Arial;\">Alors, je vais essayer de le faire bien.<br \/>\n<\/span><\/p>\n<p><span style=\"color: #777777; font-family: Arial;\">J&rsquo;\u00e9coutais, hier, pendant la pause m\u00e9ridienne le journal de 13h de France Inter.<br \/>\n<\/span><\/p>\n<p><span style=\"color: #777777; font-family: Arial;\">A la fin, il a \u00e9t\u00e9 question de la biennale de la danse de Lyon.<br \/>\n<\/span><\/p>\n<p><img loading=\"lazy\" decoding=\"async\" class=\"alignleft\" src=\"https:\/\/lemotdujour.fr\/wp-content\/uploads\/2020\/10\/101020_2055_LundiXXmai21.jpg\" alt=\"\" width=\"361\" height=\"240\" align=\"left\"><span style=\"color: #777777; font-family: Arial;\">Dimanche a eu lieu le grand d\u00e9fil\u00e9 (le 10\u00e8me) dans les rues de Lyon, plus grande parade chor\u00e9graphi\u00e9e d&rsquo;Europe et 300 000 spectateurs.<br \/>\n<\/span><\/p>\n<p><span style=\"color: #777777; font-family: Arial;\">Une vid\u00e9o montre et \u00e9v\u00e8nement &lt;<span style=\"color: #0000ff;\"><a style=\"color: #0000ff;\" href=\"https:\/\/www.youtube.com\/watch?v=grICbPjp6_g\">Le d\u00e9fil\u00e9 de la biennale de la danse 2014<\/a><\/span>&gt;<br \/>\n<\/span><\/p>\n<p><span style=\"color: #777777; font-family: Arial;\">La biennale c&rsquo;est 45 spectacles et cette ann\u00e9e il y a une ouverture sur le monde du cirque incarn\u00e9e par la <strong>compagnie XY<\/strong>.<br \/>\n<\/span><\/p>\n<p><span style=\"color: #777777; font-family: Arial;\">Et pour d\u00e9crire le spectacle de cette compagnie, la journaliste de France Inter a eu ces mots :<br \/>\n<\/span><\/p>\n<p style=\"margin-left: 28pt;\"><span style=\"color: #c00000; font-family: Arial;\">\u00ab&nbsp;Tout commence par un combat de corps au sol,<br \/>\n<\/span><span style=\"color: #c00000; font-family: Arial;\">puis bien vite les artistes prennent de la hauteur,<br \/>\n<\/span><span style=\"color: #c00000; font-family: Arial;\">des tours humaines s&rsquo;\u00e9rigent<br \/>\n<\/span><span style=\"color: #c00000; font-family: Arial;\">2,3 ou 4 corps empil\u00e9s les uns sur les autres,<br \/>\n<\/span><span style=\"color: #c00000; font-family: Arial;\">sans aucun dispositif de s\u00e9curit\u00e9.<br \/>\n<\/span><\/p>\n<p style=\"margin-left: 28pt;\"><span style=\"color: #c00000; font-family: Arial;\">Le spectateur retient son souffle,<br \/>\n<\/span><span style=\"color: #c00000; font-family: Arial;\">puis les corps prennent leur envol<br \/>\n<\/span><span style=\"color: #c00000; font-family: Arial;\">et virevoltent \u00e0 2, 4, 8 m\u00e8tres de hauteur.<br \/>\n<\/span><span style=\"color: #c00000; font-family: Arial;\">Les jeunes filles se transforment en anges,<br \/>\n<\/span><span style=\"color: #c00000; font-family: Arial;\">Propuls\u00e9es par des hommes puissants.<br \/>\n<\/span><span style=\"color: #c00000; font-family: Arial;\">Leur bras font office de tremplin.<br \/>\n<\/span><span style=\"color: #c00000; font-family: Arial;\">Le tout avec une facilit\u00e9 d\u00e9concertante <\/span><span style=\"color: #c00000; font-family: Arial;\">[..]<br \/>\n<\/span><\/p>\n<p style=\"margin-left: 28pt;\"><span style=\"color: #c00000; font-family: Arial;\">Dans les diff\u00e9rents tableaux se m\u00ealent rire et po\u00e9sie.<br \/>\n<\/span><span style=\"color: #c00000; font-family: Arial;\">L&rsquo;objectif est bien de transmettre des \u00e9motions au public.\u00bb<br \/>\n<\/span><\/p>\n<p><span style=\"color: #777777; font-family: Arial;\">Puis Peggy, membre de la Compagnie, s&rsquo;exprime :<br \/>\n<\/span><\/p>\n<p style=\"margin-left: 28pt;\"><span style=\"color: #c00000; font-family: Arial;\">\u00ab&nbsp;Les gens \u00e9taient beaucoup plus \u00e9mus par ce que \u00e7a impliquait de faire des port\u00e9s, de la solidarit\u00e9 entre les gens sur le plateau que des prouesses techniques elles-m\u00eames&nbsp;\u00bb<br \/>\n<\/span><\/p>\n<p><span style=\"color: #777777; font-family: Arial;\">Et c&rsquo;est alors qu&rsquo;elle a \u00e9nonc\u00e9 ce proverbe africain :<br \/>\n<\/span><\/p>\n<p style=\"margin-left: 28pt;\"><span style=\"color: #c00000; font-family: Arial;\"><strong>\u00abTout seul on va plus vite. Ensemble on va plus loin.\u00bb<\/strong><br \/>\n<\/span><\/p>\n<p><span style=\"color: #777777; font-family: Arial;\">Je l&rsquo;ai trouv\u00e9 beau dans le contexte dans lequel il \u00e9tait r\u00e9v\u00e9l\u00e9 et profond dans la sagesse qu&rsquo;il d\u00e9voile.<br \/>\n<\/span><\/p>\n<p><span style=\"color: #777777; font-family: Arial;\">Peggy a ajout\u00e9 :<\/span><\/p>\n<p style=\"margin-left: 28pt;\"><span style=\"color: #c00000; font-family: Arial;\">Je crois qu&rsquo;il y a quelque chose comme \u00e7a chez nous\u00bb<br \/>\n<\/span><\/p>\n<p><span style=\"color: #777777; font-family: Arial;\">Le spectacle s&rsquo;appelle <strong>il n&rsquo;est pas encore minuit\u2026<\/strong>.<br \/>\n<\/span><\/p>\n<p><span style=\"color: #777777; font-family: Arial;\">Le site de cette compagnie <span style=\"color: #0000ff;\"><a style=\"color: #0000ff;\" href=\"http:\/\/ciexy.com\/?page=sp&amp;sp=new\">&lt;La compagnie XY&gt;<\/a><\/span><br \/>\n<\/span><\/p>\n<p><span style=\"color: #777777; font-family: Arial;\">Il n&rsquo;y a pas encore de vid\u00e9o sur ce spectacle, mais voici un petit extrait d&rsquo;un spectacle pr\u00e9c\u00e9dent &lt;<span style=\"color: #0000ff;\"><a style=\"color: #0000ff;\" href=\"https:\/\/www.youtube.com\/watch?v=NLOQOuIqLuM\">Le grand C<\/a><\/span>&gt;<br \/>\n<\/span><\/p>\n<p><span style=\"color: #777777; font-family: Arial;\">Que l&rsquo;art vous garde votre joie.<br \/>\n<\/span><\/p>\n<p><span style=\"font-family: Arial; color: #800000;\">&lt;350&gt;<\/span><\/p>\n","protected":false},"excerpt":{"rendered":"<p>Mardi 16 septembre 2014 \u00ab&nbsp;Tout seul on va plus vite. Ensemble on va plus loin&nbsp;\u00bb Proverbe africain Je vais encore parler de quelque chose que je ne connais pas et que je n&rsquo;ai pas vu. Alors, je vais essayer de<\/p>\n","protected":false},"author":1,"featured_media":0,"comment_status":"open","ping_status":"closed","sticky":false,"template":"","format":"standard","meta":{"footnotes":""},"categories":[1],"tags":[46,45,6],"class_list":["post-824","post","type-post","status-publish","format-standard","hentry","category-motdujour","tag-art","tag-lyon","tag-philosophie"],"_links":{"self":[{"href":"https:\/\/lemotdujour.fr\/index.php?rest_route=\/wp\/v2\/posts\/824","targetHints":{"allow":["GET"]}}],"collection":[{"href":"https:\/\/lemotdujour.fr\/index.php?rest_route=\/wp\/v2\/posts"}],"about":[{"href":"https:\/\/lemotdujour.fr\/index.php?rest_route=\/wp\/v2\/types\/post"}],"author":[{"embeddable":true,"href":"https:\/\/lemotdujour.fr\/index.php?rest_route=\/wp\/v2\/users\/1"}],"replies":[{"embeddable":true,"href":"https:\/\/lemotdujour.fr\/index.php?rest_route=%2Fwp%2Fv2%2Fcomments&post=824"}],"version-history":[{"count":4,"href":"https:\/\/lemotdujour.fr\/index.php?rest_route=\/wp\/v2\/posts\/824\/revisions"}],"predecessor-version":[{"id":9816,"href":"https:\/\/lemotdujour.fr\/index.php?rest_route=\/wp\/v2\/posts\/824\/revisions\/9816"}],"wp:attachment":[{"href":"https:\/\/lemotdujour.fr\/index.php?rest_route=%2Fwp%2Fv2%2Fmedia&parent=824"}],"wp:term":[{"taxonomy":"category","embeddable":true,"href":"https:\/\/lemotdujour.fr\/index.php?rest_route=%2Fwp%2Fv2%2Fcategories&post=824"},{"taxonomy":"post_tag","embeddable":true,"href":"https:\/\/lemotdujour.fr\/index.php?rest_route=%2Fwp%2Fv2%2Ftags&post=824"}],"curies":[{"name":"wp","href":"https:\/\/api.w.org\/{rel}","templated":true}]}}