{"id":8237,"date":"2020-03-04T04:21:04","date_gmt":"2020-03-04T03:21:04","guid":{"rendered":"http:\/\/lemotdujour.fr\/?p=8237"},"modified":"2020-03-04T07:19:26","modified_gmt":"2020-03-04T06:19:26","slug":"mercredi-4-mars-2020","status":"publish","type":"post","link":"https:\/\/lemotdujour.fr\/?p=8237","title":{"rendered":"Mercredi 4 mars 2020"},"content":{"rendered":"<div class=\"mdjTexte\">\u00ab&nbsp;Il n\u2019y a pas de socialisme en Am\u00e9rique, parce qu\u2019on n\u2019a pas de prol\u00e9taires mais des capitalistes momentan\u00e9ment dans l\u2019embarras.&nbsp;\u00bb<\/div>\n<div class=\"mdjAuteur\">John Steinbeck<\/div>\n<p><span style=\"color: #777777; font-family: Arial;\">Cette phrase de John Steinbeck qu&rsquo;il aurait prononc\u00e9e dans les ann\u00e9es 1930 a \u00e9t\u00e9 cit\u00e9e par Christine Ockrent lors de son \u00e9mission que j&rsquo;ai d\u00e9j\u00e0 \u00e9voqu\u00e9e hier &lt;<span style=\"color: #0000ff;\"><a style=\"color: #0000ff;\" href=\"https:\/\/www.franceculture.fr\/emissions\/affaires-etrangeres\/presidentielle-americaine-le-tournant-democrate\">Affaires \u00e9trang\u00e8res<\/a><\/span>&gt;.<br \/>\n<\/span><\/p>\n<p><img loading=\"lazy\" decoding=\"async\" class=\"alignleft\" src=\"https:\/\/lemotdujour.fr\/wp-content\/uploads\/2020\/03\/030320_2221_Mercredi4ma1.jpg\" alt=\"\" width=\"300\" height=\"330\" align=\"left\"><span style=\"color: #777777; font-family: Arial;\">L&rsquo;immense auteur des \u00ab<strong>&nbsp;Raisins de la Col\u00e8re<\/strong>&nbsp;\u00bb, \u00ab&nbsp;<strong>A l&rsquo;est d&rsquo;Eden<\/strong>&nbsp;\u00bb, \u00ab&nbsp;<strong>Des souris et des hommes<\/strong>&nbsp;\u00bb voulait exprimer par cette phrase que les am\u00e9ricains exploit\u00e9s n&rsquo;avaient pas de conscience de classe. Ils ne consid\u00e9raient pas qu&rsquo;ils faisaient partie d&rsquo;une m\u00eame classe mais ils croyaient au r\u00e9cit du r\u00eave am\u00e9ricain qui pr\u00e9tendait que tout le monde avait la possibilit\u00e9 de devenir riche s&rsquo;il travaillait beaucoup et savait saisir les opportunit\u00e9s qui lui \u00e9taient offerts.<br \/>\n<\/span><\/p>\n<p><span style=\"color: #777777; font-family: Arial;\">John Steinbeck avait des amiti\u00e9s socialistes et regrettait cette mentalit\u00e9 am\u00e9ricaine.<br \/>\n<\/span><\/p>\n<p><span style=\"color: #777777; font-family: Arial;\">Il y a eu quelques cas qui ont pu faire croire que ce mythe constituait une r\u00e9alit\u00e9 atteignable par un grand nombre de personnes.<br \/>\n<\/span><\/p>\n<p><span style=\"color: #777777; font-family: Arial;\">Aujourd&rsquo;hui ce r\u00e9cit est de moins en moins vrai, ce qui explique probablement le succ\u00e8s qu&rsquo;obtient Bernie Sanders.<br \/>\n<\/span><\/p>\n<p><span style=\"color: maroon; font-family: Arial;\">&lt;1362&gt;<\/span><\/p>\n","protected":false},"excerpt":{"rendered":"<p>\u00ab&nbsp;Il n\u2019y a pas de socialisme en Am\u00e9rique, parce qu\u2019on n\u2019a pas de prol\u00e9taires mais des capitalistes momentan\u00e9ment dans l\u2019embarras.&nbsp;\u00bb John Steinbeck Cette phrase de John Steinbeck qu&rsquo;il aurait prononc\u00e9e dans les ann\u00e9es 1930 a \u00e9t\u00e9 cit\u00e9e par Christine Ockrent<\/p>\n","protected":false},"author":1,"featured_media":0,"comment_status":"open","ping_status":"closed","sticky":false,"template":"","format":"standard","meta":{"footnotes":""},"categories":[1],"tags":[65,9,112],"class_list":["post-8237","post","type-post","status-publish","format-standard","hentry","category-motdujour","tag-etats-unis","tag-litterature","tag-socialisme"],"_links":{"self":[{"href":"https:\/\/lemotdujour.fr\/index.php?rest_route=\/wp\/v2\/posts\/8237","targetHints":{"allow":["GET"]}}],"collection":[{"href":"https:\/\/lemotdujour.fr\/index.php?rest_route=\/wp\/v2\/posts"}],"about":[{"href":"https:\/\/lemotdujour.fr\/index.php?rest_route=\/wp\/v2\/types\/post"}],"author":[{"embeddable":true,"href":"https:\/\/lemotdujour.fr\/index.php?rest_route=\/wp\/v2\/users\/1"}],"replies":[{"embeddable":true,"href":"https:\/\/lemotdujour.fr\/index.php?rest_route=%2Fwp%2Fv2%2Fcomments&post=8237"}],"version-history":[{"count":5,"href":"https:\/\/lemotdujour.fr\/index.php?rest_route=\/wp\/v2\/posts\/8237\/revisions"}],"predecessor-version":[{"id":8242,"href":"https:\/\/lemotdujour.fr\/index.php?rest_route=\/wp\/v2\/posts\/8237\/revisions\/8242"}],"wp:attachment":[{"href":"https:\/\/lemotdujour.fr\/index.php?rest_route=%2Fwp%2Fv2%2Fmedia&parent=8237"}],"wp:term":[{"taxonomy":"category","embeddable":true,"href":"https:\/\/lemotdujour.fr\/index.php?rest_route=%2Fwp%2Fv2%2Fcategories&post=8237"},{"taxonomy":"post_tag","embeddable":true,"href":"https:\/\/lemotdujour.fr\/index.php?rest_route=%2Fwp%2Fv2%2Ftags&post=8237"}],"curies":[{"name":"wp","href":"https:\/\/api.w.org\/{rel}","templated":true}]}}