{"id":8208,"date":"2020-02-28T01:27:37","date_gmt":"2020-02-28T00:27:37","guid":{"rendered":"http:\/\/lemotdujour.fr\/?p=8208"},"modified":"2020-03-21T20:24:25","modified_gmt":"2020-03-21T19:24:25","slug":"vendredi-28-fevrier-2020","status":"publish","type":"post","link":"https:\/\/lemotdujour.fr\/?p=8208","title":{"rendered":"Vendredi 28 f\u00e9vrier 2020"},"content":{"rendered":"<div class=\"mdjTexte\">\u00ab\u00a0Le pyl\u00f4ne qui valait 5 millions de dollars\u00a0\u00bb<\/div>\n<div class=\"mdjAuteur\">Histoire racont\u00e9e par Alexandre Laumonier<\/div>\n<p><span style=\"color: #777777; font-family: Arial;\">Apr\u00e8s avoir parl\u00e9 des riches autour de l&rsquo;hebdomadaire \u00ab\u00a0<strong>Le Un<\/strong>\u00a0\u00bb et cette question\u00a0: \u00ab\u00a0<strong>Les riches sont-ils trop riches\u00a0?<\/strong>\u00bb, je fais aujourd&rsquo;hui un pas de c\u00f4t\u00e9.<br \/>\n<\/span><\/p>\n<p><span style=\"color: #777777; font-family: Arial;\">Quoique je me demande s&rsquo;il n&rsquo;est pas encore question de riches ici&#8230;<br \/>\n<\/span><\/p>\n<p><span style=\"color: #777777; font-family: Arial;\">Mon information \u00e9tait pr\u00e9cise je savais que je trouverai le livre cherch\u00e9 \u00e0 la biblioth\u00e8que de la Part-Dieu, dans la salle \u00abSoci\u00e9t\u00e9\u00bb et sous la c\u00f4te \u00ab ECO 350 \u00bb. Sur l&rsquo;\u00e9tag\u00e8re, il y avait une vingtaine de livre, le plus fin \u00e9tait celui que je cherchais : <\/span><span style=\"color: #777777; font-family: Arial;\">\u00ab\u00a0<strong>4<\/strong>\u00a0\u00bb <strong>d&rsquo;Alexandre Laumonier<\/strong> aux \u00e9ditions Zones sensibles.<br \/>\n<\/span><\/p>\n<p><img decoding=\"async\" class=\"alignleft\" src=\"https:\/\/lemotdujour.fr\/wp-content\/uploads\/2020\/02\/022720_2227_Vendredi28f1.png\" alt=\"\" align=\"left\" \/><span style=\"color: #777777; font-family: Arial;\">Disposant de ce livre, ce soir, je peux donc partager avec vous l&rsquo;entame de cette enqu\u00eate, ce thriller ou plus simplement une histoire d&rsquo;aujourd&rsquo;hui.<br \/>\n<\/span><\/p>\n<p><span style=\"color: #777777; font-family: Arial;\">La sc\u00e8ne se passe en Belgique en 2012\u00a0:<br \/>\n<\/span><\/p>\n<p style=\"margin-left: 28pt;\"><span style=\"color: #c00000; font-family: Arial;\">\u00ab \u00c0 quelques mois de la retraite, le commissaire-priseur ne s&rsquo;attendait sans doute pas \u00e0 vivre les ench\u00e8res les plus \u00e9piques de sa carri\u00e8re.<br \/>\n<\/span><\/p>\n<p style=\"margin-left: 28pt;\"><span style=\"color: #c00000; font-family: Arial;\">En cette grise matin\u00e9e du 19 d\u00e9cembre 2012, dans une pi\u00e8ce du tout nouveau b\u00e2timent h\u00e9bergeant le Bureau f\u00e9d\u00e9ral de la province de Flandre-Occidentale, \u00e0 Bruges, <strong>le bien public 38025\/838\u00a0sv,<\/strong> d\u00e9crit comme un \u00ab\u2009<em>Gewezen militair domein met communicatietoren (hoogte 243,5-m) en acht ankerpunten\u2009<\/em>\u00bb, d&rsquo;une superficie de 1\u00a0hectare, 31\u00a0ares et 66 centiares<em>, <\/em>sis au 1,\u00a0rue du H\u00e9ron, \u00e0 <strong>Houtem,<\/strong> dans la r\u00e9gion des Mo\u00ebres, \u00e9tait mis aux ench\u00e8res par son propri\u00e9taire, le minist\u00e8re de la D\u00e9fense du Royaume de Belgique, <strong>au prix de 250\u2009000\u00a0euro<\/strong>s.<span style=\"font-size: 12pt;\"><br \/>\n<\/span><\/span><\/p>\n<p style=\"margin-left: 28pt;\"><span style=\"color: #c00000; font-family: Arial;\">\u00c0 10\u00a0heures, et sans une seule microseconde de retard, onze personnes se regroup\u00e8rent autour d&rsquo;une grande table rectangulaire. Le\u00a0commissaire-priseur, son secr\u00e9taire et un repr\u00e9sentant du minist\u00e8re s&rsquo;install\u00e8rent \u00e0 l&rsquo;une des extr\u00e9mit\u00e9s de la table, tandis qu&rsquo;en face d&rsquo;eux trois groupes distincts prirent place, se regardant en chien de fa\u00efence\u2009: un Am\u00e9ricain accompagn\u00e9 de deux avocats\u2009; deux autres avocats travaillant pour un prestigieux cabinet belge mandat\u00e9 par un acheteur potentiel\u2009; et deux ing\u00e9nieurs, qui rest\u00e8rent silencieux tout au long de la matin\u00e9e. Ils\u00a0n&rsquo;\u00e9taient pas venus pour acheter mais pour savoir qui allait l&#8217;emporter, information de premi\u00e8re importance pour un certain nombre de personnes, notamment en France, au Canada, aux Pays-Bas\u00a0et aux \u00c9tats-Unis.<span style=\"font-size: 12pt;\"><br \/>\n<\/span><\/span><\/p>\n<p style=\"margin-left: 28pt;\"><span style=\"color: #c00000; font-family: Arial;\">M\u00eame si la pr\u00e9sence d&rsquo;un cabinet d&rsquo;avocats haut de gamme \u00e9tait plut\u00f4t inhabituelle \u00e9tant donn\u00e9 la v\u00e9tust\u00e9 de l&rsquo;\u00ab\u2009ancien domaine militaire comprenant <strong>un pyl\u00f4ne de communication de 243,5\u00a0m\u00e8tres<\/strong>\u2009\u00bb, dont le minist\u00e8re souhaitait se d\u00e9barrasser, la s\u00e9ance d\u00e9buta sereinement. Le\u00a0commissaire-priseur v\u00e9rifia que les participants s&rsquo;\u00e9taient bien acquitt\u00e9s des 1\u2009000 euros de frais d&rsquo;inscription, s&rsquo;assura que tous avaient en leur possession les documents administratifs relatifs au domaine \u2013 y compris le relev\u00e9 cadastral, sur lequel le domaine militaire appara\u00eet en forme de croix \u2013, puis il fixa le pas d&rsquo;ench\u00e8res \u00e0 5\u2009000 euros et la vente d\u00e9marra.<span style=\"font-size: 12pt;\"><br \/>\n<\/span><\/span><\/p>\n<p style=\"margin-left: 28pt;\"><span style=\"color: #c00000; font-family: Arial;\">Ce\u00a0qui ne devait \u00eatre qu&rsquo;une formalit\u00e9 se transforma en une longue matin\u00e9e pendant laquelle le commissaire fut mis \u00e0 rude \u00e9preuve. Au\u00a0bout de vingt minutes seulement, la meilleure offre \u00e9tait d\u00e9j\u00e0 de 700\u2009000 euros, ce qui r\u00e9jouit <strong>le minist\u00e8re de la D\u00e9fense (il estimait secr\u00e8tement faire une bonne affaire \u00e0 partir de 400\u2009000\u00a0euros<\/strong>) mais d\u00e9stabilisa le commissaire-priseur. Il\u00a0d\u00e9cida alors de monter le pas d&rsquo;ench\u00e8res \u00e0 10\u2009000 euros pour acc\u00e9l\u00e9rer la vente, puis la meilleure offre atteignit rapidement 1\u2009million d&rsquo;euros, puis 1,1 million d&rsquo;euros, 1,2\u00a0million d&rsquo;euros, 1,3 million d&rsquo;euros, 1,4\u00a0million d&rsquo;euros\u2026 \u00c0 2\u00a0millions, une heure plus tard, le commissaire-priseur, qui transpirait de plus en plus, r\u00e9clama une pause et se r\u00e9fugia dans les toilettes pour se ressaisir. L&rsquo;histoire ne dit pas quelles pens\u00e9es furent les siennes devant l&rsquo;image de son visage sid\u00e9r\u00e9 que lui renvoya le miroir. \u00ab\u2009Du\u00a0c\u00f4t\u00e9 des vendeurs, personne n&rsquo;arrivait \u00e0 comprendre ce qui se passait\u2009\u00bb, raconte un t\u00e9moin, lui-m\u00eame d&rsquo;autant plus surpris par le montant des offres que, dans d&rsquo;autres circonstances, il aurait pu lui-m\u00eame ench\u00e9rir.<span style=\"font-size: 12pt;\"><br \/>\n<\/span><\/span><\/p>\n<p style=\"margin-left: 28pt;\"><span style=\"color: #c00000; font-family: Arial;\">Cette ann\u00e9e-l\u00e0, le Royaume de Belgique, en qu\u00eate de liquidit\u00e9s, avait d\u00e9j\u00e0 revendu bon nombre d&rsquo;installations d\u00e9militaris\u00e9es pour un total de 12\u00a0millions d&rsquo;euros. Parmi celles-ci\u2009: un vieux bunker c\u00e9d\u00e9 pour 350\u00a0euros \u00e0 un paysan ravi de pouvoir le d\u00e9molir car il se trouvait au milieu de son champ\u2009; un ancien fort construit pour d\u00e9fendre la ville d&rsquo;Anvers, rachet\u00e9 287\u2009000\u00a0euros par le riche pdg de Katoen Natie, une compagnie de logistique active dans les ports du monde entier\u2009; un ancien h\u00f4pital militaire achet\u00e9 4\u00a0millions d&rsquo;euros par la commune de Bruges pour \u00eatre transform\u00e9 en logements sociaux. \u00c0\u00a0ces 12\u00a0millions s&rsquo;ajouta, le 19\u00a0d\u00e9cembre 2012, le produit de la vente de l&rsquo;\u00ab\u2009ancien domaine militaire comprenant un pyl\u00f4ne de communication\u2009\u00bb. Au\u00a0terme de plus de trois heures et demie de bataille acharn\u00e9e, devant les repr\u00e9sentants de l&rsquo;\u00c9tat belge m\u00e9dus\u00e9s, <strong>le bien 38025\/838\u00a0SV fut finalement adjug\u00e9 5 millions d&rsquo;euros<\/strong>, soit la meilleure affaire du minist\u00e8re de la D\u00e9fense pour l&rsquo;ann\u00e9e 2012.<span style=\"font-size: 12pt;\"><br \/>\n<\/span><\/span><\/p>\n<p style=\"margin-left: 28pt;\"><span style=\"color: #c00000; font-family: Arial;\">Alors que les silencieux ing\u00e9nieurs sortaient pr\u00e9cipitamment de la salle du Bureau f\u00e9d\u00e9ral (le ticket de stationnement de leur voiture, malencontreusement gar\u00e9e devant un commissariat, \u00e9tait d\u00e9pass\u00e9 depuis longtemps), l&rsquo;un des avocats au service de ceux qui remport\u00e8rent la mise fut approch\u00e9 par l&rsquo;un de ses confr\u00e8res qui, lui, repr\u00e9sentait le camp vaincu. Le\u00a0perdant tendit au gagnant sa carte de visite\u2009: \u00ab\u2009<em>If\u00a0we can arrange, here is my phone number<\/em>.\u2009\u00bb Le\u00a09\u00a0janvier 2013, le minist\u00e8re rendit public l&rsquo;acte de cession du domaine militaire sans toutefois divulguer le nom du nouveau propri\u00e9taire. \u00ab\u2009Information confidentielle\u2009\u00bb, selon les services minist\u00e9riels.\u00a0\u00bb<span style=\"font-size: 12pt;\"><br \/>\n<\/span><\/span><\/p>\n<p><span style=\"color: #777777; font-family: Arial;\">Le livre raconte l&rsquo;histoire de ce pyl\u00f4ne construit par l&rsquo;arm\u00e9e am\u00e9ricaine dans le plat pays de Brel, l&rsquo;Histoire de cette r\u00e9gion appel\u00e9 les Mo\u00ebres et aussi de la raison pour laquelle une soci\u00e9t\u00e9 qui ne voulait pas \u00eatre connue, a mandat\u00e9 une autre soci\u00e9t\u00e9 et des avocats pour aller participer \u00e0 cette mise en ench\u00e8re et arracher la mise quelle qu&rsquo;en soit le prix. Et puis beaucoup d&rsquo;autres informations sur le m\u00e9tier de cette soci\u00e9t\u00e9 bas\u00e9e \u00e0 Chicago.<br \/>\n<\/span><\/p>\n<p><img loading=\"lazy\" decoding=\"async\" class=\"alignright\" src=\"https:\/\/lemotdujour.fr\/wp-content\/uploads\/2020\/02\/022720_2227_Vendredi28f2.jpg\" alt=\"\" width=\"369\" height=\"273\" align=\"left\" \/><span style=\"color: #777777; font-family: Arial;\">Alexandre Laumonier est belge, il a cr\u00e9\u00e9 en 2011 une maison d&rsquo;\u00e9dition \u00e9tablie \u00e0 Bruxelles, sp\u00e9cialis\u00e9e dans les sciences humaines : &lt;<span style=\"color: #0000ff;\"><a style=\"color: #0000ff;\" href=\"http:\/\/www.zones-sensibles.org\/news\/\">Zones Sensibles<\/a><\/span>&gt;<br \/>\n<\/span><\/p>\n<p><span style=\"color: #777777; font-family: Arial;\">Il se pr\u00e9sente dans cet article\u00a0: \u00ab\u00a0<\/span><span style=\"font-family: Arial; color: #0000ff;\"><a style=\"color: #0000ff;\" href=\"https:\/\/www.en-attendant-nadeau.fr\/2017\/03\/14\/entretien-alexandre-laumonier\/\">L&rsquo;art de publier des essais\u00a0<\/a><\/span><span style=\"color: #777777; font-family: Arial;\">\u00bb<br \/>\n<\/span><\/p>\n<p><span style=\"color: #777777; font-family: Arial;\">Le livre <a href=\"https:\/\/www.decitre.fr\/livres\/4-9782930601366.html\"><span style=\"color: #0000ff;\">\u00ab\u00a04\u00a0\u00bb<\/span><\/a> a non seulement \u00e9t\u00e9 \u00e9dit\u00e9 mais aussi \u00e9crit par cet \u00e9tonnant personnage. Il avait \u00e9t\u00e9 pr\u00e9c\u00e9d\u00e9 par \u00ab\u00a0<a href=\"https:\/\/www.decitre.fr\/livres\/6-9782757872543.html\"><span style=\"color: #0000ff;\">6<\/span><\/a>\/<a href=\"https:\/\/www.decitre.fr\/livres\/5-9782757872550.html\"><span style=\"color: #0000ff;\">5<\/span><\/a>\u00a0\u00bb. Un peu comme un compte \u00e0 rebours<br \/>\n<\/span><\/p>\n<p><span style=\"color: #777777; font-family: Arial;\">Mais quelle est la r\u00e9ponse \u00e0 cette question ? Qui peut vouloir payer 5 000 000 d&rsquo;euros pour un ancien pyl\u00f4ne de communication construit par l&rsquo;arm\u00e9e am\u00e9ricaine dans les ann\u00e9es 1960 et donn\u00e9 \u00e0 l&rsquo;arm\u00e9e belge qui ne savait qu&rsquo;en faire. En r\u00e9alit\u00e9 la page 28 du livre nous apprend que le co\u00fbt de remise en service du pyl\u00f4ne aura co\u00fbt\u00e9 1,5 millions d&rsquo;euros, ce qui porte le budget de l&rsquo;op\u00e9ration \u00e0 6,5 millions d&rsquo;euros.<br \/>\n<\/span><\/p>\n<p><span style=\"color: #777777; font-family: Arial;\">Ce pyl\u00f4ne avait \u00e9t\u00e9 construit par l&rsquo;arm\u00e9e am\u00e9ricaine pour transmettre des informations militaires par des micro-ondes notamment vers l&rsquo;Angleterre.<br \/>\n<\/span><\/p>\n<p><span style=\"color: #777777; font-family: Arial;\">En 2008, l&rsquo;arm\u00e9e am\u00e9ricaine s&rsquo;est d\u00e9barrass\u00e9e de cette infrastructure, couteuse \u00e0 entretenir, parce qu&rsquo;elle allait remplacer ces stations radio par un syst\u00e8me de communication moins cher et d&rsquo;une plus grande capacit\u00e9. Les informations n&rsquo;allaient plus transiter dans les airs mais sous terre, gr\u00e2ce \u00e0 une technologie plus r\u00e9cente que les ondes radio : la fibre optique, qui offre deux fois plus de d\u00e9bit.<br \/>\n<\/span><\/p>\n<p><span style=\"color: #777777; font-family: Arial;\">L&rsquo;arm\u00e9e belge pensait qu&rsquo;un acheteur allait d\u00e9monter ce pyl\u00f4ne et le d\u00e9biter pour en r\u00e9cup\u00e9rer le m\u00e9tal et les \u00e9quipements.<br \/>\n<\/span><\/p>\n<p><span style=\"color: #777777; font-family: Arial;\">Mais l&rsquo;acheteur voulait garder l&rsquo;\u00e9quipement et utiliser les ondes radios : les micros ondes<br \/>\n<\/span><\/p>\n<p><span style=\"color: #777777; font-family: Arial;\">Parce que s&rsquo;il y a moins de d\u00e9bit que sur la fibre optique, c&rsquo;est-\u00e0-dire le volume de\u00a0 donn\u00e9es qu&rsquo;on peut transmettre, cette technologie permet de transmettre des informations plus rapidement<br \/>\n<\/span><\/p>\n<p><span style=\"color: #777777; font-family: Arial;\">Le gain parait d\u00e9risoire.<br \/>\n<\/span><\/p>\n<p><span style=\"color: #777777; font-family: Arial;\">&lt;<a href=\"https:\/\/www.en-attendant-nadeau.fr\/2019\/02\/25\/prix-vitesse-alexandre-laumonier\/\"><span style=\"color: #0000ff;\">Cet article<\/span><\/a>&gt; qui pr\u00e9sente le livre explique\u00a0:<br \/>\n<\/span><\/p>\n<p style=\"margin-left: 28pt;\"><span style=\"color: #c00000; font-family: Arial;\">\u00ab\u00a0Cette soci\u00e9t\u00e9 gagna plus ou moins 10 microsecondes de temps de latence, soit 0,00001 seconde, soit cent fois moins de temps qu&rsquo;il n&rsquo;en faut \u00e0 un \u00eatre humain pour cligner de l&rsquo;\u0153il. La \u00a0\u00bbvaleur\u00a0\u00bb d&rsquo;une seule microseconde \u00e9tait donc, en 2013, de 650.000 euros<em>.<\/em>\u00a0\u00bb<br \/>\n<\/span><\/p>\n<p><span style=\"color: #777777; font-family: Arial;\">Voil\u00e0 o\u00f9 en est la soci\u00e9t\u00e9 humaine aujourd&rsquo;hui.<br \/>\n<\/span><\/p>\n<p><span style=\"color: #777777; font-family: Arial;\">Mais avant de condamner, il faut comprendre pourquoi les hommes, dont nous faisons partie aspirent \u00e0 cette vitesse. Mais cette r\u00e9flexion attendra un autre mot du jour.<br \/>\n<\/span><\/p>\n<p><span style=\"color: #777777; font-family: Arial;\">Pour revenir au prix exorbitant de ce pyl\u00f4ne charg\u00e9 de transmettre des ondes radios, il faut une carte que Google nous offre gratuitement.<br \/>\n<\/span><\/p>\n<p><img decoding=\"async\" src=\"https:\/\/lemotdujour.fr\/wp-content\/uploads\/2020\/02\/022720_2227_Vendredi28f3.jpg\" alt=\"\" \/><span style=\"color: #777777; font-family: Arial;\"><br \/>\n<\/span><\/p>\n<p><span style=\"color: #777777; font-family: Arial;\">Le pyl\u00f4ne de Houtem, dans la r\u00e9gion des Mo\u00ebres est sur le trajet, en ligne direct, \u00e0 peu pr\u00e8s \u00e0 mi-chemin entre <strong>Francfort-sur-le Main<\/strong>, la place financi\u00e8re de l&rsquo;immense puissance \u00e9conomique Allemande et si\u00e8ge de la BCE et <strong>Londres<\/strong>, la city, la plus grande place financi\u00e8re du monde.<br \/>\n<\/span><\/p>\n<p><span style=\"color: #777777; font-family: Arial;\">Gagner des micro-secondes lors du transfert d&rsquo;informations entre Londres et Francfort a motiv\u00e9 la soci\u00e9t\u00e9 de trading \u00e0 haute fr\u00e9quence de Chicago du nom de <strong>Jump Trading <\/strong>\u00e0 d\u00e9bourser 5 000 000 d&rsquo;euros et quelques frais annexes d&rsquo;avocats et des interm\u00e9diaires pour ne pas appara\u00eetre dans la transaction.<br \/>\n<\/span><\/p>\n<p><span style=\"color: #777777; font-family: Arial;\">Ma source qui m&rsquo;a conduit \u00e0 aller \u00e0 la Biblioth\u00e8que de la Part-Dieu pour aller chercher ce livre qui contient encore bien d&rsquo;autres informations est <strong>Xavier de la Porte<\/strong> que je n&rsquo;avais pas cit\u00e9 depuis longtemps.<br \/>\n<\/span><\/p>\n<p><span style=\"color: #777777; font-family: Arial;\">Il produit un podcast natif sur France Inter, ce qui signifie qu&rsquo;il ne s&rsquo;agit pas d&rsquo;une \u00e9mission que vous pouvez \u00e9couter \u00e0 la radio.<br \/>\n<\/span><\/p>\n<p><span style=\"color: #777777; font-family: Arial;\">Ce podcast s&rsquo;appelle &lt;<span style=\"color: #0000ff;\"><a style=\"color: #0000ff;\" href=\"https:\/\/www.franceinter.fr\/emissions\/le-code-a-change\">Le code a chang\u00e9<\/a><\/span>&gt;.<br \/>\n<\/span><\/p>\n<p><span style=\"color: #777777; font-family: Arial;\">Pour pr\u00e9senter le livre et Alexandre Laumonier, il a fait cet aveu :<br \/>\n<\/span><\/p>\n<p style=\"margin-left: 28pt;\"><span style=\"color: #c00000; font-family: Arial;\">\u00ab\u00a0C&rsquo;est le genre d&rsquo;histoire qui me passionne parce qu&rsquo;elle montre que la technologie, c&rsquo;est une affaire tr\u00e8s mat\u00e9rielle. Une affaire de c\u00e2ble, d&rsquo;ondes, de hauteur, de vitesse. Le genre d&rsquo;histoire qui me passionne parce qu&rsquo;elle raconte la folie des hommes, une folie qui est souvent tr\u00e8s ancienne et que les technologies d&rsquo;aujourd&rsquo;hui ne font souvent que rendre plus \u00e9vidente.\u00a0\u00bb<br \/>\n<\/span><\/p>\n<p><span style=\"color: #777777; font-family: Arial;\">Le livre <a href=\"https:\/\/www.decitre.fr\/livres\/4-9782930601366.html\"><span style=\"color: #0000ff;\">\u00ab\u00a04\u00a0\u00bb<\/span><\/a> porte pour exergue cette phrase de <span style=\"color: #0000ff;\"><a style=\"color: #0000ff;\" href=\"https:\/\/fr.wikipedia.org\/wiki\/Ludwig_Wittgenstein\">Ludwig Wittgenstein<\/a><\/span>. philosophe et math\u00e9maticien britannique d&rsquo;origine autrichienne :<br \/>\n<\/span><\/p>\n<p style=\"margin-left: 28pt;\"><span style=\"color: #c00000; font-family: Arial;\">\u00ab\u00a0Nous attendons \u00e0 tort une explication alors qu&rsquo;une description constitue\u00a0la solution de la difficult\u00e9, pour peu que nous lui donnions sa juste place,\u00a0que nous arr\u00eations \u00e0 elle, sans chercher \u00e0 la d\u00e9passer.\u00a0C&rsquo;est cela qui est difficile, s&rsquo;arr\u00eater.\u00a0\u00bb<br \/>\n<\/span><\/p>\n<p><span style=\"color: maroon; font-family: Arial;\">&lt;1359&gt;<\/span><\/p>\n","protected":false},"excerpt":{"rendered":"<p>\u00ab\u00a0Le pyl\u00f4ne qui valait 5 millions de dollars\u00a0\u00bb Histoire racont\u00e9e par Alexandre Laumonier Apr\u00e8s avoir parl\u00e9 des riches autour de l&rsquo;hebdomadaire \u00ab\u00a0Le Un\u00a0\u00bb et cette question\u00a0: \u00ab\u00a0Les riches sont-ils trop riches\u00a0?\u00bb, je fais aujourd&rsquo;hui un pas de c\u00f4t\u00e9. Quoique je<\/p>\n","protected":false},"author":1,"featured_media":0,"comment_status":"closed","ping_status":"closed","sticky":false,"template":"","format":"standard","meta":{"footnotes":""},"categories":[1],"tags":[10,32,7],"class_list":["post-8208","post","type-post","status-publish","format-standard","hentry","category-motdujour","tag-economie","tag-numerique","tag-societe"],"_links":{"self":[{"href":"https:\/\/lemotdujour.fr\/index.php?rest_route=\/wp\/v2\/posts\/8208","targetHints":{"allow":["GET"]}}],"collection":[{"href":"https:\/\/lemotdujour.fr\/index.php?rest_route=\/wp\/v2\/posts"}],"about":[{"href":"https:\/\/lemotdujour.fr\/index.php?rest_route=\/wp\/v2\/types\/post"}],"author":[{"embeddable":true,"href":"https:\/\/lemotdujour.fr\/index.php?rest_route=\/wp\/v2\/users\/1"}],"replies":[{"embeddable":true,"href":"https:\/\/lemotdujour.fr\/index.php?rest_route=%2Fwp%2Fv2%2Fcomments&post=8208"}],"version-history":[{"count":5,"href":"https:\/\/lemotdujour.fr\/index.php?rest_route=\/wp\/v2\/posts\/8208\/revisions"}],"predecessor-version":[{"id":8220,"href":"https:\/\/lemotdujour.fr\/index.php?rest_route=\/wp\/v2\/posts\/8208\/revisions\/8220"}],"wp:attachment":[{"href":"https:\/\/lemotdujour.fr\/index.php?rest_route=%2Fwp%2Fv2%2Fmedia&parent=8208"}],"wp:term":[{"taxonomy":"category","embeddable":true,"href":"https:\/\/lemotdujour.fr\/index.php?rest_route=%2Fwp%2Fv2%2Fcategories&post=8208"},{"taxonomy":"post_tag","embeddable":true,"href":"https:\/\/lemotdujour.fr\/index.php?rest_route=%2Fwp%2Fv2%2Ftags&post=8208"}],"curies":[{"name":"wp","href":"https:\/\/api.w.org\/{rel}","templated":true}]}}