{"id":8182,"date":"2020-02-26T00:04:24","date_gmt":"2020-02-25T23:04:24","guid":{"rendered":"http:\/\/lemotdujour.fr\/?p=8182"},"modified":"2020-02-26T00:17:50","modified_gmt":"2020-02-25T23:17:50","slug":"mercredi-26-fevrier-2020","status":"publish","type":"post","link":"https:\/\/lemotdujour.fr\/?p=8182","title":{"rendered":"Mercredi 26 f\u00e9vrier 2020"},"content":{"rendered":"<div class=\"mdjTexte\">\u00ab\u00a0On commencerait par la perruque, et \u00e0 la fin de l\u2019histoire, on l\u2019enl\u00e8verait comme si de rien n\u2019\u00e9tait. \u00a0\u00bb<\/div>\n<div class=\"mdjAuteur\">L\u00e9onor de R\u00e9condo<\/div>\n<p><span style=\"color: #777777; font-family: Arial;\">Je continue \u00e0 picorer dans le \u00ab\u00a0<strong>Un<\/strong>\u00a0\u00bb qui pose cette question qui pour certains est parfaitement stupide, qui pour d&rsquo;autres entra\u00eene une r\u00e9ponse affirmative \u00e9vidente\u00a0;\u00a0 \u00ab\u00a0<strong>Les riches sont-ils trop riches\u00a0?<\/strong>\u00a0\u00bb<br \/>\n<\/span><\/p>\n<p><span style=\"color: #777777; font-family: Arial;\">Hier nous \u00e9tions dans le concept\u00a0: comment d\u00e9terminer le seuil \u00e0 partir duquel on est riche\u00a0?<br \/>\n<\/span><\/p>\n<p><span style=\"color: #777777; font-family: Arial;\">Nous avons surtout compris que le plus souvent le riche c&rsquo;\u00e9tait l&rsquo;autre.<br \/>\n<\/span><\/p>\n<p><span style=\"color: #777777; font-family: Arial;\">Et pourtant les grands philosophes nous le disent et nous le savons intimement\u00a0: l&rsquo;argent ne fait pas le bonheur. Ou plus exactement, il fait une partie du bonheur jusqu&rsquo;\u00e0 un certain niveau, mais au-del\u00e0 plus du tout.<br \/>\n<\/span><\/p>\n<p><span style=\"color: #777777; font-family: Arial;\">Aujourd&rsquo;hui, \u00e0 l&rsquo;aide de <strong>L\u00e9onor de R\u00e9condo<\/strong>, je vous invite \u00e0 regarder la grande richesse \u00e0 hauteur d&rsquo;homme.<br \/>\n<\/span><\/p>\n<p><span style=\"color: #777777; font-family: Arial;\">Pour \u00eatre pr\u00e9cis, il ne s&rsquo;agit pas de la richesse, mais du comportement d&rsquo;hyper riches quand ils se laissent aller \u00e0 exprimer pleinement leur <span style=\"color: #0000ff;\"><a style=\"color: #0000ff;\" href=\"https:\/\/fr.wiktionary.org\/wiki\/hubris\">hubris<\/a><\/span>.<br \/>\n<\/span><\/p>\n<p><img decoding=\"async\" class=\"alignleft\" src=\"https:\/\/lemotdujour.fr\/wp-content\/uploads\/2020\/02\/022520_2256_Mercredi26f1.jpg\" alt=\"\" align=\"left\" \/><span style=\"color: #777777; font-family: Arial;\">Le \u00ab\u00a0Un\u00a0\u00bb rapporte donc ce r\u00e9cit de L\u00e9onor de R\u00e9condo, qui fait d\u00e9buter son r\u00e9cit \u00e0 l&rsquo;h\u00f4tel des menus plaisirs de Versailles\u00a0:<br \/>\n<\/span><\/p>\n<p style=\"margin-left: 28pt;\"><span style=\"color: #c00000; font-family: Arial;\">\u00ab\u00a0On commencerait par la perruque, oui c&rsquo;est \u00e7a. On commencerait par la perruque, et \u00e0 la fin de l&rsquo;histoire, on l&rsquo;enl\u00e8verait comme si de rien n&rsquo;\u00e9tait.<br \/>\n<\/span><\/p>\n<p style=\"margin-left: 28pt;\"><span style=\"color: #c00000; font-family: Arial;\">L&rsquo;histoire officielle d\u00e9bute au ch\u00e2teau de Versailles, quand les invit\u00e9s arrivent. Ils sont escort\u00e9s, ni cal\u00e8ches ni valets, pas encore, ils sont pour l&rsquo;instant dans des berlines noires avec chauffeur, et sur leur trente-et-un. Quand la nuit tombe sur ce 9 mars 2014, ils sont \u00e0 la fois excit\u00e9s et anxieux de ce qui les attend. Les ors, du vin et des mets, et des privil\u00e8ges qui ne les prot\u00e8gent ni de la vulgarit\u00e9 ni des artifices. Quelques heures en ce ch\u00e2teau pour se chauffer au miroitement du Roi-Soleil, pour croire \u00e0 ce conte de f\u00e9es mis en sc\u00e8ne et en bouche, une fois dans leur vie.<br \/>\n<\/span><\/p>\n<p style=\"margin-left: 28pt;\"><span style=\"color: #c00000; font-family: Arial;\">L&rsquo;histoire officieuse, la mienne, commence quelques heures auparavant \u00e0 l&rsquo;h\u00f4tel des Menus-Plaisirs, l\u00e0 o\u00f9 a \u00e9t\u00e9 vot\u00e9e l&rsquo;abolition des privil\u00e8ges, on a du mal \u00e0 y croire. On est une cinquantaine de danseurs, com\u00e9diens, figurants et une quinzaine de musiciens dont moi. On me trouve une robe, dentelles et couleurs pastel, coupe Louis XIV, ajust\u00e9e \u00e0 la taille, pigeonnante au d\u00e9collet\u00e9, un peu \u00e9lim\u00e9e, maintes fois port\u00e9e. On me dit qu&rsquo;elle provient du stock de la Com\u00e9die-Fran\u00e7aise. Versailles et le Fran\u00e7ais, on se prendrait presque au jeu. Manquent encore le maquillage poudr\u00e9 blanc, rose aux joues, une mouche de velours noir, une \u00ab galante \u00bb, me pr\u00e9cise-t-on, sur la pommette. Et puis, le filet sur le cr\u00e2ne avant la perruque haute, blanche, guirlande de boucles sur la nuque, \u00e9pingles qui scalpent, sourire de rigueur.\u00a0\u00bb<br \/>\n<\/span><\/p>\n<p><span style=\"color: #777777; font-family: Arial;\">Il s&rsquo;agit de la f\u00eate d&rsquo;anniversaire que Carlos Ghosn a organis\u00e9 au ch\u00e2teau de Versailles le 9 mars 2014.<br \/>\n<\/span><\/p>\n<p><span style=\"color: #777777; font-family: Arial;\">Carlos Ghosn affirme que cette f\u00eate a eu lieu pour les 15 ans de l&rsquo;Alliance Renault-Nissan.<br \/>\n<\/span><\/p>\n<p><span style=\"color: #777777; font-family: Arial;\">De mani\u00e8re factuelle, Carlos Ghosn \u00e9tant n\u00e9 9 mars 1954, cette date constituait le jour de son 60e anniversaire. La date officielle de l&rsquo;anniversaire de l&rsquo;Alliance est quant \u00e0 elle le 27 mars.<br \/>\n<\/span><\/p>\n<p><span style=\"color: #777777; font-family: Arial;\">L&rsquo;\u00ab\u00a0Obs\u00a0\u00bb cher \u00e0 jean Daniel a \u00e9crit un article \u00e9clairant\u00a0: \u00ab\u00a0<a href=\"https:\/\/www.nouvelobs.com\/economie\/20190509.OBS12657\/la-video-de-la-folle-soiree-d-anniversaire-de-carlos-ghosn-a-versailles.html\"><span style=\"color: #0000ff;\">La vid\u00e9o de la folle soir\u00e9e d&rsquo;anniversaire de Carlos Ghosn \u00e0 Versailles<\/span>\u00a0<\/a>\u00bb.<br \/>\n<\/span><\/p>\n<p><img decoding=\"async\" class=\"alignleft\" src=\"https:\/\/lemotdujour.fr\/wp-content\/uploads\/2020\/02\/022520_2256_Mercredi26f2.jpg\" alt=\"\" align=\"left\" \/><span style=\"color: #c00000; font-family: Arial;\">\u00ab\u00a0Un travelling dans la galerie des Glaces o\u00f9 des convives en smoking ou robes de soir\u00e9e et des figurants costum\u00e9s comme au temps de Louis XIV regardent par les fen\u00eatres un magnifique feu d&rsquo;artifice tir\u00e9 des jardins du ch\u00e2teau.<br \/>\n<\/span><\/p>\n<p style=\"margin-left: 28pt;\"><span style=\"color: #c00000; font-family: Arial;\">Voil\u00e0 comment se termine une incroyable vid\u00e9o tourn\u00e9e \u00e0 Versailles le 9 mars 2014, lors d&rsquo;une grande soir\u00e9e pay\u00e9e 634 000 euros par la filiale n\u00e9erlandaise Renault-Nissan BV et organis\u00e9e le soir des 60 ans de Carlos Ghosn. Un film de huit minutes et vingt secondes tout en lustre, dorures, et exc\u00e8s, [\u2026] De quoi conforter la conclusion des auditeurs du cabinet Mazars qui, apr\u00e8s avoir scrut\u00e9 les comptes de la filiale Renault-Nissan BV, ont jug\u00e9 que cette soir\u00e9e \u00e9tait un \u00e9v\u00e9nement priv\u00e9 et en aucun cas une f\u00eate pour les quinze ans de l&rsquo;alliance comme avanc\u00e9 par Carlos Ghosn, m\u00eame si c&rsquo;\u00e9tait le th\u00e8me officiel de l&rsquo;\u00e9v\u00e9nement et du discours d&rsquo;accueil du PDG : ainsi que \u00ab l&rsquo;Obs \u00bb l&rsquo;avait r\u00e9v\u00e9l\u00e9 en f\u00e9vrier apr\u00e8s avoir eu acc\u00e8s \u00e0 la premi\u00e8re liste d&rsquo;envoi des invitations, de tr\u00e8s nombreux amis ou connaissances personnelles du PDG \u00e9taient convi\u00e9s, dont quantit\u00e9 de Libanais, et seules de tr\u00e8s rares relations d&rsquo;affaires de l&rsquo;alliance. Carlos Ghosn assure, lui, que sa soir\u00e9e d&rsquo;anniversaire a eu lieu le lendemain dans un restaurant parisien&#8230; et pay\u00e9e de sa poche.\u00a0\u00bb<br \/>\n<\/span><\/p>\n<p><span style=\"color: #777777; font-family: Arial;\">Baudelaire a \u00e9crit dans son \u00ab\u00a0invitation au voyage\u00a0\u00bb<br \/>\n<\/span><\/p>\n<p style=\"margin-left: 28pt;\"><span style=\"color: #c00000; font-family: Arial;\">L\u00e0, tout n&rsquo;est qu&rsquo;ordre et beaut\u00e9, Luxe, calme et volupt\u00e9.<br \/>\n<\/span><\/p>\n<p><span style=\"color: #777777; font-family: Arial;\">Les hyper riches adorent le luxe et la volupt\u00e9<br \/>\n<\/span><\/p>\n<p><span style=\"color: #777777; font-family: Arial;\">Mais le d\u00e9voilement des faits, nous apprend aussi que les hyper riches aiment faire payer ce luxe par les autres. Ici la filiale n\u00e9erlandaise de Renault-Nissan.<br \/>\n<\/span><\/p>\n<p><span style=\"color: #777777; font-family: Arial;\">Dans sa conf\u00e9rence de presse de Beyrouth apr\u00e8s son \u00e9vasion du Japon, Carlos Ghosn &lt;<a href=\"http:\/\/www.leparisien.fr\/video\/video-carlos-ghosn-s-explique-sur-sa-soiree-au-chateau-de-versailles-08-01-2020-8231811.php\"><span style=\"color: #0000ff;\">s&rsquo;est d\u00e9fendu<\/span><\/a>&gt; avec vigueur.<br \/>\n<\/span><\/p>\n<p><span style=\"color: #777777; font-family: Arial;\">Il a d\u00e9nonc\u00e9 une \u00ab\u00a0diffamation\u00a0\u00bb et a expliqu\u00e9 la raison de c\u00e9l\u00e9brer les 15 ans de l&rsquo;Alliance Renault-Nissan dans un lieu aussi somptueux\u00a0:<br \/>\n<\/span><\/p>\n<p style=\"margin-left: 28pt;\"><span style=\"color: #c00000; font-family: Arial;\">\u00ab\u00a0Versailles, ce n&rsquo;est pas Louis XIV, Versailles, c&rsquo;est le site le plus visit\u00e9 en France, c&rsquo;est le symbole du g\u00e9nie fran\u00e7ais, c&rsquo;est un symbole de l&rsquo;ouverture de la France sur le monde. Ce n&rsquo;est pas parce que l&rsquo;on veut imiter tel ou tel roi ou reine, Louis XIV ou Marie-Antoinette\u00a0\u00bb<br \/>\n<\/span><\/p>\n<p style=\"margin-left: 28pt;\"><img loading=\"lazy\" decoding=\"async\" class=\"alignleft\" src=\"https:\/\/lemotdujour.fr\/wp-content\/uploads\/2020\/02\/022520_2256_Mercredi26f3.jpg\" alt=\"\" width=\"411\" height=\"206\" align=\"left\" \/><span style=\"color: #777777; font-family: Arial;\">Mais il l&rsquo;assure, il a m\u00eame adress\u00e9 un discours portant sur l&rsquo;Alliance lors de cette soir\u00e9e. Manque de chance, ce discours a aujourd&rsquo;hui myst\u00e9rieusement \u00ab\u00a0disparu\u00a0\u00bb.<br \/>\n<\/span><\/p>\n<p><span style=\"color: #777777; font-family: Arial;\">Et pour expliquer l&rsquo;absence des autres directeurs de Renault Nissan, il a aussi son argument\u00a0;<br \/>\n<\/span><\/p>\n<p style=\"margin-left: 28pt;\"><span style=\"color: #c00000; font-family: Arial;\">\u00ab\u00a0Eh bien, c&rsquo;est parce que cette f\u00eate n&rsquo;\u00e9tait pas pour eux, cette f\u00eate \u00e9tait pour les partenaires et particuli\u00e8rement les partenaires \u00e9trangers. Si on invite un Fran\u00e7ais \u00e0 Versailles, il s&rsquo;en fiche, mais si on invite un Chinois, un Japonais, un Am\u00e9ricain, eux, \u00e7a les int\u00e9resse beaucoup. C&rsquo;est pour \u00e7a qu&rsquo;on a fait \u00e7a \u00e0 Versailles.\u00a0\u00bb<br \/>\n<\/span><\/p>\n<p><span style=\"color: #777777; font-family: Arial;\">&lt;<a href=\"https:\/\/www.nouvelobs.com\/economie\/20200108.OBS23206\/la-drole-de-version-de-carlos-ghosn-sur-sa-soiree-d-anniversaire-au-chateau-de-versailles.html\"><span style=\"color: #0000ff;\">L&rsquo;Obs<\/span><\/a>&gt; a r\u00e9pondu \u00e0 ces arguments.<br \/>\n<\/span><\/p>\n<p style=\"margin-left: 28pt;\"><span style=\"color: #c00000; font-family: Arial;\">\u00ab\u00a0Selon nos informations, Carlos Ghosn a effectivement prononc\u00e9 un discours \u00e0 propos des quinze ans de l&rsquo;alliance Renault-Nissan en ouverture de la soir\u00e9e, avant celui de Catherine P\u00e9gard, patronne du ch\u00e2teau de Versailles.<br \/>\n<\/span><\/p>\n<p style=\"margin-left: 28pt;\"><span style=\"color: #c00000; font-family: Arial;\">[A propos des invit\u00e9s] Outre quelques personnes ayant des relations d&rsquo;affaires avec Renault-Nissan, \u00e9taient pr\u00e9sents aussi des convives dont la pr\u00e9sence peut se justifier comme un ancien s\u00e9nateur am\u00e9ricain du Mississipi o\u00f9 Nissan a une usine. Mais selon nos informations, de nombreuses personnalit\u00e9s n&rsquo;ayant aucun lien avec Renault-Nissan, en France et \u00e0 l&rsquo;\u00e9tranger, \u00e9taient pr\u00e9sentes \u00e0 cette folle soir\u00e9e. On peut ainsi citer un grand nombre de businessmen libanais, dont Raymond Debanne, Marwan Hamad\u00e9, Gilbert Chaghoury, Najil Nahas, Hussein Khalifa, Nadim Saikali, ou Maurice Sehnaoui.<br \/>\n<\/span><\/p>\n<p style=\"margin-left: 28pt;\"><span style=\"color: #c00000; font-family: Arial;\">Mais aussi : son beau-p\u00e8re et sa belle-m\u00e8re Arfin et Greta Malas ; Etienne Debban\u00e9, copropri\u00e9taire avec Ghosn d&rsquo;un vignoble au Liban ; Samir et Laura Lahoud, figures de la jet-set libanaise ; Amin Maalouf, \u00e9crivain libanais ; Nayla Moawad, femme politique libanaise ; Salim Daccache, l&rsquo;ancien directeur du lyc\u00e9e j\u00e9suite \u00e0 Beyrouth o\u00f9 Ghosn a \u00e9tudi\u00e9 ; Mario Sarada, partenaire de Ghosn dans un complexe immobilier ; Alison Levasseur, architecte d&rsquo;int\u00e9rieur ; Ivonne Abdel Baki, femme politique \u00e9quatorienne d&rsquo;origine libanaise [\u2026] \u00e0 l&rsquo;issue de la soir\u00e9e, une des filles de Carlos Ghosn a publi\u00e9 sur Instagram une photo accompagn\u00e9e du mot-clef explicite #familyreunion.\u00a0\u00bb<br \/>\n<\/span><\/p>\n<p><img decoding=\"async\" src=\"https:\/\/lemotdujour.fr\/wp-content\/uploads\/2020\/02\/022520_2256_Mercredi26f4.jpg\" alt=\"\" align=\"left\" \/><span style=\"color: #777777; font-family: Arial;\"><br \/>\n<\/span><\/p>\n<p><span style=\"color: #777777; font-family: Arial;\">&lt;<a href=\"https:\/\/www.lemonde.fr\/economie\/article\/2020\/02\/24\/soirees-a-versailles-renault-se-constitue-partie-civile-dans-l-enquete-visant-carlos-ghosn_6030687_3234.html\"><span style=\"color: #0000ff;\">Le Monde<\/span><\/a>&gt; nous apprend que Le constructeur automobile fran\u00e7ais Renault a annonc\u00e9 lundi 24 f\u00e9vrier qu&rsquo;il se constituait partie civile dans le cadre de l&rsquo;enqu\u00eate judiciaire en France pour abus de biens sociaux visant son ex-patron, qui a \u00e9t\u00e9 transmise jeudi \u00e0 un juge d&rsquo;instruction et qui concerne cette soir\u00e9e et une autre. Car en 2016, une autre soir\u00e9e a \u00e9t\u00e9 organis\u00e9e dans Grand Trianon et dans le parc du ch\u00e2teau. Il s&rsquo;agissait de f\u00eater l&rsquo;<span style=\"text-decoration: line-through;\">alliance<\/span>, pardon le mariage de Carlos et de Carole, derni\u00e8re \u00e9pouse du franco-libano-br\u00e9silien.<br \/>\n<\/span><\/p>\n<p><span style=\"color: #777777; font-family: Arial;\">Mais L\u00e9onor R\u00e9condo raconte avec beaucoup d&rsquo;art cette soir\u00e9e de l&rsquo;int\u00e9rieur :<br \/>\n<\/span><\/p>\n<p style=\"margin-left: 28pt;\"><span style=\"color: #c00000; font-family: Arial;\">\u00ab Une fois pr\u00eats, s&rsquo;entassent dans ma Twingo un garde et deux danseuses en grand costume. On roule t\u00eate baiss\u00e9e \u00e0 cause des perruques. Arriv\u00e9s au ch\u00e2teau, on d\u00eene avec les agents de s\u00e9curit\u00e9 dans les couloirs du rez de chauss\u00e9e, et puis vers 19 heures, \u00e7a commence de bouger, il y a de l&rsquo;agitation [\u2026] Lentement surgissent les berlines noires. Ils doivent r\u00eaver d\u00e9j\u00e0, ils se pr\u00e9parent depuis longtemps aussi. [\u2026]<br \/>\n<\/span><\/p>\n<p style=\"margin-left: 28pt;\"><span style=\"color: #c00000; font-family: Arial;\">Le ballet des voitures traverse la cour d&rsquo;honneur avant de s&rsquo;arr\u00eater devant la grille dor\u00e9e, les invit\u00e9s parcourent ensuite la cour royale \u00e0 pied. Le ch\u00e2teau brille de toute sa splendeur, le silence s&rsquo;est pos\u00e9, les touristes se sont \u00e9vanouis.<br \/>\n<\/span><\/p>\n<p style=\"margin-left: 28pt;\"><span style=\"color: #c00000; font-family: Arial;\">Devant la porte est post\u00e9e une haie de figurants habill\u00e9s (d\u00e9guis\u00e9s\u00a0?) en gardes, lance au pied, provenant du m\u00eame stock du Fran\u00e7ais. Les invit\u00e9s en ont plein les mirettes, les robes de soir\u00e9e caresssent le pav\u00e9, les chaussures anglaises le battent. On se salue, se reconna\u00eet, baisemain, la bise pour les intimes, quelle joie de se retrouver\u00a0!\u00a0\u00bb<br \/>\n<\/span><\/p>\n<p><span style=\"color: #777777; font-family: Arial;\">Et puis il y a la f\u00eate, les danses, la musique\u00a0:<br \/>\n<\/span><\/p>\n<p><img loading=\"lazy\" decoding=\"async\" class=\"alignleft\" src=\"https:\/\/lemotdujour.fr\/wp-content\/uploads\/2020\/02\/022520_2256_Mercredi26f5.jpg\" alt=\"\" width=\"368\" height=\"245\" align=\"left\" \/><span style=\"color: #c00000; font-family: Arial;\">\u00ab\u00a0Le r\u00eave prend corps de danseuse.<br \/>\n<\/span><\/p>\n<p style=\"margin-left: 28pt;\"><span style=\"color: #c00000; font-family: Arial;\">Les musiciens sont r\u00e9partis par petits groupes dans les diff\u00e9rents salons que parcourent les invit\u00e9s jusqu&rsquo;\u00e0 la galerie des Batailles o\u00f9 est dress\u00e9e l&rsquo;immense table pour la centaine d&rsquo;invit\u00e9s.<br \/>\n<\/span><\/p>\n<p style=\"margin-left: 28pt;\"><span style=\"color: #c00000; font-family: Arial;\">Je vais jouer du violon deux fois, d&rsquo;abord dans un des salons avec fl\u00fbtiste, claveciniste et chanteuse. Dans le brouhaha des pas personne ne nous \u00e9coute. On nous prend en photo, selfie enregistr\u00e9, pour dire qu&rsquo;on y \u00e9tait. [\u2026]<br \/>\n<\/span><\/p>\n<p style=\"margin-left: 28pt;\"><span style=\"color: #c00000; font-family: Arial;\">En livr\u00e9e, le diner est servi.<br \/>\n<\/span><\/p>\n<p style=\"margin-left: 28pt;\"><span style=\"color: #c00000; font-family: Arial;\">Exclamation g\u00e9n\u00e9rale \u00e0 la vue des pi\u00e8ces mont\u00e9es. C&rsquo;est le moment o\u00f9 je joue avec les danseurs, le tableau que nous formons est plut\u00f4t charmant.\u00a0\u00bb<br \/>\n<\/span><\/p>\n<p><span style=\"color: #777777; font-family: Arial;\">Je ne connaissais pas L\u00e9onor de R\u00e9condo qui est violoniste baroque mais aussi romanci\u00e8re.<br \/>\n<\/span><\/p>\n<p><span style=\"color: #777777; font-family: Arial;\">En 2019, elle a \u00e9crit \u00ab\u00a0Manifesto\u00a0\u00bb dont parle \u00ab\u00a0Le Monde\u00a0\u00bb dans un article \u00ab<span style=\"color: #0000ff;\">\u00a0<a style=\"color: #0000ff;\" href=\"https:\/\/www.lemonde.fr\/culture\/article\/2019\/02\/21\/manifesto-le-poignant-hommage-de-leonor-de-recondo-a-son-pere_5426513_3246.html\">\u00ab Manifesto \u00bb, le poignant hommage de L\u00e9onor de R\u00e9condo \u00e0 son p\u00e8re\u00a0<\/a><\/span>\u00bb<br \/>\n<\/span><\/p>\n<p><span style=\"color: #777777; font-family: Arial;\">On apprend que L\u00e9onor de R\u00e9condo est la fille d&rsquo;un sculpteur espagnol F\u00e9lix de R\u00e9condo, artiste \u00e9pris de libert\u00e9. Sa m\u00e8re C\u00e9cile \u00e9tait aussi artiste peintre.<br \/>\n<\/span><\/p>\n<p><span style=\"color: #777777; font-family: Arial;\">Le Monde \u00e9crit\u00a0:<br \/>\n<\/span><\/p>\n<p style=\"margin-left: 28pt;\"><span style=\"color: #c00000; font-family: Arial;\">\u00ab\u00a0 La romanci\u00e8re pr\u00eate voix, dans <em>Manifesto,<\/em> son sixi\u00e8me livre, \u00e0 son p\u00e8re, qui \u00e9voque sa famille\u00a0: des r\u00e9publicains basques espagnols, exil\u00e9s en France, \u00e0 Hendaye, \u00e0 l&rsquo;\u00e9poque du franquisme. Le p\u00e8re, la m\u00e8re, A\u00efta, l&rsquo;oncle cur\u00e9, Amatxo, qui venait dire la messe \u00e0 la ferme, l&rsquo;enfance de F\u00e9lix au coll\u00e8ge de Dax\u00a0: <em>\u00ab\u00a0Les Landes c&rsquo;est la fin de mon enfance, dit F\u00e9lix, la clandestinit\u00e9, la pauvret\u00e9, l&rsquo;exil, la\u00a0chaleur de notre famille.\u00a0\u00bb<\/em> Mais c&rsquo;est aussi, sur la plage d&rsquo;Hendaye, la d\u00e9couverte \u00e9blouie des corps, qu&rsquo;il ne cessera plus tard de dessiner et de sculpter.\u00a0\u00bb<br \/>\n<\/span><\/p>\n<p><span style=\"color: #777777; font-family: Arial;\">Pour celles et ceux qui aiment voir de leurs yeux, voici &lt;<span style=\"color: #0000ff;\"><a style=\"color: #0000ff;\" href=\"https:\/\/www.youtube.com\/watch?v=DYhWZ0IYFSg\">le lien&gt;<\/a><\/span> vers la vid\u00e9o que Youtube et donc Google met gratuitement \u00e0 notre disposition pour que nous puissions voir quelques \u00e9clats de cette belle f\u00eate.<br \/>\n<\/span><\/p>\n<p><span style=\"color: #777777; font-family: Arial;\">Le cuisinier qui a pr\u00e9par\u00e9 le diner \u00e9tait <strong>Alain Ducasse<\/strong>.<br \/>\n<\/span><\/p>\n<p><span style=\"color: #777777; font-family: Arial;\">Si vous voulez vous offrir un repas pr\u00e9par\u00e9 par Alain Ducasse, vous devez le payer.<br \/>\n<\/span><\/p>\n<p><span style=\"color: #777777; font-family: Arial;\">Un hyper riche comme Carlos Ghosn fait payer une personne qu&rsquo;on appelle morale.<br \/>\n<\/span><\/p>\n<p><span style=\"color: #777777; font-family: Arial;\">Un professeur de fiscalit\u00e9 avait dit\u00a0: \u00ab\u00a0Je n&rsquo;ai jamais serr\u00e9 la main d&rsquo;une personne morale, mais j&rsquo;ai constat\u00e9 qu&rsquo;\u00e0 la fin c&rsquo;\u00e9tait toujours elle qui payait\u00a0\u00bb<br \/>\n<\/span><\/p>\n<p><span style=\"color: #777777; font-family: Arial;\">C&rsquo;est peut-\u00eatre le secret des hyper riches : il ne paie pas (toujours ?) avec leur argent, leur d\u00e9sir de luxe.<br \/>\n<\/span><\/p>\n<p><img decoding=\"async\" src=\"https:\/\/lemotdujour.fr\/wp-content\/uploads\/2020\/02\/022520_2256_Mercredi26f6.jpg\" alt=\"\" \/><span style=\"color: #777777; font-family: Arial;\">Le r\u00e9cit de L\u00e9onor R\u00e9condo se termine ainsi\u00a0:<br \/>\n<\/span><\/p>\n<p style=\"margin-left: 28pt;\"><span style=\"color: #c00000; font-family: Arial;\">\u00ab\u00a0A l&rsquo;h\u00f4tel des Menus-Plaisirs, j&rsquo;enl\u00e8ve ma perruque, je rends le costume. On me tend ma fiche de paie, 201 euros net.\u00a0\u00bb<br \/>\n<\/span><\/p>\n<p><span style=\"color: #800000;\">&lt;1357&gt;<\/span><\/p>\n","protected":false},"excerpt":{"rendered":"<p>\u00ab\u00a0On commencerait par la perruque, et \u00e0 la fin de l\u2019histoire, on l\u2019enl\u00e8verait comme si de rien n\u2019\u00e9tait. \u00a0\u00bb L\u00e9onor de R\u00e9condo Je continue \u00e0 picorer dans le \u00ab\u00a0Un\u00a0\u00bb qui pose cette question qui pour certains est parfaitement stupide, qui<\/p>\n","protected":false},"author":1,"featured_media":0,"comment_status":"open","ping_status":"closed","sticky":false,"template":"","format":"standard","meta":{"footnotes":""},"categories":[1],"tags":[74,10,129],"class_list":["post-8182","post","type-post","status-publish","format-standard","hentry","category-motdujour","tag-consumerisme","tag-economie","tag-inegalite"],"_links":{"self":[{"href":"https:\/\/lemotdujour.fr\/index.php?rest_route=\/wp\/v2\/posts\/8182","targetHints":{"allow":["GET"]}}],"collection":[{"href":"https:\/\/lemotdujour.fr\/index.php?rest_route=\/wp\/v2\/posts"}],"about":[{"href":"https:\/\/lemotdujour.fr\/index.php?rest_route=\/wp\/v2\/types\/post"}],"author":[{"embeddable":true,"href":"https:\/\/lemotdujour.fr\/index.php?rest_route=\/wp\/v2\/users\/1"}],"replies":[{"embeddable":true,"href":"https:\/\/lemotdujour.fr\/index.php?rest_route=%2Fwp%2Fv2%2Fcomments&post=8182"}],"version-history":[{"count":12,"href":"https:\/\/lemotdujour.fr\/index.php?rest_route=\/wp\/v2\/posts\/8182\/revisions"}],"predecessor-version":[{"id":8194,"href":"https:\/\/lemotdujour.fr\/index.php?rest_route=\/wp\/v2\/posts\/8182\/revisions\/8194"}],"wp:attachment":[{"href":"https:\/\/lemotdujour.fr\/index.php?rest_route=%2Fwp%2Fv2%2Fmedia&parent=8182"}],"wp:term":[{"taxonomy":"category","embeddable":true,"href":"https:\/\/lemotdujour.fr\/index.php?rest_route=%2Fwp%2Fv2%2Fcategories&post=8182"},{"taxonomy":"post_tag","embeddable":true,"href":"https:\/\/lemotdujour.fr\/index.php?rest_route=%2Fwp%2Fv2%2Ftags&post=8182"}],"curies":[{"name":"wp","href":"https:\/\/api.w.org\/{rel}","templated":true}]}}