{"id":8162,"date":"2020-02-24T02:47:00","date_gmt":"2020-02-24T01:47:00","guid":{"rendered":"http:\/\/lemotdujour.fr\/?p=8162"},"modified":"2020-02-23T23:01:47","modified_gmt":"2020-02-23T22:01:47","slug":"lundi-24-fevrier-2020","status":"publish","type":"post","link":"https:\/\/lemotdujour.fr\/?p=8162","title":{"rendered":"Lundi 24 f\u00e9vrier 2020"},"content":{"rendered":"<div class=\"mdjTexte\">\u00ab\u00a0Pourquoi le mal ? C\u2019est la seule vraie question\u00a0\u00bb<\/div>\n<div class=\"mdjAuteur\">Dernier \u00e9dito de Jean Daniel dans l\u2019obs<\/div>\n<p><span style=\"color: #777777; font-family: Arial;\">Lecteur r\u00e9gulier du nouvel observateur, aujourd&rsquo;hui abonn\u00e9, la lecture des articles de Jean Daniel m&rsquo;a accompagn\u00e9 toute ma vie.<br \/>\n<\/span><\/p>\n<p><span style=\"color: #777777; font-family: Arial;\">A 20 ans, je lisais d\u00e9j\u00e0 les contributions de ce journaliste, intellectuel et je n&rsquo;h\u00e9site pas \u00e0 l&rsquo;\u00e9crire de ce \u00ab sage \u00bb. Il est d\u00e9c\u00e9d\u00e9 le 19 f\u00e9vrier \u00e0 99 ans<br \/>\n<\/span><\/p>\n<p><span style=\"color: #777777; font-family: Arial;\">Robert Badinter a dit de lui\u00a0: \u00ab<span style=\"color: #0000ff;\">\u00a0<\/span><a href=\"https:\/\/www.nouvelobs.com\/jean-daniel\/20200220.OBS25081\/robert-badinter-jean-daniel-etait-un-homme-juste.html\"><span style=\"color: #0000ff;\">Jean Daniel \u00e9tait un homme juste<\/span>\u00a0<\/a>\u00bb<br \/>\n<\/span><\/p>\n<p><span style=\"color: #777777; font-family: Arial;\">Jean Daniel \u00e9tait en effet de tous les bons combats de la d\u00e9colonisation, des luttes sociales, de l&rsquo;abolition de la peine de mort, du rejet des dictatures sovi\u00e9tiques et mao\u00efstes, de la paix entre palestiniens et isra\u00e9liens. Toujours du c\u00f4t\u00e9 de la temp\u00e9rance, de l&rsquo;\u00e9quilibre et de l&rsquo;intelligence.<br \/>\n<\/span><\/p>\n<p><span style=\"color: #777777; font-family: Arial;\">Il \u00e9tait aussi courageux et pendant la d\u00e9colonisation \u00e0 Bizerte, au cours d&rsquo;un combat entre les insurg\u00e9s et les forces fran\u00e7aises, alors qu&rsquo;il sort d&rsquo;une entrevue avec Habib Bourguiba, il tombe sous la mitraille d&rsquo;un avion\u2026 fran\u00e7ais. Bless\u00e9 gravement, il passe de longs mois hospitalis\u00e9.<br \/>\n<\/span><\/p>\n<p><span style=\"color: #777777; font-family: Arial;\">Du point de vue politique il \u00e9tait du c\u00f4t\u00e9 de Mend\u00e9s France puis de Michel Rocard et non pas de celui de Fran\u00e7ois Mitterrand. Ce qui le rend encore plus sage \u00e0 mes yeux.<br \/>\n<\/span><\/p>\n<p><img loading=\"lazy\" decoding=\"async\" class=\"alignleft\" src=\"https:\/\/lemotdujour.fr\/wp-content\/uploads\/2020\/02\/022320_2146_Lundi24fvri1.jpg\" alt=\"\" width=\"375\" height=\"272\" align=\"left\" \/><span style=\"color: #777777; font-family: Arial;\">Robert Badinter raconte\u00a0:<br \/>\n<\/span><\/p>\n<p style=\"margin-left: 28pt;\"><span style=\"color: #c00000; font-family: Arial;\">\u00ab\u00a0Si Fran\u00e7ois Mitterrand lisait avec attention les articles de Jean Daniel qu&rsquo;il \u00e9voquait volontiers, celui-ci est toujours demeur\u00e9 aux yeux de Fran\u00e7ois Mitterrand entach\u00e9 du p\u00e9ch\u00e9 de \u00ab rocardisme \u00bb. Je me souviens qu&rsquo;il se plaisait \u00e0 me brocarder \u00e0 ce sujet : \u00ab Comme le dit votre ami Jean Daniel, qui aime tant Michel Rocard\u2026 \u00bb<br \/>\n<\/span><\/p>\n<p style=\"margin-left: 28pt;\"><span style=\"color: #c00000; font-family: Arial;\">Nous en plaisantions mais je pense que Fran\u00e7ois Mitterrand a toujours consid\u00e9r\u00e9 Jean Daniel comme un rocardien, ce qui suscitait chez lui plus de suspicion que de confiance.\u00a0\u00bb<br \/>\n<\/span><\/p>\n<p><span style=\"color: #777777; font-family: Arial;\">Il semble cependant, selon Hubert V\u00e9drine, qu&rsquo;\u00e0 la fin Jean Daniel a reconnu quand m\u00eame quelque m\u00e9rite \u00e0 Mitterrand\u00a0: \u00ab<a href=\"https:\/\/www.liberation.fr\/france\/2020\/02\/20\/hubert-vedrine-plus-jean-daniel-a-connu-mitterrand-plus-mitterrand-l-a-fascine_1779028\"><span style=\"color: #0000ff;\">Plus Jean Daniel a connu Mitterrand, plus Mitterrand l&rsquo;a fascin\u00e9<\/span><\/a>\u00bb<br \/>\n<\/span><\/p>\n<p><span style=\"color: #777777; font-family: Arial;\">Hubert V\u00e9drine qui parle aussi de son <span style=\"color: #0000ff;\"><a style=\"color: #0000ff;\" href=\"https:\/\/www.nouvelobs.com\/jean-daniel\/20200220.OBS25099\/jean-daniel-et-francois-mitterrand-le-journaliste-et-le-president-par-hubert-vedrine.html\">engagement pour la paix au proche orient<\/a><\/span>, contre tous les extr\u00e9mistes\u00a0:<br \/>\n<\/span><\/p>\n<p style=\"margin-left: 28pt;\"><span style=\"color: #c00000; font-family: Arial;\">\u00ab\u00a0Mais je voudrais maintenant pr\u00e9ciser pourquoi je l&rsquo;ai tant admir\u00e9 : c&rsquo;est pour son courage. Culture, intelligence, finesse, curiosit\u00e9 jamais rassasi\u00e9e, oui. Mais plus encore courage. Face \u00e0 la b\u00eatise \u00e0 front bas, et m\u00eame parfois \u00e0 la haine.<br \/>\n<\/span><\/p>\n<p style=\"margin-left: 28pt;\"><span style=\"color: #c00000; font-family: Arial;\">D&rsquo;abord sur le Proche-Orient. Il n&rsquo;a jamais cess\u00e9 inlassablement, dans ses \u00e9ditoriaux, de soutenir par ses explications, son argumentation et ses prises de position les chances d&rsquo;une vraie paix entre Isra\u00e9liens et Palestiniens contre le fanatisme, le sectarisme, le nationalisme, l&rsquo;ignorance, l&rsquo;idiotie. Il a constamment \u00e9t\u00e9 soup\u00e7onn\u00e9 par les pro-arabes radicaux et attaqu\u00e9 plus encore par les extr\u00e9mistes nationalistes et religieux isra\u00e9liens. Mais, \u00e0 l&rsquo;\u00e9poque, il y avait encore des travaillistes et un \u00ab camp de la paix \u00bb ! Il a fait front sto\u00efquement avec force et s\u00e9r\u00e9nit\u00e9. Tout est expliqu\u00e9 dans \u00ab la Prison juive \u00bb. Tous ceux qui ont \u0153uvr\u00e9 dans le sens du dialogue et de la paix depuis plus d&rsquo;un demi-si\u00e8cle, d&rsquo;un c\u00f4t\u00e9 ou de l&rsquo;autre, lui doivent quelque chose.\u00a0\u00bb<br \/>\n<\/span><\/p>\n<p><span style=\"color: #777777; font-family: Arial;\">Jean Daniel est n\u00e9 <strong>Bensa\u00efd<\/strong>, le 21 juillet 1920 \u00e0 Blida, en Alg\u00e9rie, dans une famille juive.<br \/>\n<\/span><\/p>\n<p><span style=\"color: #777777; font-family: Arial;\">Il a fait plusieurs rencontres marquantes dans sa vie, mais il semble bien que celle avec Albert Camus soit la plus marquante. Albert Camus qui a disparu il y a 60 ans, dans un accident de voiture \u00e0 Villeblin, dans l&rsquo;Yonne le 4 janvier 1960.<br \/>\n<\/span><\/p>\n<p><span style=\"color: #777777; font-family: Arial;\">Dans un<span style=\"color: #0000ff;\"> <a style=\"color: #0000ff;\" href=\"https:\/\/www.nouvelobs.com\/jean-daniel\/20200220.OBS25106\/notre-rencontre-a-illumine-ma-vie-albert-camus-raconte-par-jean-daniel.html\">article<\/a> <\/span>publi\u00e9 dans l&rsquo;Obs lors d&rsquo;un hors-s\u00e9rie consacr\u00e9 \u00e0 Albert Camus, Jean Daniel a \u00e9crit un article dont voici un extrait\u00a0:<br \/>\n<\/span><\/p>\n<p style=\"margin-left: 28pt;\"><span style=\"color: #c00000; font-family: Arial;\">\u00ab\u00a0Notre rencontre a illumin\u00e9 ma vie. Quelle chance insolente, tout de m\u00eame. A 27 ans, dans le Paris de l&rsquo;apr\u00e8s-guerre, je dirige une petite revue litt\u00e9raire, \u00ab Caliban \u00bb, quand un jour, \u00e0 mon bureau, je re\u00e7ois un coup de t\u00e9l\u00e9phone : \u00ab Ici Camus.\u00bb J&rsquo;ai eu du mal \u00e0 le croire, failli r\u00e9pondre \u00ab et moi je suis Napol\u00e9on \u00bb, mais c&rsquo;\u00e9tait bien lui. Il voulait me sugg\u00e9rer de publier dans \u00ab Caliban \u00bb, qu&rsquo;il appr\u00e9ciait, des extraits du roman \u00ab la Maison du peuple \u00bb de son ami Louis Guilloux. Nouveau coup de chance, je connaissais et j&rsquo;aimais Guilloux. Une heure plus tard, je passais le voir dans son bureau, chez Gallimard.<br \/>\n<\/span><\/p>\n<p style=\"margin-left: 28pt;\"><span style=\"color: #c00000; font-family: Arial;\">Nos origines alg\u00e9riennes communes ont sans doute compt\u00e9 dans ce miracle : cet \u00e9crivain que j&rsquo;admirais m&rsquo;a fait le cadeau merveilleux de son amiti\u00e9. Et de sa g\u00e9n\u00e9rosit\u00e9 : il m&rsquo;a ouvert son carnet d&rsquo;adresses, permettant \u00e0 \u00ab Caliban \u00bb de survivre quelques ann\u00e9es encore, a publi\u00e9 mon roman \u00ab l&rsquo;Erreur \u00bb dans la collection qu&rsquo;il dirigeait chez Gallimard, a fait par sa conversation ma culture litt\u00e9raire et philosophique. Il ne donnait jamais de cours, ne pr\u00eachait pas, ne disait pas \u00ab il faut lire untel et untel \u00bb, mais faisait simplement profiter de son savoir, de ses pens\u00e9es. Et de sa joie de vivre : avec ceux qu&rsquo;il consid\u00e9rait comme les siens, il aimait rire et, comme tout s\u00e9ducteur, danser \u2014 il pr\u00e9tendait danser mieux que les autres, mais il le faisait surtout plus joyeusement, plus librement.\u00a0\u00bb<br \/>\n<\/span><\/p>\n<p><img loading=\"lazy\" decoding=\"async\" class=\"alignright\" src=\"https:\/\/lemotdujour.fr\/wp-content\/uploads\/2020\/02\/022320_2146_Lundi24fvri2.jpg\" alt=\"\" width=\"375\" height=\"294\" align=\"left\" \/><span style=\"color: #777777; font-family: Arial;\">La revue \u00ab\u00a0<strong>Caliban<\/strong> \u00bb va faire faillite, il travaillera alors quelques temps dans le journal \u00ab<strong>L&rsquo;Express<\/strong>\u00bb de Jean-Jacques Schreiber avant de fonder avec Claude Perdriel \u00ab <strong>Le Nouvel Observateur<\/strong> \u00bb dont le premier num\u00e9ro para\u00eetra le 19 novembre 1964. Les parrains de ce nouvel hebdomadaire seront Mend\u00e9s-France et Jean-Paul Sartre.<br \/>\n<\/span><\/p>\n<p><span style=\"color: #777777; font-family: Arial;\">Et tr\u00e8s longtemps, il a dirig\u00e9 et \u00e9crit des \u00e9ditos et puis il n&rsquo;a plus eu la force de venir ni d&rsquo;\u00e9crire.<br \/>\n<\/span><\/p>\n<p><span style=\"color: #777777; font-family: Arial;\">Il a pourtant ressorti une derni\u00e8re fois la plume pour \u00e9crire son &lt;<span style=\"color: #0000ff;\"><a style=\"color: #0000ff;\" href=\"https:\/\/www.nouvelobs.com\/edito\/20191015.OBS19805\/pourquoi-le-mal-c-est-la-seule-vraie-question.html\">dernier \u00e9dito<\/a><\/span>&gt; le 15 octobre 1919.<br \/>\n<\/span><\/p>\n<p><span style=\"color: #777777; font-family: Arial;\">Trois \u00e9v\u00e8nements venaient de se passer\u00a0:<br \/>\n<\/span><\/p>\n<ul>\n<li><span style=\"color: #777777; font-family: Arial;\">Un attentat en Allemagne, \u00e0 Halle, contre une synagogue\u00a0;<br \/>\n<\/span><\/li>\n<li><span style=\"color: #777777; font-family: Arial;\">Le meurtre au sein de la pr\u00e9fecture de police de fonctionnaires sous les coups d&rsquo;un islamiste radicalis\u00e9\u00a0;<br \/>\n<\/span><\/li>\n<li><span style=\"color: #777777; font-family: Arial;\">L&rsquo;intervention de l&rsquo;arm\u00e9e turque contre les kurdes, nos alli\u00e9es dans le combat contre Daesh<br \/>\n<\/span><\/li>\n<\/ul>\n<p><span style=\"color: #777777; font-family: Arial;\">Et il \u00e9crit\u00a0:<br \/>\n<\/span><\/p>\n<p style=\"margin-left: 28pt;\"><span style=\"color: #c00000; font-family: Arial;\">\u00ab\u00a0Cela devait arriver. C&rsquo;est arriv\u00e9. C&rsquo;est-\u00e0-dire que l&rsquo;on est, une fois encore, en train d&rsquo;aller jusqu&rsquo;au bout du bout. Je n&rsquo;en parlerai pas comme mes confr\u00e8res. Si j&rsquo;ai \u00e9t\u00e9 absent si longtemps c&rsquo;est parce que, cela se sait, j&rsquo;\u00e9tais malade. Bien s\u00fbr, il y avait autre chose, mais cela commence \u00e0 se savoir aussi. Les amis que j&rsquo;ai inqui\u00e9t\u00e9s me pardonneront ce silence, surtout si je n&#8217;emploie pas les m\u00eames arguments que les autres.<br \/>\n<\/span><\/p>\n<p style=\"margin-left: 28pt;\"><span style=\"color: #c00000; font-family: Arial;\">Selon certains, rien ne serait nouveau dans ce qui nous indigne et nous r\u00e9volte, rien de rien. Ni la trahison, ni la barbarie, ni les fausses promesses. Les Kurdes du nord de la Syrie, fid\u00e8les \u00e0 leur combat historique pour la reconnaissance de leur nation, ont eu le courage de combattre Daech, pied \u00e0 pied, quartier par quartier, ruine par ruine. Les voil\u00e0 livr\u00e9s aux app\u00e9tits du nationaliste Erdogan et \u00e0 la soldatesque turque qui s&#8217;emparent de leur territoire, tandis que se rapprochent les colonnes de Bachar, elles aussi assoiff\u00e9es de reconqu\u00eate.<br \/>\n<\/span><\/p>\n<p style=\"margin-left: 28pt;\"><span style=\"color: #c00000; font-family: Arial;\">On en est jusqu&rsquo;\u00e0 s&rsquo;indigner des trahisons et m\u00eame des mensonges. Mon Dieu, les Kurdes sont en train de dispara\u00eetre ! Quant aux Turcs, ce serait la premi\u00e8re fois qu&rsquo;ils d\u00e9savouent et qu&rsquo;ils mentent ! Que veux-je dire ? Que toute illusion sur l&rsquo;entente des peuples est dangereuse ? Davantage, elle conduit \u00e0 abandonner toute esp\u00e8ce de sens \u00e0 un rapprochement quelconque entre les peuples. Alors, rien n&rsquo;est possible ? Ce serait la fin des fins.<br \/>\n<\/span><\/p>\n<p style=\"margin-left: 28pt;\"><span style=\"color: #c00000; font-family: Arial;\">Il y a pourtant eu un commencement de sagesse, avant le d\u00e9luge sans doute. Mais soyons patients. Le vrai d\u00e9luge n&rsquo;est pas encore arriv\u00e9. Je serai peut-\u00eatre bient\u00f4t centenaire. Je n&rsquo;ai rien fait pour et quand on m&rsquo;en fait compliment, je suis dans la confusion. <strong>Mais si \u00e2g\u00e9 que je sois, je voudrais dire que s&rsquo;il m&rsquo;\u00e9tait rest\u00e9 encore bien des mois pour lutter, car c&rsquo;est bien une lutte, alors je les aurais pass\u00e9s \u00e0 r\u00e9fl\u00e9chir et \u00e0 \u00e9crire essentiellement sur la barbarie des hommes. Y a-t-il \u00e0 ce trait constant de l&rsquo;esp\u00e8ce la moindre justification ? Sans doute la vie ne pouvait-elle pas appara\u00eetre sur la terre sans la barbarie.<\/strong><br \/>\n<\/span><\/p>\n<p style=\"margin-left: 28pt;\"><span style=\"color: #c00000; font-family: Arial;\">On dit que l&rsquo;homme est un loup pour l&rsquo;homme. Ce n&rsquo;est pas insens\u00e9. La preuve, c&rsquo;est qu&rsquo;apr\u00e8s la Premi\u00e8re Guerre mondiale, il y a eu la Seconde. Je voudrais que les plus jeunes d&rsquo;entre nous comprennent bien le sens de cette succession. Voil\u00e0 des millions et des millions d&rsquo;hommes qui inventent l&rsquo;atroce guerre. Ils vont tous avoir une conscience et une m\u00e9moire sur la premi\u00e8re guerre et ils ne vont pas h\u00e9siter \u00e0 en refaire une seconde. Oui, une Seconde Guerre mondiale, et m\u00eame, ils la rendront plus cruelle que la pr\u00e9c\u00e9dente.<br \/>\n<\/span><\/p>\n<p style=\"margin-left: 28pt;\"><span style=\"color: #c00000; font-family: Arial;\">Voil\u00e0 le sujet qui me serait propos\u00e9. <strong>C&rsquo;est la seule vraie question. Pourquoi le mal ?<\/strong><br \/>\n<\/span><\/p>\n<p style=\"margin-left: 28pt;\"><span style=\"color: #c00000; font-family: Arial;\">Cette volont\u00e9 sinistre, morbide sans la moindre justification.<br \/>\n<\/span><\/p>\n<p style=\"margin-left: 28pt;\"><span style=\"color: #c00000; font-family: Arial;\">Chacun pose la question \u00e0 son dieu, jusqu&rsquo;au moment o\u00f9 les dieux eux-m\u00eames se d\u00e9cha\u00eenent.<br \/>\n<\/span><\/p>\n<p style=\"margin-left: 28pt;\"><span style=\"color: #c00000; font-family: Arial;\"> Oui, pourquoi le mal ? Je ne vois pas une autre question digne d&rsquo;\u00eatre trait\u00e9e aujourd&rsquo;hui.\u00a0\u00bb<br \/>\n<\/span><\/p>\n<p><span style=\"color: #777777; font-family: Arial;\">Et en \u00e9voquant les tensions autour de l&rsquo;Islam apr\u00e8s la tuerie de la pr\u00e9fecture de police, il finit par cette conclusion\u00a0:<br \/>\n<\/span><\/p>\n<p style=\"margin-left: 28pt;\"><span style=\"color: #c00000; font-family: Arial;\">\u00ab\u00a0Pour le surmonter, nous avons toujours d\u00e9fendu ici la tradition d&rsquo;un Islam \u00e9clair\u00e9, \u00e0 l&rsquo;origine m\u00eame de notre humanisme s\u00e9cularis\u00e9. Mais, c&rsquo;est h\u00e9las le temps long de l&rsquo;Histoire qui devrait nous renseigner sur la probable suite des \u00e9v\u00e9nements. \u00ab Mon pays est un pays chr\u00e9tien et je commence \u00e0 compter l&rsquo;histoire de France \u00e0 partir de l&rsquo;accession d&rsquo;un roi chr\u00e9tien qui porte le nom des Francs \u00bb, disait le g\u00e9n\u00e9ral de Gaulle en 1959. Ce constat du fondateur de notre Ve R\u00e9publique n&rsquo;\u00f4te rien \u00e0 la n\u00e9cessit\u00e9 de tout faire pour am\u00e9nager une concorde pacifique avec les musulmans qui vivent dans notre pays. Mais il dit aussi que vouloir extirper les racines mill\u00e9naires d&rsquo;un peuple est mission impossible.\u00a0\u00bb<br \/>\n<\/span><\/p>\n<p><img loading=\"lazy\" decoding=\"async\" class=\"alignleft\" src=\"https:\/\/lemotdujour.fr\/wp-content\/uploads\/2020\/02\/022320_2146_Lundi24fvri3.jpg\" alt=\"\" width=\"339\" height=\"205\" align=\"left\" \/><span style=\"color: #777777; font-family: Arial;\">Edgar Morin, n\u00e9 en juillet 1921, un an apr\u00e8s Jean Daniel \u00e9tait son ami.<br \/>\n<\/span><\/p>\n<p><span style=\"color: #777777; font-family: Arial;\">Il avait \u00e9crit pour les 99 ans de Jean Daniel une lettre &lt;<span style=\"color: #0000ff;\"><a style=\"color: #0000ff;\" href=\"https:\/\/www.nouvelobs.com\/jean-daniel\/20200220.OBS25085\/salut-l-ami-par-edgar-morin.html\">Salut l&rsquo;ami<\/a>&gt;<\/span>, dans laquelle il reconnaissait notamment sa grande clairvoyance par rapport au communisme ainsi que sa confiance en Camus d\u00e8s le d\u00e9but\u00a0:<br \/>\n<\/span><\/p>\n<p style=\"margin-left: 28pt;\"><span style=\"color: #c00000; font-family: Arial;\">\u00ab\u00a0Alors que j&rsquo;avais encore une foi mystique (que je croyais conviction rationnelle) en l&rsquo;URSS, tu as r\u00e9sist\u00e9 \u00e0 la grande tentation des intellectuels de l&rsquo;\u00e9poque et l&rsquo;amiti\u00e9 d&rsquo;Albert Camus a contribu\u00e9 \u00e0 ta sauvegarde. Camus ! Si proche et si semblable \u00e0 toi, il illumina ta pens\u00e9e et ta vie, alors que, pour moi, c&rsquo;est un grand regret \u2013 moi qui appr\u00e9ciais son \u0153uvre et l&rsquo;avais connu chez Marguerite Duras \u2013 de l&rsquo;avoir class\u00e9 dans la cat\u00e9gorie d\u00e9daign\u00e9e par Hegel des belles \u00e2mes et des grands c\u0153urs, que je reconnais aujourd&rsquo;hui comme les plus nobles de toutes.\u00a0\u00bb<br \/>\n<\/span><\/p>\n<p><span style=\"color: #777777; font-family: Arial;\">Je laisserai le mot de la fin \u00e0 Anne Sinclair : \u00ab<span style=\"color: #0000ff;\"> <a style=\"color: #0000ff;\" href=\"https:\/\/www.nouvelobs.com\/jean-daniel\/20200221.OBS25123\/le-journalisme-etait-grand-sous-jean-daniel-par-anne-sinclair.html\">Le journalisme \u00e9tait grand sous Jean Daniel<\/a> <\/span>\u00bb.<br \/>\n<\/span><\/p>\n<p><span style=\"color: #c00000; font-family: Arial;\">&lt;1355&gt;<\/span><\/p>\n","protected":false},"excerpt":{"rendered":"<p>\u00ab\u00a0Pourquoi le mal ? C\u2019est la seule vraie question\u00a0\u00bb Dernier \u00e9dito de Jean Daniel dans l\u2019obs Lecteur r\u00e9gulier du nouvel observateur, aujourd&rsquo;hui abonn\u00e9, la lecture des articles de Jean Daniel m&rsquo;a accompagn\u00e9 toute ma vie. A 20 ans, je lisais<\/p>\n","protected":false},"author":1,"featured_media":0,"comment_status":"open","ping_status":"closed","sticky":false,"template":"","format":"standard","meta":{"footnotes":""},"categories":[1],"tags":[15,29,3],"class_list":["post-8162","post","type-post","status-publish","format-standard","hentry","category-motdujour","tag-france","tag-hommage","tag-politique"],"_links":{"self":[{"href":"https:\/\/lemotdujour.fr\/index.php?rest_route=\/wp\/v2\/posts\/8162","targetHints":{"allow":["GET"]}}],"collection":[{"href":"https:\/\/lemotdujour.fr\/index.php?rest_route=\/wp\/v2\/posts"}],"about":[{"href":"https:\/\/lemotdujour.fr\/index.php?rest_route=\/wp\/v2\/types\/post"}],"author":[{"embeddable":true,"href":"https:\/\/lemotdujour.fr\/index.php?rest_route=\/wp\/v2\/users\/1"}],"replies":[{"embeddable":true,"href":"https:\/\/lemotdujour.fr\/index.php?rest_route=%2Fwp%2Fv2%2Fcomments&post=8162"}],"version-history":[{"count":4,"href":"https:\/\/lemotdujour.fr\/index.php?rest_route=\/wp\/v2\/posts\/8162\/revisions"}],"predecessor-version":[{"id":8166,"href":"https:\/\/lemotdujour.fr\/index.php?rest_route=\/wp\/v2\/posts\/8162\/revisions\/8166"}],"wp:attachment":[{"href":"https:\/\/lemotdujour.fr\/index.php?rest_route=%2Fwp%2Fv2%2Fmedia&parent=8162"}],"wp:term":[{"taxonomy":"category","embeddable":true,"href":"https:\/\/lemotdujour.fr\/index.php?rest_route=%2Fwp%2Fv2%2Fcategories&post=8162"},{"taxonomy":"post_tag","embeddable":true,"href":"https:\/\/lemotdujour.fr\/index.php?rest_route=%2Fwp%2Fv2%2Ftags&post=8162"}],"curies":[{"name":"wp","href":"https:\/\/api.w.org\/{rel}","templated":true}]}}