{"id":816,"date":"2014-09-10T02:00:00","date_gmt":"2014-09-09T22:00:00","guid":{"rendered":"http:\/\/lemotdujour.fr\/?p=816"},"modified":"2017-05-08T13:23:10","modified_gmt":"2017-05-08T11:23:10","slug":"mercredi-10-septembre-2014","status":"publish","type":"post","link":"https:\/\/lemotdujour.fr\/?p=816","title":{"rendered":"Mercredi 10 septembre 2014"},"content":{"rendered":"<div class=\"mdjDate\">Mercredi 10 septembre 2014<\/div>\n<div class=\"mdjTexte\">\u00ab\u00a0Le vent se l\u00e8ve!&#8230; Il faut tenter de vivre !\u00a0\u00bb<\/div>\n<div class=\"mdjAuteur\">Paul Val\u00e9ry<\/div>\n<div class=\"mdjComplements\">Ce vers de Paul Val\u00e9ry est-il particuli\u00e8rement appropri\u00e9 \u00e0 notre temps ?<\/div>\n<div class=\"mdjComplements\">Mais surtout\u00a0 \u00ab\u00a0Le vent se l\u00e8ve\u00a0\u00bb est le dernier film et restera le dernier film\u00a0 de cet immense ma\u00eetre du cin\u00e9ma d&rsquo;animation Hayao Miyazaki qui a d\u00e9cid\u00e9 de se retirer \u00e0 72 ans. <\/div>\n<div class=\"mdjComplements\">Le film est une biographie d&rsquo;un ing\u00e9nieur en a\u00e9ronautique, librement inspir\u00e9e de la vie de Jir\u014d Horikoshi, le concepteur des chasseurs bombardiers japonais Mitsubishi A6M, appel\u00e9s \u00ab Chasseurs Z\u00e9ro \u00bb. <\/div>\n<div class=\"mdjComplements\">Il est sorti en France d\u00e9but\u00a0 2014 et son titre fait r\u00e9f\u00e9rence \u00e0 un po\u00e8me de Paul Val\u00e9ry le \u00ab\u00a0cimeti\u00e8re marin\u00a0\u00bb.<\/div>\n<div class=\"mdjComplements\">En pratique il s&rsquo;agit de la fin ce tr\u00e8s long po\u00e8me :<\/div>\n<div class=\"mdjCiter\"><a id=\"148508a2d77b47f6_14850796d4b8325b_1482e3\"><\/a>\u00ab\u00a0Le vent se l\u00e8ve!&#8230; Il faut tenter de vivre !<\/div>\n<div class=\"mdjCiter\">L&rsquo;air immense ouvre et referme mon livre,<\/div>\n<div class=\"mdjCiter\">La vague en poudre ose jaillir des rocs!<\/div>\n<div class=\"mdjCiter\">Envolez-vous, pages tout \u00e9blouies !<\/div>\n<div class=\"mdjCiter\">Rompez, vagues! Rompez d&rsquo;eaux r\u00e9jouies<\/div>\n<div class=\"mdjCiter\">Ce toit tranquille o\u00f9 picoraient des focs !\u00a0\u00bb<\/div>\n<div class=\"mdjComplements\">Pour l\u2019int\u00e9gralit\u00e9 du po\u00e8me\u00a0: <a href=\"http:\/\/www.leventseleve.fr\/poeme.htm\">http:\/\/www.leventseleve.fr\/poeme.htm<\/a><\/div>\n<div class=\"mdjComplements\">Des ann\u00e9es 1920 \u00e0 la Seconde Guerre mondiale, Jiro, le jeune h\u00e9ros de ce grand tableau soigneusement peint \u00e0 la main, ne pense qu&rsquo;\u00e0 voler, voler et encore voler. Comme il a la vue basse, le m\u00e9tier de pilote lui est interdit. Il sera ing\u00e9nieur a\u00e9ronautique, inventeur des redoutables avions Z\u00e9ro. Des id\u00e9aux d&rsquo;un gar\u00e7onnet \u00e0 la construction d&rsquo;une c\u00e9l\u00e8bre machine de mort \u2014 le chasseur-bombardier des kamikazes et de Pearl Harbor \u2014, le r\u00e9alisateur fouille, encore et toujours, une autre de ses fameuses obsessions : la guerre, qui transforme et pervertit les r\u00eaves.<\/div>\n<div class=\"mdjComplements\">Ce film peut surprendre tous ceux qui \u00e9taient habitu\u00e9s au monde fantastique, merveilleux et onirique des pr\u00e9c\u00e9dents films (Le Ch\u00e2teau dans le ciel, Princesse Mononok\u00e9, Le Voyage de Chihiro et Le Ch\u00e2teau ambulant entre autre), mais il faut changer le regard pour cet ultime geste artistique du ma\u00eetre. Je pense qu&rsquo;il s&rsquo;agit d&rsquo;un chef d\u2019\u0153uvre de subtilit\u00e9 et d&rsquo;humanit\u00e9.<\/div>\n<div class=\"mdjComplements\">Dans ce film se trouve aussi une tr\u00e8s belle d\u00e9finition de l&rsquo;ing\u00e9nieur : \u00ab\u00a0C&rsquo;est celui qui permet que vos r\u00eaves se r\u00e9alisent\u00a0\u00bb<\/div>\n<div class=\"mdjComplements\"><a href=\"http:\/\/www.telerama.fr\/cinema\/films\/le-vent-se-leve,482949,critique.php\"> Dans T\u00e9l\u00e9rama vous trouverez une critique de ce film qui me semble fine et pertinente\u00a0: <\/a><\/div>\n<div class=\"mdjComplements\"><a href=\"http:\/\/www.telerama.fr\/cinema\/films\/le-vent-se-leve,482949,critique.php\">http:\/\/www.telerama.fr\/cinema\/films\/le-vent-se-leve,482949,critique.php<\/a><\/div>\n<div class=\"mdjComplements\">Que l&rsquo;Art vous conserve votre joie et votre profondeur.<\/div>\n","protected":false},"excerpt":{"rendered":"<p>Mercredi 10 septembre 2014 \u00ab\u00a0Le vent se l\u00e8ve!&#8230; Il faut tenter de vivre !\u00a0\u00bb Paul Val\u00e9ry Ce vers de Paul Val\u00e9ry est-il particuli\u00e8rement appropri\u00e9 \u00e0 notre temps ? Mais surtout\u00a0 \u00ab\u00a0Le vent se l\u00e8ve\u00a0\u00bb est le dernier film et restera<\/p>\n","protected":false},"author":1,"featured_media":0,"comment_status":"closed","ping_status":"closed","sticky":false,"template":"","format":"standard","meta":{"footnotes":""},"categories":[1],"tags":[],"class_list":["post-816","post","type-post","status-publish","format-standard","hentry","category-motdujour"],"_links":{"self":[{"href":"https:\/\/lemotdujour.fr\/index.php?rest_route=\/wp\/v2\/posts\/816","targetHints":{"allow":["GET"]}}],"collection":[{"href":"https:\/\/lemotdujour.fr\/index.php?rest_route=\/wp\/v2\/posts"}],"about":[{"href":"https:\/\/lemotdujour.fr\/index.php?rest_route=\/wp\/v2\/types\/post"}],"author":[{"embeddable":true,"href":"https:\/\/lemotdujour.fr\/index.php?rest_route=\/wp\/v2\/users\/1"}],"replies":[{"embeddable":true,"href":"https:\/\/lemotdujour.fr\/index.php?rest_route=%2Fwp%2Fv2%2Fcomments&post=816"}],"version-history":[{"count":1,"href":"https:\/\/lemotdujour.fr\/index.php?rest_route=\/wp\/v2\/posts\/816\/revisions"}],"predecessor-version":[{"id":817,"href":"https:\/\/lemotdujour.fr\/index.php?rest_route=\/wp\/v2\/posts\/816\/revisions\/817"}],"wp:attachment":[{"href":"https:\/\/lemotdujour.fr\/index.php?rest_route=%2Fwp%2Fv2%2Fmedia&parent=816"}],"wp:term":[{"taxonomy":"category","embeddable":true,"href":"https:\/\/lemotdujour.fr\/index.php?rest_route=%2Fwp%2Fv2%2Fcategories&post=816"},{"taxonomy":"post_tag","embeddable":true,"href":"https:\/\/lemotdujour.fr\/index.php?rest_route=%2Fwp%2Fv2%2Ftags&post=816"}],"curies":[{"name":"wp","href":"https:\/\/api.w.org\/{rel}","templated":true}]}}