{"id":814,"date":"2014-09-09T02:00:00","date_gmt":"2014-09-08T22:00:00","guid":{"rendered":"http:\/\/lemotdujour.fr\/?p=814"},"modified":"2020-03-08T22:52:51","modified_gmt":"2020-03-08T21:52:51","slug":"mardi-9-septembre-2014","status":"publish","type":"post","link":"https:\/\/lemotdujour.fr\/?p=814","title":{"rendered":"Mardi 9 septembre 2014"},"content":{"rendered":"<div class=\"mdjDate\">Mardi 9 septembre 2014<\/div>\n<div class=\"mdjTexte\">\u00ab&nbsp;C\u2019est juste pas de chance<br \/>\nd\u2019\u00eatre une femme<br \/>\ndans la plupart des pays du Monde&nbsp;\u00bb<\/div>\n<div class=\"mdjAuteur\">Annick Cojean<\/div>\n<p><span style=\"color: #777777; font-family: Arial;\">Annick Cojean, est l&rsquo;une des grandes plumes du journal Le Monde. Elle a re\u00e7u le Prix Albert Londres en 1996, dirige la collection Duels sur France 5.<br \/>\n<\/span><\/p>\n<p><img decoding=\"async\" class=\"alignleft\" src=\"https:\/\/lemotdujour.fr\/wp-content\/uploads\/2020\/03\/030820_2145_LundiXXfvri1.jpg\" alt=\"\" align=\"left\"><span style=\"color: #777777; font-family: Arial;\">Elle a sign\u00e9 r\u00e9cemment \u00ab <a href=\"https:\/\/www.grasset.fr\/livres\/les-proies-9782246798804\"><strong><span style=\"color: #0000ff;\">Les proies<\/span><\/strong> <\/a>\u00bb un livre sur le syst\u00e8me d&rsquo;enl\u00e8vement et de viols syst\u00e9matiques mis en place sous le g\u00e9n\u00e9ral Kadhafi. Le sous-titre est : \u00ab <strong>Les proies dans le harem de Kadhafi<\/strong> \u00bb (aux \u00e9ditions Grasset).<br \/>\n<\/span><\/p>\n<p><span style=\"color: #777777; font-family: Arial;\">Elle a sign\u00e9 aussi une enqu\u00eate tr\u00e8s forte sur le viol comme arme de guerre en Syrie.<br \/>\n<\/span><\/p>\n<p><span style=\"color: #777777; font-family: Arial;\">Elle \u00e9tait l&rsquo;invit\u00e9 de l&rsquo;\u00e9mission \u00ab Ils changent le monde \u00bb de Caroline Fourest : <a href=\"http:\/\/www.franceinter.fr\/emission<Ils changent le monde Annick Cojean\">&lt;<span style=\"color: #0000ff;\">Ils changent le monde Annick Cojean<\/span><\/a><span style=\"color: blue;\"><span style=\"text-decoration: underline; color: #0000ff;\">&gt;<\/span><span style=\"color: #777777;\"><br \/>\n<\/span><\/span><\/span><\/p>\n<p><span style=\"color: #777777; font-family: Arial;\">Et c&rsquo;est dans cette \u00e9mission qu&rsquo;elle a eu cette phrase que j&rsquo;ai choisie comme mot du jour.<br \/>\n<\/span><\/p>\n<p><span style=\"color: #777777; font-family: Arial;\">Kadhafi avait organis\u00e9 un v\u00e9ritable harem dans son palais. Quand il allait visiter une \u00e9cole, le geste de caresser la t\u00eate d&rsquo;une jeune \u00e9l\u00e8ve indiquait \u00e0 ses sbires qu&rsquo;il fallait l&rsquo;enlever pour son harem.<br \/>\n<\/span><\/p>\n<p><span style=\"color: #777777; font-family: Arial;\">Kadhafi avait une autre pratique : la sodomisation de ses g\u00e9n\u00e9raux pour les humilier et les soumettre totalement.<br \/>\n<\/span><\/p>\n<p><span style=\"color: #777777; font-family: Arial;\">Annick Cojean explique que ce n&rsquo;est tout simplement pas possible de regretter un tel monstre.<br \/>\n<\/span><\/p>\n<p><span style=\"color: #777777; font-family: Arial;\">Elle raconte dans son livre le sort que Khadafi r\u00e9servait \u00e0 des fillettes de quatorze ou quinze ans dans les lupanars personnels qu&rsquo;il avait organis\u00e9s jusque dans l&rsquo;enceinte de l&rsquo;universit\u00e9 de Tripoli, comme dans son QG de Bab el Azizia : il les faisait enlever, par dizaines, par centaines, les violait et les droguait, avec la brutalit\u00e9 d&rsquo;un soudard fou. Et il les faisait ensuite assister \u00e0 ses \u00e9bats avec des hommes. Puis il se servait du sang de la d\u00e9floration pour des pratiques de magie noire. Des membres m\u00e2les de son gouvernement, avec lesquels il forniquait aussi, en faisaient autant avec les filles mises \u00e0 leur disposition.<br \/>\n<\/span><\/p>\n<p><span style=\"color: #777777; font-family: Arial;\">Sans l&rsquo;audace et l&rsquo;obstination d&rsquo;Annick Cojean, ces faits n&rsquo;auraient sans doute jamais \u00e9t\u00e9 port\u00e9s \u00e0 la connaissance du public. En effet, \u00ab le sujet est tabou, \u00bb Les femmes viol\u00e9es ne peuvent pas le revendiquer. C&rsquo;est un crime parfait, les victimes sont enferm\u00e9es dans leurs silences. Elles risquent de mourir par un crime d&rsquo;honneur dans ces soci\u00e9t\u00e9s et si elles ne sont pas tu\u00e9es elles seront ostracis\u00e9es par leur famille.<br \/>\n<\/span><\/p>\n<p><span style=\"color: #777777; font-family: Arial;\">Une loi a \u00e9t\u00e9 r\u00e9alis\u00e9e en Libye pour reconna\u00eetre les femmes viol\u00e9es comme des victimes. On en a peu parl\u00e9 en France. Il y a quand m\u00eame des choses positives en Libye.<br \/>\n<\/span><\/p>\n<p><span style=\"color: #777777; font-family: Arial;\">Une autre \u00e9mission de \u00ab\u00a0Ils changent le monde\u00a0\u00bb raconte cette \u00e9volution en Libye par la suite d&rsquo;un combat d&rsquo;une autre femme : C\u00e9line Bardet, qui enqu\u00eate sur le terrain sur les crimes de guerre et les crimes contre l&rsquo;humanit\u00e9, apr\u00e8s avoir \u00e9t\u00e9 juriste au Tribunal P\u00e9nal international de la Haye : <span style=\"color: #0000ff;\"><a style=\"color: #0000ff;\" href=\"http:\/\/www.franceinter.fr\/emission-ils-changent-le-monde-celine-bardet\"><span style=\"text-decoration: underline;\">&lt;Ils changent le monde : C\u00e9line Bardet&gt;<\/span><\/a><\/span><br \/>\n<\/span><\/p>\n<p><span style=\"color: #777777; font-family: Arial;\">Annick Cojean a racont\u00e9 aussi ce qu&rsquo;elle avait vu en Syrie et a eu cette r\u00e9flexion plus g\u00e9n\u00e9rale sur la condition des femmes dans un trop grand nombre de pays o\u00f9 elles sont opprim\u00e9es, brutalis\u00e9es, humili\u00e9es, rel\u00e9gu\u00e9es, exploit\u00e9es. Elles n&rsquo;ont m\u00eame pas le droit de se plaindre quand on commet un crime comme le viol \u00e0 leur \u00e9gard, le r\u00e9sultat de leur plainte rendrait leur vie encore plus insoutenable.<br \/>\n<\/span><\/p>\n<p><span style=\"color: #777777; font-family: Arial;\">La violence, sous toutes ses formes, faite aux femmes dans le monde, \u00e0 travers les si\u00e8cles et jusqu&rsquo;\u00e0 aujourd&rsquo;hui est immense, ignoble et encore largement inavou\u00e9e ou refoul\u00e9e.<br \/>\n<\/span><\/p>\n<p><a href=\"http:\/\/www.terrafemina.com\/societe\/societe\/articles\/48280-une-petite-fille-sur-dix-victime-dabus-sexuels-dans-le-monde-selon-lunicef.html\"><span style=\"color: blue; font-family: Arial; text-decoration: underline;\"><span style=\"color: #0000ff; text-decoration: underline;\">&lt;Dans un rapport tout r\u00e9cent, L&rsquo;UNICEF estime qu&rsquo;une petite fille sur dix est victime d&rsquo;abus sexuels dans le monde&gt;<\/span><\/span><\/a><span style=\"color: #777777; font-family: Arial;\"><br \/>\n<\/span><\/p>\n<p><img loading=\"lazy\" decoding=\"async\" class=\" wp-image-8273 alignleft\" src=\"https:\/\/lemotdujour.fr\/wp-content\/uploads\/2014\/09\/Annick-Cojean-300x150.png\" alt=\"\" width=\"350\" height=\"175\" srcset=\"https:\/\/lemotdujour.fr\/wp-content\/uploads\/2014\/09\/Annick-Cojean-300x150.png 300w, https:\/\/lemotdujour.fr\/wp-content\/uploads\/2014\/09\/Annick-Cojean.png 510w\" sizes=\"auto, (max-width: 350px) 100vw, 350px\" \/><\/p>\n<p><span style=\"color: #777777; font-family: Arial;\"><strong>Le mot du jour d&rsquo;Annick Cojean est terrible, parce qu&rsquo;il se lit au pr\u00e9sent.<\/strong><\/span><\/p>\n<p><span style=\"color: #777777; font-family: Arial;\">Que le Ciel vous tienne en \u00e9veil et que le f\u00e9minin qui est en vous, femme ou homme, vous permette de voir, de comprendre et de faire votre part, comme le colibri, dans l&rsquo;\u00e9volution n\u00e9cessaire de notre humanit\u00e9.<br \/>\n<\/span><\/p>\n<p><span style=\"color: #800000;\">&lt;345&gt;<\/span><\/p>\n","protected":false},"excerpt":{"rendered":"<p>Mardi 9 septembre 2014 \u00ab&nbsp;C\u2019est juste pas de chance d\u2019\u00eatre une femme dans la plupart des pays du Monde&nbsp;\u00bb Annick Cojean Annick Cojean, est l&rsquo;une des grandes plumes du journal Le Monde. Elle a re\u00e7u le Prix Albert Londres en<\/p>\n","protected":false},"author":1,"featured_media":0,"comment_status":"closed","ping_status":"closed","sticky":false,"template":"","format":"standard","meta":{"footnotes":""},"categories":[1],"tags":[73,36,109],"class_list":["post-814","post","type-post","status-publish","format-standard","hentry","category-motdujour","tag-afrique","tag-feminisme","tag-geopolitique"],"_links":{"self":[{"href":"https:\/\/lemotdujour.fr\/index.php?rest_route=\/wp\/v2\/posts\/814","targetHints":{"allow":["GET"]}}],"collection":[{"href":"https:\/\/lemotdujour.fr\/index.php?rest_route=\/wp\/v2\/posts"}],"about":[{"href":"https:\/\/lemotdujour.fr\/index.php?rest_route=\/wp\/v2\/types\/post"}],"author":[{"embeddable":true,"href":"https:\/\/lemotdujour.fr\/index.php?rest_route=\/wp\/v2\/users\/1"}],"replies":[{"embeddable":true,"href":"https:\/\/lemotdujour.fr\/index.php?rest_route=%2Fwp%2Fv2%2Fcomments&post=814"}],"version-history":[{"count":3,"href":"https:\/\/lemotdujour.fr\/index.php?rest_route=\/wp\/v2\/posts\/814\/revisions"}],"predecessor-version":[{"id":8275,"href":"https:\/\/lemotdujour.fr\/index.php?rest_route=\/wp\/v2\/posts\/814\/revisions\/8275"}],"wp:attachment":[{"href":"https:\/\/lemotdujour.fr\/index.php?rest_route=%2Fwp%2Fv2%2Fmedia&parent=814"}],"wp:term":[{"taxonomy":"category","embeddable":true,"href":"https:\/\/lemotdujour.fr\/index.php?rest_route=%2Fwp%2Fv2%2Fcategories&post=814"},{"taxonomy":"post_tag","embeddable":true,"href":"https:\/\/lemotdujour.fr\/index.php?rest_route=%2Fwp%2Fv2%2Ftags&post=814"}],"curies":[{"name":"wp","href":"https:\/\/api.w.org\/{rel}","templated":true}]}}