{"id":8129,"date":"2020-02-19T03:46:06","date_gmt":"2020-02-19T02:46:06","guid":{"rendered":"http:\/\/lemotdujour.fr\/?p=8129"},"modified":"2020-02-19T08:11:04","modified_gmt":"2020-02-19T07:11:04","slug":"mardi-18-fevrier-2020-2","status":"publish","type":"post","link":"https:\/\/lemotdujour.fr\/?p=8129","title":{"rendered":"Mercredi 19 f\u00e9vrier 2020"},"content":{"rendered":"<div class=\"mdjTexte\">\u00ab&nbsp;Le Mozart espagnol&nbsp;\u00bb<\/div>\n<div class=\"mdjAuteur\">Juan Cris\u00f3stomo Jacobo Antonio de Arriaga y Balzola, dit Arriaga<\/div>\n<p><span style=\"color: #777777; font-family: Arial;\">La pr\u00e9cocit\u00e9, le talent et la bri\u00e8vet\u00e9 de la vie de cette enfant de la lumi\u00e8re qui a pour nom Alicia Gallienne, m&rsquo;a fait irr\u00e9sistiblement penser \u00e0 un autre destin d&rsquo;un jeune artiste qui a achev\u00e9 sa course \u00e0 20 ans.<br \/>\n<\/span><\/p>\n<p><span style=\"color: #777777; font-family: Arial;\">C&rsquo;\u00e9tait un compositeur et c&rsquo;est mon p\u00e8re qui avait une tendresse infinie pour lui, qui me l&rsquo;a fait d\u00e9couvrir.<br \/>\n<\/span><\/p>\n<p><span style=\"color: #777777; font-family: Arial;\">Il s&rsquo;appelait \u00ab&nbsp;<strong>Arriaga&nbsp;\u00bb<\/strong>, son pr\u00e9nom \u00e9tait un peu long. On l&rsquo;abr\u00e9geait en Juan Crisostomo. Mais plus simplement on parle d&rsquo;Arriaga.<br \/>\n<\/span><\/p>\n<p><span style=\"color: #777777; font-family: Arial;\">Le dernier mot du jour de 2019 rappelait que le 27 janvier \u00e9tait la date anniversaire de Wolfgang Amadeus Mozart qui est n\u00e9 en l&rsquo;an 1756 \u00e0 Salzbourg.<br \/>\n<\/span><\/p>\n<p><span style=\"color: #777777; font-family: Arial;\">Exactement, <strong>50 ans apr\u00e8s<\/strong>, <strong>le 27 janvier 1806<\/strong>, \u00e0 Bilbao, naissait Arriaga.<br \/>\n<\/span><\/p>\n<p><img decoding=\"async\" class=\"alignleft\" src=\"https:\/\/lemotdujour.fr\/wp-content\/uploads\/2020\/02\/021820_2246_Mardi18fvri1.jpg\" alt=\"\" align=\"left\"><span style=\"color: #777777; font-family: Arial;\">Mozart \u00e9tait mort depuis 15 ans, puisqu&rsquo;il n&rsquo;a atteint que l&rsquo;\u00e2ge de 35 ans.<br \/>\n<\/span><\/p>\n<p><span style=\"color: #777777; font-family: Arial;\">Tous les musiciens ne meurt pas jeune, puisque l&rsquo;autre grand compositeur classique d&rsquo;avant Beethoven, Joseph Haydn avait 74 ans en 1806 et vivra encore 3 ans.<br \/>\n<\/span><\/p>\n<p><span style=\"color: #777777; font-family: Arial;\">Mais ce ne fut pas le destin d&rsquo;Arriaga qui est mort de la tuberculose \u00e0 Paris, avant ses 20 ans, <strong>le 17 janvier 1826<\/strong>.<br \/>\n<\/span><\/p>\n<p><span style=\"color: #777777; font-family: Arial;\">Il quittera ainsi la vie un an avant Beethoven et deux ans avant un autre immense g\u00e9nie qui aura dispos\u00e9 de peu de temps pour composer et \u00e0 qui on le comparera aussi : Franz Schubert, d\u00e9c\u00e9d\u00e9 le 19 novembre 1828, \u00e0 31 ans.<br \/>\n<\/span><\/p>\n<p><span style=\"color: #777777; font-family: Arial;\">Alors la question qui se pose \u00e9tait-il un compositeur inspir\u00e9 du niveau de Mozart ?<br \/>\n<\/span><\/p>\n<p><span style=\"color: #777777; font-family: Arial;\">Je crois qu&rsquo;il n&rsquo;y a pas beaucoup de doute, la r\u00e9ponse est oui.<br \/>\n<\/span><\/p>\n<p><span style=\"color: #777777; font-family: Arial;\">Il faut bien s\u00fbr comparer Arriaga \u00e0 Mozart \u00e0 20 ans<br \/>\n<\/span><\/p>\n<p><span style=\"color: #777777; font-family: Arial;\">Pour Schubert, il en va autrement. Lui a compos\u00e9 des chefs d&rsquo;\u0153uvres avant 20 ans son lied \u00ab&nbsp;<strong>le roi des aulnes<\/strong>&nbsp;\u00bb sur un texte de Goethe a \u00e9t\u00e9 compos\u00e9 \u00e0 18 ans et \u00ab&nbsp;<strong>Marguerite au Rouet<\/strong>&nbsp;\u00bb toujours d&rsquo;apr\u00e8s un po\u00e8me de Goethe a \u00e9t\u00e9 compos\u00e9 \u00e0 17 ans.<br \/>\n<\/span><\/p>\n<p><span style=\"color: #777777; font-family: Arial;\">Il y a un autre compositeur exceptionnel par sa pr\u00e9cocit\u00e9&nbsp;: Mendelssohn qui est n\u00e9 3 ans apr\u00e8s Arriaga.<br \/>\n<\/span><\/p>\n<p><span style=\"color: #777777; font-family: Arial;\">Lui aussi a compos\u00e9 des \u0153uvres qui sont rest\u00e9s dans le panth\u00e9on des chefs d&rsquo;\u0153uvre de la musique classique avant ses 20 ans.<br \/>\n<\/span><\/p>\n<p><a href=\"https:\/\/www.youtube.com\/watch?v=njdTB6HxTj8\"><span style=\"font-family: Arial;\"><span style=\"color: #0000ff;\">L&rsquo;ouverture du songe d&rsquo;une nuit d&rsquo;\u00e9t\u00e9<\/span><\/span><\/a><span style=\"color: #777777; font-family: Arial;\"> a \u00e9t\u00e9 compos\u00e9e \u00e0 l&rsquo;\u00e2ge de 17 ans (<em>en revanche la c\u00e9l\u00e8bre marche nuptiale a \u00e9t\u00e9 compos\u00e9e 17 ans apr\u00e8s<\/em>) et son c\u00e9l\u00e8bre octuor \u00e0 cordes \u00e0 16 ans.<br \/>\n<\/span><\/p>\n<p><span style=\"color: #777777; font-family: Arial;\">Arriaga n&rsquo;a pas compos\u00e9 de tels chefs d&rsquo;\u0153uvre, mais le comparer \u00e0 Mozart d&rsquo;avant ses 20 ans est r\u00e9aliste.<br \/>\n<\/span><\/p>\n<p><a href=\"http:\/\/www.spainisculture.com\/fr\/artistas_creadores\/juan_crisostomo_arriaga.html\"><span style=\"font-family: Arial;\"><span style=\"color: #0000ff;\">&lt;Ce site&gt;<\/span><\/span><\/a><span style=\"color: #777777; font-family: Arial;\"> sur la culture espagnole \u00e9crit&nbsp;:<br \/>\n<\/span><\/p>\n<p style=\"margin-left: 28pt;\"><span style=\"color: #c00000; font-family: Arial;\">\u00ab&nbsp;Arriaga est n\u00e9 \u00e0 Bilbao en 1806. C&rsquo;est son p\u00e8re, Juan Sim\u00f3n de Arriaga, organiste \u00e0 Berriat\u00faa, qui lui apprend les fondements de la musique[\u2026]. \u00c0 11 ans, il compose et repr\u00e9sente d\u00e9j\u00e0 ses \u0153uvres dans les soci\u00e9t\u00e9s musicales de Bilbao. \u00c0 15 ans, son p\u00e8re d\u00e9cide de l&rsquo;envoyer au conservatoire de Paris pour qu&rsquo;il y poursuive sa formation. [\u2026] En 1824, il est nomm\u00e9 professeur adjoint de Fet\u00eds dans ce m\u00eame conservatoire.&nbsp;\u00bb<br \/>\n<\/span><\/p>\n<p><span style=\"color: #777777; font-family: Arial;\">Beaucoup de ses \u0153uvres sont perdues.<br \/>\n<\/span><\/p>\n<p><span style=\"color: #777777; font-family: Arial;\">Il a <span style=\"color: #0000ff;\"><a style=\"color: #0000ff;\" href=\"https:\/\/fr.wikipedia.org\/wiki\/Juan_Cris%C3%B3stomo_de_Arriaga\">ainsi \u00e9crit<\/a><\/span> \u00ab&nbsp;une fugue \u00e0 huit voix sur \u00ab&nbsp;Et vitam venturi dont la partition&nbsp;\u00bb est perdue et que Luigi Cherubini, directeur du Conservatoire, consid\u00e8re en 1822 comme un chef-d&rsquo;\u0153uvre.&nbsp;\u00bb<br \/>\n<\/span><\/p>\n<p><span style=\"color: #777777; font-family: Arial;\">Il reste de lui essentiellement trois quatuors (1823) et une <em>Symphonie<\/em> (1824).<br \/>\n<\/span><\/p>\n<p><span style=\"color: #777777; font-family: Arial;\">Cette musique fait penser \u00e0 Mozart et \u00e0 Schubert.<br \/>\n<\/span><\/p>\n<p><img loading=\"lazy\" decoding=\"async\" class=\"alignright\" src=\"https:\/\/lemotdujour.fr\/wp-content\/uploads\/2020\/02\/021820_2246_Mardi18fvri2.jpg\" alt=\"\" width=\"332\" height=\"332\" align=\"left\"><span style=\"color: #777777; font-family: Arial;\">Il existe une tr\u00e8s belle interpr\u00e9tation de sa symphonie par<span style=\"color: #0000ff;\"> <a style=\"color: #0000ff;\" href=\"https:\/\/www.qobuz.com\/fr-fr\/album\/juan-crisostomo-de-arriaga-symphony-jordi-savall\/0884385734145\">Jordi Savall<\/a> <\/span>qui est espagnol comme lui, mais catalan alors qu&rsquo;Arriaga est basque.<br \/>\n<\/span><\/p>\n<p><span style=\"color: #777777; font-family: Arial;\">Sur la pr\u00e9sentation de ce disque vous pourrez lire&nbsp;:<br \/>\n<\/span><\/p>\n<p style=\"margin-left: 28pt;\"><span style=\"color: #c00000;\"><span style=\"font-family: Times New Roman; font-size: 12pt;\"><strong>\u00ab&nbsp;<\/strong><\/span><span style=\"font-family: Arial;\">S&rsquo;il n&rsquo;y en qu&rsquo;une\u2026 mais il faut avouer avec tristesse que dans le cas de Juan Cris\u00f3stomo Arriaga, c&rsquo;est d\u00e9j\u00e0 miracle qu&rsquo;il y ait au moins une symphonie \u00e0 son r\u00e9pertoire, puisque l&rsquo;infortun\u00e9 musicien disparut \u00e0 l&rsquo;\u00e2ge de dix-neuf ans \u2013 dix jours avant son vingti\u00e8me anniversaire \u2013, en laissant derri\u00e8re lui d&rsquo;immenses promesses et un minuscule r\u00e9pertoire dont, comble de la m\u00e9chancet\u00e9 du sort, une partie est perdue. Mais l&rsquo;\u00e9coute de sa symphonie en <em>r\u00e9<\/em> (ni mineur ni majeur, l&rsquo;\u00e9quilibre entre les deux \u00e9tant tr\u00e8s \u00e9gal), on ne peut que se lamenter que la plan\u00e8te a, en effet, perdu l\u00e0 l&rsquo;un des compositeurs qui serait bient\u00f4t devenu l&rsquo;un des plus immenses cr\u00e9ateurs du XIXe si\u00e8cle. A la jonction entre le classicisme finissant et le romantisme naissant, Arriaga eut le temps de \u00ab dig\u00e9rer \u00bb son Beethoven, son Rossini, son Mozart tardif [\u2026]. Quoi qu&rsquo;il en soit, l&rsquo;enregistrement qu&rsquo;en a r\u00e9alis\u00e9 Jordi Savall en 1994 est dor\u00e9navant orn\u00e9 du tr\u00e8s-convoit\u00e9 macaron de la Discoth\u00e8que id\u00e9ale de Qobuz&nbsp;\u00bb<\/span><span style=\"font-family: Times New Roman; font-size: 12pt;\"><br \/>\n<\/span><\/span><\/p>\n<p><span style=\"color: #777777; font-family: Arial;\">Vous trouverez &lt;<span style=\"color: #0000ff;\"><a style=\"color: #0000ff;\" href=\"https:\/\/www.youtube.com\/watch?v=PBmN4jA8Fug&amp;pbjreload=10\">derri\u00e8re ce lien<\/a><\/span>&gt; une interpr\u00e9tation de la symphonie par un autre orchestre espagnol.<br \/>\n<\/span><\/p>\n<p><span style=\"color: #777777; font-family: Arial;\">Et je vous donne le lien vers<span style=\"color: #0000ff;\"> <a style=\"color: #0000ff;\" href=\"https:\/\/www.youtube.com\/watch?v=MTV7BcVDREs\">&lt;Le dernier quatuor \u00e0 cordes&gt;<\/a><\/span> interpr\u00e9t\u00e9 par le quatuor Sine Nomine.<br \/>\n<\/span><\/p>\n<p><a href=\"https:\/\/musicalics.com\/fr\/compositeur\/Juan-Cris%C3%B3stomo-Jacobo-Antonio-de-Arriaga-y-Balzola\"><span style=\"font-family: Arial;\"><span style=\"color: #0000ff;\">&lt;Sur ce site&gt;<\/span><\/span><\/a><span style=\"color: #777777; font-family: Arial;\"> vous trouverez la liste de toutes les \u0153uvres connues de ce jeune compositeur.<br \/>\n<\/span><\/p>\n<p><span style=\"color: #777777; font-family: Arial;\">Le 13 ao\u00fbt 1933 un monument comm\u00e9moratif par Francisco Durrio est inaugur\u00e9 \u00e0 Bilbao et une Commission permanente est constitu\u00e9e pour la publication de ses \u0153uvres.<br \/>\n<\/span><\/p>\n<p><a href=\"https:\/\/commons.wikimedia.org\/wiki\/File:Bilbao_Monumento_Arriaga.jpg?uselang=fr\"><img decoding=\"async\" src=\"https:\/\/lemotdujour.fr\/wp-content\/uploads\/2020\/02\/021820_2246_Mardi18fvri3.jpg\" alt=\"\" border=\"0\"><\/a><span style=\"color: #777777; font-family: Arial;\">La statue repr\u00e9sente Euterpe pleurant la mort d&rsquo;Arriaga devant le Mus\u00e9e de Bilbao<br \/>\n<\/span><\/p>\n<p><span style=\"color: #777777; font-family: Arial;\">Dans la mythologie grecque, <strong>Euterpe<\/strong> \u00e9tait la muse qui pr\u00e9sidait \u00e0 la musique.<br \/>\n<\/span><\/p>\n<p><span style=\"color: #777777; font-family: Arial;\"><strong>Arriaga<\/strong> fut une \u00e9toile filante de la musique, un m\u00e9t\u00e9ore, un destin bris\u00e9.<br \/>\n<\/span><\/p>\n<p><span style=\"color: maroon; font-family: Arial;\">&lt;1352&gt;<\/span><\/p>\n","protected":false},"excerpt":{"rendered":"<p>\u00ab&nbsp;Le Mozart espagnol&nbsp;\u00bb Juan Cris\u00f3stomo Jacobo Antonio de Arriaga y Balzola, dit Arriaga La pr\u00e9cocit\u00e9, le talent et la bri\u00e8vet\u00e9 de la vie de cette enfant de la lumi\u00e8re qui a pour nom Alicia Gallienne, m&rsquo;a fait irr\u00e9sistiblement penser \u00e0<\/p>\n","protected":false},"author":1,"featured_media":0,"comment_status":"open","ping_status":"closed","sticky":false,"template":"","format":"standard","meta":{"footnotes":""},"categories":[1],"tags":[174,29,20],"class_list":["post-8129","post","type-post","status-publish","format-standard","hentry","category-motdujour","tag-espagne","tag-hommage","tag-musique"],"_links":{"self":[{"href":"https:\/\/lemotdujour.fr\/index.php?rest_route=\/wp\/v2\/posts\/8129","targetHints":{"allow":["GET"]}}],"collection":[{"href":"https:\/\/lemotdujour.fr\/index.php?rest_route=\/wp\/v2\/posts"}],"about":[{"href":"https:\/\/lemotdujour.fr\/index.php?rest_route=\/wp\/v2\/types\/post"}],"author":[{"embeddable":true,"href":"https:\/\/lemotdujour.fr\/index.php?rest_route=\/wp\/v2\/users\/1"}],"replies":[{"embeddable":true,"href":"https:\/\/lemotdujour.fr\/index.php?rest_route=%2Fwp%2Fv2%2Fcomments&post=8129"}],"version-history":[{"count":7,"href":"https:\/\/lemotdujour.fr\/index.php?rest_route=\/wp\/v2\/posts\/8129\/revisions"}],"predecessor-version":[{"id":8136,"href":"https:\/\/lemotdujour.fr\/index.php?rest_route=\/wp\/v2\/posts\/8129\/revisions\/8136"}],"wp:attachment":[{"href":"https:\/\/lemotdujour.fr\/index.php?rest_route=%2Fwp%2Fv2%2Fmedia&parent=8129"}],"wp:term":[{"taxonomy":"category","embeddable":true,"href":"https:\/\/lemotdujour.fr\/index.php?rest_route=%2Fwp%2Fv2%2Fcategories&post=8129"},{"taxonomy":"post_tag","embeddable":true,"href":"https:\/\/lemotdujour.fr\/index.php?rest_route=%2Fwp%2Fv2%2Ftags&post=8129"}],"curies":[{"name":"wp","href":"https:\/\/api.w.org\/{rel}","templated":true}]}}