{"id":812,"date":"2014-09-08T02:00:00","date_gmt":"2014-09-07T22:00:00","guid":{"rendered":"http:\/\/lemotdujour.fr\/?p=812"},"modified":"2017-05-08T13:23:02","modified_gmt":"2017-05-08T11:23:02","slug":"lundi-8-septembre-2014","status":"publish","type":"post","link":"https:\/\/lemotdujour.fr\/?p=812","title":{"rendered":"Lundi 8 septembre 2014"},"content":{"rendered":"<div class=\"mdjDate\">Lundi 8 septembre 2014<\/div>\n<div class=\"mdjTexte\">\u00ab L&rsquo;architecture ne construit pas des b\u00e2timents, elle construit des situations<br \/>L&rsquo;architecture ne met pas en place des formes, elle met en place des sc\u00e9narios \u00bb <\/div>\n<div class=\"mdjAuteur\">Teddy Cruz<\/div>\n<div class=\"mdjComplements\">Je me hasarde dans des terrains inconnus, mais cette d\u00e9finition de l&rsquo;architecture par un architecte am\u00e9ricain n\u00e9 au Guatemala m&rsquo;a interpell\u00e9.<\/div>\n<div class=\"mdjComplements\">Cette phrase a \u00e9t\u00e9 rapport\u00e9e par Marie-H\u00e9l\u00e8ne Contal, architecte, directrice adjointe de l\u2019Institut Fran\u00e7ais d\u2019Architecture et Commissaire de l\u2019exposition \u00ab\u00a0R\u00e9enchanter le monde\u00a0\u00bb, pr\u00e9sent\u00e9e actuellement (jusqu&rsquo;au 6 octobre) \u00e0 la Cit\u00e9 de l\u2019Architecture &amp; du patrimoine, dans l&rsquo;\u00e9mission de France Culture :La grande table : \u00ab\u00a0Habiter demain \u00ab\u00a0<\/div>\n<div class=\"mdjComplements\"><a href=\"http:\/\/www.franceculture.fr\/emission-la-grande-table-2eme-partie-habiter-le-monde-demain-2014-06-12-0\">http:\/\/www.franceculture.fr\/emission-la-grande-table-2eme-partie-habiter-le-monde-demain-2014-06-12-0<\/a><\/div>\n<div class=\"mdjComplements\">Dans cette \u00e9mission qui incitait vivement \u00e0 aller voir l&rsquo;exposition \u00ab\u00a0R\u00e9enchanter le monde\u00a0\u00bb, pr\u00e9sent\u00e9e jusqu&rsquo;au 6 octobre\u00a0 \u00e0 la Cit\u00e9 de l\u2019Architecture &amp; du patrimoine, au Palais de Chaillot, les intervenants ont beaucoup parl\u00e9 d&rsquo;exp\u00e9riences du SUD.<\/div>\n<div class=\"mdjComplements\">Parce que dans le Sud le probl\u00e8me est avant tout d\u00e9mographique. Dans un mouvement inexorable d&rsquo;urbanisation et de pression d\u00e9mographique, les m\u00e9gapoles explosent dans les pays du Sud. Dans ces m\u00e9gapoles 70% de la ville sont des bidonvilles ou du moins de l&rsquo;habitat qui n&rsquo;a pas \u00e9t\u00e9 cr\u00e9\u00e9 par un architecte traditionnel.<\/div>\n<div class=\"mdjComplements\">Dans ces conditions il n&rsquo;est pas question de d\u00e9truire et de reconstruire tout dans un geste architecturale de d\u00e9miurge.\u00a0 Dans cette \u00e9mission les intervenants ont dit que les villes fordistes \u00e9taient obsol\u00e8tes.<\/div>\n<div class=\"mdjComplements\">L&rsquo;architecte devient curateur, m\u00e9diateur, ce n&rsquo;est plus un auteur.<\/div>\n<div class=\"mdjComplements\">Si vous \u00eates parisien ou vous passez \u00e0 Paris vous pouvez aller voir cette exposition : R\u00e9enchanter le monde, Architecture, ville, transitions, mercredi 21 mai 2014 &#8211; lundi 06 octobre 2014<br \/><a href=\"http:\/\/www.citechaillot.fr\/fr\/expositions\/expositions_temporaires\/25473-reenchanter_le_monde.html\">http:\/\/www.citechaillot.fr\/fr\/expositions\/expositions_temporaires\/25473-reenchanter_le_monde.html<\/a><\/div>\n<div class=\"mdjComplements\">Et j&rsquo;ai trouv\u00e9 aussi une pr\u00e9sentation de Teddy Cruz\u00a0: <a href=\"http:\/\/www.lecourrierdelarchitecte.com\/article_1903\">http:\/\/www.lecourrierdelarchitecte.com\/article_1903<\/a><\/div>\n<div class=\"mdjComplements\">J&rsquo;ai le sentiment que ces architectes font partie de ces gens qui changent le monde ou le font \u00e9voluer vers du mieux.<\/div>\n","protected":false},"excerpt":{"rendered":"<p>Lundi 8 septembre 2014 \u00ab L&rsquo;architecture ne construit pas des b\u00e2timents, elle construit des situationsL&rsquo;architecture ne met pas en place des formes, elle met en place des sc\u00e9narios \u00bb Teddy Cruz Je me hasarde dans des terrains inconnus, mais cette<\/p>\n","protected":false},"author":1,"featured_media":0,"comment_status":"closed","ping_status":"closed","sticky":false,"template":"","format":"standard","meta":{"footnotes":""},"categories":[1],"tags":[],"class_list":["post-812","post","type-post","status-publish","format-standard","hentry","category-motdujour"],"_links":{"self":[{"href":"https:\/\/lemotdujour.fr\/index.php?rest_route=\/wp\/v2\/posts\/812","targetHints":{"allow":["GET"]}}],"collection":[{"href":"https:\/\/lemotdujour.fr\/index.php?rest_route=\/wp\/v2\/posts"}],"about":[{"href":"https:\/\/lemotdujour.fr\/index.php?rest_route=\/wp\/v2\/types\/post"}],"author":[{"embeddable":true,"href":"https:\/\/lemotdujour.fr\/index.php?rest_route=\/wp\/v2\/users\/1"}],"replies":[{"embeddable":true,"href":"https:\/\/lemotdujour.fr\/index.php?rest_route=%2Fwp%2Fv2%2Fcomments&post=812"}],"version-history":[{"count":1,"href":"https:\/\/lemotdujour.fr\/index.php?rest_route=\/wp\/v2\/posts\/812\/revisions"}],"predecessor-version":[{"id":813,"href":"https:\/\/lemotdujour.fr\/index.php?rest_route=\/wp\/v2\/posts\/812\/revisions\/813"}],"wp:attachment":[{"href":"https:\/\/lemotdujour.fr\/index.php?rest_route=%2Fwp%2Fv2%2Fmedia&parent=812"}],"wp:term":[{"taxonomy":"category","embeddable":true,"href":"https:\/\/lemotdujour.fr\/index.php?rest_route=%2Fwp%2Fv2%2Fcategories&post=812"},{"taxonomy":"post_tag","embeddable":true,"href":"https:\/\/lemotdujour.fr\/index.php?rest_route=%2Fwp%2Fv2%2Ftags&post=812"}],"curies":[{"name":"wp","href":"https:\/\/api.w.org\/{rel}","templated":true}]}}