{"id":8119,"date":"2020-02-18T01:32:19","date_gmt":"2020-02-18T00:32:19","guid":{"rendered":"http:\/\/lemotdujour.fr\/?p=8119"},"modified":"2020-02-19T08:12:06","modified_gmt":"2020-02-19T07:12:06","slug":"mardi-18-fevrier-2020","status":"publish","type":"post","link":"https:\/\/lemotdujour.fr\/?p=8119","title":{"rendered":"Mardi 18 f\u00e9vrier 2020"},"content":{"rendered":"<div class=\"mdjTexte\">\u00ab\u00a0Dire que je t\u2019aime et je t\u2019attends, c\u2019est encore beaucoup trop de pas assez\u00a0\u00bb<\/div>\n<div class=\"mdjAuteur\">Alicia Gallienne<\/div>\n<p><span style=\"color: #777777; font-family: Arial;\">Le mot du jour du<span style=\"color: #0000ff;\"> <a style=\"color: #0000ff;\" href=\"https:\/\/lemotdujour.fr\/?p=8011\">vendredi 7 f\u00e9vrier 2020<\/a><\/span> parlait d&rsquo;Alicia Gallienne, une jeune femme extraordinairement pr\u00e9coce dans l&rsquo;\u00e9criture et qui est d\u00e9c\u00e9d\u00e9e \u00e0 20 ans d&rsquo;une maladie du sang.<br \/>\n<\/span><\/p>\n<p><img decoding=\"async\" class=\"alignleft\" src=\"https:\/\/lemotdujour.fr\/wp-content\/uploads\/2020\/02\/021720_2232_Mardi18fvri1.jpg\" alt=\"\" align=\"left\" \/><span style=\"color: #777777; font-family: Arial;\">Annie a voulu me faire une surprise et m&rsquo;offrir son livre de po\u00e9sie qui vient d&rsquo;\u00eatre publi\u00e9\u00a0: \u00ab\u00a0<strong>L&rsquo;autre moiti\u00e9 du songe m&rsquo;appartient<\/strong>\u00a0\u00bb. Mais le livre est \u00e9puis\u00e9 chez l&rsquo;\u00e9diteur.<br \/>\n<\/span><\/p>\n<p><span style=\"color: #777777; font-family: Arial;\">Je pense que l&rsquo;\u00e9mission, sur France Inter, de son cousin Guillaume Gallienne &lt;<span style=\"color: #0000ff;\"><a style=\"color: #0000ff;\" href=\"https:\/\/www.franceinter.fr\/emissions\/ca-peut-pas-faire-de-mal\/ca-peut-pas-faire-de-mal-08-fevrier-2020\">\u00e7a peut pas faire de mal<\/a>&gt;<\/span> du 8 f\u00e9vrier, sa toute derni\u00e8re \u00e9mission, qu&rsquo;il a consacr\u00e9e \u00e0 ce livre et \u00e0 ces po\u00e8mes ne sont pas \u00e9trang\u00e8re \u00e0 ce succ\u00e8s.<br \/>\n<\/span><\/p>\n<p><span style=\"color: #777777; font-family: Arial;\">Guillaume Gallienne a introduit son \u00e9mission par cette invitation\u00a0:<br \/>\n<\/span><\/p>\n<p style=\"margin-left: 28pt;\"><span style=\"color: #c00000; font-family: Arial;\">\u00ab\u00a0Ce soir, pour la derni\u00e8re \u00e9mission de \u00ab\u00a0\u00e7a peut pas faire de mal\u00a0\u00bb, j&rsquo;aimerais vous faire d\u00e9couvrir ces textes intimes, que je porte en moi depuis si longtemps, comme des fragments de ma propre adolescence&#8230;\u00a0\u00bb<br \/>\n<\/span><\/p>\n<p><span style=\"color: #777777; font-family: Arial;\">Nous avons \u00e9cout\u00e9 ce moment d&rsquo;\u00e9motion et de gr\u00e2ce.<br \/>\n<\/span><\/p>\n<p><span style=\"color: #777777; font-family: Arial;\">Je voudrais partager un de ces textes que j&rsquo;ai essay\u00e9 de recopier aussi bien que possible.<br \/>\n<\/span><\/p>\n<p><span style=\"color: #777777; font-family: Arial;\">Guillaume Gallienne a pr\u00e9sent\u00e9 ce texte\u00a0:<br \/>\n<\/span><\/p>\n<p style=\"margin-left: 28pt;\"><span style=\"color: #c00000; font-family: Arial;\">\u00ab\u00a0On n&rsquo;est pas s\u00e9rieux quand on a 17 ans \u00e9crivait Arthur Rimbaud mais \u00e0 l&rsquo;\u00e2ge de l&rsquo;insouciance et des premiers baisers, Alicia ressent la profonde gravit\u00e9 de la vie.<br \/>\n<\/span><\/p>\n<p style=\"margin-left: 28pt;\"><span style=\"color: #c00000; font-family: Arial;\">D\u00e9couvrons ce po\u00e8me d\u00e9di\u00e9 \u00e0 sa m\u00e8re intitul\u00e9\u00a0:\u00a0\u00ab\u00a0<strong>A propos d&rsquo;un fauteuil et d&rsquo;un arbre<\/strong>\u00a0\u00bb et dat\u00e9 du 2 avril 1987.<br \/>\n<\/span><\/p>\n<p style=\"margin-left: 28pt;\"><span style=\"color: #c00000; font-family: Arial;\">On dirait que les r\u00f4les s&rsquo;inversent et que la fille apporte \u00e0 la m\u00e8re des paroles de consolation comme une provision d&rsquo;amour pour un avenir incertain.\u00a0\u00bb<br \/>\n<\/span><\/p>\n<p><span style=\"color: #777777; font-family: Arial;\">Voici ce texte\u00a0:<br \/>\n<\/span><\/p>\n<p style=\"margin-left: 28pt;\"><span style=\"color: #c00000; font-family: Arial;\">\u00ab\u00a0Pour toi maman<br \/>\n<\/span><\/p>\n<p style=\"margin-left: 28pt;\"><span style=\"color: #c00000; font-family: Arial;\">Doucement, je reprendrai ma place dans le grand fauteuil qui s&rsquo;endort.<br \/>\n<\/span><span style=\"color: #c00000; font-family: Arial;\">Le soir sera \u00e0 la fen\u00eatre, il dansera sur une chanson douce, comme chantait ma maman.<br \/>\n<\/span><span style=\"color: #c00000; font-family: Arial;\">Il dansera jusqu&rsquo;\u00e0 l&rsquo;\u00e9tourdissement.<br \/>\n<\/span><span style=\"color: #c00000; font-family: Arial;\">L&rsquo;arbre du jardin s&rsquo;\u00e9teindra dans l&rsquo;ombre et soupirera des pri\u00e8res pleines de feu.<br \/>\n<\/span><span style=\"color: #c00000; font-family: Arial;\">Mon \u00e2me s&rsquo;abandonnera alors \u00e0 ces psaumes silencieux qui embraseront ton nom.<br \/>\n<\/span><span style=\"color: #c00000; font-family: Arial;\">Oui, je serai l\u00e0 o\u00f9 mon bonheur habite, entre ces quatre murs o\u00f9 aboutit le regard de l&rsquo;obscurit\u00e9,<br \/>\n<\/span><span style=\"color: #c00000; font-family: Arial;\">O\u00f9 il n&rsquo;y aura que moi et mon fauteuil, puis l&rsquo;espace pour t&rsquo;appartenir.<br \/>\n<\/span><\/p>\n<p style=\"margin-left: 28pt;\"><span style=\"color: #c00000; font-family: Arial;\">Dire que je t&rsquo;aime et je t&rsquo;attends, c&rsquo;est encore beaucoup trop de pas assez.<br \/>\n<\/span><\/p>\n<p style=\"margin-left: 28pt;\"><span style=\"color: #c00000; font-family: Arial;\">Les \u00e9toiles en veilleuse et le ciel qui se fond me parleront de toi o\u00f9 que tu sois.<br \/>\n<\/span><span style=\"color: #c00000; font-family: Arial;\">Je t&rsquo;attendrai, assise, avec mon c\u0153ur qui d\u00e9bordera.<br \/>\n<\/span><span style=\"color: #c00000; font-family: Arial;\">Oui je sais que le moment viendra o\u00f9 tu me retrouveras.<br \/>\n<\/span><span style=\"color: #c00000; font-family: Arial;\">L&rsquo;arbre du jardin s&rsquo;\u00e9paissira tout \u00e0 coup.<br \/>\n<\/span><span style=\"color: #c00000; font-family: Arial;\">Et \u00e9clatera mon attente fig\u00e9e ainsi que la fen\u00eatre de vitres bris\u00e9es.<br \/>\n<\/span><span style=\"color: #c00000; font-family: Arial;\">Des milliards de miroirs s&rsquo;envoleront dans l&rsquo;air du soir.<br \/>\n<\/span><span style=\"color: #c00000; font-family: Arial;\">Dans chacun, \u00e9pris de mouvement, ta voix reviendra bercer mon enfance.<br \/>\n<\/span><span style=\"color: #c00000; font-family: Arial;\">L&rsquo;arbre mystique qui conna\u00eet tous les chemins, te rendra \u00e0 moi pour la m\u00e9moire d&rsquo;un voyage.<br \/>\n<\/span><span style=\"color: #c00000; font-family: Arial;\">Bois ma nuit, \u00e9ternellement.<br \/>\n<\/span><\/p>\n<p style=\"margin-left: 28pt;\"><span style=\"color: #c00000; font-family: Arial;\">Dire que je t&rsquo;aime et je t&rsquo;attends c&rsquo;est encore beaucoup trop de pas assez\u00a0\u00bb<br \/>\n<\/span><\/p>\n<p style=\"margin-left: 28pt;\"><span style=\"color: #c00000; font-family: Arial;\"><em>Alicia Gallienne<br \/>\n<\/em><\/span><\/p>\n<p><span style=\"color: maroon; font-family: Arial;\">&lt;1351&gt;<\/span><\/p>\n","protected":false},"excerpt":{"rendered":"<p>\u00ab\u00a0Dire que je t\u2019aime et je t\u2019attends, c\u2019est encore beaucoup trop de pas assez\u00a0\u00bb Alicia Gallienne Le mot du jour du vendredi 7 f\u00e9vrier 2020 parlait d&rsquo;Alicia Gallienne, une jeune femme extraordinairement pr\u00e9coce dans l&rsquo;\u00e9criture et qui est d\u00e9c\u00e9d\u00e9e \u00e0<\/p>\n","protected":false},"author":1,"featured_media":0,"comment_status":"open","ping_status":"closed","sticky":false,"template":"","format":"standard","meta":{"footnotes":""},"categories":[1],"tags":[29,8],"class_list":["post-8119","post","type-post","status-publish","format-standard","hentry","category-motdujour","tag-hommage","tag-poesie"],"_links":{"self":[{"href":"https:\/\/lemotdujour.fr\/index.php?rest_route=\/wp\/v2\/posts\/8119","targetHints":{"allow":["GET"]}}],"collection":[{"href":"https:\/\/lemotdujour.fr\/index.php?rest_route=\/wp\/v2\/posts"}],"about":[{"href":"https:\/\/lemotdujour.fr\/index.php?rest_route=\/wp\/v2\/types\/post"}],"author":[{"embeddable":true,"href":"https:\/\/lemotdujour.fr\/index.php?rest_route=\/wp\/v2\/users\/1"}],"replies":[{"embeddable":true,"href":"https:\/\/lemotdujour.fr\/index.php?rest_route=%2Fwp%2Fv2%2Fcomments&post=8119"}],"version-history":[{"count":6,"href":"https:\/\/lemotdujour.fr\/index.php?rest_route=\/wp\/v2\/posts\/8119\/revisions"}],"predecessor-version":[{"id":8137,"href":"https:\/\/lemotdujour.fr\/index.php?rest_route=\/wp\/v2\/posts\/8119\/revisions\/8137"}],"wp:attachment":[{"href":"https:\/\/lemotdujour.fr\/index.php?rest_route=%2Fwp%2Fv2%2Fmedia&parent=8119"}],"wp:term":[{"taxonomy":"category","embeddable":true,"href":"https:\/\/lemotdujour.fr\/index.php?rest_route=%2Fwp%2Fv2%2Fcategories&post=8119"},{"taxonomy":"post_tag","embeddable":true,"href":"https:\/\/lemotdujour.fr\/index.php?rest_route=%2Fwp%2Fv2%2Ftags&post=8119"}],"curies":[{"name":"wp","href":"https:\/\/api.w.org\/{rel}","templated":true}]}}