{"id":8112,"date":"2020-02-17T01:21:48","date_gmt":"2020-02-17T00:21:48","guid":{"rendered":"http:\/\/lemotdujour.fr\/?p=8112"},"modified":"2020-02-16T18:50:47","modified_gmt":"2020-02-16T17:50:47","slug":"lundi-17-fevrier-2020","status":"publish","type":"post","link":"https:\/\/lemotdujour.fr\/?p=8112","title":{"rendered":"Lundi 17 f\u00e9vrier 2020"},"content":{"rendered":"<div class=\"mdjTexte\">\u00ab&nbsp;Je n&rsquo;oublie pas, \u00e7a fait partie de ma vie, mais je n&rsquo;y pense plus&nbsp;\u00bb<\/div>\n<div class=\"mdjAuteur\">Fatima Zekkour , une jeune fille qui a choisi d&rsquo;aider les autres<\/div>\n<p><span style=\"color: #777777; font-family: Arial;\">Un mot du jour de 2017 \u00e9tait consacr\u00e9 \u00e0 ce livre de Pablo Servigne et Gauthier Chapelle <span style=\"color: #0000ff;\"><a style=\"color: #0000ff;\" href=\"https:\/\/lemotdujour.fr\/?p=3748\">\u00ab L&rsquo;autre loi de la jungle : l&rsquo;entraide \u00bb<\/a><\/span><br \/>\n<\/span><\/p>\n<p><span style=\"color: #777777; font-family: Arial;\">Tant il est vrai que si les m\u00e9dias et notre propre attention sont le plus souvent mobilis\u00e9s pour nous int\u00e9resser \u00e0 des faits qui n&rsquo;honorent pas ou peu la r\u00e9putation d&rsquo;altruiste d&rsquo;homo sapiens, il existe pourtant tous les jours des \u00eatres humains qui aident d&rsquo;autres \u00eatres humains et m\u00eame d&rsquo;autres esp\u00e8ces vivantes qui en ont besoin, comme par exemple ces australiens qui ont sauv\u00e9 des koalas.<br \/>\n<\/span><\/p>\n<p><span style=\"color: #777777; font-family: Arial;\">Quelquefois, des humains se haussent \u00e0 la dimension de l&rsquo;h\u00e9ro\u00efsme pour appliquer cette autre loi de la jungle.<br \/>\n<\/span><\/p>\n<p><span style=\"color: #777777; font-family: Arial;\">Ce fut le cas d&rsquo;une jeune fille&nbsp;: <strong>Fatima Zekkour<\/strong>, en mai 2013<br \/>\n<\/span><\/p>\n<p><span style=\"color: #777777; font-family: Arial;\">C&rsquo;est encore, France Inter, la revue de Presse de Claude Askolovitch du &lt;<span style=\"color: #0000ff;\"><a style=\"color: #0000ff;\" href=\"https:\/\/www.franceinter.fr\/emissions\/la-revue-de-presse\/la-revue-de-presse-11-fevrier-2020\">11 f\u00e9vrier 2020<\/a><\/span><span style=\"color: blue;\">&gt;<span style=\"color: #777777;\"> qui m&rsquo;a appris l&rsquo;existence et l&rsquo;acte de courage de Fatima Zekkour&nbsp;:<br \/>\n<\/span><\/span><\/span><\/p>\n<p style=\"margin-left: 28pt;\"><span style=\"color: #c00000; font-family: Arial;\">\u00ab&nbsp;On parle d&rsquo;une jeune fille&#8230;<br \/>\n<\/span><\/p>\n<p style=\"margin-left: 28pt;\"><span style=\"color: #c00000; font-family: Arial;\">Que je d\u00e9couvre en dehors de toute actualit\u00e9 apparente dans le Journal du Centre, mais souvent quand elle apparait les gens se l\u00e8vent et l&rsquo;applaudissent, c&rsquo;est encore arriv\u00e9 le week end pass\u00e9 au rassemblement nivernais de l&rsquo;Ordre national du m\u00e9rite: Fatima Zekkour est une h\u00e9roine de la r\u00e9publique, qui \u00e0 17 ans est entr\u00e9e dans un immeuble en flamme pour sauver des vies et en est ressortie comme une torche vivante, elle a 24 ans et accepte son corps reconstitu\u00e9, elle cherche du travail.<br \/>\n<\/span><\/p>\n<p style=\"margin-left: 28pt;\"><span style=\"color: #c00000; font-family: Arial;\">Le 4 mai 2013 elle se promenait au quartier de la grande p\u00e2ture \u00e0 Nevers, quand elle a vu un d\u00e9part d&rsquo;incendie dans le hall d&rsquo;un immeuble o\u00f9 un canap\u00e9 abandonn\u00e9 avait pris feu&#8230; Fatima et sa soeur enceinte sont all\u00e9 taper \u00e0 toutes les portes des quatre \u00e9tages de l&rsquo;immeuble, la fum\u00e9e montait apr\u00e8s elle, la soeur de Fatima est sortie mais elle est rest\u00e9 prisonni\u00e8re des flammes; elle pensait que les pompiers n&rsquo;allaient pas tarder mais les pompiers n&rsquo;avaient pas cru sa maman qui les avait appel\u00e9s -on leur &nbsp;fait si souvent des blagues&#8230; Ne voyant rien venir, fatima est all\u00e9 seule traverser le rideau de feu. &nbsp;\u00ab\u00a0Je suis tomb\u00e9e dans les pommes plusieurs fois en descendant. J&rsquo; ai travers\u00e9 le hall, je me suis \u00e0 nouveau \u00e9vanouie sur le canap\u00e9 en feu. Je ne me souviens pas comment j&rsquo;ai pu ouvrir la porte et sortir&nbsp;\u00bb.<br \/>\n<\/span><\/p>\n<p style=\"margin-left: 28pt;\"><span style=\"color: #c00000; font-family: Arial;\">Elle est brul\u00e9e \u00e0 70\u202f%, &nbsp;au visage aux mains aux jambes, aux poumons, on la plonge dans un coma artificiel pendant 20 jours, quand elle se r\u00e9veille elle a tout oubli\u00e9 et puis elle se souvient et elle cauchemarde envelopp\u00e9e de bandages, on va l&rsquo;op\u00e9rer 50 fois, micro chirurgie et greffes de peau&#8230;<br \/>\n<\/span><\/p>\n<p style=\"margin-left: 28pt;\"><span style=\"color: #c00000; font-family: Arial;\">Fatima est un personnage du Journal du centre. J&rsquo;ai retrouv\u00e9 dans les archives une photo d&rsquo;elle avant, mignonne brunette, je vois une photo d&rsquo;elle aujourd&rsquo;hui, femme au grand sourire dont je devine la peau tortur\u00e9e. Elle n&rsquo;est plus jamais retourn\u00e9e au lyc\u00e9e, elle a t\u00e2tonn\u00e9 avant de trouver sa voie dans l&rsquo;accompagnement m\u00e9dical aupr\u00e8s de malades d&rsquo;Alzheimer, elle cherche un emploi stable et si elle n&rsquo;enl\u00e8ve pas les gants qui couvrent ses mains meurtries, elle &nbsp;n&rsquo;a plus peur d&rsquo;allumer des bougies et voudrait se marier. Elle avait 17 ans le jour o\u00f9 le courage l&rsquo;a pris.&nbsp;\u00bb.<span style=\"font-size: 12pt;\"><br \/>\n<\/span><\/span><\/p>\n<p><span style=\"color: #777777; font-family: Arial;\">Le journal du Centre avait dans un &lt;<span style=\"color: #0000ff;\"><a style=\"color: #0000ff;\" href=\"https:\/\/www.lejdc.fr\/nevers-58000\/actualites\/fatima-grievement-brulee-lors-dun-incendie-a-la-grande-pature-en-mai-a-ete-operee-18-fois_1603556\/\">article de juin 2013<\/a><\/span>&gt; parl\u00e9 de cet acte h\u00e9ro\u00efque et publi\u00e9 une photo de Fatima Zekkour dans la beaut\u00e9 de sa jeunesse.<br \/>\n<\/span><\/p>\n<p><span style=\"color: #777777; font-family: Arial;\">Le m\u00eame journal a publi\u00e9 r\u00e9cemment<span style=\"color: #0000ff;\"> l<\/span><a href=\"https:\/\/www.lejdc.fr\/nevers-58000\/actualites\/il-y-a-7-ans-fatima-zekkour-alerte-les-habitants-d-un-immeuble-en-feu-et-s-y-retrouve-piegee-je-n-oublie-pas-mais-je-n-y-pense-plus_13742462\/\"><span style=\"color: #0000ff;\">&lsquo;article<\/span><\/a> que commentait Claude Askolovitch et qui relatait le parcours de cette jeune fille jusqu&rsquo;\u00e0 aujourd&rsquo;hui. Vous y trouverez une photo r\u00e9cente de cette jeune femme qui a appliqu\u00e9 la loi de l&rsquo;entraide au p\u00e9ril de sa vie et de son int\u00e9grit\u00e9 physique, apr\u00e8s les nombreuses op\u00e9rations qu&rsquo;elle a subies.<br \/>\n<\/span><\/p>\n<p><span style=\"color: #777777; font-family: Arial;\">L&rsquo;article conclut sur les objectifs actuels de Fatima&nbsp;:<br \/>\n<\/span><\/p>\n<p style=\"margin-left: 28pt;\"><span style=\"color: #c00000; font-family: Arial;\">\u00ab&nbsp;Mon souhait, d\u00e9sormais, c&rsquo;est juste de mener une vie normale. Trouver du travail, d&rsquo;abord, car je suis au ch\u00f4mage depuis un mois. J&rsquo;ai arr\u00eat\u00e9 les CDD car je cherche un emploi \u00e0 plein-temps, mais dans le m\u00eame milieu, aupr\u00e8s des personnes souffrant de la maladie d&rsquo;Alzheimer. Je suis d&rsquo;ailleurs pr\u00eate \u00e0 partir de Nevers. Pour le reste, j&rsquo;ai des envies simples : fonder une famille, me marier\u2026 Une vie normale.&nbsp;\u00bb<br \/>\n<\/span><\/p>\n<p><span style=\"color: #777777; font-family: Arial;\">Jeune femme admirable qui continue \u00e0 trouver sa motivation dans le fait d&rsquo;aider les autres et notamment les plus fragiles&nbsp;: celles et ceux qui ont perdu leurs rep\u00e8res et la capacit\u00e9 de m\u00e9moire.<br \/>\n<\/span><\/p>\n<p><span style=\"color: #777777; font-family: Arial;\">La vie est plus belle quand on croise la route, m\u00eame si ce n&rsquo;est qu&rsquo;\u00e0 l&rsquo;occasion d&rsquo;un article ou d&rsquo;une \u00e9mission, d&rsquo;une femme comme Fatima Zekkour.<br \/>\n<\/span><\/p>\n<p><span style=\"color: maroon; font-family: Arial;\">&lt;1350&gt;<\/span><\/p>\n","protected":false},"excerpt":{"rendered":"<p>\u00ab&nbsp;Je n&rsquo;oublie pas, \u00e7a fait partie de ma vie, mais je n&rsquo;y pense plus&nbsp;\u00bb Fatima Zekkour , une jeune fille qui a choisi d&rsquo;aider les autres Un mot du jour de 2017 \u00e9tait consacr\u00e9 \u00e0 ce livre de Pablo Servigne<\/p>\n","protected":false},"author":1,"featured_media":0,"comment_status":"open","ping_status":"closed","sticky":false,"template":"","format":"standard","meta":{"footnotes":""},"categories":[1],"tags":[15,29,54],"class_list":["post-8112","post","type-post","status-publish","format-standard","hentry","category-motdujour","tag-france","tag-hommage","tag-humanisme"],"_links":{"self":[{"href":"https:\/\/lemotdujour.fr\/index.php?rest_route=\/wp\/v2\/posts\/8112","targetHints":{"allow":["GET"]}}],"collection":[{"href":"https:\/\/lemotdujour.fr\/index.php?rest_route=\/wp\/v2\/posts"}],"about":[{"href":"https:\/\/lemotdujour.fr\/index.php?rest_route=\/wp\/v2\/types\/post"}],"author":[{"embeddable":true,"href":"https:\/\/lemotdujour.fr\/index.php?rest_route=\/wp\/v2\/users\/1"}],"replies":[{"embeddable":true,"href":"https:\/\/lemotdujour.fr\/index.php?rest_route=%2Fwp%2Fv2%2Fcomments&post=8112"}],"version-history":[{"count":3,"href":"https:\/\/lemotdujour.fr\/index.php?rest_route=\/wp\/v2\/posts\/8112\/revisions"}],"predecessor-version":[{"id":8115,"href":"https:\/\/lemotdujour.fr\/index.php?rest_route=\/wp\/v2\/posts\/8112\/revisions\/8115"}],"wp:attachment":[{"href":"https:\/\/lemotdujour.fr\/index.php?rest_route=%2Fwp%2Fv2%2Fmedia&parent=8112"}],"wp:term":[{"taxonomy":"category","embeddable":true,"href":"https:\/\/lemotdujour.fr\/index.php?rest_route=%2Fwp%2Fv2%2Fcategories&post=8112"},{"taxonomy":"post_tag","embeddable":true,"href":"https:\/\/lemotdujour.fr\/index.php?rest_route=%2Fwp%2Fv2%2Ftags&post=8112"}],"curies":[{"name":"wp","href":"https:\/\/api.w.org\/{rel}","templated":true}]}}