{"id":810,"date":"2014-09-05T02:00:00","date_gmt":"2014-09-04T22:00:00","guid":{"rendered":"http:\/\/lemotdujour.fr\/?p=810"},"modified":"2017-05-08T13:23:01","modified_gmt":"2017-05-08T11:23:01","slug":"vendredi-5-septembre-2014","status":"publish","type":"post","link":"https:\/\/lemotdujour.fr\/?p=810","title":{"rendered":"Vendredi 5 septembre 2014"},"content":{"rendered":"<div class=\"mdjDate\">Vendredi 5 septembre 2014<\/div>\n<div class=\"mdjTexte\">\u00ab\u00a0Je veux te voir \u00e0 fond.\u00a0\u00bb<\/div>\n<div class=\"mdjAuteur\">Une jeune fille anonyme du m\u00e9tro de Lyon<\/div>\n<div class=\"mdjComplements\">Il faut d&rsquo;abord faire un peu de sociologie du m\u00e9tro lyonnais, notamment pour ceux qui sont habitu\u00e9s au m\u00e9tro parisien.<\/div>\n<div class=\"mdjComplements\">Dans le m\u00e9tro lyonnais, on se regarde et m\u00eame on se sourit. Dans le m\u00e9tro lyonnais on se parle et m\u00eame on \u00e9coute les gens parler.<\/div>\n<div class=\"mdjComplements\">Donc Annie et moi \u00e9tions dans le m\u00e9tro lyonnais et nous avons vu et entendu une jeune fille parler avec une amie qui visiblement venait d&rsquo;arriver \u00e0 Lyon.<\/div>\n<div class=\"mdjComplements\">Elle a expliqu\u00e9 notamment qu&rsquo;elle ne pouvait pas r\u00e9pondre \u00e0 telle autre sollicitation d&rsquo;une autre copine parce qu\u2019elle devait voir son amie \u00e0 fond et qu&rsquo;elle n&rsquo;avait donc que peu de temps pour les autres.<\/div>\n<div class=\"mdjComplements\">Cette expression m&rsquo;a beaucoup interpell\u00e9.<\/div>\n<div class=\"mdjComplements\">D&rsquo;abord par le nouveau langage des jeunes : \u00ab\u00a0Je te vois ou je veux te voir \u00e0 fond\u00a0\u00bb constitue probablement une nouvelle expression, en tout cas je ne l&rsquo;avais jamais entendue.<\/div>\n<div class=\"mdjComplements\">Ensuite par ce qu&rsquo;elle signifie et cela je le comprends.<\/div>\n<div class=\"mdjComplements\">La rencontre r\u00e9ussie avec un ami n\u00e9cessite une parfaite disponibilit\u00e9, c&rsquo;est ainsi que je la con\u00e7ois.<\/div>\n<div class=\"mdjComplements\">Elle peut \u00eatre rare, probablement doit-elle \u00eatre rare, mais quand elle se r\u00e9alise il faut la vivre \u00e0 fond, comme le disait cette jeune fille si sympathique.<\/div>\n<div class=\"mdjComplements\">Les sollicitations multiples et la dispersion sont le lot commun de beaucoup.<\/div>\n<div class=\"mdjComplements\">Cette jeune fille anonyme du m\u00e9tro lyonnais a ainsi exprim\u00e9 par des mots d&rsquo;aujourd&rsquo;hui ce que l&rsquo;exp\u00e9rience m&rsquo;a appris.<\/div>\n","protected":false},"excerpt":{"rendered":"<p>Vendredi 5 septembre 2014 \u00ab\u00a0Je veux te voir \u00e0 fond.\u00a0\u00bb Une jeune fille anonyme du m\u00e9tro de Lyon Il faut d&rsquo;abord faire un peu de sociologie du m\u00e9tro lyonnais, notamment pour ceux qui sont habitu\u00e9s au m\u00e9tro parisien. Dans le<\/p>\n","protected":false},"author":1,"featured_media":0,"comment_status":"closed","ping_status":"closed","sticky":false,"template":"","format":"standard","meta":{"footnotes":""},"categories":[1],"tags":[],"class_list":["post-810","post","type-post","status-publish","format-standard","hentry","category-motdujour"],"_links":{"self":[{"href":"https:\/\/lemotdujour.fr\/index.php?rest_route=\/wp\/v2\/posts\/810","targetHints":{"allow":["GET"]}}],"collection":[{"href":"https:\/\/lemotdujour.fr\/index.php?rest_route=\/wp\/v2\/posts"}],"about":[{"href":"https:\/\/lemotdujour.fr\/index.php?rest_route=\/wp\/v2\/types\/post"}],"author":[{"embeddable":true,"href":"https:\/\/lemotdujour.fr\/index.php?rest_route=\/wp\/v2\/users\/1"}],"replies":[{"embeddable":true,"href":"https:\/\/lemotdujour.fr\/index.php?rest_route=%2Fwp%2Fv2%2Fcomments&post=810"}],"version-history":[{"count":1,"href":"https:\/\/lemotdujour.fr\/index.php?rest_route=\/wp\/v2\/posts\/810\/revisions"}],"predecessor-version":[{"id":811,"href":"https:\/\/lemotdujour.fr\/index.php?rest_route=\/wp\/v2\/posts\/810\/revisions\/811"}],"wp:attachment":[{"href":"https:\/\/lemotdujour.fr\/index.php?rest_route=%2Fwp%2Fv2%2Fmedia&parent=810"}],"wp:term":[{"taxonomy":"category","embeddable":true,"href":"https:\/\/lemotdujour.fr\/index.php?rest_route=%2Fwp%2Fv2%2Fcategories&post=810"},{"taxonomy":"post_tag","embeddable":true,"href":"https:\/\/lemotdujour.fr\/index.php?rest_route=%2Fwp%2Fv2%2Ftags&post=810"}],"curies":[{"name":"wp","href":"https:\/\/api.w.org\/{rel}","templated":true}]}}