{"id":8087,"date":"2020-02-14T03:30:05","date_gmt":"2020-02-14T02:30:05","guid":{"rendered":"http:\/\/lemotdujour.fr\/?p=8087"},"modified":"2020-02-14T08:47:24","modified_gmt":"2020-02-14T07:47:24","slug":"vendredi-14-fevrier-2020","status":"publish","type":"post","link":"https:\/\/lemotdujour.fr\/?p=8087","title":{"rendered":"Vendredi 14 f\u00e9vrier 2020"},"content":{"rendered":"<div class=\"mdjTexte\">\u00ab\u00a0La vie\u00a0\u00bb<\/div>\n<div class=\"mdjAuteur\">Eternellement actuel, ce mot est aussi le titre d\u2019un livre de Didier Fassin<\/div>\n<p><span style=\"color: #777777; font-family: Arial;\">Je termine aujourd&rsquo;hui cette s\u00e9rie sur les mots et expression d&rsquo;aujourd&rsquo;hui.<br \/>\n<\/span><\/p>\n<p><span style=\"color: #777777; font-family: Arial;\">Il s&rsquo;agissait de mots nouveaux qui viennent d&rsquo;\u00eatre invent\u00e9s\u00a0: \u00ab\u00a0<strong>TikTok<\/strong>\u00a0\u00bb, \u00ab <strong>M\u00e9ga-feux<\/strong>\u00a0\u00bb, \u00ab\u00a0<strong>Flygskam<\/strong>\u00a0\u00bb ou des expressions\u00a0: \u00ab\u00a0<strong>OK boomer<\/strong>\u00a0\u00bb<br \/>\n<\/span><\/p>\n<p><span style=\"color: #777777; font-family: Arial;\">Et puis il y avait aussi des mots qui ont une signification diff\u00e9rente que celle attendue \u00ab\u00a0<strong>Les sardines<\/strong>\u00a0\u00bb ou des mots dont on retrouve la signification r\u00e9elle comme \u00ab <strong>le\u00a0consentement<\/strong>\u00a0\u00bb.<br \/>\n<\/span><\/p>\n<p><span style=\"color: #777777; font-family: Arial;\">Enfin des mots plus anciens mais qui ont une br\u00fblante actualit\u00e9 \u00ab\u00a0<strong>Populisme<\/strong>\u00a0\u00bb, \u00ab\u00a0<strong>H\u00f4pital public<\/strong>\u00a0\u00bb<br \/>\n<\/span><\/p>\n<p><span style=\"color: #777777; font-family: Arial;\">J&rsquo;aurais pu parler d&rsquo;\u00ab\u00a0<strong>agribashing<\/strong>\u00a0\u00bb de \u00ab\u00a0<strong>Brexit<\/strong>\u00a0\u00bb de \u00ab\u00a0<strong>retraite<\/strong>\u00a0\u00bb de \u00ab\u00a0<strong>censure\u00a0<\/strong>\u00bb et sur ce dernier mot il faut lire l&rsquo;\u00e9dito de Riss sur le site de Charlie Hebdo\u00a0: \u00ab\u00a0<a href=\"https:\/\/charliehebdo.fr\/2020\/01\/edito\/les-nouveaux-visages-de-la-censure\/\"><span style=\"color: #0000ff;\">Les nouveaux visages de la censure\u00a0<\/span><\/a>\u00bb<br \/>\n<\/span><\/p>\n<p><span style=\"color: #777777; font-family: Arial;\">Et puis \u00ab\u00a0<strong>F\u00e9minicide<\/strong>\u00a0\u00bb qui a \u00e9t\u00e9 d\u00e9sign\u00e9 comme le &lt;<span style=\"color: #0000ff;\"><a style=\"color: #0000ff;\" href=\"https:\/\/www.femmeactuelle.fr\/actu\/news-actu\/feminicide-elu-mot-de-lannee-du-dictionnaire-le-petit-robert-2088317\">mot de l&rsquo;ann\u00e9e<\/a><\/span>&gt; par le dictionnaire du Petit Robert. Ce terme qui &lt;<span style=\"color: #0000ff;\"><a style=\"color: #0000ff;\" href=\"https:\/\/www.lemonde.fr\/societe\/article\/2019\/08\/23\/feminicide-ce-mot-qui-embarrasse-la-magistrature_5501884_3224.html\">interroge la magistrature<\/a><\/span>&gt; et &lt;<span style=\"color: #0000ff;\"><a style=\"color: #0000ff;\" href=\"https:\/\/www.franceculture.fr\/societe\/le-terme-feminicide-interroge-le-droit\">le Droit<\/a><\/span>&gt; mais qui correspond \u00e0 cette triste r\u00e9alit\u00e9 de la violence que les hommes exercent \u00e0 l&rsquo;\u00e9gard des femmes.<br \/>\n<\/span><\/p>\n<p><span style=\"color: #777777; font-family: Arial;\">Mais je veux terminer par ce mot\u00a0: \u00ab\u00a0<strong>La vie<\/strong>\u00a0\u00bb.<br \/>\n<\/span><\/p>\n<p><span style=\"color: #777777; font-family: Arial;\">Je ne crois pas qu&rsquo;il puisse exister un mot plus \u00e9ternellement actuel que \u00ab\u00a0<strong>la vie<\/strong>\u00a0\u00bb.<br \/>\n<\/span><\/p>\n<p><span style=\"color: #777777; font-family: Arial;\">Si je n&rsquo;\u00e9tais pas en vie je ne pourrais pas \u00e9crire, et si vous ne l&rsquo;\u00e9tiez pas vous ne pourriez pas lire. <\/span><span style=\"color: #777777; font-family: Arial;\">La vie est ce que nous avons de plus pr\u00e9cieux.<br \/>\n<\/span><\/p>\n<p><span style=\"color: #777777; font-family: Arial;\">La vie qui est relation comme l&rsquo;\u00e9crit si bien Alain Damasio\u00a0:<br \/>\n<\/span><\/p>\n<p style=\"margin-left: 28pt;\"><span style=\"color: #c00000; font-family: Arial;\">\u00ab\u00a0Une puissance de vie\u00a0!<br \/>\nC&rsquo;est le volume de liens, de relations qu&rsquo;un \u00eatre est capable de tisser et d&rsquo;entrelacer sans se porter atteinte.\u00a0\u00bb<br \/>\n<\/span><\/p>\n<p><span style=\"color: #777777; font-family: Arial;\">L&rsquo;acad\u00e9micien Fran\u00e7ois Cheng qui parle si bien de la beaut\u00e9 (<em>regardez cette &lt;<span style=\"color: #0000ff;\"><a style=\"color: #0000ff;\" href=\"https:\/\/www.youtube.com\/watch?v=aItWfwsJ9M0\">vid\u00e9o<\/a><\/span>&gt; \u00e0 partir de 21&rsquo;10 qui est un replay de la Grande Librairie<\/em>) et qui a r\u00e9dig\u00e9 \u00ab\u00a0<span style=\"color: #0000ff;\"><a style=\"color: #0000ff;\" href=\"https:\/\/livre.fnac.com\/a11074434\/Francois-Cheng-Cinq-meditations-sur-la-mort\">Cinq m\u00e9ditations sur la mort autrement dit sur la vie\u00a0<\/a><\/span>\u00bb a \u00e9crit\u00a0:<br \/>\n<\/span><\/p>\n<p style=\"margin-left: 28pt;\"><span style=\"color: #c00000; font-family: Arial;\">\u00ab\u00a0Disons d\u00e8s \u00e0 pr\u00e9sent sans d\u00e9tour que je fais partie de ceux qui se situent r\u00e9solument dans l&rsquo;ordre de la vie. [\u2026] pour nous, le principe de vie est contenu d\u00e8s le d\u00e9part dans l&rsquo;av\u00e8nement de l&rsquo;univers. Et l&rsquo;esprit, qui porte ce principe, n&rsquo;est pas un simple d\u00e9riv\u00e9 de la mati\u00e8re. Il participe de l&rsquo;Origine, et par l\u00e0 de tout le processus d&rsquo;apparition de la vie, qui nous frappe par sa stup\u00e9fiante complexit\u00e9. Sensibles aux conditions tragiques de notre destin, nous laissons n\u00e9anmoins la vie nous envahir de toute son insondable \u00e9paisseur, flux de promesses inconnues et d&rsquo;indicibles sources d&rsquo;\u00e9motion.\u00a0\u00bb<br \/>\n<\/span><span style=\"color: #c00000; font-family: Arial;\"><em>Cinq m\u00e9ditations sur la mort, pages 16 &amp; 17<br \/>\n<\/em><\/span><\/p>\n<p><span style=\"color: #777777; font-family: Arial;\">Si un jeune, dans un moment de s\u00e9r\u00e9nit\u00e9 pendant lequel il n&rsquo;aurait pas la tentation de me lancer \u00ab\u00a0Ok boomer\u00a0\u00bb mais plut\u00f4t de me demander\u00a0: \u00e0 ton \u00e2ge, avec ce que tu as appris si tu n&rsquo;avais qu&rsquo;une phrase \u00e0 me dire, laquelle serait-elle\u00a0?<br \/>\n<\/span><\/p>\n<p><span style=\"color: #777777; font-family: Arial;\"><img loading=\"lazy\" decoding=\"async\" class=\"size-medium wp-image-6034 alignleft\" src=\"https:\/\/lemotdujour.fr\/wp-content\/uploads\/2019\/01\/012019_2247_Vendredi25j3-300x267.jpg\" alt=\"\" width=\"300\" height=\"267\" srcset=\"https:\/\/lemotdujour.fr\/wp-content\/uploads\/2019\/01\/012019_2247_Vendredi25j3-300x267.jpg 300w, https:\/\/lemotdujour.fr\/wp-content\/uploads\/2019\/01\/012019_2247_Vendredi25j3.jpg 627w\" sizes=\"auto, (max-width: 300px) 100vw, 300px\" \/>Je r\u00e9pondrai certainement<br \/>\n<\/span><\/p>\n<p style=\"margin-left: 28pt;\"><span style=\"color: #c00000; font-family: Arial;\">\u00ab\u00a0N&rsquo;oublie pas qu&rsquo;il y a une vie avant la mort\u00a0!\u00a0\u00bb<br \/>\n<\/span><\/p>\n<p><span style=\"color: #777777; font-family: Arial;\">Qu&rsquo;il y ait une vie apr\u00e8s la mort, certains le croient, mais ce n&rsquo;est pas s\u00fbr.<br \/>\n<\/span><\/p>\n<p><span style=\"color: #777777; font-family: Arial;\">En revanche, avant la mort il y a une vie \u00e0 vivre.<br \/>\n<\/span><\/p>\n<p><span style=\"color: #777777; font-family: Arial;\">L&rsquo;actualit\u00e9 du mot \u00ab\u00a0<strong>vie\u00a0<\/strong>\u00bb est aussi li\u00e9e aux menaces qui p\u00e8sent sur la biodiversit\u00e9. <a href=\"https:\/\/www.nationalgeographic.fr\/environnement\/la-sixieme-extinction-massive-deja-commence\"><span style=\"color: #0000ff;\">\u00ab\u00a0La sixi\u00e8me extinction massive a d\u00e9j\u00e0 commenc\u00e9\u00a0<\/span><\/a><span style=\"color: #0000ff;\">\u00bb<\/span>. La disparition des insectes est<span style=\"color: #0000ff;\"> <a style=\"color: #0000ff;\" href=\"https:\/\/laminute.info\/2020\/02\/10\/un-demi-million-despeces-dinsectes-menacees-dextinction-des-scientifiques\/\">profond\u00e9ment pr\u00e9occupante<\/a><\/span>.<br \/>\n<\/span><\/p>\n<p><span style=\"color: #777777; font-family: Arial;\">L&rsquo;homme n&rsquo;est pas seul sur terre. Sa vie, son \u00e9quilibre d\u00e9pendent aussi de la vie d&rsquo;autres esp\u00e8ces.<br \/>\n<\/span><\/p>\n<p><span style=\"color: #777777; font-family: Arial;\">Le m\u00e9decin <span style=\"color: #0000ff;\"><a style=\"color: #0000ff;\" href=\"https:\/\/fr.wikipedia.org\/wiki\/Marie_Fran%C3%A7ois_Xavier_Bichat\">Marie Fran\u00e7ois Xavier Bichat<\/a> <\/span>(1771-1802) a \u00e9crit dans son livre \u00ab\u00a0<em>Recherches physiologiques sur la vie et la mort\u00a0\u00bb <\/em>un aphorisme souvent repris<em>\u00a0:<br \/>\n<\/em><\/span><\/p>\n<p style=\"margin-left: 28pt;\"><span style=\"color: #c00000; font-family: Arial;\">\u00ab\u00a0La vie est l&rsquo;ensemble des fonctions qui r\u00e9sistent \u00e0 la mort\u00a0\u00bb<br \/>\n<\/span><\/p>\n<p><span style=\"color: #777777; font-family: Arial;\">Jean d&rsquo;Ormesson a nuanc\u00e9 cette d\u00e9finition\u00a0:<br \/>\n<\/span><\/p>\n<p style=\"margin-left: 28pt;\"><span style=\"color: #c00000; font-family: Arial;\">\u00ab\u00a0Ma d\u00e9finition \u00e0 moi serait plut\u00f4t l&rsquo;inverse : la vie, c&rsquo;est ce qui meurt. La vie et la mort sont unies si \u00e9troitement qu&rsquo;elles n&rsquo;ont de sens que l&rsquo;une par l&rsquo;autre.\u00a0\u00bb<br \/>\n<\/span><\/p>\n<p><span style=\"color: #777777; font-family: Arial;\">La vie est aussi tout ce qui se passe entre la naissance et la mort.<br \/>\n<\/span><\/p>\n<p><span style=\"color: #777777; font-family: Arial;\">Et cette vie n&rsquo;est pas la m\u00eame pour tous, ni en ce qui concerne la dur\u00e9e, la sant\u00e9, la souffrance, le plaisir et la joie.<br \/>\n<\/span><\/p>\n<p><span style=\"color: #777777; font-family: Arial;\">Et ainsi l&rsquo;actualit\u00e9 du mot \u00ab\u00a0<strong>La vie<\/strong>\u00a0\u00bb vient aussi de la le\u00e7on inaugurale, le 16 janvier, de Didier Fassin au Coll\u00e8ge de France sur \u00ab\u00a0<strong>l&rsquo;in\u00e9galit\u00e9 des vies<\/strong>\u00a0\u00bb.<br \/>\n<\/span><\/p>\n<p><a href=\"https:\/\/www.college-de-france.fr\/site\/didier-fassin\/inaugural-lecture-2020-01-16-18h00.htm\"><img loading=\"lazy\" decoding=\"async\" class=\"alignleft\" src=\"https:\/\/lemotdujour.fr\/wp-content\/uploads\/2020\/02\/021320_2230_Vendredi14f1.png\" alt=\"\" width=\"425\" height=\"281\" align=\"left\" border=\"0\" \/><\/a><span style=\"color: #777777; font-family: Arial;\">Vous trouverez sa le\u00e7on inaugurale derri\u00e8re <span style=\"color: #0000ff;\"><a style=\"color: #0000ff;\" href=\"https:\/\/www.college-de-france.fr\/site\/didier-fassin\/inaugural-lecture-2020-01-16-18h00.htm\"><strong>&lt;ce lien&gt;<\/strong><\/a><\/span><br \/>\n<\/span><\/p>\n<p><a href=\"https:\/\/fr.wikipedia.org\/wiki\/Didier_Fassin\"><span style=\"font-family: Arial;\"><span style=\"color: #0000ff;\">Didier Fassin<\/span><\/span><\/a><span style=\"color: #777777; font-family: Arial;\"><span style=\"color: #0000ff;\">,<\/span> n\u00e9 en 1955, est un anthropologue, sociologue et m\u00e9decin fran\u00e7ais. Il est professeur de sciences sociales \u00e0 Princeton et directeur d&rsquo;\u00e9tudes \u00e0 l&rsquo;\u00c9cole des hautes \u00e9tudes en sciences sociales. Il a \u00e9t\u00e9 \u00e9lu au Coll\u00e8ge de France pour occuper une chaire annuelle en 2020 consacr\u00e9e \u00e0 la sant\u00e9 publique. Il a travaill\u00e9 sur les malades du sida, les demandeurs d&rsquo;asile, l&rsquo;humanitaire, la police, la justice, la prison, et sur \u00ab l&rsquo;in\u00e9galit\u00e9 des vies \u00bb.<br \/>\n<\/span><\/p>\n<p><span style=\"color: #777777; font-family: Arial;\"><img loading=\"lazy\" decoding=\"async\" class=\"wp-image-8103 alignright\" src=\"https:\/\/lemotdujour.fr\/wp-content\/uploads\/2020\/02\/021320_2230_Vendredi14f2-203x300.jpg\" alt=\"\" width=\"209\" height=\"309\" srcset=\"https:\/\/lemotdujour.fr\/wp-content\/uploads\/2020\/02\/021320_2230_Vendredi14f2-203x300.jpg 203w, https:\/\/lemotdujour.fr\/wp-content\/uploads\/2020\/02\/021320_2230_Vendredi14f2.jpg 366w\" sizes=\"auto, (max-width: 209px) 100vw, 209px\" \/>Il a \u00e9crit un livre paru en 2018 qui pour titre \u00ab\u00a0<a href=\"https:\/\/livre.fnac.com\/a11118386\/Didier-Fassin-La-Vie-Mode-d-emploi-critique\"><strong><span style=\"color: #0000ff;\">La vie<\/span><\/strong><span style=\"color: #0000ff;\">\u00a0<\/span><\/a>\u00bb et sous-titre \u00ab\u00a0<strong>Mode d&#8217;emploi critique<\/strong>\u00a0\u00bb.<br \/>\n<\/span><\/p>\n<p><span style=\"color: #777777; font-family: Arial;\">Je l&rsquo;ai d&rsquo;abord entendu sur France Inter,<span style=\"color: #0000ff;\"> <a style=\"color: #0000ff;\" href=\"https:\/\/www.franceinter.fr\/emissions\/l-invite-d-ali-baddou\/l-invite-d-ali-baddou-17-janvier-2020\">le 17 janvier 2020<\/a><\/span>, invit\u00e9 par Ali Baddou puis sur France Culture, <a href=\"https:\/\/www.franceculture.fr\/emissions\/linvite-actu\/invite-actu-des-matins-du-samedi-suite-du-samedi-18-janvier-2020\"><span style=\"color: #0000ff;\">le 18 janvier 2020<\/span><\/a>, pour \u00e9voquer sa le\u00e7on inaugurale pour parler de ses recherches et de sa r\u00e9flexion.<br \/>\n<\/span><\/p>\n<p><span style=\"color: #777777; font-family: Arial;\">L&rsquo;Obs a republi\u00e9<span style=\"color: #0000ff;\"> <a style=\"color: #0000ff;\" href=\"https:\/\/www.nouvelobs.com\/idees\/20200116.OBS23537\/didier-fassin-entre-au-college-de-france-pour-denoncer-l-inegalite-des-vies.html\">un grand entretien<\/a><\/span> qu&rsquo;il avait men\u00e9 avec Didier Fassin lors de la sortie de son livre sur la \u00ab\u00a0Vie\u00a0\u00bb<br \/>\n<\/span><\/p>\n<p><span style=\"color: #777777; font-family: Arial;\">Ces diff\u00e9rents points d&rsquo;entr\u00e9e dans la r\u00e9flexion et les \u00e9tudes de Didier Fassin m&rsquo;ont \u00e9norm\u00e9ment int\u00e9ress\u00e9.<br \/>\n<\/span><\/p>\n<p><span style=\"color: #777777; font-family: Arial;\">Il arrive \u00e0 r\u00e9aliser cette performance de d\u00e9cliner avec naturel les statistiques et les \u00e9tudes g\u00e9n\u00e9rales sur l&rsquo;esp\u00e9rance de vie, la qualit\u00e9 de vie et les in\u00e9galit\u00e9s mais aussi de se mettre \u00e0 hauteur d&rsquo;homme pour illustrer la froideur des chiffres par l&rsquo;\u00e9motion et la v\u00e9rit\u00e9 de l&rsquo;histoire de la vie d&rsquo;\u00eatres humains dont il raconte la r\u00e9alit\u00e9.<br \/>\n<\/span><\/p>\n<p><span style=\"color: #777777; font-family: Arial;\">Il ne m&rsquo;est pas possible de faire une synth\u00e8se de son propos mais je citerai un extrait de sa le\u00e7on inaugurale qui commence par l&rsquo;esp\u00e9rance de vie\u00a0:<br \/>\n<\/span><\/p>\n<p style=\"margin-left: 28pt;\"><span style=\"color: #c00000; font-family: Arial;\">\u00ab\u00a0(\u2026) Ce que nous nommons d&rsquo;une expression aussi \u00e9l\u00e9gante que trompeuse \u00ab esp\u00e9rance de vie \u00bb n&rsquo;est qu&rsquo;une mesure abstraite r\u00e9sultant de la sommation de la probabilit\u00e9 de d\u00e9c\u00e9der aux diff\u00e9rents \u00e2ges et imaginant une g\u00e9n\u00e9ration fictive soumise aux conditions de mortalit\u00e9 de l&rsquo;ann\u00e9e consid\u00e9r\u00e9e. Mais o\u00f9 donc est pass\u00e9e la vie ? Certes, l&rsquo;esp\u00e9rance de vie nous informe sur un fait majeur : les disparit\u00e9s consid\u00e9rables de long\u00e9vit\u00e9 existant dans nos soci\u00e9t\u00e9s \u2013 treize ans en France, quinze ans aux Etats-Unis, quand on compare les plus riches et les plus pauvres.<br \/>\n<\/span><\/p>\n<p style=\"margin-left: 28pt;\"><span style=\"color: #c00000; font-family: Arial;\">Mais ce qu&rsquo;on peut dire de l&rsquo;in\u00e9galit\u00e9 des vies tient-il dans cette seule mesure ? Deux illustrations sugg\u00e8rent que cette quantification est n\u00e9cessaire mais non suffisante. El\u00e9ment troublant, en France, mais l&rsquo;observation vaut pour d&rsquo;autres pays occidentaux, quelle que soit leur cat\u00e9gorie socioprofessionnelle, les femmes ont une mortalit\u00e9 plus faible que les hommes. Ainsi les ouvri\u00e8res vivent-elles plus longtemps que les hommes cadres, m\u00eame si l&rsquo;\u00e9cart s&rsquo;est r\u00e9duit au cours des derni\u00e8res d\u00e9cennies.<br \/>\n<\/span><\/p>\n<p style=\"margin-left: 28pt;\"><span style=\"color: #c00000; font-family: Arial;\">Ce fait, principalement li\u00e9 \u00e0 des diff\u00e9rences de comportements \u00e0 risque au regard de la sant\u00e9, a souvent \u00e9t\u00e9 d\u00e9crit comme signant un privil\u00e8ge pour le sexe f\u00e9minin. Or, d&rsquo;une part, si les ouvri\u00e8res ont une esp\u00e9rance de vie \u00e0 35 ans de deux ann\u00e9es sup\u00e9rieure aux hommes cadres, leur esp\u00e9rance de vie sans incapacit\u00e9 est de sept ans inf\u00e9rieure, cons\u00e9quence probable de conditions de travail d\u00e9favorables ; l&rsquo;avantage apparent est donc un artifice. D&rsquo;autre part, et surtout, l&rsquo;esp\u00e9rance de vie ne renseigne pas sur la qualit\u00e9 de vie, que ce soit en termes d&rsquo;autonomie, d&rsquo;\u00e9mancipation, d&rsquo;exposition au sexisme, et finalement de r\u00e9alisation de soi ; nul besoin de souligner combien, sur ces diff\u00e9rents plans, les femmes ont \u00e9t\u00e9 et sont encore p\u00e9nalis\u00e9es dans un pays o\u00f9 elles n&rsquo;ont obtenu que r\u00e9cemment le droit de voter et d&rsquo;ouvrir un compte bancaire, l&rsquo;acc\u00e8s \u00e0 la contraception et \u00e0 l&rsquo;interruption volontaire de grossesse, l&rsquo;autorit\u00e9 parentale conjointe et l&rsquo;\u00e9galit\u00e9 des \u00e9poux dans la gestion des biens de la famille, la reconnaissance des violences conjugales et du harc\u00e8lement sexuel.<br \/>\n<\/span><\/p>\n<p style=\"margin-left: 28pt;\"><span style=\"color: #c00000; font-family: Arial;\">\u00a0<\/span><span style=\"color: #c00000; font-family: Arial;\">Comme n&rsquo;a cess\u00e9 d&rsquo;y insister Fran\u00e7oise H\u00e9ritier [1933-2017], ce qu&rsquo;elle appelle la \u00ab valence diff\u00e9rentielle des sexes \u00bb est, dans toutes les soci\u00e9t\u00e9s humaines connues, le produit de hi\u00e9rarchies qui op\u00e8rent dans l&rsquo;univers symbolique autant que dans le monde social, le premier servant souvent de justification au second pour distribuer in\u00e9galement le pouvoir. Qu&rsquo;en France, ou ailleurs, les femmes vivent plus longtemps que les hommes ne nous dit rien, par cons\u00e9quent, de ce qu&rsquo;est leur vie ou, plus pr\u00e9cis\u00e9ment, ce que la soci\u00e9t\u00e9 en fait.<br \/>\n<\/span><\/p>\n<p style=\"margin-left: 28pt;\"><span style=\"color: #c00000; font-family: Arial;\">Une r\u00e9flexion en quelque sorte sym\u00e9trique peut \u00eatre d\u00e9velopp\u00e9e pour ce qui est des hommes noirs aux Etats-Unis qui, eux, vivent moins longtemps que les hommes blancs. La mort d&rsquo;hommes et d&rsquo;adolescents afro-am\u00e9ricains tu\u00e9s par des policiers, et notamment d&rsquo;Eric Garner \u00e9touff\u00e9 lors de son interpellation pour vente de cigarettes \u00e0 la sauvette [le 17 juillet ao\u00fbt 2014, \u00e0 New York], de Michael Brown abattu de plusieurs balles alors qu&rsquo;il marchait dans la rue [le 11 ao\u00fbt 2014, \u00e0 Ferguson], de Freddie Gray victime de fractures cervicales occasionn\u00e9es par son arrestation \u00e0 la suite d&rsquo;un contr\u00f4le d&rsquo;identit\u00e9 [le 15 avril 2015, \u00e0 Baltimore], de l&rsquo;enfant Tamir Rice tu\u00e9 sur un terrain de jeux alors qu&rsquo;il portait \u00e0 la ceinture un pistolet factice [\u00e0 Cleveland, le 22 novembre 2014], et de bien d&rsquo;autres, a r\u00e9v\u00e9l\u00e9 la fr\u00e9quence de ces incidents mortels.\u00a0\u00bb<br \/>\n<\/span><\/p>\n<p><span style=\"color: #777777; font-family: Arial;\">Et il revient \u00e0 la r\u00e9flexion sur la vie que j&rsquo;ai essay\u00e9 d&rsquo;esquisser au d\u00e9but de ce mot du jour mais en la confrontant \u00e0 la r\u00e9alit\u00e9 des in\u00e9galit\u00e9s\u00a0:<br \/>\n<\/span><\/p>\n<p style=\"margin-left: 28pt;\"><span style=\"color: #c00000; font-family: Arial;\">\u00ab\u00a0Il y a ainsi, d&rsquo;un c\u00f4t\u00e9, la vie qui s&rsquo;\u00e9coule avec un commencement et une fin, et de l&rsquo;autre, la vie qui fait la singularit\u00e9 humaine parce qu&rsquo;elle peut \u00eatre racont\u00e9e\u00a0: vie biologique et vie biographique, en somme. L&rsquo;esp\u00e9rance de vie mesure l&rsquo;\u00e9tendue de la premi\u00e8re. L&rsquo;histoire de vie relate la richesse de la seconde. L&rsquo;in\u00e9galit\u00e9 des vies ne peut \u00eatre appr\u00e9hend\u00e9e que dans la reconnaissance des deux. Elle doit \u00e0 la fois les distinguer et les connecter. Les distinguer, car le paradoxe des femmes fran\u00e7aises montre qu&rsquo;une vie longue ne suffit pas \u00e0 garantir une vie bonne. Les connecter, car l&rsquo;exp\u00e9rience des hommes afro-am\u00e9ricains rappelle qu&rsquo;une vie d\u00e9valoris\u00e9e finit par produire une vie ab\u00eem\u00e9e.\u00a0\u00bb<br \/>\n<\/span><\/p>\n<p><span style=\"color: #777777; font-family: Arial;\">Et il cite Bourdieu et parle de notre soci\u00e9t\u00e9 \u00e9conomique et sociale\u00a0:<br \/>\n<\/span><\/p>\n<p style=\"margin-left: 28pt;\"><span style=\"color: #c00000; font-family: Arial;\">\u00ab\u00a0Comme Pierre Bourdieu, dont les livres m&rsquo;ont fait d\u00e9couvrir les sciences sociales, l&rsquo;a montr\u00e9 \u00e0 propos de sa propre histoire\u00a0: c&rsquo;est en prenant la distance \u00e9pist\u00e9mologique n\u00e9cessaire qu&rsquo;on transforme une exp\u00e9rience en connaissance et qu&rsquo;on fait d&rsquo;une dette sociale une \u0153uvre scientifique. La question de l&rsquo;in\u00e9galit\u00e9 est pr\u00e9sente dans toute la sienne, m\u00eame s&rsquo;il lui donne d&rsquo;autres noms, reproduction et domination, force de l&rsquo;habitus et lutte des classements. <strong>De cette in\u00e9galit\u00e9, qui prend de multiples formes, \u00e0 l&rsquo;\u00e9cole et dans le travail, en termes de capital \u00e9conomique et de capital social, la plus profonde est celle devant la vie m\u00eame.<\/strong>\u00a0\u00bb<br \/>\n<\/span><\/p>\n<p><span style=\"color: #777777; font-family: Arial;\">J&rsquo;ai donc voulu terminer cette s\u00e9rie de mots par la \u00ab\u00a0<strong>vie\u00a0<\/strong>\u00bb avec un regard d&rsquo;abord philosophique et po\u00e9tique pour ensuite, gr\u00e2ce \u00e0 Didier Fassin, esquisser la r\u00e9alit\u00e9 sociologique des in\u00e9galit\u00e9s devant la vie. Car la vie n&rsquo;est pas la m\u00eame si un enfant nait en Somalie ou en Allemagne, s&rsquo;il nait dans une famille pauvre ou dans une famille riche, s&rsquo;il nait dans une famille noire ou dans une famille blanche, s&rsquo;il nait femme ou homme dans beaucoup de pays du monde.<br \/>\n<\/span><\/p>\n<p><span style=\"color: #777777; font-family: Arial;\">Et sur ce point on comprend bien que les solutions ne sauraient \u00eatre individuelles mais sont politiques au sens le plus noble de ce terme.<br \/>\n<\/span><\/p>\n<p><span style=\"color: #777777; font-family: Arial;\">Je sais que beaucoup ne croit plus en la politique. C&rsquo;est pourtant la seule solution, celle de ne pas s&rsquo;occuper de son seul ego, de sa petite famille, de son petit jardin mais de s&rsquo;int\u00e9resser plus globalement \u00e0 la communaut\u00e9 des vivants.<br \/>\n<\/span><\/p>\n<p><span style=\"color: #777777; font-family: Arial;\">Didier Fassin restreint son propos \u00e0 homo sapiens. <\/span><span style=\"color: #777777; font-family: Arial;\">J&rsquo;aimerais \u00e9largir cette vision et inclure dans la communaut\u00e9 des vivants, non seulement l&rsquo;esp\u00e8ce humaine mais aussi les autres esp\u00e8ces et les v\u00e9g\u00e9taux qui sont \u00ab\u00a0en vie\u00a0\u00bb.<br \/>\n<\/span><\/p>\n<p><span style=\"color: #777777; font-family: Arial;\">Je finirai pas un dessin qui pose une question\u00a0:<br \/>\n<\/span><\/p>\n<p><img decoding=\"async\" src=\"https:\/\/lemotdujour.fr\/wp-content\/uploads\/2020\/02\/021320_2230_Vendredi14f3.jpg\" alt=\"\" \/><span style=\"color: #777777; font-family: Arial;\"><br \/>\n<\/span><\/p>\n<p><span style=\"color: #777777; font-family: Arial;\">&lt;<a href=\"https:\/\/www.college-de-france.fr\/site\/didier-fassin\/inaugural-lecture-2020-01-16-18h00.htm\"><span style=\"color: #0000ff;\">La Le\u00e7on inaugurale de Didier Fassin\u00a0: l&rsquo;in\u00e9galit\u00e9 des vies<\/span><\/a>&gt;<br \/>\n<\/span><\/p>\n<p><span style=\"color: maroon; font-family: Arial;\">&lt;1349&gt;<\/span><\/p>\n","protected":false},"excerpt":{"rendered":"<p>\u00ab\u00a0La vie\u00a0\u00bb Eternellement actuel, ce mot est aussi le titre d\u2019un livre de Didier Fassin Je termine aujourd&rsquo;hui cette s\u00e9rie sur les mots et expression d&rsquo;aujourd&rsquo;hui. Il s&rsquo;agissait de mots nouveaux qui viennent d&rsquo;\u00eatre invent\u00e9s\u00a0: \u00ab\u00a0TikTok\u00a0\u00bb, \u00ab M\u00e9ga-feux\u00a0\u00bb, \u00ab\u00a0Flygskam\u00a0\u00bb ou<\/p>\n","protected":false},"author":1,"featured_media":0,"comment_status":"open","ping_status":"closed","sticky":false,"template":"","format":"standard","meta":{"footnotes":""},"categories":[1],"tags":[54,13,117],"class_list":["post-8087","post","type-post","status-publish","format-standard","hentry","category-motdujour","tag-humanisme","tag-sante","tag-viellissement"],"_links":{"self":[{"href":"https:\/\/lemotdujour.fr\/index.php?rest_route=\/wp\/v2\/posts\/8087","targetHints":{"allow":["GET"]}}],"collection":[{"href":"https:\/\/lemotdujour.fr\/index.php?rest_route=\/wp\/v2\/posts"}],"about":[{"href":"https:\/\/lemotdujour.fr\/index.php?rest_route=\/wp\/v2\/types\/post"}],"author":[{"embeddable":true,"href":"https:\/\/lemotdujour.fr\/index.php?rest_route=\/wp\/v2\/users\/1"}],"replies":[{"embeddable":true,"href":"https:\/\/lemotdujour.fr\/index.php?rest_route=%2Fwp%2Fv2%2Fcomments&post=8087"}],"version-history":[{"count":9,"href":"https:\/\/lemotdujour.fr\/index.php?rest_route=\/wp\/v2\/posts\/8087\/revisions"}],"predecessor-version":[{"id":8111,"href":"https:\/\/lemotdujour.fr\/index.php?rest_route=\/wp\/v2\/posts\/8087\/revisions\/8111"}],"wp:attachment":[{"href":"https:\/\/lemotdujour.fr\/index.php?rest_route=%2Fwp%2Fv2%2Fmedia&parent=8087"}],"wp:term":[{"taxonomy":"category","embeddable":true,"href":"https:\/\/lemotdujour.fr\/index.php?rest_route=%2Fwp%2Fv2%2Fcategories&post=8087"},{"taxonomy":"post_tag","embeddable":true,"href":"https:\/\/lemotdujour.fr\/index.php?rest_route=%2Fwp%2Fv2%2Ftags&post=8087"}],"curies":[{"name":"wp","href":"https:\/\/api.w.org\/{rel}","templated":true}]}}