{"id":808,"date":"2014-09-04T02:00:00","date_gmt":"2014-09-03T22:00:00","guid":{"rendered":"http:\/\/lemotdujour.fr\/?p=808"},"modified":"2017-08-21T11:47:52","modified_gmt":"2017-08-21T09:47:52","slug":"jeudi-4-septembre-2014","status":"publish","type":"post","link":"https:\/\/lemotdujour.fr\/?p=808","title":{"rendered":"Jeudi 4 septembre 2014"},"content":{"rendered":"<div class=\"mdjDate\">Jeudi 4 septembre 2014<\/div>\n<div class=\"mdjTexte\">\u00ab\u00a0Nous vivons dans une soci\u00e9t\u00e9 du temps libre \u00bb<\/div>\n<div class=\"mdjAuteur\">Jean Viard<\/div>\n<div class=\"mdjComplements\">Nous sortons, la plupart d\u2019entre nous, de la p\u00e9riode de cong\u00e9. Pour nous, \u00a0avoir du temps libre constitue une \u00e9vidence. Gr\u00e2ce \u00e0 Jean Viard nous pouvons mettre ce temps libre en perspective.<\/div>\n<div class=\"mdjComplements\">Jean Viard est un sociologue sp\u00e9cialiste des \u00ab temps sociaux \u00bb (les vacances, les 35 heures), la mobilit\u00e9 et le politique. Il \u00e9tait l\u2019invit\u00e9 de France Inter le 15 ao\u00fbt 2014 o\u00f9 il a abord\u00e9 ces sujets\u00a0: <span style=\"color: #0000ff;\"><a href=\"http:\/\/www.franceinter.fr\/emission-le-79-jean-viard-on-travaille-10-de-la-vie\"><span style=\"color: #0000ff;\">http:\/\/www.franceinter.fr\/emission-le-79-jean-viard-on-travaille-10-de-la-vie<\/span><\/a><\/span><\/div>\n<div class=\"mdjComplements\">Nous apprenons ainsi qu\u2019en 1914, il y a 100 ans, un homme vivait en moyenne 500.000 heures, il dormait 200\u00a0000 heures, il travaillait 200\u00a0000 heures et il lui restait 100\u00a0000 heures pour faire autre chose.\u00a0 En 1914 il disposait donc de 20% de temps libre \u00e0 occuper.<br \/>\nA cette \u00e9poque, les activit\u00e9s religieuses occupaient encore une grande place dans ce temps disponible.<\/div>\n<div class=\"mdjComplements\">D\u2019abord on a travaill\u00e9 12h par jour, le D\u00e9cret du 9 septembre 1848 avait fix\u00e9 la dur\u00e9e journali\u00e8re maximum \u00e0 douze heures.<\/div>\n<div class=\"mdjComplements\">La Loi du 30 septembre 1900, dite \u00ab\u00a0loi Millerand\u00a0\u00bb, a limit\u00e9 la journ\u00e9e de travail \u00e0 onze heures.<\/div>\n<div class=\"mdjComplements\">Puis une loi de 1919 a fix\u00e9 la journ\u00e9e de travail \u00e0 8 heures et la semaine \u00e0 48h.<\/div>\n<div class=\"mdjComplements\">Il y a eu une m\u00eame \u00e9volution pour le nombre de jours de travail dans la semaine. Le dimanche n\u2019\u00e9tait pas f\u00e9ri\u00e9 jusqu\u2019en 1906. Et c\u2019est le Front Populaire qui a institu\u00e9 la semaine de 40 heures, donc 5 jours de 8 heures.<\/div>\n<div class=\"mdjComplements\">Et puis il y a eu les cong\u00e9s pay\u00e9s\u2026<\/div>\n<div class=\"mdjComplements\">Aujourd\u2019hui, nous vivons en moyenne 700\u00a0000 heures (80 ans) et nous travaillons (si nous avons un emploi) 63\u00a0000 heures.<\/div>\n<div class=\"mdjComplements\">On travaille donc \u00e0 peu pr\u00e8s 10% de notre vie. Les europ\u00e9ens travaillent de 10 \u00e0 12%, les am\u00e9ricains travaillent plut\u00f4t 16%.<\/div>\n<div class=\"mdjComplements\">Comme nous dormons, en outre, beaucoup moins, nous avons donc un \u00e9norme temps libre hors sommeil. Avec une moyenne de 8 heures de sommeil par jour, cela repr\u00e9sente 240\u00a0000 heures.<\/div>\n<div class=\"mdjComplements\">Bref, en 100 ans nous sommes pass\u00e9s de 100\u00a0000 heures de temps libre hors sommeil \u00e0 400\u00a0000 heures, quatre fois plus. Et c\u2019est donc l\u2019essentiel du temps que nous passons sur terre, plus de 55% !<\/div>\n<div class=\"mdjComplements\">Toute la question qui va nous occuper alors, c\u2019est comment occuper ce temps libre\u00a0?<\/div>\n<div class=\"mdjComplements\">Il y a la t\u00e9l\u00e9, internet, les jeux, les voyages, la lecture, la culture, le sport et peut \u00eatre un peu de mobilisation de notre temps de cerveau disponible pour r\u00e9fl\u00e9chir \u00e0 d&rsquo;autres sujets que ceux du travail&#8230;<\/div>\n<div class=\"mdjComplements\">Jean Viard avait publi\u00e9 en 2002 un ouvrage\u00a0: \u00ab\u00a0La France des temps libres et des vacances\u00a0\u00bb aux \u00e9ditions de l\u2019Aube.<\/div>\n<div class=\"mdjComplements\">Que le ciel vous tienne en joie et imaginez qu&rsquo;en 1914, je n&rsquo;aurai pas eu le temps d&rsquo;\u00e9crire un mot du jour sauf si j&rsquo;avais \u00e9t\u00e9 rentier&#8230;<\/div>\n<div><\/div>\n<div><span style=\"color: #800000;\">&lt;342&gt;<\/span><\/div>\n","protected":false},"excerpt":{"rendered":"<p>Jeudi 4 septembre 2014 \u00ab\u00a0Nous vivons dans une soci\u00e9t\u00e9 du temps libre \u00bb Jean Viard Nous sortons, la plupart d\u2019entre nous, de la p\u00e9riode de cong\u00e9. Pour nous, \u00a0avoir du temps libre constitue une \u00e9vidence. Gr\u00e2ce \u00e0 Jean Viard nous<\/p>\n","protected":false},"author":1,"featured_media":0,"comment_status":"closed","ping_status":"closed","sticky":false,"template":"","format":"standard","meta":{"footnotes":""},"categories":[1],"tags":[17,7,11],"class_list":["post-808","post","type-post","status-publish","format-standard","hentry","category-motdujour","tag-histoire","tag-societe","tag-sociologie"],"_links":{"self":[{"href":"https:\/\/lemotdujour.fr\/index.php?rest_route=\/wp\/v2\/posts\/808","targetHints":{"allow":["GET"]}}],"collection":[{"href":"https:\/\/lemotdujour.fr\/index.php?rest_route=\/wp\/v2\/posts"}],"about":[{"href":"https:\/\/lemotdujour.fr\/index.php?rest_route=\/wp\/v2\/types\/post"}],"author":[{"embeddable":true,"href":"https:\/\/lemotdujour.fr\/index.php?rest_route=\/wp\/v2\/users\/1"}],"replies":[{"embeddable":true,"href":"https:\/\/lemotdujour.fr\/index.php?rest_route=%2Fwp%2Fv2%2Fcomments&post=808"}],"version-history":[{"count":3,"href":"https:\/\/lemotdujour.fr\/index.php?rest_route=\/wp\/v2\/posts\/808\/revisions"}],"predecessor-version":[{"id":2922,"href":"https:\/\/lemotdujour.fr\/index.php?rest_route=\/wp\/v2\/posts\/808\/revisions\/2922"}],"wp:attachment":[{"href":"https:\/\/lemotdujour.fr\/index.php?rest_route=%2Fwp%2Fv2%2Fmedia&parent=808"}],"wp:term":[{"taxonomy":"category","embeddable":true,"href":"https:\/\/lemotdujour.fr\/index.php?rest_route=%2Fwp%2Fv2%2Fcategories&post=808"},{"taxonomy":"post_tag","embeddable":true,"href":"https:\/\/lemotdujour.fr\/index.php?rest_route=%2Fwp%2Fv2%2Ftags&post=808"}],"curies":[{"name":"wp","href":"https:\/\/api.w.org\/{rel}","templated":true}]}}