{"id":8064,"date":"2020-02-11T02:53:14","date_gmt":"2020-02-11T01:53:14","guid":{"rendered":"http:\/\/lemotdujour.fr\/?p=8064"},"modified":"2020-02-11T22:01:39","modified_gmt":"2020-02-11T21:01:39","slug":"mardi-11-fevrier-2020","status":"publish","type":"post","link":"https:\/\/lemotdujour.fr\/?p=8064","title":{"rendered":"Mardi 11 f\u00e9vrier 2020"},"content":{"rendered":"<div class=\"mdjTexte\">\u00ab\u00a0Les sardines\u00a0\u00bb<\/div>\n<div class=\"mdjAuteur\">Invention italienne anti-populiste<\/div>\n<p><span style=\"color: #777777; font-family: Arial;\">La sardine est un poisson gras excellent pour la sant\u00e9 notamment en raison de la pr\u00e9sence d&rsquo;om\u00e9ga 3. Le docteur canadien Richard Beliveau, que j&rsquo;ai d\u00e9j\u00e0 cit\u00e9 et sur lequel je reviendrai en fait l&rsquo;\u00e9loge sur son site et pr\u00e9tend m\u00eame qu&rsquo;il s&rsquo;agit une arme anti cancer <span style=\"color: #0000ff;\">&lt;<\/span><a href=\"https:\/\/www.richardbeliveau.org\/wp-content\/uploads\/R2006-10-02-OCT-049-CompressedSecured.pdf\"><span style=\"color: #0000ff;\">Adoptez les poissons gras<\/span><\/a>&gt;\u00a0:<br \/>\n<\/span><\/p>\n<p><span style=\"color: #777777; font-family: Arial;\">Mais ce n&rsquo;est pas de ces sardines que je voudrais parler aujourd&rsquo;hui, mais de sardines italiennes.<br \/>\n<\/span><\/p>\n<p><span style=\"color: #777777; font-family: Arial;\">L&rsquo;Italie constitue un laboratoire mondial pour la politique.<br \/>\n<\/span><\/p>\n<p><span style=\"color: #777777; font-family: Arial;\">C&rsquo;est l&rsquo;Italie qui avant tout le monde, avant Trump, a mis \u00e0 sa t\u00eate un milliardaire vulgaire, sexiste et sid\u00e9rant\u00a0: Silvio Berlusconi.<br \/>\n<\/span><\/p>\n<p><span style=\"color: #777777; font-family: Arial;\">Au pr\u00e9alable, la justice avait lanc\u00e9 la grande op\u00e9ration &lt;<span style=\"color: #0000ff;\"> <a style=\"color: #0000ff;\" href=\"https:\/\/fr.wikipedia.org\/wiki\/Op%C3%A9ration_Mains_propres\">Mani pulite<\/a><\/span> &gt; (en fran\u00e7ais \u00ab Mains propres \u00bb) au d\u00e9but des ann\u00e9es 1990 et visant la corruption de personnalit\u00e9s du monde politique et \u00e9conomique italien. Ces enqu\u00eates mirent au jour un syst\u00e8me de corruption et de financement illicite des partis politiques. Des ministres, des d\u00e9put\u00e9s, des s\u00e9nateurs, des entrepreneurs et m\u00eame des ex-pr\u00e9sidents du conseil furent impliqu\u00e9s. Elles donn\u00e8rent lieu \u00e0 une grande indignation de l&rsquo;opinion publique et r\u00e9volutionn\u00e8rent la sc\u00e8ne politique italienne, provoquant la disparition de partis historiques comme la D\u00e9mocratie chr\u00e9tienne (DC), le Parti socialiste italien (PSI), le Parti socialiste d\u00e9mocratique italien (PSDI) ou encore le Parti lib\u00e9ral italien (PLI). Et ouvrirent la voie \u00e0 Berlusconi.<br \/>\n<\/span><\/p>\n<p><span style=\"color: #777777; font-family: Arial;\">Apr\u00e8s Berlusconi et quelques p\u00e9rip\u00e9ties, un jeune homme, maire de Florence, gendre id\u00e9al, s\u00e9ducteur, lib\u00e9ral-social et ouvert \u00e0 la mondialisation su s&#8217;emparer du c\u0153ur des italiens. Cela ne vous rappelle rien de plus r\u00e9cent en France\u00a0?<br \/>\n<\/span><\/p>\n<p><span style=\"color: #777777; font-family: Arial;\">Parce qu&rsquo;en Italie, c&rsquo;\u00e9tait avant et l&rsquo;homme dont il s&rsquo;agit \u00e9tait <span style=\"color: #0000ff;\"><a style=\"color: #0000ff;\" href=\"https:\/\/fr.wikipedia.org\/wiki\/Matteo_Renzi\"><strong>Matteo Renzi<\/strong><\/a><\/span>.<br \/>\n<\/span><\/p>\n<p><span style=\"color: #777777; font-family: Arial;\">Il accumula les r\u00e9formes jusqu&rsquo;\u00e0 celle de trop et un r\u00e9f\u00e9rendum qu&rsquo;il perdit avec plus de 59% de Non. Les \u00e9lections l\u00e9gislatives qui suivirent, amen\u00e8rent au pouvoir un duo populiste improbable\u00a0:<br \/>\n<\/span><\/p>\n<ul>\n<li><span style=\"color: #777777; font-family: Arial;\">l&rsquo;extr\u00eame gauche\u00a0:\u00a0 \u00ab\u00a0<strong>le mouvement 5 \u00e9toiles<\/strong>\u00a0\u00bb de Luigi Di Maio<br \/>\n<\/span><\/li>\n<li><span style=\"color: #777777; font-family: Arial;\">et l&rsquo;extr\u00eame droite \u00ab <strong>La ligue<\/strong>\u00a0\u00bb de Matteo Salvini.<br \/>\n<\/span><\/li>\n<\/ul>\n<p><span style=\"color: #777777; font-family: Arial;\">Le mouvement 5 \u00e9toiles avait nettement plus de d\u00e9put\u00e9s que la Ligue. Mais dans le gouvernement, mis en place avec un premier ministre technocrate, Giuseppe Conte, les deux chefs politiques n&rsquo;\u00e9taient que vice-ministre, l&rsquo;imp\u00e9tueux Matteo Salvini allait rapidement s&rsquo;imposer face \u00e0 son partenaire d&rsquo;extr\u00eame gauche. Les sondages montraient une chute de Di Maio et une mont\u00e9e inexorable de Salvini.<br \/>\n<\/span><\/p>\n<p><span style=\"color: #777777; font-family: Arial;\">Cela se concr\u00e9tisa lors de scrutins r\u00e9gionaux, mais surtout lors des \u00e9lections europ\u00e9ennes dans lesquelles La Ligue gagna largement avec 34,26% des voix, le mouvement 5 \u00e9toiles ne repr\u00e9sentant plus que la moiti\u00e9 17,06 %.<br \/>\n<\/span><\/p>\n<p><span style=\"color: #777777; font-family: Arial;\">Salvini fort de ses succ\u00e8s et voulant accentuer sa politique d&rsquo;extr\u00eame droite que le mouvement 5 \u00e9toiles tentait de ma\u00eetriser, souhaita convoquer de nouvelles \u00e9lections et mis fin \u00e0 la coalition. Les institutions italiennes r\u00e9sist\u00e8rent \u00e0 cette man\u0153uvre et Salvini fut \u00e9ject\u00e9 du gouvernement au profit du Parti D\u00e9mocrate.<br \/>\n<\/span><\/p>\n<p><span style=\"color: #777777; font-family: Arial;\">Et c&rsquo;est dans cette situation que fin 2019 se pr\u00e9parait les \u00e9lections r\u00e9gionales d&rsquo;Emilie-Romagne du 26 janvier 2020 qui ne pouvait qu&rsquo;amener une victoire \u00e9clatante du populiste Matteo Salvini dans une r\u00e9gion \u00e0 gauche depuis 70 ans et encore gouvern\u00e9 alors par le Parti D\u00e9mocrate.<br \/>\n<\/span><\/p>\n<p><span style=\"color: #777777; font-family: Arial;\">Et, il s&rsquo;est alors pass\u00e9 quelque chose d&rsquo;\u00e9trange. Une sorte de mouvement des gilets jaunes \u00e0 l&rsquo;envers. Non pas un mouvement pour contester le gouvernement\u00a0; mais pour contester\u2026 l&rsquo;opposition, en particulier Matteo Salvini.<br \/>\n<\/span><\/p>\n<p><span style=\"color: #777777; font-family: Arial;\">Ce mouvement a pris le nom de <strong>Sardine<\/strong> (sardines) car, lors de sa premi\u00e8re action publique, sur la Piazza Maggiore de Bologne le 14 novembre 2018, les organisateurs ont invit\u00e9 les participants \u00ab\u00a0<strong>\u00e0 se serrer comme des sardines<\/strong>\u00a0\u00bb. La r\u00e9f\u00e9rence aux sardines vient, en effet, de l&rsquo;expression \u00ab serr\u00e9s comme des sardines dans une boite \u00bb (stretti come sardine),<br \/>\n<\/span><\/p>\n<p><a href=\"https:\/\/en.wikipedia.org\/wiki\/Sardines_movement\"><img decoding=\"async\" class=\"aligncenter\" src=\"https:\/\/lemotdujour.fr\/wp-content\/uploads\/2020\/02\/021020_2225_Mardi11fvri1.jpg\" alt=\"\" border=\"0\" \/><\/a><span style=\"color: #0000ff;\"><a style=\"color: #0000ff;\" href=\"https:\/\/fr.wikipedia.org\/wiki\/Mouvement_des_sardines\"><span style=\"font-family: Arial;\">&lt;Wikipedia&gt;<\/span><\/a><\/span><span style=\"font-family: Arial;\"> <span style=\"color: #777777;\">nous apprend que\u00a0:<br \/>\n<\/span><\/span><\/p>\n<p style=\"margin-left: 28pt;\"><span style=\"color: #c00000; font-family: Arial;\">\u00ab\u00a0Lors du lancement de la campagne \u00e9lectorale pour les \u00e9lections r\u00e9gionales en \u00c9milie-Romagne, le 14 novembre 2019, la Ligue du Nord pensait lancer la candidature de la candidate Lucia Borgonzoni. En m\u00eame temps, un groupe de quatre amis cr\u00e9e sur Facebook une manifestation d&rsquo;opposition nomm\u00e9e \u00ab\u00a06000 sardine contro Salvini\u00a0\u00bb (six mille sardines contre Salvini) avec pour objectif d&rsquo;organiser \u00ab <strong>la premi\u00e8re r\u00e9volution piscicole de l&rsquo;histoire<\/strong> \u00bb et de jeter dans l&rsquo;ombre la campagne \u00e9lectorale adverse en rassemblant [sur la place publique] au moins six mille personnes, soit plus que les 5 750 places assises de [la salle] r\u00e9serv\u00e9es par la manifestation adverse.<br \/>\n<\/span><\/p>\n<p style=\"margin-left: 28pt;\"><span style=\"color: #c00000; font-family: Arial;\">Le succ\u00e8s du rassemblement des sardines \u00e0 Bologne (peut-\u00eatre dix mille personnes) est ensuite r\u00e9pliqu\u00e9 le 19 novembre sur la Piazza Grande de Mod\u00e8ne puis, \u00e0 travers de mobilisations \u00e9clair (flash mob), dans d&rsquo;autres villes italiennes, mais aussi \u00e0 l&rsquo;\u00e9tranger, avec une manifestation \u00e0 New York, portant une visibilit\u00e9 internationale. Le 14 d\u00e9cembre \u00e0 Rome, les sardines rassemblent 35 000 personnes selon la pr\u00e9fecture de police, 100 000 personnes selon les organisateurs ; au cours de cet \u00e9v\u00e8nement, un des organisateurs, Mattia Santori, r\u00e9clame en particulier l&rsquo;abolition du \u00ab d\u00e9cret s\u00e9curit\u00e9 \u00bb pass\u00e9 par Matteo Salvini lors du pr\u00e9c\u00e9dent gouvernement Conte I et qui a introduit une s\u00e9rie de mesures contre l&rsquo;accueil des migrants ou qui en facilitent l&rsquo;expulsion\u00a0\u00bb.<br \/>\n<\/span><\/p>\n<p><span style=\"color: #777777; font-family: Arial;\">Grazia, le magazine italien dans un article r\u00e9cent\u00a0: &lt; <a href=\"https:\/\/www.grazia.fr\/news-et-societe\/societe\/les-sardines-miraculeuses-le-mouvement-antipopuliste-qui-anime-l-italie-949918\">\u00ab\u00a0<span style=\"color: #0000ff;\">Les Sardines Miraculeuses\u00a0\u00bb, le mouvement antipopuliste qui anime l&rsquo;Italie<\/span><\/a> &gt; d\u00e9crit ce mouvement ainsi\u00a0: <img loading=\"lazy\" decoding=\"async\" class=\"alignleft\" src=\"https:\/\/lemotdujour.fr\/wp-content\/uploads\/2020\/02\/021020_2225_Mardi11fvri2.jpg\" alt=\"\" width=\"382\" height=\"215\" align=\"left\" \/><br \/>\n<\/span><\/p>\n<p style=\"margin-left: 28pt;\"><span style=\"color: #c00000; font-family: Arial;\">\u00ab\u00a0Les sardines ne sont pas qu&rsquo;un bon petit plat, mais un mouvement antipopuliste qui se r\u00e9pand comme une tache d&rsquo;huile en Italie. [\u2026]<br \/>\n<\/span><\/p>\n<p style=\"margin-left: 28pt;\"><span style=\"color: #c00000; font-family: Arial;\">Un van d\u00e9boule sur une place romaine \u00e0 coups de joyeux Klaxon. D\u00e9cor\u00e9 d&rsquo;un filet de p\u00eache, il s&rsquo;arr\u00eate et diffuse Bella Ciao , le chant des r\u00e9sistants italiens pendant la Seconde Guerre mondiale. Coll\u00e9s sur un barnum, des poissons en papier d\u00e9livrent ces slogans : \u00ab\u00a0Non au racisme\u00a0\u00bb, \u00ab\u00a0Non \u00e0 la haine\u00a0\u00bb, \u00ab\u00a0Non \u00e0 l&rsquo;homophobie\u00a0\u00bb, \u00ab\u00a0Non \u00e0 la violence physique et verbale\u00a0\u00bb. Des militants invitent les passants \u00e0 inscrire leurs pens\u00e9es et propositions sur des poissons pr\u00e9d\u00e9coup\u00e9s et \u00e0 les d\u00e9poser dans des filets. Voil\u00e0 l&rsquo;esprit des sardines<br \/>\n<\/span><\/p>\n<p style=\"margin-left: 28pt;\"><span style=\"color: #c00000; font-family: Arial;\">[Tout commence le 14 novembre 2019, \u00e0 Bologne] Quatre trentenaires inconnus au bataillon &#8211; un coach sportif dipl\u00f4m\u00e9 en sciences politiques, une kin\u00e9, un guide touristique et un ing\u00e9nieur &#8211; lancent un appel sur Facebook \u00e0 une contre-manifestation. Le mot d&rsquo;ordre : \u00ab\u00a0Pas de drapeau, pas de parti, pas d&rsquo;insulte. Cr\u00e9ez votre propre sardine et participez \u00e0 la premi\u00e8re r\u00e9volution piscicole de l&rsquo;histoire. [\u2026]<br \/>\n<\/span><\/p>\n<p style=\"margin-left: 28pt;\"><span style=\"color: #c00000; font-family: Arial;\">\u00ab\u00a0\u00catre une sardine, c&rsquo;est faire bloc contre le populisme, explique Alice, une Turinoise de 26 ans. Seul, le petit poisson est incapable de se d\u00e9fendre, mais, en banc, il peut survivre \u00e0 une attaque de requins.\u00a0\u00bb Comme tant d&rsquo;autres Italiens, Alice n&rsquo;en pouvait plus du \u00ab\u00a0climat de haine\u00a0\u00bb r\u00e9gnant dans son pays &#8211; rien que ces derniers mois, une femme noire interdite de monter dans un bus, une librairie de gauche br\u00fbl\u00e9e \u00e0 Rome, une famille rom chass\u00e9e de son logement social par des n\u00e9ofascistes&#8230; Apr\u00e8s Bologne, plus de 400 groupes se cr\u00e9ent spontan\u00e9ment sur Facebook et Telegram pour remplir les places \u00e0 Palerme, Naples, Florence, Milan, Rome [\u2026] \u00ab\u00a0La P\u00e9ninsule n&rsquo;avait pas vu \u00e7a depuis trente ans\u00a0\u00bb, s&rsquo;\u00e9tonne Emiliana De Blasio, sociologue. En interviewant plus de 1 000 Sardines, elle est surprise de trouver parmi elles des \u00e9lecteurs \u00ab\u00a0de gauche, bien s\u00fbr, mais aussi du Mouvement 5 \u00e9toiles et du centre droit\u00a0\u00bb. Valeria, 48 ans, a particip\u00e9 au rassemblement de Ferrare un livre \u00e0 la main \u00ab\u00a0Chacun en avait apport\u00e9 un, certains Les Raisins de la col\u00e8re de John Steinbeck, censur\u00e9 par Mussolini. Un clin d&rsquo;\u0153il \u00e0 la candidate de la Ligue en Emilie-Romagne qui venait de d\u00e9clarer avec fiert\u00e9 n&rsquo;avoir lu aucun livre depuis trois ans. \u00bb<br \/>\n<\/span><\/p>\n<p><span style=\"color: #777777; font-family: Arial;\"><img loading=\"lazy\" decoding=\"async\" class=\"wp-image-8084 alignright\" src=\"https:\/\/lemotdujour.fr\/wp-content\/uploads\/2020\/02\/mattia-santori-Sardines.jpg\" alt=\"\" width=\"358\" height=\"252\" srcset=\"https:\/\/lemotdujour.fr\/wp-content\/uploads\/2020\/02\/mattia-santori-Sardines.jpg 512w, https:\/\/lemotdujour.fr\/wp-content\/uploads\/2020\/02\/mattia-santori-Sardines-300x211.jpg 300w\" sizes=\"auto, (max-width: 358px) 100vw, 358px\" \/>A priori, ils ne veulent pas cr\u00e9er un parti politique\u00a0:<br \/>\n<\/span><\/p>\n<p style=\"margin-left: 28pt;\"><span style=\"color: #c00000; font-family: Arial;\">\u00ab\u00a0 Mattia Santori, l&rsquo;un des fondateurs devenus aussi difficiles \u00e0 interviewer qu&rsquo;un ministre, le r\u00e9p\u00e8te : \u00ab\u00a0Nous ne voulons pas nous substituer aux politiques.\u00a0\u00bb Jeune, sourire et charme XXL, il a \u00e9t\u00e9 propuls\u00e9 \u00ab\u00a0sardine en chef\u00a0\u00bb et invite \u00e0 regarder plus loin que l&rsquo;\u00e9cran de son t\u00e9l\u00e9phone : \u00ab\u00a0Nous courons un seul risque croire que les sardines sont la solution \u00e0 tous les maux. Les sardines n&rsquo;existent pas et n&rsquo;ont jamais exist\u00e9. Il existe seulement des personnes qui prennent position.\u00a0\u00bb<br \/>\n<\/span><\/p>\n<p><a href=\"https:\/\/www.marianne.net\/debattons\/billets\/italie-eloge-des-sardines\"><span style=\"font-family: Arial;\"><span style=\"color: #0000ff;\">&lt;Marianne&gt;<\/span><\/span><\/a><span style=\"color: #777777; font-family: Arial;\"> a interrog\u00e9 Bernard Spitz, pr\u00e9sident de l&rsquo;association les Gracques, un groupe de r\u00e9flexion qui souhaite une r\u00e9novation de la gauche fran\u00e7aise autour de valeurs sociales-lib\u00e9rales\u00a0:<br \/>\n<\/span><\/p>\n<p style=\"margin-left: 28pt;\"><span style=\"color: #c00000; font-family: Arial;\">\u00ab\u00a0Il s&rsquo;est pass\u00e9 un \u00e9v\u00e9nement exceptionnel samedi dernier : plus de 100.000 personnes rassembl\u00e9es dans la rue pour protester ! [\u2026] Et elles ne protestaient pas pour r\u00e9clamer, elles protestaient pour d\u00e9fendre l&rsquo;int\u00e9r\u00eat g\u00e9n\u00e9ral. L&rsquo;ennemi d\u00e9sign\u00e9 n&rsquo;\u00e9tait pas seulement la Ligue et ses alli\u00e9s d&rsquo;extr\u00eame droite, elles se dressaient contre la mauvaise foi, les fake news, la d\u00e9magogie, la pratique syst\u00e9matique de l&rsquo;invective et de l&rsquo;insulte dans le d\u00e9bat politique. Et elles ont choisi pour embl\u00e8me les sardines. [\u2026]<br \/>\n<\/span><\/p>\n<p style=\"margin-left: 28pt;\"><span style=\"color: #c00000; font-family: Arial;\">Le choix de la sardine est un symbole d&rsquo;humilit\u00e9. De petits poissons qui circulent en nombre et se serrent les uns contre les autres. Leurs meetings se terminent par une chanson connue de tous : ciao bella ciao, une sorte de chant des partisans sur un rythme enlev\u00e9 qui se termine par l&rsquo;\u00e9loge de la libert\u00e9.<br \/>\n<\/span><\/p>\n<p style=\"margin-left: 28pt;\"><span style=\"color: #c00000; font-family: Arial;\">Les sardines offrent \u00e0 la soci\u00e9t\u00e9 civile l&rsquo;occasion de s&rsquo;engager pour des valeurs positives et pour l&rsquo;int\u00e9r\u00eat g\u00e9n\u00e9ral. C&rsquo;est la raison pour laquelle nous les avons rencontr\u00e9es \u00e0 Rome cette semaine, que nous soutenons leur initiative et esp\u00e9rons les aider \u00e0 l&rsquo;\u00e9largir au-del\u00e0 des fronti\u00e8res italiennes, pour diffuser leur message positif d&rsquo;universalit\u00e9.\u00a0\u00bb<br \/>\n<\/span><\/p>\n<p><span style=\"color: #777777; font-family: Arial;\">Et cela a fonctionn\u00e9. Je donne la parole \u00e0 <span style=\"color: #0000ff;\">&lt;<a style=\"color: #0000ff;\" href=\"https:\/\/www.humanite.fr\/italie-emilie-romagne-echec-la-ligue-683732\">L&rsquo;HUMANITE<\/a><\/span>&gt; du 27 janvier 2020.<br \/>\n<\/span><\/p>\n<p style=\"margin-left: 28pt;\"><span style=\"color: #c00000; font-family: Arial;\"> \u00ab\u00a0Cette r\u00e9gion dirig\u00e9e par la gauche depuis 70 ans restera dans le giron du Parti d\u00e9mocrate. Le pr\u00e9sident sortant Stefano Bonaccini l&#8217;emporte avec 51 % des voix. Matteo Salvini, le leader de l&rsquo;extr\u00eame droite esp\u00e9rait l&#8217;emporter dans cette r\u00e9gion centrale de l&rsquo;Italie pour mettre en difficult\u00e9 la coalition au pouvoir au niveau national.<br \/>\n<\/span><\/p>\n<p style=\"margin-left: 28pt;\"><span style=\"color: #c00000; font-family: Arial;\">Les sardines ont repouss\u00e9 le requin. Le parti d&rsquo;extr\u00eame droite de Matteo Salvini, la Ligue, a \u00e9chou\u00e9, dimanche 26 janvier, lors des \u00e9lections r\u00e9gionales en \u00c9milie-Romagne. Sa candidate, Lucia Borgonzoni, n&rsquo;a obtenu que 43,8 % des suffrages<br \/>\n<\/span><\/p>\n<p style=\"margin-left: 28pt;\"><span style=\"color: #c00000; font-family: Arial;\">[\u2026] La prise de conscience permise par le mouvement des Sardines semble avoir fait son effet. La participation \u00e9lectorale a \u00e9t\u00e9 plus forte qu&rsquo;aux europ\u00e9ennes dans les villes qui votent centre-gauche. \u00bb<br \/>\n<\/span><\/p>\n<p><span style=\"color: #777777; font-family: Arial;\">\u00ab\u00a0<strong>Les sardines<\/strong>\u00a0\u00bb est un mot nouveau puisqu&rsquo;il d\u00e9signe un nouveau mouvement qui a pu gagner une bataille contre le populisme d&rsquo;extr\u00eame droite.<br \/>\n<\/span><\/p>\n<p><span style=\"color: #777777; font-family: Arial;\">Mais la guerre est encore loin d&rsquo;\u00eatre gagn\u00e9e.<br \/>\n<\/span><\/p>\n<p><span style=\"color: #800000;\">&lt;1347&gt;<\/span><\/p>\n","protected":false},"excerpt":{"rendered":"<p>\u00ab\u00a0Les sardines\u00a0\u00bb Invention italienne anti-populiste La sardine est un poisson gras excellent pour la sant\u00e9 notamment en raison de la pr\u00e9sence d&rsquo;om\u00e9ga 3. Le docteur canadien Richard Beliveau, que j&rsquo;ai d\u00e9j\u00e0 cit\u00e9 et sur lequel je reviendrai en fait l&rsquo;\u00e9loge<\/p>\n","protected":false},"author":1,"featured_media":0,"comment_status":"open","ping_status":"closed","sticky":false,"template":"","format":"standard","meta":{"footnotes":""},"categories":[1],"tags":[100,3,7],"class_list":["post-8064","post","type-post","status-publish","format-standard","hentry","category-motdujour","tag-italie","tag-politique","tag-societe"],"_links":{"self":[{"href":"https:\/\/lemotdujour.fr\/index.php?rest_route=\/wp\/v2\/posts\/8064","targetHints":{"allow":["GET"]}}],"collection":[{"href":"https:\/\/lemotdujour.fr\/index.php?rest_route=\/wp\/v2\/posts"}],"about":[{"href":"https:\/\/lemotdujour.fr\/index.php?rest_route=\/wp\/v2\/types\/post"}],"author":[{"embeddable":true,"href":"https:\/\/lemotdujour.fr\/index.php?rest_route=\/wp\/v2\/users\/1"}],"replies":[{"embeddable":true,"href":"https:\/\/lemotdujour.fr\/index.php?rest_route=%2Fwp%2Fv2%2Fcomments&post=8064"}],"version-history":[{"count":8,"href":"https:\/\/lemotdujour.fr\/index.php?rest_route=\/wp\/v2\/posts\/8064\/revisions"}],"predecessor-version":[{"id":8085,"href":"https:\/\/lemotdujour.fr\/index.php?rest_route=\/wp\/v2\/posts\/8064\/revisions\/8085"}],"wp:attachment":[{"href":"https:\/\/lemotdujour.fr\/index.php?rest_route=%2Fwp%2Fv2%2Fmedia&parent=8064"}],"wp:term":[{"taxonomy":"category","embeddable":true,"href":"https:\/\/lemotdujour.fr\/index.php?rest_route=%2Fwp%2Fv2%2Fcategories&post=8064"},{"taxonomy":"post_tag","embeddable":true,"href":"https:\/\/lemotdujour.fr\/index.php?rest_route=%2Fwp%2Fv2%2Ftags&post=8064"}],"curies":[{"name":"wp","href":"https:\/\/api.w.org\/{rel}","templated":true}]}}