{"id":8059,"date":"2020-02-10T00:51:40","date_gmt":"2020-02-09T23:51:40","guid":{"rendered":"http:\/\/lemotdujour.fr\/?p=8059"},"modified":"2020-02-11T08:35:20","modified_gmt":"2020-02-11T07:35:20","slug":"lundi-10-fevrier-2020","status":"publish","type":"post","link":"https:\/\/lemotdujour.fr\/?p=8059","title":{"rendered":"Lundi 10 f\u00e9vrier 2020"},"content":{"rendered":"<div class=\"mdjTexte\">\u00ab\u00a0Populisme\u00a0\u00bb<\/div>\n<div class=\"mdjAuteur\">Un concept politique en expansion dans le monde<\/div>\n<p><span style=\"color: #777777; font-family: Arial;\">\u00ab\u00a0<strong>Le populisme<\/strong>\u00a0\u00bb est vraiment un mot qui fait l&rsquo;actualit\u00e9.<br \/>\n<\/span><\/p>\n<p><span style=\"color: #777777; font-family: Arial;\">Il est difficile de saisir pr\u00e9cis\u00e9ment ce qu&rsquo;il signifie, mais il est beaucoup utilis\u00e9. Et \u00e0 ma connaissance toujours avec une connotation n\u00e9gative. Le <strong>\u00ab\u00a0populiste<\/strong>\u00a0\u00bb c&rsquo;est l&rsquo;autre.<br \/>\n<\/span><\/p>\n<p><span style=\"color: #777777; font-family: Arial;\">Dans ma jeunesse, il y avait un autre mot tr\u00e8s utilis\u00e9 en politique\u00a0: \u00ab\u00a0<strong>d\u00e9magogue<\/strong>\u00a0\u00bb. Mon professeur de fran\u00e7ais de troisi\u00e8me nous a dit :<br \/>\n<\/span><\/p>\n<p style=\"margin-left: 28pt;\"><span style=\"color: #c00000; font-family: Arial;\">\u00ab\u00a0Vous serez intelligent le jour o\u00f9 vous comprendrez le sens du mot d\u00e9magogie\u00a0\u00bb<br \/>\n<\/span><\/p>\n<p><span style=\"color: #777777; font-family: Arial;\">La d\u00e9magogie est assez facile \u00e0 d\u00e9finir. C&rsquo;est la m\u00e9thode d&rsquo;un homme politique qui pour se faire \u00e9lire va multiplier les promesses et flatter les \u00e9lecteurs sans \u00eatre capable une fois au pouvoir de mettre en \u0153uvre ses promesses.<br \/>\n<\/span><\/p>\n<p><span style=\"color: #777777; font-family: Arial;\">Mais le populisme est une notion plus floue.<br \/>\n<\/span><\/p>\n<p><span style=\"color: #777777; font-family: Arial;\">En revanche il est plus commode de faire la liste d&rsquo;un grand nombre de personnalit\u00e9s politiques qui sont trait\u00e9es de populiste\u00a0:<br \/>\n<\/span><\/p>\n<ul>\n<li><span style=\"color: #777777; font-family: Arial;\">Donald Trump le pr\u00e9sident des Etats-Unis<br \/>\n<\/span><\/li>\n<li><span style=\"color: #777777; font-family: Arial;\">Narendra Modi le premier ministre indien <\/span><\/li>\n<li><span style=\"color: #777777; font-family: Arial;\">Jair Bolsonaro le pr\u00e9sident br\u00e9silien\u00a0<\/span><\/li>\n<li><span style=\"color: #777777; font-family: Arial;\">Boris Johnson le premier ministre britannique<br \/>\n<\/span><\/li>\n<li><span style=\"color: #777777; font-family: Arial;\">Matteo Salvini l&rsquo;ancien ministre de l&rsquo;int\u00e9rieur italien<br \/>\n<\/span><\/li>\n<li><span style=\"color: #777777; font-family: Arial;\">Viktor Orban le premier ministre hongrois etc..<br \/>\n<\/span><\/li>\n<\/ul>\n<p><span style=\"color: #777777; font-family: Arial;\">Et en France Marine Le Pen et Jean-Luc Melenchon sont le plus souvent trait\u00e9s de leaders populistes.<br \/>\n<\/span><\/p>\n<p><span style=\"color: #777777; font-family: Arial;\">Dans leur d\u00e9fense, ces leaders retiennent que dans le mot populiste, il y a le mot peuple et que ils se r\u00e9jouissent de repr\u00e9senter le peuple.<br \/>\n<\/span><\/p>\n<p><span style=\"color: #777777; font-family: Arial;\">C&rsquo;est une premi\u00e8re approche du populisme que de constater qu&rsquo;un de leur point commun est le fait d&rsquo;opposer \u00ab\u00a0le peuple\u00a0\u00bb et \u00ab\u00a0les \u00e9lites\u00a0\u00bb et de pr\u00e9tendre qu&rsquo;ils sont du c\u00f4t\u00e9 du peuple.<br \/>\n<\/span><\/p>\n<p><span style=\"color: #777777; font-family: Arial;\">Pour Donald Trump, c&rsquo;est un r\u00f4le de composition, mais qu&rsquo;il joue visiblement tr\u00e8s bien.<br \/>\n<\/span><\/p>\n<p><span style=\"color: #777777; font-family: Arial;\">Plus largement, l&rsquo;historien Pierre Rosanvallon s&rsquo;est int\u00e9ress\u00e9 \u00e0 ce terme de<strong> \u00ab\u00a0populisme\u00a0\u00bb <\/strong>en expansion partout dans le monde<strong>\u00a0:<br \/>\n<\/strong><\/span><\/p>\n<p style=\"margin-left: 28pt;\"><span style=\"color: #c00000; font-family: Arial;\">\u00ab\u00a0De l&rsquo;Inde \u00e0 l&rsquo;Am\u00e9rique de Trump, \u00e0 notre Europe et \u00e0 l&rsquo;Am\u00e9rique latine, ce qu&rsquo;on appelle populisme est en train de gagner. \u00a0\u00bb<br \/>\n<\/span><\/p>\n<p><img loading=\"lazy\" decoding=\"async\" class=\"alignleft\" src=\"https:\/\/lemotdujour.fr\/wp-content\/uploads\/2020\/02\/020920_2251_Lundi10fvri1.jpg\" alt=\"\" width=\"220\" height=\"335\" align=\"left\" \/><span style=\"color: #777777; font-family: Arial;\">Et pour faire cette analyse, il a \u00e9crit un livre \u00ab\u00a0<a href=\"https:\/\/www.seuil.com\/ouvrage\/le-siecle-du-populisme-pierre-rosanvallon\/9782021401929\"><strong><span style=\"color: #0000ff;\">Le si\u00e8cle du populisme<\/span><\/strong>\u00a0<\/a>\u00bb \u00e9dit\u00e9 par le Seuil et paru le 9 janvier 2020<br \/>\n<\/span><\/p>\n<p><span style=\"color: #777777; font-family: Arial;\">Il a \u00e9t\u00e9 l&rsquo;invit\u00e9 d&rsquo;Ali Baddou le &lt;<span style=\"color: #0000ff;\"><a style=\"color: #0000ff;\" href=\"https:\/\/www.franceinter.fr\/emissions\/l-invite-d-ali-baddou\/l-invite-d-ali-baddou-10-janvier-2020\">10 janvier 2020<\/a><\/span>&gt;, \u00e9mission dans laquelle il explique qu&rsquo;il a voulu faire une Histoire de ce mot \u00ab\u00a0<strong>populisme\u00a0<\/strong>\u00bb<br \/>\n<\/span><\/p>\n<p><span style=\"color: #777777; font-family: Arial;\">Il nous apprend que l&rsquo;apparition explicite du mot populiste, en France, appara\u00eet d&rsquo;abord en 1929 dans le monde litt\u00e9raire\u00a0: \u00ab\u00a0<a href=\"https:\/\/www.actualitte.com\/article\/livres\/les-ensables-le-manifeste-du-roman-populiste-de-leon-lemonnier\/82749\"><span style=\"color: #0000ff;\">Le manifeste populiste<\/span>\u00a0<\/a>\u00bb r\u00e9dig\u00e9 par L\u00e9on Lemonnier et qui entend inciter l&rsquo;\u00e9lite litt\u00e9raire de s&rsquo;int\u00e9resser \u00e0 la vie du peuple, \u00e0 la soci\u00e9t\u00e9 profonde, d&rsquo;en raconter les r\u00e9alit\u00e9s et de beaucoup moins s&rsquo;int\u00e9resser \u00e0 la vie \u00e9l\u00e9gante de la bourgeoisie.<br \/>\n<\/span><\/p>\n<p><span style=\"color: #777777; font-family: Arial;\">Le livre de Rosanvallon a pour ambition de combler un vide parce que le populisme n&rsquo;a jamais \u00e9t\u00e9 th\u00e9oris\u00e9 en tant que pens\u00e9e politique.<br \/>\n<\/span><\/p>\n<p><span style=\"color: #777777; font-family: Arial;\">Il analyse ainsi que\u00a0:<br \/>\n<\/span><\/p>\n<p style=\"margin-left: 28pt;\"><span style=\"color: #c00000; font-family: Arial;\">\u00ab Le populisme, c&rsquo;est \u00e0 la fois <strong>un sympt\u00f4me<\/strong> et <strong>une proposition<\/strong> [\u2026] Le <strong>populisme-sympt\u00f4me<\/strong> est facile \u00e0 analyser : c&rsquo;est le d\u00e9gagisme, la critique de la mal-repr\u00e9sentation dans la soci\u00e9t\u00e9, c&rsquo;est le d\u00e9go\u00fbt devant des in\u00e9galit\u00e9s galopantes. [A l&rsquo;inverse] <strong>le populisme-proposition<\/strong> appara\u00eet beaucoup plus diffus, d&rsquo;autant plus qu&rsquo;il n&rsquo;a jamais fait l&rsquo;objet d&rsquo;une analyse de fond, contrairement, par exemple, au communisme avec Marx, le socialisme avec Jaur\u00e8s, le lib\u00e9ralisme avec Tocqueville. Toutes les grandes id\u00e9ologies ont eu leur traducteur.\u00a0\u00bb<br \/>\n<\/span><\/p>\n<p><span style=\"color: #777777; font-family: Arial;\">Pierre Rosanvallon ne veut bien s\u00fbr pas faire \u0153uvre d&rsquo;id\u00e9ologue comme les penseurs cit\u00e9s pr\u00e9c\u00e9demment, il n&rsquo;est pas populiste. Mais il dit\u00a0:<br \/>\n<\/span><\/p>\n<p style=\"margin-left: 28pt;\"><span style=\"color: #c00000; font-family: Arial;\">\u00ab\u00a0J&rsquo;ai voulu montrer que derri\u00e8re une certaine confusion, il y avait quand m\u00eame un certain nombre de lignes directrices. J&rsquo;ai voulu \u00eatre un th\u00e9oricien du populisme\u00a0\u00bb<br \/>\n<\/span><\/p>\n<p><span style=\"color: #777777; font-family: Arial;\">Et il fait remonter le populisme politique en France \u00e0 Napol\u00e9on III\u00a0:<br \/>\n<\/span><\/p>\n<p style=\"margin-left: 28pt;\"><span style=\"color: #c00000; font-family: Arial;\">\u00ab\u00a0Le populisme est ins\u00e9parable de l&rsquo;histoire de la d\u00e9mocratie, c&rsquo;est d&rsquo;abord une proposition d\u00e9mocratique. Pendant la R\u00e9volution, il y a beaucoup de d\u00e9bats sur les rapports entre la repr\u00e9sentation et la d\u00e9mocratie directe, imm\u00e9diate. Et, le premier \u00e0 apporter une r\u00e9ponse originale \u00e0 cette probl\u00e9matique c&rsquo;est Napol\u00e9on III. Parce qu&rsquo;il dit que la d\u00e9mocratie repose d&rsquo;abord sur le suffrage, d&rsquo;abord sur le r\u00e9f\u00e9rendum. Au nom de la souverainet\u00e9 du peuple, il a \u00e9t\u00e9 le premier \u00e0 critiquer les corps interm\u00e9diaires, la libert\u00e9 de la presse et les partis, en disant aux journalistes que personne ne les avait \u00e9lus, qu&rsquo;ils n&rsquo;\u00e9taient pas repr\u00e9sentants de la soci\u00e9t\u00e9. Et aux partis politiques qu&rsquo;ils n&rsquo;\u00e9taient que des entrepreneurs politiques, pas des repr\u00e9sentants. Il est le premier \u00e0 avoir th\u00e9oris\u00e9 la supr\u00e9matie de ce qu&rsquo;on appelle aujourd&rsquo;hui la d\u00e9mocratie illib\u00e9rale. Et quand on relit Napol\u00e9on III, on voit que c&rsquo;est exactement le discours d&rsquo;Orban, et \u00e0 certains \u00e9gards le discours de Trump aussi\u00a0\u00bb.<br \/>\n<\/span><\/p>\n<p><span style=\"color: #777777; font-family: Arial;\">Il donne donc \u00e0 Napol\u00e9on III la paternit\u00e9 de ce premier \u00e9l\u00e9ment du populisme\u00a0: celui de la d\u00e9mocratie directe, imm\u00e9diate qui rejette les corps interm\u00e9diaires. Tout doit \u00eatre soumis au pouvoir, parce que celui-ci a eu l&rsquo;onction populaire.<br \/>\n<\/span><\/p>\n<p><span style=\"color: #777777; font-family: Arial;\">Le second pilier du populisme serait le \u00ab\u00a0<strong>d\u00e9gagisme<\/strong>\u00a0\u00bb. Pierre Rosanvallon situe son essor en Am\u00e9rique latine en parall\u00e8le avec l&rsquo;essor d&rsquo;un <strong>leader comme incarnation du peuple<\/strong>. C&rsquo;est \u00e9videmment connu de tous le \u00ab\u00a0<span style=\"color: #0000ff;\"><a style=\"color: #0000ff;\" href=\"https:\/\/fr.wikipedia.org\/wiki\/P%C3%A9ronisme\">p\u00e9ronisme<\/a><\/span>\u00a0\u00bb argentin. Mais\u00a0; Il cite en premier leader sud-am\u00e9rician, un colombien\u00a0: <span style=\"color: #0000ff;\"><a style=\"color: #0000ff;\" href=\"https:\/\/fr.wikipedia.org\/wiki\/Jorge_Eli%C3%A9cer_Gait%C3%A1n\">Jorge Eli\u00e9cer Gait\u00e1n<\/a><\/span> (1898 &#8211; assassin\u00e9 le 9 avril 1948). Gaitan qui a \u00e9t\u00e9 admir\u00e9 par Peron, par Castro et Chavez disait\u00a0:<br \/>\n<\/span><\/p>\n<p style=\"margin-left: 28pt;\"><span style=\"color: #c00000; font-family: Arial;\">\u00ab\u00a0Je suis un homme peuple\u00a0\u00bb.<br \/>\n<\/span><\/p>\n<p><span style=\"color: #777777; font-family: Arial;\">Il ne savait pas qu&rsquo;il reprenait ainsi la formule des partisans de Napol\u00e9on III.<br \/>\n<\/span><\/p>\n<p style=\"margin-left: 28pt;\"><span style=\"color: #c00000; font-family: Arial;\">\u00ab\u00a0Puisqu&rsquo;il est \u00e9lu du peuple, il est un homme peuple\u00a0\u00bb<br \/>\n<\/span><\/p>\n<p><span style=\"color: #777777; font-family: Arial;\">Il y a donc selon Rosanvallon, une th\u00e9orie de la d\u00e9mocratie dans le populisme.<br \/>\n<\/span><\/p>\n<p><span style=\"color: #777777; font-family: Arial;\">Et dans une des principales propositions des populistes, en face des in\u00e9galit\u00e9s, c&rsquo;est de se refermer sur soi-m\u00eame, d&rsquo;arr\u00eater les flux d&rsquo;immigr\u00e9s, c&rsquo;est ce que Pierre Rosanvallon appelle\u00a0:<br \/>\n<\/span><\/p>\n<p style=\"margin-left: 28pt;\"><span style=\"color: #c00000; font-family: Arial;\">\u00ab\u00a0Le national protectionnisme.\u00a0\u00bb<br \/>\n<\/span><\/p>\n<p><span style=\"color: #777777; font-family: Arial;\">Il parle ainsi d&rsquo;une th\u00e9orie sous-jacente du populisme qui\u00a0:<br \/>\n<\/span><\/p>\n<ul>\n<li><span style=\"color: #777777; font-family: Arial;\">D&rsquo;abord oppose le peuple et l&rsquo;\u00e9lite\u00a0;<br \/>\n<\/span><\/li>\n<li><span style=\"color: #777777; font-family: Arial;\">Ensuite conduit \u00e0 l&rsquo;\u00e9mergence d&rsquo;un leader qui \u00e9mane de l&rsquo;\u00e9lection par le suffrage universel\u00a0;<br \/>\n<\/span><\/li>\n<li><span style=\"color: #777777; font-family: Arial;\">Ce leader une fois \u00e9lu n&rsquo;a pas \u00e0 tenir compte de corps interm\u00e9diaires parce qu&rsquo;il est l&rsquo;homme peuple\u00a0;<br \/>\n<\/span><\/li>\n<li><span style=\"color: #777777; font-family: Arial;\">Enfin la principale proposition est de nature nationaliste, protectionniste et souvent x\u00e9nophobe.<br \/>\n<\/span><\/li>\n<\/ul>\n<p><span style=\"color: #777777; font-family: Arial;\">Ces 4 \u00e9l\u00e9ments d\u00e9finissent assez bien Donald Trump, Viktor Orban, et quelques autres.<br \/>\n<\/span><\/p>\n<p><span style=\"color: #777777; font-family: Arial;\">Pierre Rosanvallon a d\u00e9clar\u00e9 au journal belge le \u00abSoir\u00bb:<br \/>\n<\/span><\/p>\n<p style=\"margin-left: 28pt;\"><span style=\"color: #c00000; font-family: Arial;\">\u00abLes populismes pr\u00e9tendent \u00eatre une forme sup\u00e9rieure de d\u00e9mocratie\u00bb<br \/>\n<\/span><\/p>\n<p><span style=\"color: #777777; font-family: Arial;\">Dans cet article de &lt;<span style=\"color: #0000ff;\"><a style=\"color: #0000ff;\" href=\"https:\/\/www.philomag.com\/les-livres\/lessai-du-mois\/le-siecle-du-populisme-42276\">Philosophie Magazine<\/a><\/span>&gt; qui analyse l&rsquo;ouvrage de Rosanvallon, je retiens cette conclusion\u00a0:<br \/>\n<\/span><\/p>\n<p style=\"margin-left: 28pt;\"><span style=\"color: #c00000; font-family: Arial;\">\u00ab\u00a0Si le populisme n&rsquo;apporte que des r\u00e9ponses simplistes, il a au moins le m\u00e9rite d&rsquo;obliger la d\u00e9mocratie \u00e0 se critiquer et \u00e0 se r\u00e9inventer. Au lieu de s&rsquo;en remettre au r\u00e9f\u00e9rendum, qui n&rsquo;offre selon lui qu&rsquo;une souverainet\u00e9 impuissante, Rosanvallon en appelle plut\u00f4t \u00e0 complexifier la d\u00e9mocratie, \u00e0 l&rsquo;\u00e9largir, \u00e0 la g\u00e9n\u00e9raliser, \u00e0 la d\u00e9multiplier et \u00e0 la rendre interactive sous la vigilance de <em>\u00ab\u00a0l&rsquo;\u0153il\u00a0\u00bb<\/em> du peuple (destin\u00e9 \u00e0 compl\u00e9ter sa <em>\u00ab\u00a0voix\u00a0\u00bb<\/em>). Le populisme, enfant terrible de nos d\u00e9mocraties d\u00e9senchant\u00e9es, pourrait finalement en \u00eatre le ferment.\u00a0\u00bb<br \/>\n<\/span><\/p>\n<p><img loading=\"lazy\" decoding=\"async\" class=\"alignleft\" src=\"https:\/\/lemotdujour.fr\/wp-content\/uploads\/2020\/02\/020920_2251_Lundi10fvri2.jpg\" alt=\"\" width=\"236\" height=\"328\" align=\"left\" \/><span style=\"color: #777777; font-family: Arial;\">Lors de la pr\u00e9paration de ce mot du jour, j&rsquo;ai appris qu&rsquo;un autre livre vient de para\u00eetre le 10 janvier\u00a0: \u00ab\u00a0<a href=\"https:\/\/livre.fnac.com\/a13816997\/Arnaud-Zacharie-Mondialisation-et-national-populisme\"><span style=\"color: #0000ff;\">Mondialisation et national-populisme<\/span>\u00a0<\/a>\u00bb d&rsquo;Arnaud Zacharie<br \/>\n<\/span><\/p>\n<p><span style=\"color: #777777; font-family: Arial;\">Arnaud Zacharie est belge et \u00ab\u00a0Le Monde\u00a0\u00bb a consacr\u00e9 un article \u00e0 ce livre\u00a0: &lt;<span style=\"color: #0000ff;\"><a style=\"color: #0000ff;\" href=\"https:\/\/www.lemonde.fr\/idees\/article\/2020\/01\/15\/les-populismes-observes-a-la-lumiere-de-l-histoire_6025904_3232.html\">Les populismes observ\u00e9s \u00e0 la lumi\u00e8re de l&rsquo;histoire<\/a><\/span>&gt;<br \/>\n<\/span><\/p>\n<p><a href=\"https:\/\/www.lemonde.fr\/livres\/article\/2020\/01\/08\/le-siecle-du-populisme-pierre-rosanvallon-releve-le-defi-populiste_6025145_3260.html\"><span style=\"font-family: Arial;\"><span style=\"color: #0000ff;\">&lt;Le Monde<\/span><\/span><\/a><span style=\"color: #777777; font-family: Arial;\"><span style=\"color: #0000ff;\">&gt;<\/span> qui consacre aussi un article au livre de Pierre Rosanvallon dans lequel on peut lire\u00a0:<br \/>\n<\/span><\/p>\n<p style=\"margin-left: 28pt;\"><span style=\"color: #c00000; font-family: Arial;\">\u00ab\u00a0La d\u00e9mocratie, \u00e9crit-il, <em>\u00ab\u00a0est par nature exp\u00e9rimentale\u00a0\u00bb<\/em>. Elle reste \u00e0 ce titre le meilleur instrument pour permettre aux soci\u00e9t\u00e9s d&rsquo;apprendre \u00e0 vivre dans le changement perp\u00e9tuel. Mais \u00e0 condition de progresser encore, de se <em>\u00ab\u00a0d\u00e9multiplier\u00a0\u00bb<\/em> en accroissant sa capacit\u00e9 de repr\u00e9sentation de la r\u00e9alit\u00e9 des vies et en donnant aux individus davantage de prise sur ses proc\u00e9dures, qu&rsquo;il s&rsquo;agit d\u00e8s lors d&rsquo;enrichir, \u00e0 c\u00f4t\u00e9 de l&rsquo;exercice \u00e9lectoral, de <em>\u00ab\u00a0dispositifs permanents de consultation, d&rsquo;information, de reddition des comptes\u00a0\u00bb<\/em>.<br \/>\n<\/span><\/p>\n<p><span style=\"color: #777777; font-family: Arial;\">Il y a aussi cette \u00e9mission de la Grande Table\u00a0: <span style=\"color: #0000ff;\">&lt;<a style=\"color: #0000ff;\" href=\"https:\/\/www.franceculture.fr\/emissions\/la-grande-table-idees\/populisme-laffaire-du-siecle\">Populisme, l&rsquo;affaire du si\u00e8cle ?&gt;<\/a><\/span><br \/>\n<\/span><\/p>\n<p><span style=\"color: #777777; font-family: Arial;\">Et cet article de l&rsquo;Obs\u00a0:<span style=\"color: #0000ff;\"> <a style=\"color: #0000ff;\" href=\"https:\/\/www.nouvelobs.com\/idees\/20200112.OBS23345\/pierre-rosanvallon-il-faut-prendre-le-populisme-au-serieux.html\">&lt;Pierre Rosanvallon : \u00ab Il faut prendre le populisme au s\u00e9rieux \u00bb&gt;<\/a><\/span><br \/>\n<\/span><br \/>\n<span style=\"color: #800000; font-family: Arial;\">&lt;1346&gt;<\/span><\/p>\n","protected":false},"excerpt":{"rendered":"<p>\u00ab\u00a0Populisme\u00a0\u00bb Un concept politique en expansion dans le monde \u00ab\u00a0Le populisme\u00a0\u00bb est vraiment un mot qui fait l&rsquo;actualit\u00e9. Il est difficile de saisir pr\u00e9cis\u00e9ment ce qu&rsquo;il signifie, mais il est beaucoup utilis\u00e9. Et \u00e0 ma connaissance toujours avec une connotation<\/p>\n","protected":false},"author":1,"featured_media":0,"comment_status":"open","ping_status":"closed","sticky":false,"template":"","format":"standard","meta":{"footnotes":""},"categories":[1],"tags":[17,3,131],"class_list":["post-8059","post","type-post","status-publish","format-standard","hentry","category-motdujour","tag-histoire","tag-politique","tag-populisme"],"_links":{"self":[{"href":"https:\/\/lemotdujour.fr\/index.php?rest_route=\/wp\/v2\/posts\/8059","targetHints":{"allow":["GET"]}}],"collection":[{"href":"https:\/\/lemotdujour.fr\/index.php?rest_route=\/wp\/v2\/posts"}],"about":[{"href":"https:\/\/lemotdujour.fr\/index.php?rest_route=\/wp\/v2\/types\/post"}],"author":[{"embeddable":true,"href":"https:\/\/lemotdujour.fr\/index.php?rest_route=\/wp\/v2\/users\/1"}],"replies":[{"embeddable":true,"href":"https:\/\/lemotdujour.fr\/index.php?rest_route=%2Fwp%2Fv2%2Fcomments&post=8059"}],"version-history":[{"count":4,"href":"https:\/\/lemotdujour.fr\/index.php?rest_route=\/wp\/v2\/posts\/8059\/revisions"}],"predecessor-version":[{"id":8073,"href":"https:\/\/lemotdujour.fr\/index.php?rest_route=\/wp\/v2\/posts\/8059\/revisions\/8073"}],"wp:attachment":[{"href":"https:\/\/lemotdujour.fr\/index.php?rest_route=%2Fwp%2Fv2%2Fmedia&parent=8059"}],"wp:term":[{"taxonomy":"category","embeddable":true,"href":"https:\/\/lemotdujour.fr\/index.php?rest_route=%2Fwp%2Fv2%2Fcategories&post=8059"},{"taxonomy":"post_tag","embeddable":true,"href":"https:\/\/lemotdujour.fr\/index.php?rest_route=%2Fwp%2Fv2%2Ftags&post=8059"}],"curies":[{"name":"wp","href":"https:\/\/api.w.org\/{rel}","templated":true}]}}